{"id":3032,"date":"2019-02-27T09:40:47","date_gmt":"2019-02-27T09:40:47","guid":{"rendered":"http:\/\/www.jeannedarc-figeac.fr\/college-lycee\/?p=3032"},"modified":"2019-02-27T09:40:53","modified_gmt":"2019-02-27T09:40:53","slug":"la-brigade-du-tri-en-action","status":"publish","type":"post","link":"https:\/\/www.jeannedarc-figeac.fr\/college-lycee\/la-brigade-du-tri-en-action\/","title":{"rendered":"La Brigade du Tri en action"},"content":{"rendered":"\n<div class=\"wp-block-image\"><figure class=\"alignright is-resized\"><img data-recalc-dims=\"1\" loading=\"lazy\" decoding=\"async\" src=\"https:\/\/i0.wp.com\/www.jeannedarc-figeac.fr\/college-lycee\/wp-content\/uploads\/sites\/5\/2019\/02\/brigade-du-tri-bis.jpg?resize=278%2C207\" alt=\"\" class=\"wp-image-3033\" width=\"278\" height=\"207\" \/><\/figure><\/div>\n\n\n\n<p class=\"has-text-color has-luminous-vivid-orange-color\">Depuis le d\u00e9but du mois de janvier la Brigade du\ntri est en action. Constitu\u00e9e par les \u00e9l\u00e8ves de CAP ATMFC 2<sup>\u00e8me<\/sup> ann\u00e9e\n(Assistant Technique en Milieu Familiale et Collectif) elle vise \u00e0 examiner la\nqualit\u00e9 du tri des classes de 6\u00e8me et 5\u00e8me. Trois passages inopin\u00e9s sont pr\u00e9vus\navant les vacances de f\u00e9vrier. Chacune de ces visites permet de dresser un\nbilan qui est affich\u00e9 sur le tableau de la classe. A l\u2019issue de cette phase une\nclasse sera d\u00e9sign\u00e9e &nbsp;&nbsp;&nbsp; premi\u00e8re en\nmati\u00e8re de tri. <\/p>\n\n\n\n<p class=\"has-text-color has-luminous-vivid-orange-color\">Pour renforcer la qualit\u00e9 du tri dans\nl\u2019\u00e9tablissement une nouvelle signal\u00e9tique se met en place. Une grande poubelle\nest maintenant consacr\u00e9e au tri des d\u00e9chets recyclables. Toutes les classes\nsont tenues de respecter cette r\u00e8gle.<\/p>\n\n\n\n<p class=\"has-text-color has-luminous-vivid-orange-color\">Enfin il est pr\u00e9vu \u00e9galement de se rendre au\nhasard dans certains lieux (classes, bureaux&#8230;) de l\u2019\u00e9tablissement&#8230;et les\n\u00e9l\u00e8ves de CAP ATMFC informeront du r\u00e9sultat de leur passage.<\/p>\n","protected":false},"excerpt":{"rendered":"<p>Depuis le d\u00e9but du mois de janvier la Brigade du tri est en action. Constitu\u00e9e par les \u00e9l\u00e8ves de CAP ATMFC 2\u00e8me ann\u00e9e (Assistant Technique en Milieu Familiale et Collectif) elle vise \u00e0 examiner la qualit\u00e9 du tri des classes de 6\u00e8me et 5\u00e8me. Trois passages inopin\u00e9s sont pr\u00e9vus avant les vacances de f\u00e9vrier. Chacune [&hellip;]<\/p>\n","protected":false},"author":12,"featured_media":0,"comment_status":"closed","ping_status":"open","sticky":false,"template":"","format":"standard","meta":{"_et_pb_use_builder":"","_et_pb_old_content":"","_et_gb_content_width":"","_jetpack_newsletter_access":"","_jetpack_dont_email_post_to_subs":false,"_jetpack_newsletter_tier_id":0,"_jetpack_memberships_contains_paywalled_content":false,"iawp_total_views":2,"_jetpack_memberships_contains_paid_content":false,"footnotes":""},"categories":[28],"tags":[],"class_list":["post-3032","post","type-post","status-publish","format-standard","hentry","category-actus"],"yoast_head":"<!-- This site is optimized with the Yoast SEO plugin v26.0 - https:\/\/yoast.com\/wordpress\/plugins\/seo\/ -->\n<title>La Brigade du Tri en action<\/title>\n<meta name=\"description\" content=\"Depuis le d\u00e9but du mois de janvier la Brigade du tri est en action. Constitu\u00e9e par les \u00e9l\u00e8ves de CAP ATMFC 2\u00e8me ann\u00e9e (Assistant Technique en Milieu\" \/>\n<meta name=\"robots\" content=\"index, follow, max-snippet:-1, max-image-preview:large, max-video-preview:-1\" \/>\n<link rel=\"canonical\" href=\"https:\/\/www.jeannedarc-figeac.fr\/college-lycee\/la-brigade-du-tri-en-action\/\" \/>\n<meta property=\"og:locale\" content=\"fr_FR\" \/>\n<meta property=\"og:type\" content=\"article\" \/>\n<meta property=\"og:title\" content=\"La Brigade du Tri en action\" \/>\n<meta property=\"og:description\" content=\"Depuis le d\u00e9but du mois de janvier la Brigade du tri est en action. Constitu\u00e9e par les \u00e9l\u00e8ves de CAP ATMFC 2\u00e8me ann\u00e9e (Assistant Technique en Milieu\" \/>\n<meta property=\"og:url\" content=\"https:\/\/www.jeannedarc-figeac.fr\/college-lycee\/la-brigade-du-tri-en-action\/\" \/>\n<meta property=\"og:site_name\" content=\"Coll\u00e8ge et Lyc\u00e9e Jeanne d&#039;Arc\" \/>\n<meta property=\"article:published_time\" content=\"2019-02-27T09:40:47+00:00\" \/>\n<meta property=\"article:modified_time\" content=\"2019-02-27T09:40:53+00:00\" \/>\n<meta property=\"og:image\" content=\"http:\/\/www.jeannedarc-figeac.fr\/college-lycee\/wp-content\/uploads\/sites\/5\/2019\/02\/brigade-du-tri-bis-1024x769.jpg\" \/>\n<meta name=\"author\" content=\"le secr\u00e9tariat\" \/>\n<script type=\"application\/ld+json\" class=\"yoast-schema-graph\">{\"@context\":\"https:\/\/schema.org\",\"@graph\":[{\"@type\":\"WebPage\",\"@id\":\"https:\/\/www.jeannedarc-figeac.fr\/college-lycee\/la-brigade-du-tri-en-action\/\",\"url\":\"https:\/\/www.jeannedarc-figeac.fr\/college-lycee\/la-brigade-du-tri-en-action\/\",\"name\":\"La Brigade du Tri en action\",\"isPartOf\":{\"@id\":\"https:\/\/www.jeannedarc-figeac.fr\/college-lycee\/#website\"},\"primaryImageOfPage\":{\"@id\":\"https:\/\/www.jeannedarc-figeac.fr\/college-lycee\/la-brigade-du-tri-en-action\/#primaryimage\"},\"image\":{\"@id\":\"https:\/\/www.jeannedarc-figeac.fr\/college-lycee\/la-brigade-du-tri-en-action\/#primaryimage\"},\"thumbnailUrl\":\"http:\/\/www.jeannedarc-figeac.fr\/college-lycee\/wp-content\/uploads\/sites\/5\/2019\/02\/brigade-du-tri-bis-1024x769.jpg\",\"datePublished\":\"2019-02-27T09:40:47+00:00\",\"dateModified\":\"2019-02-27T09:40:53+00:00\",\"author\":{\"@id\":\"https:\/\/www.jeannedarc-figeac.fr\/college-lycee\/#\/schema\/person\/29e5764f28e895dc8bf41d4468f99154\"},\"description\":\"Depuis le d\u00e9but du mois de janvier la Brigade du tri est en action. Constitu\u00e9e par les \u00e9l\u00e8ves de CAP ATMFC 2\u00e8me ann\u00e9e (Assistant Technique en Milieu\",\"breadcrumb\":{\"@id\":\"https:\/\/www.jeannedarc-figeac.fr\/college-lycee\/la-brigade-du-tri-en-action\/#breadcrumb\"},\"inLanguage\":\"fr-FR\",\"potentialAction\":[{\"@type\":\"ReadAction\",\"target\":[\"https:\/\/www.jeannedarc-figeac.fr\/college-lycee\/la-brigade-du-tri-en-action\/\"]}]},{\"@type\":\"ImageObject\",\"inLanguage\":\"fr-FR\",\"@id\":\"https:\/\/www.jeannedarc-figeac.fr\/college-lycee\/la-brigade-du-tri-en-action\/#primaryimage\",\"url\":\"https:\/\/i0.wp.com\/www.jeannedarc-figeac.fr\/college-lycee\/wp-content\/uploads\/sites\/5\/2019\/02\/brigade-du-tri-bis.jpg?fit=1600%2C1201&ssl=1\",\"contentUrl\":\"https:\/\/i0.wp.com\/www.jeannedarc-figeac.fr\/college-lycee\/wp-content\/uploads\/sites\/5\/2019\/02\/brigade-du-tri-bis.jpg?fit=1600%2C1201&ssl=1\",\"width\":1600,\"height\":1201},{\"@type\":\"BreadcrumbList\",\"@id\":\"https:\/\/www.jeannedarc-figeac.fr\/college-lycee\/la-brigade-du-tri-en-action\/#breadcrumb\",\"itemListElement\":[{\"@type\":\"ListItem\",\"position\":1,\"name\":\"Accueil\",\"item\":\"https:\/\/www.jeannedarc-figeac.fr\/college-lycee\/\"},{\"@type\":\"ListItem\",\"position\":2,\"name\":\"Actus\",\"item\":\"http:\/\/www.jeannedarc-figeac.fr\/college-lycee\/cat\/actus\/\"},{\"@type\":\"ListItem\",\"position\":3,\"name\":\"La Brigade du Tri en action\"}]},{\"@type\":\"WebSite\",\"@id\":\"https:\/\/www.jeannedarc-figeac.fr\/college-lycee\/#website\",\"url\":\"https:\/\/www.jeannedarc-figeac.fr\/college-lycee\/\",\"name\":\"Coll\u00e8ge et Lyc\u00e9e Jeanne d&#039;Arc\",\"description\":\"Jeanne d&#039;Arc Figeac\",\"potentialAction\":[{\"@type\":\"SearchAction\",\"target\":{\"@type\":\"EntryPoint\",\"urlTemplate\":\"https:\/\/www.jeannedarc-figeac.fr\/college-lycee\/?s={search_term_string}\"},\"query-input\":{\"@type\":\"PropertyValueSpecification\",\"valueRequired\":true,\"valueName\":\"search_term_string\"}}],\"inLanguage\":\"fr-FR\"},{\"@type\":\"Person\",\"@id\":\"https:\/\/www.jeannedarc-figeac.fr\/college-lycee\/#\/schema\/person\/29e5764f28e895dc8bf41d4468f99154\",\"name\":\"le secr\u00e9tariat\",\"image\":{\"@type\":\"ImageObject\",\"inLanguage\":\"fr-FR\",\"@id\":\"https:\/\/www.jeannedarc-figeac.fr\/college-lycee\/#\/schema\/person\/image\/\",\"url\":\"https:\/\/www.jeannedarc-figeac.fr\/college-lycee\/wp-content\/litespeed\/avatar\/5\/b7e8da60f53ba4adc9e9e66d91d84580.jpg?ver=1776943645\",\"contentUrl\":\"https:\/\/www.jeannedarc-figeac.fr\/college-lycee\/wp-content\/litespeed\/avatar\/5\/b7e8da60f53ba4adc9e9e66d91d84580.jpg?ver=1776943645\",\"caption\":\"le secr\u00e9tariat\"},\"url\":\"https:\/\/www.jeannedarc-figeac.fr\/college-lycee\/author\/arlette\/\"}]}<\/script>\n<!-- \/ Yoast SEO plugin. -->","yoast_head_json":{"title":"La Brigade du Tri en action","description":"Depuis le d\u00e9but du mois de janvier la Brigade du tri est en action. Constitu\u00e9e par les \u00e9l\u00e8ves de CAP ATMFC 2\u00e8me ann\u00e9e (Assistant Technique en Milieu","robots":{"index":"index","follow":"follow","max-snippet":"max-snippet:-1","max-image-preview":"max-image-preview:large","max-video-preview":"max-video-preview:-1"},"canonical":"https:\/\/www.jeannedarc-figeac.fr\/college-lycee\/la-brigade-du-tri-en-action\/","og_locale":"fr_FR","og_type":"article","og_title":"La Brigade du Tri en action","og_description":"Depuis le d\u00e9but du mois de janvier la Brigade du tri est en action. Constitu\u00e9e par les \u00e9l\u00e8ves de CAP ATMFC 2\u00e8me ann\u00e9e (Assistant Technique en Milieu","og_url":"https:\/\/www.jeannedarc-figeac.fr\/college-lycee\/la-brigade-du-tri-en-action\/","og_site_name":"Coll\u00e8ge et Lyc\u00e9e Jeanne d&#039;Arc","article_published_time":"2019-02-27T09:40:47+00:00","article_modified_time":"2019-02-27T09:40:53+00:00","og_image":[{"url":"http:\/\/www.jeannedarc-figeac.fr\/college-lycee\/wp-content\/uploads\/sites\/5\/2019\/02\/brigade-du-tri-bis-1024x769.jpg","type":"","width":"","height":""}],"author":"le secr\u00e9tariat","schema":{"@context":"https:\/\/schema.org","@graph":[{"@type":"WebPage","@id":"https:\/\/www.jeannedarc-figeac.fr\/college-lycee\/la-brigade-du-tri-en-action\/","url":"https:\/\/www.jeannedarc-figeac.fr\/college-lycee\/la-brigade-du-tri-en-action\/","name":"La Brigade du Tri en action","isPartOf":{"@id":"https:\/\/www.jeannedarc-figeac.fr\/college-lycee\/#website"},"primaryImageOfPage":{"@id":"https:\/\/www.jeannedarc-figeac.fr\/college-lycee\/la-brigade-du-tri-en-action\/#primaryimage"},"image":{"@id":"https:\/\/www.jeannedarc-figeac.fr\/college-lycee\/la-brigade-du-tri-en-action\/#primaryimage"},"thumbnailUrl":"http:\/\/www.jeannedarc-figeac.fr\/college-lycee\/wp-content\/uploads\/sites\/5\/2019\/02\/brigade-du-tri-bis-1024x769.jpg","datePublished":"2019-02-27T09:40:47+00:00","dateModified":"2019-02-27T09:40:53+00:00","author":{"@id":"https:\/\/www.jeannedarc-figeac.fr\/college-lycee\/#\/schema\/person\/29e5764f28e895dc8bf41d4468f99154"},"description":"Depuis le d\u00e9but du mois de janvier la Brigade du tri est en action. Constitu\u00e9e par les \u00e9l\u00e8ves de CAP ATMFC 2\u00e8me ann\u00e9e (Assistant Technique en Milieu","breadcrumb":{"@id":"https:\/\/www.jeannedarc-figeac.fr\/college-lycee\/la-brigade-du-tri-en-action\/#breadcrumb"},"inLanguage":"fr-FR","potentialAction":[{"@type":"ReadAction","target":["https:\/\/www.jeannedarc-figeac.fr\/college-lycee\/la-brigade-du-tri-en-action\/"]}]},{"@type":"ImageObject","inLanguage":"fr-FR","@id":"https:\/\/www.jeannedarc-figeac.fr\/college-lycee\/la-brigade-du-tri-en-action\/#primaryimage","url":"https:\/\/i0.wp.com\/www.jeannedarc-figeac.fr\/college-lycee\/wp-content\/uploads\/sites\/5\/2019\/02\/brigade-du-tri-bis.jpg?fit=1600%2C1201&ssl=1","contentUrl":"https:\/\/i0.wp.com\/www.jeannedarc-figeac.fr\/college-lycee\/wp-content\/uploads\/sites\/5\/2019\/02\/brigade-du-tri-bis.jpg?fit=1600%2C1201&ssl=1","width":1600,"height":1201},{"@type":"BreadcrumbList","@id":"https:\/\/www.jeannedarc-figeac.fr\/college-lycee\/la-brigade-du-tri-en-action\/#breadcrumb","itemListElement":[{"@type":"ListItem","position":1,"name":"Accueil","item":"https:\/\/www.jeannedarc-figeac.fr\/college-lycee\/"},{"@type":"ListItem","position":2,"name":"Actus","item":"http:\/\/www.jeannedarc-figeac.fr\/college-lycee\/cat\/actus\/"},{"@type":"ListItem","position":3,"name":"La Brigade du Tri en action"}]},{"@type":"WebSite","@id":"https:\/\/www.jeannedarc-figeac.fr\/college-lycee\/#website","url":"https:\/\/www.jeannedarc-figeac.fr\/college-lycee\/","name":"Coll\u00e8ge et Lyc\u00e9e Jeanne d&#039;Arc","description":"Jeanne d&#039;Arc Figeac","potentialAction":[{"@type":"SearchAction","target":{"@type":"EntryPoint","urlTemplate":"https:\/\/www.jeannedarc-figeac.fr\/college-lycee\/?s={search_term_string}"},"query-input":{"@type":"PropertyValueSpecification","valueRequired":true,"valueName":"search_term_string"}}],"inLanguage":"fr-FR"},{"@type":"Person","@id":"https:\/\/www.jeannedarc-figeac.fr\/college-lycee\/#\/schema\/person\/29e5764f28e895dc8bf41d4468f99154","name":"le secr\u00e9tariat","image":{"@type":"ImageObject","inLanguage":"fr-FR","@id":"https:\/\/www.jeannedarc-figeac.fr\/college-lycee\/#\/schema\/person\/image\/","url":"https:\/\/www.jeannedarc-figeac.fr\/college-lycee\/wp-content\/litespeed\/avatar\/5\/b7e8da60f53ba4adc9e9e66d91d84580.jpg?ver=1776943645","contentUrl":"https:\/\/www.jeannedarc-figeac.fr\/college-lycee\/wp-content\/litespeed\/avatar\/5\/b7e8da60f53ba4adc9e9e66d91d84580.jpg?ver=1776943645","caption":"le secr\u00e9tariat"},"url":"https:\/\/www.jeannedarc-figeac.fr\/college-lycee\/author\/arlette\/"}]}},"jetpack_featured_media_url":"","jetpack_sharing_enabled":true,"jetpack_shortlink":"https:\/\/wp.me\/p5Qyb6-MU","_links":{"self":[{"href":"https:\/\/www.jeannedarc-figeac.fr\/college-lycee\/wp-json\/wp\/v2\/posts\/3032","targetHints":{"allow":["GET"]}}],"collection":[{"href":"https:\/\/www.jeannedarc-figeac.fr\/college-lycee\/wp-json\/wp\/v2\/posts"}],"about":[{"href":"https:\/\/www.jeannedarc-figeac.fr\/college-lycee\/wp-json\/wp\/v2\/types\/post"}],"author":[{"embeddable":true,"href":"https:\/\/www.jeannedarc-figeac.fr\/college-lycee\/wp-json\/wp\/v2\/users\/12"}],"replies":[{"embeddable":true,"href":"https:\/\/www.jeannedarc-figeac.fr\/college-lycee\/wp-json\/wp\/v2\/comments?post=3032"}],"version-history":[{"count":1,"href":"https:\/\/www.jeannedarc-figeac.fr\/college-lycee\/wp-json\/wp\/v2\/posts\/3032\/revisions"}],"predecessor-version":[{"id":3034,"href":"https:\/\/www.jeannedarc-figeac.fr\/college-lycee\/wp-json\/wp\/v2\/posts\/3032\/revisions\/3034"}],"wp:attachment":[{"href":"https:\/\/www.jeannedarc-figeac.fr\/college-lycee\/wp-json\/wp\/v2\/media?parent=3032"}],"wp:term":[{"taxonomy":"category","embeddable":true,"href":"https:\/\/www.jeannedarc-figeac.fr\/college-lycee\/wp-json\/wp\/v2\/categories?post=3032"},{"taxonomy":"post_tag","embeddable":true,"href":"https:\/\/www.jeannedarc-figeac.fr\/college-lycee\/wp-json\/wp\/v2\/tags?post=3032"}],"curies":[{"name":"wp","href":"https:\/\/api.w.org\/{rel}","templated":true}]}}