{"id":2904,"date":"2018-12-04T10:34:15","date_gmt":"2018-12-04T10:34:15","guid":{"rendered":"http:\/\/www.jeannedarc-figeac.fr\/college-lycee\/?p=2904"},"modified":"2018-12-04T10:34:15","modified_gmt":"2018-12-04T10:34:15","slug":"une-commemoration-citoyenne","status":"publish","type":"post","link":"https:\/\/www.jeannedarc-figeac.fr\/college-lycee\/une-commemoration-citoyenne\/","title":{"rendered":"Une comm\u00e9moration citoyenne"},"content":{"rendered":"<p align=\"justify\"><a href=\"https:\/\/i0.wp.com\/www.jeannedarc-figeac.fr\/college-lycee\/wp-content\/uploads\/sites\/5\/2018\/12\/commemoration-5-bis.jpg\"><img data-recalc-dims=\"1\" loading=\"lazy\" decoding=\"async\" class=\"alignnone size-medium wp-image-2905\" src=\"https:\/\/i0.wp.com\/www.jeannedarc-figeac.fr\/college-lycee\/wp-content\/uploads\/sites\/5\/2018\/12\/commemoration-5-bis.jpg?resize=300%2C225\" alt=\"\" width=\"300\" height=\"225\" srcset=\"https:\/\/i0.wp.com\/www.jeannedarc-figeac.fr\/college-lycee\/wp-content\/uploads\/sites\/5\/2018\/12\/commemoration-5-bis.jpg?resize=300%2C225&amp;ssl=1 300w, https:\/\/i0.wp.com\/www.jeannedarc-figeac.fr\/college-lycee\/wp-content\/uploads\/sites\/5\/2018\/12\/commemoration-5-bis.jpg?resize=768%2C576&amp;ssl=1 768w, https:\/\/i0.wp.com\/www.jeannedarc-figeac.fr\/college-lycee\/wp-content\/uploads\/sites\/5\/2018\/12\/commemoration-5-bis.jpg?resize=1024%2C768&amp;ssl=1 1024w, https:\/\/i0.wp.com\/www.jeannedarc-figeac.fr\/college-lycee\/wp-content\/uploads\/sites\/5\/2018\/12\/commemoration-5-bis.jpg?resize=1080%2C810&amp;ssl=1 1080w, https:\/\/i0.wp.com\/www.jeannedarc-figeac.fr\/college-lycee\/wp-content\/uploads\/sites\/5\/2018\/12\/commemoration-5-bis.jpg?w=1600&amp;ssl=1 1600w\" sizes=\"(max-width: 300px) 100vw, 300px\" \/><\/a><\/p>\n<p align=\"justify\"><span style=\"color: #3366ff\"><strong><span style=\"font-family: Arial, sans-serif\"><span style=\"font-size: medium\">Cette ann\u00e9e, le coll\u00e8ge et le lyc\u00e9e Jeanne d&rsquo;Arc de Figeac ont men\u00e9 un projet commun sur la Premi\u00e8re Guerre Mondiale qu&rsquo;ils ont pr\u00e9sent\u00e9 lors de la Comm\u00e9moration du Centenaire de l\u2019Armistice le 11 novembre 2018 \u00e0 Figeac.<\/span><\/span><\/strong><\/span><\/p>\n<p align=\"justify\"><span style=\"color: #3366ff\"><strong><span style=\"font-family: Arial, sans-serif\"><span style=\"font-size: medium\">La classe de Sixi\u00e8me a illustr\u00e9 les chants que les Secondes de l&rsquo;enseignement d&rsquo;exploration <i>Litt\u00e9rature et Soci\u00e9t\u00e9<\/i> ont recherch\u00e9s, enregistr\u00e9s et chant\u00e9s lors de la Comm\u00e9moration. Les Troisi\u00e8mes ont cr\u00e9\u00e9 une bande sonore sur laquelle ils ont enregistr\u00e9 la lecture de lettres de Poilus. Cette borne a \u00e9t\u00e9 pr\u00e9sent\u00e9e dans la salle Bal\u00e8ne du 9 au 15 novembre. Les Premi\u00e8res L et ES ont r\u00e9alis\u00e9 des affiches sur les Monuments aux Morts des alentours de Figeac et les Premi\u00e8res S ont travaill\u00e9 sur les affiches de propagande. Ces recherches ont \u00e9t\u00e9 encadr\u00e9es par des professeurs d&rsquo;histoire, Mmes Frey et Sudrie, M. Leborgne, des professeurs de fran\u00e7ais , Mmes Francoual et Maisonhaute, accompagn\u00e9s de Mme Sireyzol , professeur documentaliste de l&rsquo; \u00e9tablissement.<\/span><\/span><\/strong><\/span><\/p>\n<p align=\"justify\"><span style=\"font-family: Arial, sans-serif\"><span style=\"font-size: medium\"><span style=\"color: #3366ff\"><strong>Avant le d\u00e9but de la c\u00e9r\u00e9monie, les \u00e9l\u00e8ves du groupe EDE <i>Litt\u00e9rature et Soci\u00e9t\u00e9<\/i> ont distribu\u00e9 les livrets o\u00f9 figuraient<\/strong><strong> les chants enregistr\u00e9s au pr\u00e9alable, \u00ab\u00a0Les Peuples de la paix\u00a0\u00bb, \u00ab\u00a0C\u2019est un oiseau qui vient de France, suivi des \u00ab\u00a0 Mamans\u00a0\u00bb et des \u00ab\u00a0Violettes du Front\u00a0\u00bb . Apr\u00e8s le discours de Mme Frey qui a pr\u00e9sent\u00e9 l&rsquo;esprit de notre travail, d\u2019autres \u00e9l\u00e8ves de Jeanne d\u2019Arc, des membres du Conseil Municipal des jeunes , ont lu des lettres de Poilus envoy\u00e9es \u00e0 leur famille depuis le Front. Ensuite, Mme La Sous-Pr\u00e9f\u00e8te a donn\u00e9 lecture d&rsquo;un texte de Genevi\u00e8ve Darrieussecq, Secr\u00e9taire d&rsquo;Etat aupr\u00e8s du Ministre des Arm\u00e9es. Ce fut un moment tr\u00e8s \u00e9mouvant pour les Figeacois pr\u00e9sents. Plusieurs gerbes ont \u00e9t\u00e9 d\u00e9pos\u00e9es Place de la Raison, lieu traditionnel des c\u00e9r\u00e9monies figeacoises puis la comm\u00e9moration s\u2019est termin\u00e9e au cimeti\u00e8re de Figeac o\u00f9 le maire a \u00e9num\u00e9r\u00e9 les noms des Figeacois morts pour la France durant cette terrible guerre. Des gerbes ont \u00e9galement \u00e9t\u00e9 d\u00e9pos\u00e9es au cimeti\u00e8re.<\/strong><\/span><\/span><\/span><\/p>\n<p align=\"justify\"><span style=\"color: #3366ff\"><strong><span style=\"font-family: Arial, sans-serif\"><span style=\"font-size: medium\">Il est important de se souvenir des combattants de la Grande Guerre et de leur sacrifice. Cette c\u00e9r\u00e9monie rend hommage \u00e0 leur courage et pr\u00f4ne un id\u00e9al de paix \u00e0 pr\u00e9server cent ans apr\u00e8s.<\/span><\/span><\/strong><\/span><\/p>\n","protected":false},"excerpt":{"rendered":"<p>Cette ann\u00e9e, le coll\u00e8ge et le lyc\u00e9e Jeanne d&rsquo;Arc de Figeac ont men\u00e9 un projet commun sur la Premi\u00e8re Guerre Mondiale qu&rsquo;ils ont pr\u00e9sent\u00e9 lors de la Comm\u00e9moration du Centenaire de l\u2019Armistice le 11 novembre 2018 \u00e0 Figeac. La classe de Sixi\u00e8me a illustr\u00e9 les chants que les Secondes de l&rsquo;enseignement d&rsquo;exploration Litt\u00e9rature et Soci\u00e9t\u00e9 [&hellip;]<\/p>\n","protected":false},"author":12,"featured_media":0,"comment_status":"closed","ping_status":"open","sticky":false,"template":"","format":"standard","meta":{"_et_pb_use_builder":"","_et_pb_old_content":"","_et_gb_content_width":"","_jetpack_newsletter_access":"","_jetpack_dont_email_post_to_subs":false,"_jetpack_newsletter_tier_id":0,"_jetpack_memberships_contains_paywalled_content":false,"iawp_total_views":9,"_jetpack_memberships_contains_paid_content":false,"footnotes":""},"categories":[28],"tags":[],"class_list":["post-2904","post","type-post","status-publish","format-standard","hentry","category-actus"],"yoast_head":"<!-- This site is optimized with the Yoast SEO plugin v26.0 - https:\/\/yoast.com\/wordpress\/plugins\/seo\/ -->\n<title>Une comm\u00e9moration citoyenne<\/title>\n<meta name=\"description\" content=\"Cette ann\u00e9e, le coll\u00e8ge et le lyc\u00e9e Jeanne d&#039;Arc de Figeac ont men\u00e9 un projet commun sur la Premi\u00e8re Guerre Mondiale qu&#039;ils ont pr\u00e9sent\u00e9 lors de la\" \/>\n<meta name=\"robots\" content=\"index, follow, max-snippet:-1, max-image-preview:large, max-video-preview:-1\" \/>\n<link rel=\"canonical\" href=\"http:\/\/www.jeannedarc-figeac.fr\/college-lycee\/une-commemoration-citoyenne\/\" \/>\n<meta property=\"og:locale\" content=\"fr_FR\" \/>\n<meta property=\"og:type\" content=\"article\" \/>\n<meta property=\"og:title\" content=\"Une comm\u00e9moration citoyenne\" \/>\n<meta property=\"og:description\" content=\"Cette ann\u00e9e, le coll\u00e8ge et le lyc\u00e9e Jeanne d&#039;Arc de Figeac ont men\u00e9 un projet commun sur la Premi\u00e8re Guerre Mondiale qu&#039;ils ont pr\u00e9sent\u00e9 lors de la\" \/>\n<meta property=\"og:url\" content=\"http:\/\/www.jeannedarc-figeac.fr\/college-lycee\/une-commemoration-citoyenne\/\" \/>\n<meta property=\"og:site_name\" content=\"Coll\u00e8ge et Lyc\u00e9e Jeanne d&#039;Arc\" \/>\n<meta property=\"article:published_time\" content=\"2018-12-04T10:34:15+00:00\" \/>\n<meta property=\"og:image\" content=\"http:\/\/www.jeannedarc-figeac.fr\/college-lycee\/wp-content\/uploads\/sites\/5\/2018\/12\/commemoration-5-bis-300x225.jpg\" \/>\n<meta name=\"author\" content=\"le secr\u00e9tariat\" \/>\n<script type=\"application\/ld+json\" class=\"yoast-schema-graph\">{\"@context\":\"https:\/\/schema.org\",\"@graph\":[{\"@type\":\"WebPage\",\"@id\":\"http:\/\/www.jeannedarc-figeac.fr\/college-lycee\/une-commemoration-citoyenne\/\",\"url\":\"http:\/\/www.jeannedarc-figeac.fr\/college-lycee\/une-commemoration-citoyenne\/\",\"name\":\"Une comm\u00e9moration citoyenne\",\"isPartOf\":{\"@id\":\"https:\/\/www.jeannedarc-figeac.fr\/college-lycee\/#website\"},\"primaryImageOfPage\":{\"@id\":\"http:\/\/www.jeannedarc-figeac.fr\/college-lycee\/une-commemoration-citoyenne\/#primaryimage\"},\"image\":{\"@id\":\"http:\/\/www.jeannedarc-figeac.fr\/college-lycee\/une-commemoration-citoyenne\/#primaryimage\"},\"thumbnailUrl\":\"http:\/\/www.jeannedarc-figeac.fr\/college-lycee\/wp-content\/uploads\/sites\/5\/2018\/12\/commemoration-5-bis-300x225.jpg\",\"datePublished\":\"2018-12-04T10:34:15+00:00\",\"author\":{\"@id\":\"https:\/\/www.jeannedarc-figeac.fr\/college-lycee\/#\/schema\/person\/29e5764f28e895dc8bf41d4468f99154\"},\"description\":\"Cette ann\u00e9e, le coll\u00e8ge et le lyc\u00e9e Jeanne d'Arc de Figeac ont men\u00e9 un projet commun sur la Premi\u00e8re Guerre Mondiale qu'ils ont pr\u00e9sent\u00e9 lors de la\",\"breadcrumb\":{\"@id\":\"http:\/\/www.jeannedarc-figeac.fr\/college-lycee\/une-commemoration-citoyenne\/#breadcrumb\"},\"inLanguage\":\"fr-FR\",\"potentialAction\":[{\"@type\":\"ReadAction\",\"target\":[\"http:\/\/www.jeannedarc-figeac.fr\/college-lycee\/une-commemoration-citoyenne\/\"]}]},{\"@type\":\"ImageObject\",\"inLanguage\":\"fr-FR\",\"@id\":\"http:\/\/www.jeannedarc-figeac.fr\/college-lycee\/une-commemoration-citoyenne\/#primaryimage\",\"url\":\"https:\/\/i0.wp.com\/www.jeannedarc-figeac.fr\/college-lycee\/wp-content\/uploads\/sites\/5\/2018\/12\/commemoration-5-bis.jpg?fit=1600%2C1200&ssl=1\",\"contentUrl\":\"https:\/\/i0.wp.com\/www.jeannedarc-figeac.fr\/college-lycee\/wp-content\/uploads\/sites\/5\/2018\/12\/commemoration-5-bis.jpg?fit=1600%2C1200&ssl=1\",\"width\":1600,\"height\":1200},{\"@type\":\"BreadcrumbList\",\"@id\":\"http:\/\/www.jeannedarc-figeac.fr\/college-lycee\/une-commemoration-citoyenne\/#breadcrumb\",\"itemListElement\":[{\"@type\":\"ListItem\",\"position\":1,\"name\":\"Accueil\",\"item\":\"https:\/\/www.jeannedarc-figeac.fr\/college-lycee\/\"},{\"@type\":\"ListItem\",\"position\":2,\"name\":\"Actus\",\"item\":\"http:\/\/www.jeannedarc-figeac.fr\/college-lycee\/cat\/actus\/\"},{\"@type\":\"ListItem\",\"position\":3,\"name\":\"Une comm\u00e9moration citoyenne\"}]},{\"@type\":\"WebSite\",\"@id\":\"https:\/\/www.jeannedarc-figeac.fr\/college-lycee\/#website\",\"url\":\"https:\/\/www.jeannedarc-figeac.fr\/college-lycee\/\",\"name\":\"Coll\u00e8ge et Lyc\u00e9e Jeanne d&#039;Arc\",\"description\":\"Jeanne d&#039;Arc Figeac\",\"potentialAction\":[{\"@type\":\"SearchAction\",\"target\":{\"@type\":\"EntryPoint\",\"urlTemplate\":\"https:\/\/www.jeannedarc-figeac.fr\/college-lycee\/?s={search_term_string}\"},\"query-input\":{\"@type\":\"PropertyValueSpecification\",\"valueRequired\":true,\"valueName\":\"search_term_string\"}}],\"inLanguage\":\"fr-FR\"},{\"@type\":\"Person\",\"@id\":\"https:\/\/www.jeannedarc-figeac.fr\/college-lycee\/#\/schema\/person\/29e5764f28e895dc8bf41d4468f99154\",\"name\":\"le secr\u00e9tariat\",\"image\":{\"@type\":\"ImageObject\",\"inLanguage\":\"fr-FR\",\"@id\":\"https:\/\/www.jeannedarc-figeac.fr\/college-lycee\/#\/schema\/person\/image\/\",\"url\":\"https:\/\/www.jeannedarc-figeac.fr\/college-lycee\/wp-content\/litespeed\/avatar\/5\/b7e8da60f53ba4adc9e9e66d91d84580.jpg?ver=1777548714\",\"contentUrl\":\"https:\/\/www.jeannedarc-figeac.fr\/college-lycee\/wp-content\/litespeed\/avatar\/5\/b7e8da60f53ba4adc9e9e66d91d84580.jpg?ver=1777548714\",\"caption\":\"le secr\u00e9tariat\"},\"url\":\"https:\/\/www.jeannedarc-figeac.fr\/college-lycee\/author\/arlette\/\"}]}<\/script>\n<!-- \/ Yoast SEO plugin. -->","yoast_head_json":{"title":"Une comm\u00e9moration citoyenne","description":"Cette ann\u00e9e, le coll\u00e8ge et le lyc\u00e9e Jeanne d'Arc de Figeac ont men\u00e9 un projet commun sur la Premi\u00e8re Guerre Mondiale qu'ils ont pr\u00e9sent\u00e9 lors de la","robots":{"index":"index","follow":"follow","max-snippet":"max-snippet:-1","max-image-preview":"max-image-preview:large","max-video-preview":"max-video-preview:-1"},"canonical":"http:\/\/www.jeannedarc-figeac.fr\/college-lycee\/une-commemoration-citoyenne\/","og_locale":"fr_FR","og_type":"article","og_title":"Une comm\u00e9moration citoyenne","og_description":"Cette ann\u00e9e, le coll\u00e8ge et le lyc\u00e9e Jeanne d'Arc de Figeac ont men\u00e9 un projet commun sur la Premi\u00e8re Guerre Mondiale qu'ils ont pr\u00e9sent\u00e9 lors de la","og_url":"http:\/\/www.jeannedarc-figeac.fr\/college-lycee\/une-commemoration-citoyenne\/","og_site_name":"Coll\u00e8ge et Lyc\u00e9e Jeanne d&#039;Arc","article_published_time":"2018-12-04T10:34:15+00:00","og_image":[{"url":"http:\/\/www.jeannedarc-figeac.fr\/college-lycee\/wp-content\/uploads\/sites\/5\/2018\/12\/commemoration-5-bis-300x225.jpg","type":"","width":"","height":""}],"author":"le secr\u00e9tariat","schema":{"@context":"https:\/\/schema.org","@graph":[{"@type":"WebPage","@id":"http:\/\/www.jeannedarc-figeac.fr\/college-lycee\/une-commemoration-citoyenne\/","url":"http:\/\/www.jeannedarc-figeac.fr\/college-lycee\/une-commemoration-citoyenne\/","name":"Une comm\u00e9moration citoyenne","isPartOf":{"@id":"https:\/\/www.jeannedarc-figeac.fr\/college-lycee\/#website"},"primaryImageOfPage":{"@id":"http:\/\/www.jeannedarc-figeac.fr\/college-lycee\/une-commemoration-citoyenne\/#primaryimage"},"image":{"@id":"http:\/\/www.jeannedarc-figeac.fr\/college-lycee\/une-commemoration-citoyenne\/#primaryimage"},"thumbnailUrl":"http:\/\/www.jeannedarc-figeac.fr\/college-lycee\/wp-content\/uploads\/sites\/5\/2018\/12\/commemoration-5-bis-300x225.jpg","datePublished":"2018-12-04T10:34:15+00:00","author":{"@id":"https:\/\/www.jeannedarc-figeac.fr\/college-lycee\/#\/schema\/person\/29e5764f28e895dc8bf41d4468f99154"},"description":"Cette ann\u00e9e, le coll\u00e8ge et le lyc\u00e9e Jeanne d'Arc de Figeac ont men\u00e9 un projet commun sur la Premi\u00e8re Guerre Mondiale qu'ils ont pr\u00e9sent\u00e9 lors de la","breadcrumb":{"@id":"http:\/\/www.jeannedarc-figeac.fr\/college-lycee\/une-commemoration-citoyenne\/#breadcrumb"},"inLanguage":"fr-FR","potentialAction":[{"@type":"ReadAction","target":["http:\/\/www.jeannedarc-figeac.fr\/college-lycee\/une-commemoration-citoyenne\/"]}]},{"@type":"ImageObject","inLanguage":"fr-FR","@id":"http:\/\/www.jeannedarc-figeac.fr\/college-lycee\/une-commemoration-citoyenne\/#primaryimage","url":"https:\/\/i0.wp.com\/www.jeannedarc-figeac.fr\/college-lycee\/wp-content\/uploads\/sites\/5\/2018\/12\/commemoration-5-bis.jpg?fit=1600%2C1200&ssl=1","contentUrl":"https:\/\/i0.wp.com\/www.jeannedarc-figeac.fr\/college-lycee\/wp-content\/uploads\/sites\/5\/2018\/12\/commemoration-5-bis.jpg?fit=1600%2C1200&ssl=1","width":1600,"height":1200},{"@type":"BreadcrumbList","@id":"http:\/\/www.jeannedarc-figeac.fr\/college-lycee\/une-commemoration-citoyenne\/#breadcrumb","itemListElement":[{"@type":"ListItem","position":1,"name":"Accueil","item":"https:\/\/www.jeannedarc-figeac.fr\/college-lycee\/"},{"@type":"ListItem","position":2,"name":"Actus","item":"http:\/\/www.jeannedarc-figeac.fr\/college-lycee\/cat\/actus\/"},{"@type":"ListItem","position":3,"name":"Une comm\u00e9moration citoyenne"}]},{"@type":"WebSite","@id":"https:\/\/www.jeannedarc-figeac.fr\/college-lycee\/#website","url":"https:\/\/www.jeannedarc-figeac.fr\/college-lycee\/","name":"Coll\u00e8ge et Lyc\u00e9e Jeanne d&#039;Arc","description":"Jeanne d&#039;Arc Figeac","potentialAction":[{"@type":"SearchAction","target":{"@type":"EntryPoint","urlTemplate":"https:\/\/www.jeannedarc-figeac.fr\/college-lycee\/?s={search_term_string}"},"query-input":{"@type":"PropertyValueSpecification","valueRequired":true,"valueName":"search_term_string"}}],"inLanguage":"fr-FR"},{"@type":"Person","@id":"https:\/\/www.jeannedarc-figeac.fr\/college-lycee\/#\/schema\/person\/29e5764f28e895dc8bf41d4468f99154","name":"le secr\u00e9tariat","image":{"@type":"ImageObject","inLanguage":"fr-FR","@id":"https:\/\/www.jeannedarc-figeac.fr\/college-lycee\/#\/schema\/person\/image\/","url":"https:\/\/www.jeannedarc-figeac.fr\/college-lycee\/wp-content\/litespeed\/avatar\/5\/b7e8da60f53ba4adc9e9e66d91d84580.jpg?ver=1777548714","contentUrl":"https:\/\/www.jeannedarc-figeac.fr\/college-lycee\/wp-content\/litespeed\/avatar\/5\/b7e8da60f53ba4adc9e9e66d91d84580.jpg?ver=1777548714","caption":"le secr\u00e9tariat"},"url":"https:\/\/www.jeannedarc-figeac.fr\/college-lycee\/author\/arlette\/"}]}},"jetpack_featured_media_url":"","jetpack_sharing_enabled":true,"jetpack_shortlink":"https:\/\/wp.me\/p5Qyb6-KQ","_links":{"self":[{"href":"https:\/\/www.jeannedarc-figeac.fr\/college-lycee\/wp-json\/wp\/v2\/posts\/2904","targetHints":{"allow":["GET"]}}],"collection":[{"href":"https:\/\/www.jeannedarc-figeac.fr\/college-lycee\/wp-json\/wp\/v2\/posts"}],"about":[{"href":"https:\/\/www.jeannedarc-figeac.fr\/college-lycee\/wp-json\/wp\/v2\/types\/post"}],"author":[{"embeddable":true,"href":"https:\/\/www.jeannedarc-figeac.fr\/college-lycee\/wp-json\/wp\/v2\/users\/12"}],"replies":[{"embeddable":true,"href":"https:\/\/www.jeannedarc-figeac.fr\/college-lycee\/wp-json\/wp\/v2\/comments?post=2904"}],"version-history":[{"count":1,"href":"https:\/\/www.jeannedarc-figeac.fr\/college-lycee\/wp-json\/wp\/v2\/posts\/2904\/revisions"}],"predecessor-version":[{"id":2906,"href":"https:\/\/www.jeannedarc-figeac.fr\/college-lycee\/wp-json\/wp\/v2\/posts\/2904\/revisions\/2906"}],"wp:attachment":[{"href":"https:\/\/www.jeannedarc-figeac.fr\/college-lycee\/wp-json\/wp\/v2\/media?parent=2904"}],"wp:term":[{"taxonomy":"category","embeddable":true,"href":"https:\/\/www.jeannedarc-figeac.fr\/college-lycee\/wp-json\/wp\/v2\/categories?post=2904"},{"taxonomy":"post_tag","embeddable":true,"href":"https:\/\/www.jeannedarc-figeac.fr\/college-lycee\/wp-json\/wp\/v2\/tags?post=2904"}],"curies":[{"name":"wp","href":"https:\/\/api.w.org\/{rel}","templated":true}]}}