{"id":2901,"date":"2018-12-04T10:28:42","date_gmt":"2018-12-04T10:28:42","guid":{"rendered":"http:\/\/www.jeannedarc-figeac.fr\/college-lycee\/?p=2901"},"modified":"2018-12-04T10:28:42","modified_gmt":"2018-12-04T10:28:42","slug":"conseil-de-vie-collegienne-cest-parti","status":"publish","type":"post","link":"https:\/\/www.jeannedarc-figeac.fr\/college-lycee\/conseil-de-vie-collegienne-cest-parti\/","title":{"rendered":"LE CONSEIL DE VIE COLLEGIENNE, C&rsquo;EST PARTI !!"},"content":{"rendered":"<p><a href=\"https:\/\/i0.wp.com\/www.jeannedarc-figeac.fr\/college-lycee\/wp-content\/uploads\/sites\/5\/2018\/12\/cvc-bis.jpg\"><img data-recalc-dims=\"1\" loading=\"lazy\" decoding=\"async\" class=\"alignnone size-medium wp-image-2902\" src=\"https:\/\/i0.wp.com\/www.jeannedarc-figeac.fr\/college-lycee\/wp-content\/uploads\/sites\/5\/2018\/12\/cvc-bis.jpg?resize=300%2C169\" alt=\"\" width=\"300\" height=\"169\" srcset=\"https:\/\/i0.wp.com\/www.jeannedarc-figeac.fr\/college-lycee\/wp-content\/uploads\/sites\/5\/2018\/12\/cvc-bis.jpg?resize=300%2C169&amp;ssl=1 300w, https:\/\/i0.wp.com\/www.jeannedarc-figeac.fr\/college-lycee\/wp-content\/uploads\/sites\/5\/2018\/12\/cvc-bis.jpg?resize=768%2C432&amp;ssl=1 768w, https:\/\/i0.wp.com\/www.jeannedarc-figeac.fr\/college-lycee\/wp-content\/uploads\/sites\/5\/2018\/12\/cvc-bis.jpg?resize=1024%2C576&amp;ssl=1 1024w, https:\/\/i0.wp.com\/www.jeannedarc-figeac.fr\/college-lycee\/wp-content\/uploads\/sites\/5\/2018\/12\/cvc-bis.jpg?resize=1080%2C608&amp;ssl=1 1080w, https:\/\/i0.wp.com\/www.jeannedarc-figeac.fr\/college-lycee\/wp-content\/uploads\/sites\/5\/2018\/12\/cvc-bis.jpg?w=1600&amp;ssl=1 1600w\" sizes=\"(max-width: 300px) 100vw, 300px\" \/><\/a><\/p>\n<p><span style=\"color: #ff6600\"><strong>Un appel \u00e0 candidatures aupr\u00e8s des \u00e9l\u00e8ves, parents et personnel de l&rsquo;\u00e9tablissement a permis de constituer, pour la deuxi\u00e8me ann\u00e9e cons\u00e9cutive, le Conseil de Vie Coll\u00e9gienne. La premi\u00e8re r\u00e9union du jeudi 8 novembre a permis aux d\u00e9l\u00e9gu\u00e9s de se positionner sur diff\u00e9rentes commissions (Menus, gestion salle de jeux, d\u00e9veloppement durable-label ECO COLLEGE et actions solidaires). Il faut savoir que le C.V.C est un lieu d&rsquo;\u00e9change et de dialogue, ainsi qu&rsquo;un lieu d&rsquo;expression et de propositions pour am\u00e9liorer le climat scolaire.<\/strong><\/span><\/p>\n<p><span style=\"color: #ff6600\"><strong>Le Conseil de Vie Coll\u00e9gienne a d\u00e9j\u00e0 trouv\u00e9 sa place et s&rsquo;av\u00e8re indispensable pour ces \u00e9l\u00e8ves ainsi qu&rsquo;\u00e0 l&rsquo;\u00e9tablissement.<\/strong><\/span><\/p>\n","protected":false},"excerpt":{"rendered":"<p>Un appel \u00e0 candidatures aupr\u00e8s des \u00e9l\u00e8ves, parents et personnel de l&rsquo;\u00e9tablissement a permis de constituer, pour la deuxi\u00e8me ann\u00e9e cons\u00e9cutive, le Conseil de Vie Coll\u00e9gienne. La premi\u00e8re r\u00e9union du jeudi 8 novembre a permis aux d\u00e9l\u00e9gu\u00e9s de se positionner sur diff\u00e9rentes commissions (Menus, gestion salle de jeux, d\u00e9veloppement durable-label ECO COLLEGE et actions solidaires). [&hellip;]<\/p>\n","protected":false},"author":12,"featured_media":0,"comment_status":"closed","ping_status":"open","sticky":false,"template":"","format":"standard","meta":{"_et_pb_use_builder":"","_et_pb_old_content":"","_et_gb_content_width":"","_jetpack_newsletter_access":"","_jetpack_dont_email_post_to_subs":false,"_jetpack_newsletter_tier_id":0,"_jetpack_memberships_contains_paywalled_content":false,"iawp_total_views":0,"_jetpack_memberships_contains_paid_content":false,"footnotes":""},"categories":[28],"tags":[],"class_list":["post-2901","post","type-post","status-publish","format-standard","hentry","category-actus"],"yoast_head":"<!-- This site is optimized with the Yoast SEO plugin v26.0 - https:\/\/yoast.com\/wordpress\/plugins\/seo\/ -->\n<title>LE CONSEIL DE VIE COLLEGIENNE, C&#039;EST PARTI !!<\/title>\n<meta name=\"description\" content=\"Un appel \u00e0 candidatures aupr\u00e8s des \u00e9l\u00e8ves, parents et personnel de l&#039;\u00e9tablissement a permis de constituer, pour la deuxi\u00e8me ann\u00e9e cons\u00e9cutive, le Conseil\" \/>\n<meta name=\"robots\" content=\"index, follow, max-snippet:-1, max-image-preview:large, max-video-preview:-1\" \/>\n<link rel=\"canonical\" href=\"http:\/\/www.jeannedarc-figeac.fr\/college-lycee\/conseil-de-vie-collegienne-cest-parti\/\" \/>\n<meta property=\"og:locale\" content=\"fr_FR\" \/>\n<meta property=\"og:type\" content=\"article\" \/>\n<meta property=\"og:title\" content=\"LE CONSEIL DE VIE COLLEGIENNE, C&#039;EST PARTI !!\" \/>\n<meta property=\"og:description\" content=\"Un appel \u00e0 candidatures aupr\u00e8s des \u00e9l\u00e8ves, parents et personnel de l&#039;\u00e9tablissement a permis de constituer, pour la deuxi\u00e8me ann\u00e9e cons\u00e9cutive, le Conseil\" \/>\n<meta property=\"og:url\" content=\"http:\/\/www.jeannedarc-figeac.fr\/college-lycee\/conseil-de-vie-collegienne-cest-parti\/\" \/>\n<meta property=\"og:site_name\" content=\"Coll\u00e8ge et Lyc\u00e9e Jeanne d&#039;Arc\" \/>\n<meta property=\"article:published_time\" content=\"2018-12-04T10:28:42+00:00\" \/>\n<meta property=\"og:image\" content=\"http:\/\/www.jeannedarc-figeac.fr\/college-lycee\/wp-content\/uploads\/sites\/5\/2018\/12\/cvc-bis-300x169.jpg\" \/>\n<meta name=\"author\" content=\"le secr\u00e9tariat\" \/>\n<script type=\"application\/ld+json\" class=\"yoast-schema-graph\">{\"@context\":\"https:\/\/schema.org\",\"@graph\":[{\"@type\":\"WebPage\",\"@id\":\"http:\/\/www.jeannedarc-figeac.fr\/college-lycee\/conseil-de-vie-collegienne-cest-parti\/\",\"url\":\"http:\/\/www.jeannedarc-figeac.fr\/college-lycee\/conseil-de-vie-collegienne-cest-parti\/\",\"name\":\"LE CONSEIL DE VIE COLLEGIENNE, C'EST PARTI !!\",\"isPartOf\":{\"@id\":\"https:\/\/www.jeannedarc-figeac.fr\/college-lycee\/#website\"},\"primaryImageOfPage\":{\"@id\":\"http:\/\/www.jeannedarc-figeac.fr\/college-lycee\/conseil-de-vie-collegienne-cest-parti\/#primaryimage\"},\"image\":{\"@id\":\"http:\/\/www.jeannedarc-figeac.fr\/college-lycee\/conseil-de-vie-collegienne-cest-parti\/#primaryimage\"},\"thumbnailUrl\":\"http:\/\/www.jeannedarc-figeac.fr\/college-lycee\/wp-content\/uploads\/sites\/5\/2018\/12\/cvc-bis-300x169.jpg\",\"datePublished\":\"2018-12-04T10:28:42+00:00\",\"author\":{\"@id\":\"https:\/\/www.jeannedarc-figeac.fr\/college-lycee\/#\/schema\/person\/29e5764f28e895dc8bf41d4468f99154\"},\"description\":\"Un appel \u00e0 candidatures aupr\u00e8s des \u00e9l\u00e8ves, parents et personnel de l'\u00e9tablissement a permis de constituer, pour la deuxi\u00e8me ann\u00e9e cons\u00e9cutive, le Conseil\",\"breadcrumb\":{\"@id\":\"http:\/\/www.jeannedarc-figeac.fr\/college-lycee\/conseil-de-vie-collegienne-cest-parti\/#breadcrumb\"},\"inLanguage\":\"fr-FR\",\"potentialAction\":[{\"@type\":\"ReadAction\",\"target\":[\"http:\/\/www.jeannedarc-figeac.fr\/college-lycee\/conseil-de-vie-collegienne-cest-parti\/\"]}]},{\"@type\":\"ImageObject\",\"inLanguage\":\"fr-FR\",\"@id\":\"http:\/\/www.jeannedarc-figeac.fr\/college-lycee\/conseil-de-vie-collegienne-cest-parti\/#primaryimage\",\"url\":\"https:\/\/i0.wp.com\/www.jeannedarc-figeac.fr\/college-lycee\/wp-content\/uploads\/sites\/5\/2018\/12\/cvc-bis.jpg?fit=1600%2C900&ssl=1\",\"contentUrl\":\"https:\/\/i0.wp.com\/www.jeannedarc-figeac.fr\/college-lycee\/wp-content\/uploads\/sites\/5\/2018\/12\/cvc-bis.jpg?fit=1600%2C900&ssl=1\",\"width\":1600,\"height\":900},{\"@type\":\"BreadcrumbList\",\"@id\":\"http:\/\/www.jeannedarc-figeac.fr\/college-lycee\/conseil-de-vie-collegienne-cest-parti\/#breadcrumb\",\"itemListElement\":[{\"@type\":\"ListItem\",\"position\":1,\"name\":\"Accueil\",\"item\":\"https:\/\/www.jeannedarc-figeac.fr\/college-lycee\/\"},{\"@type\":\"ListItem\",\"position\":2,\"name\":\"Actus\",\"item\":\"http:\/\/www.jeannedarc-figeac.fr\/college-lycee\/cat\/actus\/\"},{\"@type\":\"ListItem\",\"position\":3,\"name\":\"LE CONSEIL DE VIE COLLEGIENNE, C&rsquo;EST PARTI !!\"}]},{\"@type\":\"WebSite\",\"@id\":\"https:\/\/www.jeannedarc-figeac.fr\/college-lycee\/#website\",\"url\":\"https:\/\/www.jeannedarc-figeac.fr\/college-lycee\/\",\"name\":\"Coll\u00e8ge et Lyc\u00e9e Jeanne d&#039;Arc\",\"description\":\"Jeanne d&#039;Arc Figeac\",\"potentialAction\":[{\"@type\":\"SearchAction\",\"target\":{\"@type\":\"EntryPoint\",\"urlTemplate\":\"https:\/\/www.jeannedarc-figeac.fr\/college-lycee\/?s={search_term_string}\"},\"query-input\":{\"@type\":\"PropertyValueSpecification\",\"valueRequired\":true,\"valueName\":\"search_term_string\"}}],\"inLanguage\":\"fr-FR\"},{\"@type\":\"Person\",\"@id\":\"https:\/\/www.jeannedarc-figeac.fr\/college-lycee\/#\/schema\/person\/29e5764f28e895dc8bf41d4468f99154\",\"name\":\"le secr\u00e9tariat\",\"image\":{\"@type\":\"ImageObject\",\"inLanguage\":\"fr-FR\",\"@id\":\"https:\/\/www.jeannedarc-figeac.fr\/college-lycee\/#\/schema\/person\/image\/\",\"url\":\"https:\/\/www.jeannedarc-figeac.fr\/college-lycee\/wp-content\/litespeed\/avatar\/5\/b7e8da60f53ba4adc9e9e66d91d84580.jpg?ver=1776943645\",\"contentUrl\":\"https:\/\/www.jeannedarc-figeac.fr\/college-lycee\/wp-content\/litespeed\/avatar\/5\/b7e8da60f53ba4adc9e9e66d91d84580.jpg?ver=1776943645\",\"caption\":\"le secr\u00e9tariat\"},\"url\":\"https:\/\/www.jeannedarc-figeac.fr\/college-lycee\/author\/arlette\/\"}]}<\/script>\n<!-- \/ Yoast SEO plugin. -->","yoast_head_json":{"title":"LE CONSEIL DE VIE COLLEGIENNE, C'EST PARTI !!","description":"Un appel \u00e0 candidatures aupr\u00e8s des \u00e9l\u00e8ves, parents et personnel de l'\u00e9tablissement a permis de constituer, pour la deuxi\u00e8me ann\u00e9e cons\u00e9cutive, le Conseil","robots":{"index":"index","follow":"follow","max-snippet":"max-snippet:-1","max-image-preview":"max-image-preview:large","max-video-preview":"max-video-preview:-1"},"canonical":"http:\/\/www.jeannedarc-figeac.fr\/college-lycee\/conseil-de-vie-collegienne-cest-parti\/","og_locale":"fr_FR","og_type":"article","og_title":"LE CONSEIL DE VIE COLLEGIENNE, C'EST PARTI !!","og_description":"Un appel \u00e0 candidatures aupr\u00e8s des \u00e9l\u00e8ves, parents et personnel de l'\u00e9tablissement a permis de constituer, pour la deuxi\u00e8me ann\u00e9e cons\u00e9cutive, le Conseil","og_url":"http:\/\/www.jeannedarc-figeac.fr\/college-lycee\/conseil-de-vie-collegienne-cest-parti\/","og_site_name":"Coll\u00e8ge et Lyc\u00e9e Jeanne d&#039;Arc","article_published_time":"2018-12-04T10:28:42+00:00","og_image":[{"url":"http:\/\/www.jeannedarc-figeac.fr\/college-lycee\/wp-content\/uploads\/sites\/5\/2018\/12\/cvc-bis-300x169.jpg","type":"","width":"","height":""}],"author":"le secr\u00e9tariat","schema":{"@context":"https:\/\/schema.org","@graph":[{"@type":"WebPage","@id":"http:\/\/www.jeannedarc-figeac.fr\/college-lycee\/conseil-de-vie-collegienne-cest-parti\/","url":"http:\/\/www.jeannedarc-figeac.fr\/college-lycee\/conseil-de-vie-collegienne-cest-parti\/","name":"LE CONSEIL DE VIE COLLEGIENNE, C'EST PARTI !!","isPartOf":{"@id":"https:\/\/www.jeannedarc-figeac.fr\/college-lycee\/#website"},"primaryImageOfPage":{"@id":"http:\/\/www.jeannedarc-figeac.fr\/college-lycee\/conseil-de-vie-collegienne-cest-parti\/#primaryimage"},"image":{"@id":"http:\/\/www.jeannedarc-figeac.fr\/college-lycee\/conseil-de-vie-collegienne-cest-parti\/#primaryimage"},"thumbnailUrl":"http:\/\/www.jeannedarc-figeac.fr\/college-lycee\/wp-content\/uploads\/sites\/5\/2018\/12\/cvc-bis-300x169.jpg","datePublished":"2018-12-04T10:28:42+00:00","author":{"@id":"https:\/\/www.jeannedarc-figeac.fr\/college-lycee\/#\/schema\/person\/29e5764f28e895dc8bf41d4468f99154"},"description":"Un appel \u00e0 candidatures aupr\u00e8s des \u00e9l\u00e8ves, parents et personnel de l'\u00e9tablissement a permis de constituer, pour la deuxi\u00e8me ann\u00e9e cons\u00e9cutive, le Conseil","breadcrumb":{"@id":"http:\/\/www.jeannedarc-figeac.fr\/college-lycee\/conseil-de-vie-collegienne-cest-parti\/#breadcrumb"},"inLanguage":"fr-FR","potentialAction":[{"@type":"ReadAction","target":["http:\/\/www.jeannedarc-figeac.fr\/college-lycee\/conseil-de-vie-collegienne-cest-parti\/"]}]},{"@type":"ImageObject","inLanguage":"fr-FR","@id":"http:\/\/www.jeannedarc-figeac.fr\/college-lycee\/conseil-de-vie-collegienne-cest-parti\/#primaryimage","url":"https:\/\/i0.wp.com\/www.jeannedarc-figeac.fr\/college-lycee\/wp-content\/uploads\/sites\/5\/2018\/12\/cvc-bis.jpg?fit=1600%2C900&ssl=1","contentUrl":"https:\/\/i0.wp.com\/www.jeannedarc-figeac.fr\/college-lycee\/wp-content\/uploads\/sites\/5\/2018\/12\/cvc-bis.jpg?fit=1600%2C900&ssl=1","width":1600,"height":900},{"@type":"BreadcrumbList","@id":"http:\/\/www.jeannedarc-figeac.fr\/college-lycee\/conseil-de-vie-collegienne-cest-parti\/#breadcrumb","itemListElement":[{"@type":"ListItem","position":1,"name":"Accueil","item":"https:\/\/www.jeannedarc-figeac.fr\/college-lycee\/"},{"@type":"ListItem","position":2,"name":"Actus","item":"http:\/\/www.jeannedarc-figeac.fr\/college-lycee\/cat\/actus\/"},{"@type":"ListItem","position":3,"name":"LE CONSEIL DE VIE COLLEGIENNE, C&rsquo;EST PARTI !!"}]},{"@type":"WebSite","@id":"https:\/\/www.jeannedarc-figeac.fr\/college-lycee\/#website","url":"https:\/\/www.jeannedarc-figeac.fr\/college-lycee\/","name":"Coll\u00e8ge et Lyc\u00e9e Jeanne d&#039;Arc","description":"Jeanne d&#039;Arc Figeac","potentialAction":[{"@type":"SearchAction","target":{"@type":"EntryPoint","urlTemplate":"https:\/\/www.jeannedarc-figeac.fr\/college-lycee\/?s={search_term_string}"},"query-input":{"@type":"PropertyValueSpecification","valueRequired":true,"valueName":"search_term_string"}}],"inLanguage":"fr-FR"},{"@type":"Person","@id":"https:\/\/www.jeannedarc-figeac.fr\/college-lycee\/#\/schema\/person\/29e5764f28e895dc8bf41d4468f99154","name":"le secr\u00e9tariat","image":{"@type":"ImageObject","inLanguage":"fr-FR","@id":"https:\/\/www.jeannedarc-figeac.fr\/college-lycee\/#\/schema\/person\/image\/","url":"https:\/\/www.jeannedarc-figeac.fr\/college-lycee\/wp-content\/litespeed\/avatar\/5\/b7e8da60f53ba4adc9e9e66d91d84580.jpg?ver=1776943645","contentUrl":"https:\/\/www.jeannedarc-figeac.fr\/college-lycee\/wp-content\/litespeed\/avatar\/5\/b7e8da60f53ba4adc9e9e66d91d84580.jpg?ver=1776943645","caption":"le secr\u00e9tariat"},"url":"https:\/\/www.jeannedarc-figeac.fr\/college-lycee\/author\/arlette\/"}]}},"jetpack_featured_media_url":"","jetpack_sharing_enabled":true,"jetpack_shortlink":"https:\/\/wp.me\/p5Qyb6-KN","_links":{"self":[{"href":"https:\/\/www.jeannedarc-figeac.fr\/college-lycee\/wp-json\/wp\/v2\/posts\/2901","targetHints":{"allow":["GET"]}}],"collection":[{"href":"https:\/\/www.jeannedarc-figeac.fr\/college-lycee\/wp-json\/wp\/v2\/posts"}],"about":[{"href":"https:\/\/www.jeannedarc-figeac.fr\/college-lycee\/wp-json\/wp\/v2\/types\/post"}],"author":[{"embeddable":true,"href":"https:\/\/www.jeannedarc-figeac.fr\/college-lycee\/wp-json\/wp\/v2\/users\/12"}],"replies":[{"embeddable":true,"href":"https:\/\/www.jeannedarc-figeac.fr\/college-lycee\/wp-json\/wp\/v2\/comments?post=2901"}],"version-history":[{"count":1,"href":"https:\/\/www.jeannedarc-figeac.fr\/college-lycee\/wp-json\/wp\/v2\/posts\/2901\/revisions"}],"predecessor-version":[{"id":2903,"href":"https:\/\/www.jeannedarc-figeac.fr\/college-lycee\/wp-json\/wp\/v2\/posts\/2901\/revisions\/2903"}],"wp:attachment":[{"href":"https:\/\/www.jeannedarc-figeac.fr\/college-lycee\/wp-json\/wp\/v2\/media?parent=2901"}],"wp:term":[{"taxonomy":"category","embeddable":true,"href":"https:\/\/www.jeannedarc-figeac.fr\/college-lycee\/wp-json\/wp\/v2\/categories?post=2901"},{"taxonomy":"post_tag","embeddable":true,"href":"https:\/\/www.jeannedarc-figeac.fr\/college-lycee\/wp-json\/wp\/v2\/tags?post=2901"}],"curies":[{"name":"wp","href":"https:\/\/api.w.org\/{rel}","templated":true}]}}