{"id":2897,"date":"2018-12-04T10:26:00","date_gmt":"2018-12-04T10:26:00","guid":{"rendered":"http:\/\/www.jeannedarc-figeac.fr\/college-lycee\/?p=2897"},"modified":"2018-12-04T10:26:00","modified_gmt":"2018-12-04T10:26:00","slug":"sejour-linguistique-4eme-irlande-2","status":"publish","type":"post","link":"https:\/\/www.jeannedarc-figeac.fr\/college-lycee\/sejour-linguistique-4eme-irlande-2\/","title":{"rendered":"S\u00e9jour linguistique des 4\u00e8me en Irlande"},"content":{"rendered":"<p><a href=\"https:\/\/i0.wp.com\/www.jeannedarc-figeac.fr\/college-lycee\/wp-content\/uploads\/sites\/5\/2018\/12\/20181017_173100-bis.jpg\"><img data-recalc-dims=\"1\" loading=\"lazy\" decoding=\"async\" class=\"alignnone size-medium wp-image-2898\" src=\"https:\/\/i0.wp.com\/www.jeannedarc-figeac.fr\/college-lycee\/wp-content\/uploads\/sites\/5\/2018\/12\/20181017_173100-bis.jpg?resize=300%2C169\" alt=\"\" width=\"300\" height=\"169\" srcset=\"https:\/\/i0.wp.com\/www.jeannedarc-figeac.fr\/college-lycee\/wp-content\/uploads\/sites\/5\/2018\/12\/20181017_173100-bis.jpg?resize=300%2C169&amp;ssl=1 300w, https:\/\/i0.wp.com\/www.jeannedarc-figeac.fr\/college-lycee\/wp-content\/uploads\/sites\/5\/2018\/12\/20181017_173100-bis.jpg?resize=768%2C432&amp;ssl=1 768w, https:\/\/i0.wp.com\/www.jeannedarc-figeac.fr\/college-lycee\/wp-content\/uploads\/sites\/5\/2018\/12\/20181017_173100-bis.jpg?resize=1024%2C576&amp;ssl=1 1024w, https:\/\/i0.wp.com\/www.jeannedarc-figeac.fr\/college-lycee\/wp-content\/uploads\/sites\/5\/2018\/12\/20181017_173100-bis.jpg?resize=1080%2C608&amp;ssl=1 1080w, https:\/\/i0.wp.com\/www.jeannedarc-figeac.fr\/college-lycee\/wp-content\/uploads\/sites\/5\/2018\/12\/20181017_173100-bis.jpg?w=1600&amp;ssl=1 1600w\" sizes=\"(max-width: 300px) 100vw, 300px\" \/><\/a><a href=\"https:\/\/i0.wp.com\/www.jeannedarc-figeac.fr\/college-lycee\/wp-content\/uploads\/sites\/5\/2018\/12\/20181017_152227-bis.jpg\"><img data-recalc-dims=\"1\" loading=\"lazy\" decoding=\"async\" class=\"alignnone size-medium wp-image-2899\" src=\"https:\/\/i0.wp.com\/www.jeannedarc-figeac.fr\/college-lycee\/wp-content\/uploads\/sites\/5\/2018\/12\/20181017_152227-bis.jpg?resize=300%2C169\" alt=\"\" width=\"300\" height=\"169\" srcset=\"https:\/\/i0.wp.com\/www.jeannedarc-figeac.fr\/college-lycee\/wp-content\/uploads\/sites\/5\/2018\/12\/20181017_152227-bis.jpg?resize=300%2C169&amp;ssl=1 300w, https:\/\/i0.wp.com\/www.jeannedarc-figeac.fr\/college-lycee\/wp-content\/uploads\/sites\/5\/2018\/12\/20181017_152227-bis.jpg?resize=768%2C432&amp;ssl=1 768w, https:\/\/i0.wp.com\/www.jeannedarc-figeac.fr\/college-lycee\/wp-content\/uploads\/sites\/5\/2018\/12\/20181017_152227-bis.jpg?resize=1024%2C576&amp;ssl=1 1024w, https:\/\/i0.wp.com\/www.jeannedarc-figeac.fr\/college-lycee\/wp-content\/uploads\/sites\/5\/2018\/12\/20181017_152227-bis.jpg?resize=1080%2C608&amp;ssl=1 1080w, https:\/\/i0.wp.com\/www.jeannedarc-figeac.fr\/college-lycee\/wp-content\/uploads\/sites\/5\/2018\/12\/20181017_152227-bis.jpg?w=1600&amp;ssl=1 1600w\" sizes=\"(max-width: 300px) 100vw, 300px\" \/><\/a><\/p>\n<p><span style=\"color: #008000\"><strong>Cette ann\u00e9e, ce fut le d\u00e9cor du Connemara que les \u00e9l\u00e8ves de 4\u00e8mes de Jeanne D\u2019Arc Figeac ont d\u00e9couvert.<\/strong><\/span><\/p>\n<p><span style=\"color: #008000\"><strong>Sous un ciel Irlandais plut\u00f4t cl\u00e9ment, ils ont pu admirer les terres brul\u00e9es du Burren, les falaises de Moher color\u00e9es par le soleil.<\/strong><\/span><\/p>\n<p><span style=\"color: #008000\"><strong>Galway, la ville la plus importante de cette c\u00f4te Ouest, nous a d\u00e9voil\u00e9 tous ses secrets \u00e0 travers une visite guid\u00e9e le long de la rivi\u00e8re Corrib.<\/strong><\/span><\/p>\n<p><span style=\"color: #008000\"><strong>Puis, au rythme de la musique irlandaise, ils ont \u00e9t\u00e9 initi\u00e9s \u00e0 la danse traditionnelle\u00a0: very funny\u00a0!<\/strong><\/span><\/p>\n<p><span style=\"color: #008000\"><strong>Difficile de passer \u00e0 c\u00f4t\u00e9 d\u2019une autre tradition\u00a0: la couse de l\u00e9vriers. Tr\u00e8s populaire, ce type de course rassemble nombreux passionn\u00e9s qui viennent vibrer aux encouragements des multiples parieurs.<\/strong><\/span><\/p>\n<p><span style=\"color: #008000\"><strong>Pour finir, la visite d\u2019une exploitation d\u2019extraction de tourbes s\u2019imposait car elle nous a fait voyager dans le temps, de 5\u00a0000 avant .J.C. jusqu\u2019\u00e0 nos jours, sur les traces de la famille\u00a0 Dan O\u2019Hara.\u00a0<\/strong><\/span><\/p>\n<p><span style=\"color: #008000\"><strong>Ce combustible fut pendant longtemps le principal moyen de chauffage. Il est toujours utilis\u00e9 et l\u2019on peut sentir son odeur bien particuli\u00e8re.<\/strong><\/span><\/p>\n<p><span style=\"color: #008000\"><strong>Enfin, le retour \u00e0 Figeac a pris des allures de mini-croisi\u00e8re \u00e0 bord du Ferry\u00a0: chasse aux tr\u00e9sors d\u2019Halloween, quizz, spectacle de magie \u2026 et cela toujours dans la langue de Shakespeare, ou devrait- on plut\u00f4t dire celle de Saint Patrick\u00a0!<\/strong><\/span><\/p>\n<p>&nbsp;<\/p>\n","protected":false},"excerpt":{"rendered":"<p>Cette ann\u00e9e, ce fut le d\u00e9cor du Connemara que les \u00e9l\u00e8ves de 4\u00e8mes de Jeanne D\u2019Arc Figeac ont d\u00e9couvert. Sous un ciel Irlandais plut\u00f4t cl\u00e9ment, ils ont pu admirer les terres brul\u00e9es du Burren, les falaises de Moher color\u00e9es par le soleil. Galway, la ville la plus importante de cette c\u00f4te Ouest, nous a d\u00e9voil\u00e9 [&hellip;]<\/p>\n","protected":false},"author":12,"featured_media":0,"comment_status":"closed","ping_status":"open","sticky":false,"template":"","format":"standard","meta":{"_et_pb_use_builder":"","_et_pb_old_content":"","_et_gb_content_width":"","_jetpack_newsletter_access":"","_jetpack_dont_email_post_to_subs":false,"_jetpack_newsletter_tier_id":0,"_jetpack_memberships_contains_paywalled_content":false,"iawp_total_views":1,"_jetpack_memberships_contains_paid_content":false,"footnotes":""},"categories":[28],"tags":[],"class_list":["post-2897","post","type-post","status-publish","format-standard","hentry","category-actus"],"yoast_head":"<!-- This site is optimized with the Yoast SEO plugin v26.0 - https:\/\/yoast.com\/wordpress\/plugins\/seo\/ -->\n<title>S\u00e9jour linguistique des 4\u00e8me en Irlande<\/title>\n<meta name=\"description\" content=\"Cette ann\u00e9e, ce fut le d\u00e9cor du Connemara que les \u00e9l\u00e8ves de 4\u00e8mes de Jeanne D\u2019Arc Figeac ont d\u00e9couvert. Sous un ciel Irlandais plut\u00f4t cl\u00e9ment, ils ont pu\" \/>\n<meta name=\"robots\" content=\"index, follow, max-snippet:-1, max-image-preview:large, max-video-preview:-1\" \/>\n<link rel=\"canonical\" href=\"http:\/\/www.jeannedarc-figeac.fr\/college-lycee\/sejour-linguistique-4eme-irlande-2\/\" \/>\n<meta property=\"og:locale\" content=\"fr_FR\" \/>\n<meta property=\"og:type\" content=\"article\" \/>\n<meta property=\"og:title\" content=\"S\u00e9jour linguistique des 4\u00e8me en Irlande\" \/>\n<meta property=\"og:description\" content=\"Cette ann\u00e9e, ce fut le d\u00e9cor du Connemara que les \u00e9l\u00e8ves de 4\u00e8mes de Jeanne D\u2019Arc Figeac ont d\u00e9couvert. Sous un ciel Irlandais plut\u00f4t cl\u00e9ment, ils ont pu\" \/>\n<meta property=\"og:url\" content=\"http:\/\/www.jeannedarc-figeac.fr\/college-lycee\/sejour-linguistique-4eme-irlande-2\/\" \/>\n<meta property=\"og:site_name\" content=\"Coll\u00e8ge et Lyc\u00e9e Jeanne d&#039;Arc\" \/>\n<meta property=\"article:published_time\" content=\"2018-12-04T10:26:00+00:00\" \/>\n<meta property=\"og:image\" content=\"http:\/\/www.jeannedarc-figeac.fr\/college-lycee\/wp-content\/uploads\/sites\/5\/2018\/12\/20181017_173100-bis-300x169.jpg\" \/>\n<meta name=\"author\" content=\"le secr\u00e9tariat\" \/>\n<script type=\"application\/ld+json\" class=\"yoast-schema-graph\">{\"@context\":\"https:\/\/schema.org\",\"@graph\":[{\"@type\":\"WebPage\",\"@id\":\"http:\/\/www.jeannedarc-figeac.fr\/college-lycee\/sejour-linguistique-4eme-irlande-2\/\",\"url\":\"http:\/\/www.jeannedarc-figeac.fr\/college-lycee\/sejour-linguistique-4eme-irlande-2\/\",\"name\":\"S\u00e9jour linguistique des 4\u00e8me en Irlande\",\"isPartOf\":{\"@id\":\"https:\/\/www.jeannedarc-figeac.fr\/college-lycee\/#website\"},\"primaryImageOfPage\":{\"@id\":\"http:\/\/www.jeannedarc-figeac.fr\/college-lycee\/sejour-linguistique-4eme-irlande-2\/#primaryimage\"},\"image\":{\"@id\":\"http:\/\/www.jeannedarc-figeac.fr\/college-lycee\/sejour-linguistique-4eme-irlande-2\/#primaryimage\"},\"thumbnailUrl\":\"http:\/\/www.jeannedarc-figeac.fr\/college-lycee\/wp-content\/uploads\/sites\/5\/2018\/12\/20181017_173100-bis-300x169.jpg\",\"datePublished\":\"2018-12-04T10:26:00+00:00\",\"author\":{\"@id\":\"https:\/\/www.jeannedarc-figeac.fr\/college-lycee\/#\/schema\/person\/29e5764f28e895dc8bf41d4468f99154\"},\"description\":\"Cette ann\u00e9e, ce fut le d\u00e9cor du Connemara que les \u00e9l\u00e8ves de 4\u00e8mes de Jeanne D\u2019Arc Figeac ont d\u00e9couvert. Sous un ciel Irlandais plut\u00f4t cl\u00e9ment, ils ont pu\",\"breadcrumb\":{\"@id\":\"http:\/\/www.jeannedarc-figeac.fr\/college-lycee\/sejour-linguistique-4eme-irlande-2\/#breadcrumb\"},\"inLanguage\":\"fr-FR\",\"potentialAction\":[{\"@type\":\"ReadAction\",\"target\":[\"http:\/\/www.jeannedarc-figeac.fr\/college-lycee\/sejour-linguistique-4eme-irlande-2\/\"]}]},{\"@type\":\"ImageObject\",\"inLanguage\":\"fr-FR\",\"@id\":\"http:\/\/www.jeannedarc-figeac.fr\/college-lycee\/sejour-linguistique-4eme-irlande-2\/#primaryimage\",\"url\":\"https:\/\/i0.wp.com\/www.jeannedarc-figeac.fr\/college-lycee\/wp-content\/uploads\/sites\/5\/2018\/12\/20181017_173100-bis.jpg?fit=1600%2C900&ssl=1\",\"contentUrl\":\"https:\/\/i0.wp.com\/www.jeannedarc-figeac.fr\/college-lycee\/wp-content\/uploads\/sites\/5\/2018\/12\/20181017_173100-bis.jpg?fit=1600%2C900&ssl=1\",\"width\":1600,\"height\":900},{\"@type\":\"BreadcrumbList\",\"@id\":\"http:\/\/www.jeannedarc-figeac.fr\/college-lycee\/sejour-linguistique-4eme-irlande-2\/#breadcrumb\",\"itemListElement\":[{\"@type\":\"ListItem\",\"position\":1,\"name\":\"Accueil\",\"item\":\"https:\/\/www.jeannedarc-figeac.fr\/college-lycee\/\"},{\"@type\":\"ListItem\",\"position\":2,\"name\":\"Actus\",\"item\":\"http:\/\/www.jeannedarc-figeac.fr\/college-lycee\/cat\/actus\/\"},{\"@type\":\"ListItem\",\"position\":3,\"name\":\"S\u00e9jour linguistique des 4\u00e8me en Irlande\"}]},{\"@type\":\"WebSite\",\"@id\":\"https:\/\/www.jeannedarc-figeac.fr\/college-lycee\/#website\",\"url\":\"https:\/\/www.jeannedarc-figeac.fr\/college-lycee\/\",\"name\":\"Coll\u00e8ge et Lyc\u00e9e Jeanne d&#039;Arc\",\"description\":\"Jeanne d&#039;Arc Figeac\",\"potentialAction\":[{\"@type\":\"SearchAction\",\"target\":{\"@type\":\"EntryPoint\",\"urlTemplate\":\"https:\/\/www.jeannedarc-figeac.fr\/college-lycee\/?s={search_term_string}\"},\"query-input\":{\"@type\":\"PropertyValueSpecification\",\"valueRequired\":true,\"valueName\":\"search_term_string\"}}],\"inLanguage\":\"fr-FR\"},{\"@type\":\"Person\",\"@id\":\"https:\/\/www.jeannedarc-figeac.fr\/college-lycee\/#\/schema\/person\/29e5764f28e895dc8bf41d4468f99154\",\"name\":\"le secr\u00e9tariat\",\"image\":{\"@type\":\"ImageObject\",\"inLanguage\":\"fr-FR\",\"@id\":\"https:\/\/www.jeannedarc-figeac.fr\/college-lycee\/#\/schema\/person\/image\/\",\"url\":\"https:\/\/www.jeannedarc-figeac.fr\/college-lycee\/wp-content\/litespeed\/avatar\/5\/b7e8da60f53ba4adc9e9e66d91d84580.jpg?ver=1776943645\",\"contentUrl\":\"https:\/\/www.jeannedarc-figeac.fr\/college-lycee\/wp-content\/litespeed\/avatar\/5\/b7e8da60f53ba4adc9e9e66d91d84580.jpg?ver=1776943645\",\"caption\":\"le secr\u00e9tariat\"},\"url\":\"https:\/\/www.jeannedarc-figeac.fr\/college-lycee\/author\/arlette\/\"}]}<\/script>\n<!-- \/ Yoast SEO plugin. -->","yoast_head_json":{"title":"S\u00e9jour linguistique des 4\u00e8me en Irlande","description":"Cette ann\u00e9e, ce fut le d\u00e9cor du Connemara que les \u00e9l\u00e8ves de 4\u00e8mes de Jeanne D\u2019Arc Figeac ont d\u00e9couvert. Sous un ciel Irlandais plut\u00f4t cl\u00e9ment, ils ont pu","robots":{"index":"index","follow":"follow","max-snippet":"max-snippet:-1","max-image-preview":"max-image-preview:large","max-video-preview":"max-video-preview:-1"},"canonical":"http:\/\/www.jeannedarc-figeac.fr\/college-lycee\/sejour-linguistique-4eme-irlande-2\/","og_locale":"fr_FR","og_type":"article","og_title":"S\u00e9jour linguistique des 4\u00e8me en Irlande","og_description":"Cette ann\u00e9e, ce fut le d\u00e9cor du Connemara que les \u00e9l\u00e8ves de 4\u00e8mes de Jeanne D\u2019Arc Figeac ont d\u00e9couvert. Sous un ciel Irlandais plut\u00f4t cl\u00e9ment, ils ont pu","og_url":"http:\/\/www.jeannedarc-figeac.fr\/college-lycee\/sejour-linguistique-4eme-irlande-2\/","og_site_name":"Coll\u00e8ge et Lyc\u00e9e Jeanne d&#039;Arc","article_published_time":"2018-12-04T10:26:00+00:00","og_image":[{"url":"http:\/\/www.jeannedarc-figeac.fr\/college-lycee\/wp-content\/uploads\/sites\/5\/2018\/12\/20181017_173100-bis-300x169.jpg","type":"","width":"","height":""}],"author":"le secr\u00e9tariat","schema":{"@context":"https:\/\/schema.org","@graph":[{"@type":"WebPage","@id":"http:\/\/www.jeannedarc-figeac.fr\/college-lycee\/sejour-linguistique-4eme-irlande-2\/","url":"http:\/\/www.jeannedarc-figeac.fr\/college-lycee\/sejour-linguistique-4eme-irlande-2\/","name":"S\u00e9jour linguistique des 4\u00e8me en Irlande","isPartOf":{"@id":"https:\/\/www.jeannedarc-figeac.fr\/college-lycee\/#website"},"primaryImageOfPage":{"@id":"http:\/\/www.jeannedarc-figeac.fr\/college-lycee\/sejour-linguistique-4eme-irlande-2\/#primaryimage"},"image":{"@id":"http:\/\/www.jeannedarc-figeac.fr\/college-lycee\/sejour-linguistique-4eme-irlande-2\/#primaryimage"},"thumbnailUrl":"http:\/\/www.jeannedarc-figeac.fr\/college-lycee\/wp-content\/uploads\/sites\/5\/2018\/12\/20181017_173100-bis-300x169.jpg","datePublished":"2018-12-04T10:26:00+00:00","author":{"@id":"https:\/\/www.jeannedarc-figeac.fr\/college-lycee\/#\/schema\/person\/29e5764f28e895dc8bf41d4468f99154"},"description":"Cette ann\u00e9e, ce fut le d\u00e9cor du Connemara que les \u00e9l\u00e8ves de 4\u00e8mes de Jeanne D\u2019Arc Figeac ont d\u00e9couvert. Sous un ciel Irlandais plut\u00f4t cl\u00e9ment, ils ont pu","breadcrumb":{"@id":"http:\/\/www.jeannedarc-figeac.fr\/college-lycee\/sejour-linguistique-4eme-irlande-2\/#breadcrumb"},"inLanguage":"fr-FR","potentialAction":[{"@type":"ReadAction","target":["http:\/\/www.jeannedarc-figeac.fr\/college-lycee\/sejour-linguistique-4eme-irlande-2\/"]}]},{"@type":"ImageObject","inLanguage":"fr-FR","@id":"http:\/\/www.jeannedarc-figeac.fr\/college-lycee\/sejour-linguistique-4eme-irlande-2\/#primaryimage","url":"https:\/\/i0.wp.com\/www.jeannedarc-figeac.fr\/college-lycee\/wp-content\/uploads\/sites\/5\/2018\/12\/20181017_173100-bis.jpg?fit=1600%2C900&ssl=1","contentUrl":"https:\/\/i0.wp.com\/www.jeannedarc-figeac.fr\/college-lycee\/wp-content\/uploads\/sites\/5\/2018\/12\/20181017_173100-bis.jpg?fit=1600%2C900&ssl=1","width":1600,"height":900},{"@type":"BreadcrumbList","@id":"http:\/\/www.jeannedarc-figeac.fr\/college-lycee\/sejour-linguistique-4eme-irlande-2\/#breadcrumb","itemListElement":[{"@type":"ListItem","position":1,"name":"Accueil","item":"https:\/\/www.jeannedarc-figeac.fr\/college-lycee\/"},{"@type":"ListItem","position":2,"name":"Actus","item":"http:\/\/www.jeannedarc-figeac.fr\/college-lycee\/cat\/actus\/"},{"@type":"ListItem","position":3,"name":"S\u00e9jour linguistique des 4\u00e8me en Irlande"}]},{"@type":"WebSite","@id":"https:\/\/www.jeannedarc-figeac.fr\/college-lycee\/#website","url":"https:\/\/www.jeannedarc-figeac.fr\/college-lycee\/","name":"Coll\u00e8ge et Lyc\u00e9e Jeanne d&#039;Arc","description":"Jeanne d&#039;Arc Figeac","potentialAction":[{"@type":"SearchAction","target":{"@type":"EntryPoint","urlTemplate":"https:\/\/www.jeannedarc-figeac.fr\/college-lycee\/?s={search_term_string}"},"query-input":{"@type":"PropertyValueSpecification","valueRequired":true,"valueName":"search_term_string"}}],"inLanguage":"fr-FR"},{"@type":"Person","@id":"https:\/\/www.jeannedarc-figeac.fr\/college-lycee\/#\/schema\/person\/29e5764f28e895dc8bf41d4468f99154","name":"le secr\u00e9tariat","image":{"@type":"ImageObject","inLanguage":"fr-FR","@id":"https:\/\/www.jeannedarc-figeac.fr\/college-lycee\/#\/schema\/person\/image\/","url":"https:\/\/www.jeannedarc-figeac.fr\/college-lycee\/wp-content\/litespeed\/avatar\/5\/b7e8da60f53ba4adc9e9e66d91d84580.jpg?ver=1776943645","contentUrl":"https:\/\/www.jeannedarc-figeac.fr\/college-lycee\/wp-content\/litespeed\/avatar\/5\/b7e8da60f53ba4adc9e9e66d91d84580.jpg?ver=1776943645","caption":"le secr\u00e9tariat"},"url":"https:\/\/www.jeannedarc-figeac.fr\/college-lycee\/author\/arlette\/"}]}},"jetpack_featured_media_url":"","jetpack_sharing_enabled":true,"jetpack_shortlink":"https:\/\/wp.me\/p5Qyb6-KJ","_links":{"self":[{"href":"https:\/\/www.jeannedarc-figeac.fr\/college-lycee\/wp-json\/wp\/v2\/posts\/2897","targetHints":{"allow":["GET"]}}],"collection":[{"href":"https:\/\/www.jeannedarc-figeac.fr\/college-lycee\/wp-json\/wp\/v2\/posts"}],"about":[{"href":"https:\/\/www.jeannedarc-figeac.fr\/college-lycee\/wp-json\/wp\/v2\/types\/post"}],"author":[{"embeddable":true,"href":"https:\/\/www.jeannedarc-figeac.fr\/college-lycee\/wp-json\/wp\/v2\/users\/12"}],"replies":[{"embeddable":true,"href":"https:\/\/www.jeannedarc-figeac.fr\/college-lycee\/wp-json\/wp\/v2\/comments?post=2897"}],"version-history":[{"count":1,"href":"https:\/\/www.jeannedarc-figeac.fr\/college-lycee\/wp-json\/wp\/v2\/posts\/2897\/revisions"}],"predecessor-version":[{"id":2900,"href":"https:\/\/www.jeannedarc-figeac.fr\/college-lycee\/wp-json\/wp\/v2\/posts\/2897\/revisions\/2900"}],"wp:attachment":[{"href":"https:\/\/www.jeannedarc-figeac.fr\/college-lycee\/wp-json\/wp\/v2\/media?parent=2897"}],"wp:term":[{"taxonomy":"category","embeddable":true,"href":"https:\/\/www.jeannedarc-figeac.fr\/college-lycee\/wp-json\/wp\/v2\/categories?post=2897"},{"taxonomy":"post_tag","embeddable":true,"href":"https:\/\/www.jeannedarc-figeac.fr\/college-lycee\/wp-json\/wp\/v2\/tags?post=2897"}],"curies":[{"name":"wp","href":"https:\/\/api.w.org\/{rel}","templated":true}]}}