{"id":2890,"date":"2018-10-25T09:29:42","date_gmt":"2018-10-25T09:29:42","guid":{"rendered":"http:\/\/www.jeannedarc-figeac.fr\/college-lycee\/?p=2890"},"modified":"2018-10-25T09:29:42","modified_gmt":"2018-10-25T09:29:42","slug":"eleves-de-jeanne-darc-courent-ela","status":"publish","type":"post","link":"https:\/\/www.jeannedarc-figeac.fr\/college-lycee\/eleves-de-jeanne-darc-courent-ela\/","title":{"rendered":"Les \u00e9l\u00e8ves de Jeanne d\u2019Arc courent pour ELA"},"content":{"rendered":"<p><a href=\"https:\/\/i0.wp.com\/www.jeannedarc-figeac.fr\/college-lycee\/wp-content\/uploads\/sites\/5\/2018\/10\/20181012_150213-BIS.jpg\"><img data-recalc-dims=\"1\" loading=\"lazy\" decoding=\"async\" class=\"alignnone size-medium wp-image-2891\" src=\"https:\/\/i0.wp.com\/www.jeannedarc-figeac.fr\/college-lycee\/wp-content\/uploads\/sites\/5\/2018\/10\/20181012_150213-BIS.jpg?resize=300%2C146\" alt=\"\" width=\"300\" height=\"146\" srcset=\"https:\/\/i0.wp.com\/www.jeannedarc-figeac.fr\/college-lycee\/wp-content\/uploads\/sites\/5\/2018\/10\/20181012_150213-BIS.jpg?resize=300%2C146&amp;ssl=1 300w, https:\/\/i0.wp.com\/www.jeannedarc-figeac.fr\/college-lycee\/wp-content\/uploads\/sites\/5\/2018\/10\/20181012_150213-BIS.jpg?resize=768%2C373&amp;ssl=1 768w, https:\/\/i0.wp.com\/www.jeannedarc-figeac.fr\/college-lycee\/wp-content\/uploads\/sites\/5\/2018\/10\/20181012_150213-BIS.jpg?resize=1024%2C498&amp;ssl=1 1024w, https:\/\/i0.wp.com\/www.jeannedarc-figeac.fr\/college-lycee\/wp-content\/uploads\/sites\/5\/2018\/10\/20181012_150213-BIS.jpg?resize=1080%2C525&amp;ssl=1 1080w, https:\/\/i0.wp.com\/www.jeannedarc-figeac.fr\/college-lycee\/wp-content\/uploads\/sites\/5\/2018\/10\/20181012_150213-BIS.jpg?w=1600&amp;ssl=1 1600w\" sizes=\"(max-width: 300px) 100vw, 300px\" \/><\/a><a href=\"https:\/\/i0.wp.com\/www.jeannedarc-figeac.fr\/college-lycee\/wp-content\/uploads\/sites\/5\/2018\/10\/IMG_9726-BIS.jpg\"><img data-recalc-dims=\"1\" loading=\"lazy\" decoding=\"async\" class=\"alignnone size-medium wp-image-2892\" src=\"https:\/\/i0.wp.com\/www.jeannedarc-figeac.fr\/college-lycee\/wp-content\/uploads\/sites\/5\/2018\/10\/IMG_9726-BIS.jpg?resize=300%2C225\" alt=\"\" width=\"300\" height=\"225\" srcset=\"https:\/\/i0.wp.com\/www.jeannedarc-figeac.fr\/college-lycee\/wp-content\/uploads\/sites\/5\/2018\/10\/IMG_9726-BIS.jpg?resize=300%2C225&amp;ssl=1 300w, https:\/\/i0.wp.com\/www.jeannedarc-figeac.fr\/college-lycee\/wp-content\/uploads\/sites\/5\/2018\/10\/IMG_9726-BIS.jpg?resize=768%2C576&amp;ssl=1 768w, https:\/\/i0.wp.com\/www.jeannedarc-figeac.fr\/college-lycee\/wp-content\/uploads\/sites\/5\/2018\/10\/IMG_9726-BIS.jpg?resize=1024%2C768&amp;ssl=1 1024w, https:\/\/i0.wp.com\/www.jeannedarc-figeac.fr\/college-lycee\/wp-content\/uploads\/sites\/5\/2018\/10\/IMG_9726-BIS.jpg?resize=1080%2C810&amp;ssl=1 1080w, https:\/\/i0.wp.com\/www.jeannedarc-figeac.fr\/college-lycee\/wp-content\/uploads\/sites\/5\/2018\/10\/IMG_9726-BIS.jpg?w=1600&amp;ssl=1 1600w\" sizes=\"(max-width: 300px) 100vw, 300px\" \/><\/a><\/p>\n<p><span style=\"color: #0000ff\"><strong>L&rsquo;op\u00e9ration \u00ab Mets tes baskets et bats la maladie \u00e0 l&rsquo;\u00e9cole \u00bb r\u00e9unit la communaut\u00e9 \u00e9ducative depuis 1994 autour d&rsquo;un projet citoyen qui associe sant\u00e9, solidarit\u00e9 et sport.<\/strong><\/span><\/p>\n<p><span style=\"color: #0000ff\"><strong>Le sport est au centre de l&rsquo;op\u00e9ration ELA pour lutter contre la leucodystrophie. Il rend compte de la volont\u00e9 des \u00e9l\u00e8ves d&rsquo;agir pour les enfants atteints de leucodystrophies, des maladies g\u00e9n\u00e9tiques tr\u00e8s graves.<\/strong><\/span><\/p>\n<p><span style=\"color: #0000ff\"><strong>Cette op\u00e9ration a rassembl\u00e9 les \u00e9l\u00e8ves de CM1 et CM2 de l&rsquo;\u00e9cole primaire, et tous les \u00e9l\u00e8ves du coll\u00e8ge et lyc\u00e9e Jeanne d&rsquo;Arc l&rsquo;apr\u00e8s-midi du Vendredi 12 Octobre 2018.<\/strong><\/span><\/p>\n<p><span style=\"color: #0000ff\"><strong>Sur un parcours adapt\u00e9 en distance \u00e0 chacune des cat\u00e9gories d&rsquo;\u00e2ge, les \u00e9l\u00e8ves ont r\u00e9alis\u00e9 une tr\u00e8s belle \u00e9preuve sportive. Sous une m\u00e9t\u00e9o chaude pour la saison, les filles de 4\u00e8me et 3\u00e8me ont ouvert le parcours, puis les courses se sont encha\u00een\u00e9es dans une superbe ambiance.<\/strong><\/span><\/p>\n<p><span style=\"color: #0000ff\"><strong>Plus de 700 \u00e9l\u00e8ves auront chauss\u00e9 les baskets afin de courir ou de marcher et \u00ab combattre la maladie \u00bb au profit de l&rsquo;association.<\/strong><\/span><\/p>\n","protected":false},"excerpt":{"rendered":"<p>L&rsquo;op\u00e9ration \u00ab Mets tes baskets et bats la maladie \u00e0 l&rsquo;\u00e9cole \u00bb r\u00e9unit la communaut\u00e9 \u00e9ducative depuis 1994 autour d&rsquo;un projet citoyen qui associe sant\u00e9, solidarit\u00e9 et sport. Le sport est au centre de l&rsquo;op\u00e9ration ELA pour lutter contre la leucodystrophie. Il rend compte de la volont\u00e9 des \u00e9l\u00e8ves d&rsquo;agir pour les enfants atteints de [&hellip;]<\/p>\n","protected":false},"author":12,"featured_media":0,"comment_status":"closed","ping_status":"open","sticky":false,"template":"","format":"standard","meta":{"_et_pb_use_builder":"","_et_pb_old_content":"","_et_gb_content_width":"","_jetpack_newsletter_access":"","_jetpack_dont_email_post_to_subs":false,"_jetpack_newsletter_tier_id":0,"_jetpack_memberships_contains_paywalled_content":false,"iawp_total_views":0,"_jetpack_memberships_contains_paid_content":false,"footnotes":""},"categories":[28],"tags":[],"class_list":["post-2890","post","type-post","status-publish","format-standard","hentry","category-actus"],"yoast_head":"<!-- This site is optimized with the Yoast SEO plugin v26.0 - https:\/\/yoast.com\/wordpress\/plugins\/seo\/ -->\n<title>Les \u00e9l\u00e8ves de Jeanne d\u2019Arc courent pour ELA<\/title>\n<meta name=\"description\" content=\"L&#039;op\u00e9ration \u00ab Mets tes baskets et bats la maladie \u00e0 l&#039;\u00e9cole \u00bb r\u00e9unit la communaut\u00e9 \u00e9ducative depuis 1994 autour d&#039;un projet citoyen qui associe sant\u00e9,\" \/>\n<meta name=\"robots\" content=\"index, follow, max-snippet:-1, max-image-preview:large, max-video-preview:-1\" \/>\n<link rel=\"canonical\" href=\"http:\/\/www.jeannedarc-figeac.fr\/college-lycee\/eleves-de-jeanne-darc-courent-ela\/\" \/>\n<meta property=\"og:locale\" content=\"fr_FR\" \/>\n<meta property=\"og:type\" content=\"article\" \/>\n<meta property=\"og:title\" content=\"Les \u00e9l\u00e8ves de Jeanne d\u2019Arc courent pour ELA\" \/>\n<meta property=\"og:description\" content=\"L&#039;op\u00e9ration \u00ab Mets tes baskets et bats la maladie \u00e0 l&#039;\u00e9cole \u00bb r\u00e9unit la communaut\u00e9 \u00e9ducative depuis 1994 autour d&#039;un projet citoyen qui associe sant\u00e9,\" \/>\n<meta property=\"og:url\" content=\"http:\/\/www.jeannedarc-figeac.fr\/college-lycee\/eleves-de-jeanne-darc-courent-ela\/\" \/>\n<meta property=\"og:site_name\" content=\"Coll\u00e8ge et Lyc\u00e9e Jeanne d&#039;Arc\" \/>\n<meta property=\"article:published_time\" content=\"2018-10-25T09:29:42+00:00\" \/>\n<meta property=\"og:image\" content=\"http:\/\/www.jeannedarc-figeac.fr\/college-lycee\/wp-content\/uploads\/sites\/5\/2018\/10\/20181012_150213-BIS-300x146.jpg\" \/>\n<meta name=\"author\" content=\"le secr\u00e9tariat\" \/>\n<script type=\"application\/ld+json\" class=\"yoast-schema-graph\">{\"@context\":\"https:\/\/schema.org\",\"@graph\":[{\"@type\":\"WebPage\",\"@id\":\"http:\/\/www.jeannedarc-figeac.fr\/college-lycee\/eleves-de-jeanne-darc-courent-ela\/\",\"url\":\"http:\/\/www.jeannedarc-figeac.fr\/college-lycee\/eleves-de-jeanne-darc-courent-ela\/\",\"name\":\"Les \u00e9l\u00e8ves de Jeanne d\u2019Arc courent pour ELA\",\"isPartOf\":{\"@id\":\"https:\/\/www.jeannedarc-figeac.fr\/college-lycee\/#website\"},\"primaryImageOfPage\":{\"@id\":\"http:\/\/www.jeannedarc-figeac.fr\/college-lycee\/eleves-de-jeanne-darc-courent-ela\/#primaryimage\"},\"image\":{\"@id\":\"http:\/\/www.jeannedarc-figeac.fr\/college-lycee\/eleves-de-jeanne-darc-courent-ela\/#primaryimage\"},\"thumbnailUrl\":\"http:\/\/www.jeannedarc-figeac.fr\/college-lycee\/wp-content\/uploads\/sites\/5\/2018\/10\/20181012_150213-BIS-300x146.jpg\",\"datePublished\":\"2018-10-25T09:29:42+00:00\",\"author\":{\"@id\":\"https:\/\/www.jeannedarc-figeac.fr\/college-lycee\/#\/schema\/person\/29e5764f28e895dc8bf41d4468f99154\"},\"description\":\"L'op\u00e9ration \u00ab Mets tes baskets et bats la maladie \u00e0 l'\u00e9cole \u00bb r\u00e9unit la communaut\u00e9 \u00e9ducative depuis 1994 autour d'un projet citoyen qui associe sant\u00e9,\",\"breadcrumb\":{\"@id\":\"http:\/\/www.jeannedarc-figeac.fr\/college-lycee\/eleves-de-jeanne-darc-courent-ela\/#breadcrumb\"},\"inLanguage\":\"fr-FR\",\"potentialAction\":[{\"@type\":\"ReadAction\",\"target\":[\"http:\/\/www.jeannedarc-figeac.fr\/college-lycee\/eleves-de-jeanne-darc-courent-ela\/\"]}]},{\"@type\":\"ImageObject\",\"inLanguage\":\"fr-FR\",\"@id\":\"http:\/\/www.jeannedarc-figeac.fr\/college-lycee\/eleves-de-jeanne-darc-courent-ela\/#primaryimage\",\"url\":\"https:\/\/i0.wp.com\/www.jeannedarc-figeac.fr\/college-lycee\/wp-content\/uploads\/sites\/5\/2018\/10\/20181012_150213-BIS.jpg?fit=1600%2C778&ssl=1\",\"contentUrl\":\"https:\/\/i0.wp.com\/www.jeannedarc-figeac.fr\/college-lycee\/wp-content\/uploads\/sites\/5\/2018\/10\/20181012_150213-BIS.jpg?fit=1600%2C778&ssl=1\",\"width\":1600,\"height\":778},{\"@type\":\"BreadcrumbList\",\"@id\":\"http:\/\/www.jeannedarc-figeac.fr\/college-lycee\/eleves-de-jeanne-darc-courent-ela\/#breadcrumb\",\"itemListElement\":[{\"@type\":\"ListItem\",\"position\":1,\"name\":\"Accueil\",\"item\":\"https:\/\/www.jeannedarc-figeac.fr\/college-lycee\/\"},{\"@type\":\"ListItem\",\"position\":2,\"name\":\"Actus\",\"item\":\"http:\/\/www.jeannedarc-figeac.fr\/college-lycee\/cat\/actus\/\"},{\"@type\":\"ListItem\",\"position\":3,\"name\":\"Les \u00e9l\u00e8ves de Jeanne d\u2019Arc courent pour ELA\"}]},{\"@type\":\"WebSite\",\"@id\":\"https:\/\/www.jeannedarc-figeac.fr\/college-lycee\/#website\",\"url\":\"https:\/\/www.jeannedarc-figeac.fr\/college-lycee\/\",\"name\":\"Coll\u00e8ge et Lyc\u00e9e Jeanne d&#039;Arc\",\"description\":\"Jeanne d&#039;Arc Figeac\",\"potentialAction\":[{\"@type\":\"SearchAction\",\"target\":{\"@type\":\"EntryPoint\",\"urlTemplate\":\"https:\/\/www.jeannedarc-figeac.fr\/college-lycee\/?s={search_term_string}\"},\"query-input\":{\"@type\":\"PropertyValueSpecification\",\"valueRequired\":true,\"valueName\":\"search_term_string\"}}],\"inLanguage\":\"fr-FR\"},{\"@type\":\"Person\",\"@id\":\"https:\/\/www.jeannedarc-figeac.fr\/college-lycee\/#\/schema\/person\/29e5764f28e895dc8bf41d4468f99154\",\"name\":\"le secr\u00e9tariat\",\"image\":{\"@type\":\"ImageObject\",\"inLanguage\":\"fr-FR\",\"@id\":\"https:\/\/www.jeannedarc-figeac.fr\/college-lycee\/#\/schema\/person\/image\/\",\"url\":\"https:\/\/www.jeannedarc-figeac.fr\/college-lycee\/wp-content\/litespeed\/avatar\/5\/b7e8da60f53ba4adc9e9e66d91d84580.jpg?ver=1777548714\",\"contentUrl\":\"https:\/\/www.jeannedarc-figeac.fr\/college-lycee\/wp-content\/litespeed\/avatar\/5\/b7e8da60f53ba4adc9e9e66d91d84580.jpg?ver=1777548714\",\"caption\":\"le secr\u00e9tariat\"},\"url\":\"https:\/\/www.jeannedarc-figeac.fr\/college-lycee\/author\/arlette\/\"}]}<\/script>\n<!-- \/ Yoast SEO plugin. -->","yoast_head_json":{"title":"Les \u00e9l\u00e8ves de Jeanne d\u2019Arc courent pour ELA","description":"L'op\u00e9ration \u00ab Mets tes baskets et bats la maladie \u00e0 l'\u00e9cole \u00bb r\u00e9unit la communaut\u00e9 \u00e9ducative depuis 1994 autour d'un projet citoyen qui associe sant\u00e9,","robots":{"index":"index","follow":"follow","max-snippet":"max-snippet:-1","max-image-preview":"max-image-preview:large","max-video-preview":"max-video-preview:-1"},"canonical":"http:\/\/www.jeannedarc-figeac.fr\/college-lycee\/eleves-de-jeanne-darc-courent-ela\/","og_locale":"fr_FR","og_type":"article","og_title":"Les \u00e9l\u00e8ves de Jeanne d\u2019Arc courent pour ELA","og_description":"L'op\u00e9ration \u00ab Mets tes baskets et bats la maladie \u00e0 l'\u00e9cole \u00bb r\u00e9unit la communaut\u00e9 \u00e9ducative depuis 1994 autour d'un projet citoyen qui associe sant\u00e9,","og_url":"http:\/\/www.jeannedarc-figeac.fr\/college-lycee\/eleves-de-jeanne-darc-courent-ela\/","og_site_name":"Coll\u00e8ge et Lyc\u00e9e Jeanne d&#039;Arc","article_published_time":"2018-10-25T09:29:42+00:00","og_image":[{"url":"http:\/\/www.jeannedarc-figeac.fr\/college-lycee\/wp-content\/uploads\/sites\/5\/2018\/10\/20181012_150213-BIS-300x146.jpg","type":"","width":"","height":""}],"author":"le secr\u00e9tariat","schema":{"@context":"https:\/\/schema.org","@graph":[{"@type":"WebPage","@id":"http:\/\/www.jeannedarc-figeac.fr\/college-lycee\/eleves-de-jeanne-darc-courent-ela\/","url":"http:\/\/www.jeannedarc-figeac.fr\/college-lycee\/eleves-de-jeanne-darc-courent-ela\/","name":"Les \u00e9l\u00e8ves de Jeanne d\u2019Arc courent pour ELA","isPartOf":{"@id":"https:\/\/www.jeannedarc-figeac.fr\/college-lycee\/#website"},"primaryImageOfPage":{"@id":"http:\/\/www.jeannedarc-figeac.fr\/college-lycee\/eleves-de-jeanne-darc-courent-ela\/#primaryimage"},"image":{"@id":"http:\/\/www.jeannedarc-figeac.fr\/college-lycee\/eleves-de-jeanne-darc-courent-ela\/#primaryimage"},"thumbnailUrl":"http:\/\/www.jeannedarc-figeac.fr\/college-lycee\/wp-content\/uploads\/sites\/5\/2018\/10\/20181012_150213-BIS-300x146.jpg","datePublished":"2018-10-25T09:29:42+00:00","author":{"@id":"https:\/\/www.jeannedarc-figeac.fr\/college-lycee\/#\/schema\/person\/29e5764f28e895dc8bf41d4468f99154"},"description":"L'op\u00e9ration \u00ab Mets tes baskets et bats la maladie \u00e0 l'\u00e9cole \u00bb r\u00e9unit la communaut\u00e9 \u00e9ducative depuis 1994 autour d'un projet citoyen qui associe sant\u00e9,","breadcrumb":{"@id":"http:\/\/www.jeannedarc-figeac.fr\/college-lycee\/eleves-de-jeanne-darc-courent-ela\/#breadcrumb"},"inLanguage":"fr-FR","potentialAction":[{"@type":"ReadAction","target":["http:\/\/www.jeannedarc-figeac.fr\/college-lycee\/eleves-de-jeanne-darc-courent-ela\/"]}]},{"@type":"ImageObject","inLanguage":"fr-FR","@id":"http:\/\/www.jeannedarc-figeac.fr\/college-lycee\/eleves-de-jeanne-darc-courent-ela\/#primaryimage","url":"https:\/\/i0.wp.com\/www.jeannedarc-figeac.fr\/college-lycee\/wp-content\/uploads\/sites\/5\/2018\/10\/20181012_150213-BIS.jpg?fit=1600%2C778&ssl=1","contentUrl":"https:\/\/i0.wp.com\/www.jeannedarc-figeac.fr\/college-lycee\/wp-content\/uploads\/sites\/5\/2018\/10\/20181012_150213-BIS.jpg?fit=1600%2C778&ssl=1","width":1600,"height":778},{"@type":"BreadcrumbList","@id":"http:\/\/www.jeannedarc-figeac.fr\/college-lycee\/eleves-de-jeanne-darc-courent-ela\/#breadcrumb","itemListElement":[{"@type":"ListItem","position":1,"name":"Accueil","item":"https:\/\/www.jeannedarc-figeac.fr\/college-lycee\/"},{"@type":"ListItem","position":2,"name":"Actus","item":"http:\/\/www.jeannedarc-figeac.fr\/college-lycee\/cat\/actus\/"},{"@type":"ListItem","position":3,"name":"Les \u00e9l\u00e8ves de Jeanne d\u2019Arc courent pour ELA"}]},{"@type":"WebSite","@id":"https:\/\/www.jeannedarc-figeac.fr\/college-lycee\/#website","url":"https:\/\/www.jeannedarc-figeac.fr\/college-lycee\/","name":"Coll\u00e8ge et Lyc\u00e9e Jeanne d&#039;Arc","description":"Jeanne d&#039;Arc Figeac","potentialAction":[{"@type":"SearchAction","target":{"@type":"EntryPoint","urlTemplate":"https:\/\/www.jeannedarc-figeac.fr\/college-lycee\/?s={search_term_string}"},"query-input":{"@type":"PropertyValueSpecification","valueRequired":true,"valueName":"search_term_string"}}],"inLanguage":"fr-FR"},{"@type":"Person","@id":"https:\/\/www.jeannedarc-figeac.fr\/college-lycee\/#\/schema\/person\/29e5764f28e895dc8bf41d4468f99154","name":"le secr\u00e9tariat","image":{"@type":"ImageObject","inLanguage":"fr-FR","@id":"https:\/\/www.jeannedarc-figeac.fr\/college-lycee\/#\/schema\/person\/image\/","url":"https:\/\/www.jeannedarc-figeac.fr\/college-lycee\/wp-content\/litespeed\/avatar\/5\/b7e8da60f53ba4adc9e9e66d91d84580.jpg?ver=1777548714","contentUrl":"https:\/\/www.jeannedarc-figeac.fr\/college-lycee\/wp-content\/litespeed\/avatar\/5\/b7e8da60f53ba4adc9e9e66d91d84580.jpg?ver=1777548714","caption":"le secr\u00e9tariat"},"url":"https:\/\/www.jeannedarc-figeac.fr\/college-lycee\/author\/arlette\/"}]}},"jetpack_featured_media_url":"","jetpack_sharing_enabled":true,"jetpack_shortlink":"https:\/\/wp.me\/p5Qyb6-KC","_links":{"self":[{"href":"https:\/\/www.jeannedarc-figeac.fr\/college-lycee\/wp-json\/wp\/v2\/posts\/2890","targetHints":{"allow":["GET"]}}],"collection":[{"href":"https:\/\/www.jeannedarc-figeac.fr\/college-lycee\/wp-json\/wp\/v2\/posts"}],"about":[{"href":"https:\/\/www.jeannedarc-figeac.fr\/college-lycee\/wp-json\/wp\/v2\/types\/post"}],"author":[{"embeddable":true,"href":"https:\/\/www.jeannedarc-figeac.fr\/college-lycee\/wp-json\/wp\/v2\/users\/12"}],"replies":[{"embeddable":true,"href":"https:\/\/www.jeannedarc-figeac.fr\/college-lycee\/wp-json\/wp\/v2\/comments?post=2890"}],"version-history":[{"count":1,"href":"https:\/\/www.jeannedarc-figeac.fr\/college-lycee\/wp-json\/wp\/v2\/posts\/2890\/revisions"}],"predecessor-version":[{"id":2893,"href":"https:\/\/www.jeannedarc-figeac.fr\/college-lycee\/wp-json\/wp\/v2\/posts\/2890\/revisions\/2893"}],"wp:attachment":[{"href":"https:\/\/www.jeannedarc-figeac.fr\/college-lycee\/wp-json\/wp\/v2\/media?parent=2890"}],"wp:term":[{"taxonomy":"category","embeddable":true,"href":"https:\/\/www.jeannedarc-figeac.fr\/college-lycee\/wp-json\/wp\/v2\/categories?post=2890"},{"taxonomy":"post_tag","embeddable":true,"href":"https:\/\/www.jeannedarc-figeac.fr\/college-lycee\/wp-json\/wp\/v2\/tags?post=2890"}],"curies":[{"name":"wp","href":"https:\/\/api.w.org\/{rel}","templated":true}]}}