{"id":2886,"date":"2018-10-25T09:22:19","date_gmt":"2018-10-25T09:22:19","guid":{"rendered":"http:\/\/www.jeannedarc-figeac.fr\/college-lycee\/?p=2886"},"modified":"2018-10-25T09:22:19","modified_gmt":"2018-10-25T09:22:19","slug":"lamitie-franco-allemande-toujours-rendez","status":"publish","type":"post","link":"https:\/\/www.jeannedarc-figeac.fr\/college-lycee\/lamitie-franco-allemande-toujours-rendez\/","title":{"rendered":"L\u2019amiti\u00e9 franco allemande toujours au rendez-vous"},"content":{"rendered":"<p><a href=\"https:\/\/i0.wp.com\/www.jeannedarc-figeac.fr\/college-lycee\/wp-content\/uploads\/sites\/5\/2018\/10\/DSC01437-BIS.jpg\"><img data-recalc-dims=\"1\" loading=\"lazy\" decoding=\"async\" class=\"alignnone size-medium wp-image-2887\" src=\"https:\/\/i0.wp.com\/www.jeannedarc-figeac.fr\/college-lycee\/wp-content\/uploads\/sites\/5\/2018\/10\/DSC01437-BIS.jpg?resize=300%2C225\" alt=\"\" width=\"300\" height=\"225\" srcset=\"https:\/\/i0.wp.com\/www.jeannedarc-figeac.fr\/college-lycee\/wp-content\/uploads\/sites\/5\/2018\/10\/DSC01437-BIS.jpg?resize=300%2C225&amp;ssl=1 300w, https:\/\/i0.wp.com\/www.jeannedarc-figeac.fr\/college-lycee\/wp-content\/uploads\/sites\/5\/2018\/10\/DSC01437-BIS.jpg?resize=768%2C576&amp;ssl=1 768w, https:\/\/i0.wp.com\/www.jeannedarc-figeac.fr\/college-lycee\/wp-content\/uploads\/sites\/5\/2018\/10\/DSC01437-BIS.jpg?resize=1024%2C768&amp;ssl=1 1024w, https:\/\/i0.wp.com\/www.jeannedarc-figeac.fr\/college-lycee\/wp-content\/uploads\/sites\/5\/2018\/10\/DSC01437-BIS.jpg?resize=1080%2C810&amp;ssl=1 1080w, https:\/\/i0.wp.com\/www.jeannedarc-figeac.fr\/college-lycee\/wp-content\/uploads\/sites\/5\/2018\/10\/DSC01437-BIS.jpg?w=1600&amp;ssl=1 1600w\" sizes=\"(max-width: 300px) 100vw, 300px\" \/><\/a><a href=\"https:\/\/i0.wp.com\/www.jeannedarc-figeac.fr\/college-lycee\/wp-content\/uploads\/sites\/5\/2018\/10\/DSC01431-BIS.jpg\"><img data-recalc-dims=\"1\" loading=\"lazy\" decoding=\"async\" class=\"alignnone size-medium wp-image-2888\" src=\"https:\/\/i0.wp.com\/www.jeannedarc-figeac.fr\/college-lycee\/wp-content\/uploads\/sites\/5\/2018\/10\/DSC01431-BIS.jpg?resize=300%2C225\" alt=\"\" width=\"300\" height=\"225\" srcset=\"https:\/\/i0.wp.com\/www.jeannedarc-figeac.fr\/college-lycee\/wp-content\/uploads\/sites\/5\/2018\/10\/DSC01431-BIS.jpg?resize=300%2C225&amp;ssl=1 300w, https:\/\/i0.wp.com\/www.jeannedarc-figeac.fr\/college-lycee\/wp-content\/uploads\/sites\/5\/2018\/10\/DSC01431-BIS.jpg?resize=768%2C576&amp;ssl=1 768w, https:\/\/i0.wp.com\/www.jeannedarc-figeac.fr\/college-lycee\/wp-content\/uploads\/sites\/5\/2018\/10\/DSC01431-BIS.jpg?resize=1024%2C768&amp;ssl=1 1024w, https:\/\/i0.wp.com\/www.jeannedarc-figeac.fr\/college-lycee\/wp-content\/uploads\/sites\/5\/2018\/10\/DSC01431-BIS.jpg?resize=1080%2C810&amp;ssl=1 1080w, https:\/\/i0.wp.com\/www.jeannedarc-figeac.fr\/college-lycee\/wp-content\/uploads\/sites\/5\/2018\/10\/DSC01431-BIS.jpg?w=1600&amp;ssl=1 1600w\" sizes=\"(max-width: 300px) 100vw, 300px\" \/><\/a><\/p>\n<p><span style=\"color: #ff0000\"><strong>Jeudi 4 octobre, devant notre \u00e9tablissement, les \u00e9l\u00e8ves germanistes de Jeanne d\u2019Arc attendaient avec impatience l\u2019arriv\u00e9e les \u00e9l\u00e8ves allemands de la Marienschule. L\u2019excitation \u00e9tait palpable\u00a0!<\/strong><\/span><\/p>\n<p><span style=\"color: #ff0000\"><strong>Il s\u2019agissait pour certains d\u2019une nouvelle exp\u00e9rience, et pour d\u2019autres de retrouvailles apr\u00e8s le s\u00e9jour de l\u2019an pass\u00e9 \u00e0 Bielefeld.<\/strong><\/span><\/p>\n<p><span style=\"color: #ff0000\"><strong>Apr\u00e8s une premi\u00e8re soir\u00e9e en famille d\u2019accueil, les \u00e9l\u00e8ves allemands ont tr\u00e8s rapidement pris leurs marques \u00e0 Jeanne d\u2019Arc gr\u00e2ce \u00e0 une visite des lieux anim\u00e9e par Laurent Carri\u00e8re. Ils ont ensuite poursuivi leur matin\u00e9e en cours puis dans les salles informatiques pour travailler sur le projet franco-allemand, qui mettait, cette ann\u00e9e, nos deux pays et leurs territoires \u00e0 l\u2019honneur.<\/strong><\/span><\/p>\n<p><span style=\"color: #ff0000\"><strong>Les diff\u00e9rentes sorties au programme et l\u2019implication des familles d\u2019accueil au cours du week-end ont permis aux jeunes Allemands de d\u00e9couvrir de nombreuses facettes de notre belle r\u00e9gion. L\u2019excursion franco-allemande \u00e0 Albi a<\/strong> <strong>\u00e9t\u00e9 \u00e9galement l\u2019occasion pour nos \u00e9l\u00e8ves de suivre un circuit-d\u00e9couverte tr\u00e8s instructif sur la riche histoire de la pr\u00e9fecture du Tarn.<\/strong><\/span><\/p>\n<p><span style=\"color: #ff0000\"><strong>Forts de toutes ces exp\u00e9riences, les tandems franco-allemands ont anim\u00e9 la soir\u00e9e de mercredi avec brio.<\/strong><\/span><\/p>\n<p><span style=\"color: #ff0000\"><strong>Comme \u00e0 chaque rencontre, de nombreux liens entre Allemands et Fran\u00e7ais se sont tiss\u00e9s et jeudi 11 octobre, au moment du d\u00e9part, beaucoup \u00e9taient tristes de devoir quitter leurs amis.<\/strong><\/span><\/p>\n<p><span style=\"color: #ff0000\"><strong>L\u2019amiti\u00e9 franco-allemande a de beaux jours devant elle. Rendez-vous est pris pour une nouvelle rencontre l\u2019an prochain \u00e0 Bielefeld.<\/strong><\/span><\/p>\n<p>&nbsp;<\/p>\n<p>&nbsp;<\/p>\n","protected":false},"excerpt":{"rendered":"<p>Jeudi 4 octobre, devant notre \u00e9tablissement, les \u00e9l\u00e8ves germanistes de Jeanne d\u2019Arc attendaient avec impatience l\u2019arriv\u00e9e les \u00e9l\u00e8ves allemands de la Marienschule. L\u2019excitation \u00e9tait palpable\u00a0! Il s\u2019agissait pour certains d\u2019une nouvelle exp\u00e9rience, et pour d\u2019autres de retrouvailles apr\u00e8s le s\u00e9jour de l\u2019an pass\u00e9 \u00e0 Bielefeld. Apr\u00e8s une premi\u00e8re soir\u00e9e en famille d\u2019accueil, les \u00e9l\u00e8ves allemands [&hellip;]<\/p>\n","protected":false},"author":12,"featured_media":0,"comment_status":"closed","ping_status":"open","sticky":false,"template":"","format":"standard","meta":{"_et_pb_use_builder":"","_et_pb_old_content":"","_et_gb_content_width":"","_jetpack_newsletter_access":"","_jetpack_dont_email_post_to_subs":false,"_jetpack_newsletter_tier_id":0,"_jetpack_memberships_contains_paywalled_content":false,"iawp_total_views":0,"_jetpack_memberships_contains_paid_content":false,"footnotes":""},"categories":[28],"tags":[],"class_list":["post-2886","post","type-post","status-publish","format-standard","hentry","category-actus"],"yoast_head":"<!-- This site is optimized with the Yoast SEO plugin v26.0 - https:\/\/yoast.com\/wordpress\/plugins\/seo\/ -->\n<title>L\u2019amiti\u00e9 franco allemande toujours au rendez-vous<\/title>\n<meta name=\"description\" content=\"Jeudi 4 octobre, devant notre \u00e9tablissement, les \u00e9l\u00e8ves germanistes de Jeanne d\u2019Arc attendaient avec impatience l\u2019arriv\u00e9e les \u00e9l\u00e8ves allemands de la\" \/>\n<meta name=\"robots\" content=\"index, follow, max-snippet:-1, max-image-preview:large, max-video-preview:-1\" \/>\n<link rel=\"canonical\" href=\"http:\/\/www.jeannedarc-figeac.fr\/college-lycee\/lamitie-franco-allemande-toujours-rendez\/\" \/>\n<meta property=\"og:locale\" content=\"fr_FR\" \/>\n<meta property=\"og:type\" content=\"article\" \/>\n<meta property=\"og:title\" content=\"L\u2019amiti\u00e9 franco allemande toujours au rendez-vous\" \/>\n<meta property=\"og:description\" content=\"Jeudi 4 octobre, devant notre \u00e9tablissement, les \u00e9l\u00e8ves germanistes de Jeanne d\u2019Arc attendaient avec impatience l\u2019arriv\u00e9e les \u00e9l\u00e8ves allemands de la\" \/>\n<meta property=\"og:url\" content=\"http:\/\/www.jeannedarc-figeac.fr\/college-lycee\/lamitie-franco-allemande-toujours-rendez\/\" \/>\n<meta property=\"og:site_name\" content=\"Coll\u00e8ge et Lyc\u00e9e Jeanne d&#039;Arc\" \/>\n<meta property=\"article:published_time\" content=\"2018-10-25T09:22:19+00:00\" \/>\n<meta property=\"og:image\" content=\"http:\/\/www.jeannedarc-figeac.fr\/college-lycee\/wp-content\/uploads\/sites\/5\/2018\/10\/DSC01437-BIS-300x225.jpg\" \/>\n<meta name=\"author\" content=\"le secr\u00e9tariat\" \/>\n<script type=\"application\/ld+json\" class=\"yoast-schema-graph\">{\"@context\":\"https:\/\/schema.org\",\"@graph\":[{\"@type\":\"WebPage\",\"@id\":\"http:\/\/www.jeannedarc-figeac.fr\/college-lycee\/lamitie-franco-allemande-toujours-rendez\/\",\"url\":\"http:\/\/www.jeannedarc-figeac.fr\/college-lycee\/lamitie-franco-allemande-toujours-rendez\/\",\"name\":\"L\u2019amiti\u00e9 franco allemande toujours au rendez-vous\",\"isPartOf\":{\"@id\":\"https:\/\/www.jeannedarc-figeac.fr\/college-lycee\/#website\"},\"primaryImageOfPage\":{\"@id\":\"http:\/\/www.jeannedarc-figeac.fr\/college-lycee\/lamitie-franco-allemande-toujours-rendez\/#primaryimage\"},\"image\":{\"@id\":\"http:\/\/www.jeannedarc-figeac.fr\/college-lycee\/lamitie-franco-allemande-toujours-rendez\/#primaryimage\"},\"thumbnailUrl\":\"http:\/\/www.jeannedarc-figeac.fr\/college-lycee\/wp-content\/uploads\/sites\/5\/2018\/10\/DSC01437-BIS-300x225.jpg\",\"datePublished\":\"2018-10-25T09:22:19+00:00\",\"author\":{\"@id\":\"https:\/\/www.jeannedarc-figeac.fr\/college-lycee\/#\/schema\/person\/29e5764f28e895dc8bf41d4468f99154\"},\"description\":\"Jeudi 4 octobre, devant notre \u00e9tablissement, les \u00e9l\u00e8ves germanistes de Jeanne d\u2019Arc attendaient avec impatience l\u2019arriv\u00e9e les \u00e9l\u00e8ves allemands de la\",\"breadcrumb\":{\"@id\":\"http:\/\/www.jeannedarc-figeac.fr\/college-lycee\/lamitie-franco-allemande-toujours-rendez\/#breadcrumb\"},\"inLanguage\":\"fr-FR\",\"potentialAction\":[{\"@type\":\"ReadAction\",\"target\":[\"http:\/\/www.jeannedarc-figeac.fr\/college-lycee\/lamitie-franco-allemande-toujours-rendez\/\"]}]},{\"@type\":\"ImageObject\",\"inLanguage\":\"fr-FR\",\"@id\":\"http:\/\/www.jeannedarc-figeac.fr\/college-lycee\/lamitie-franco-allemande-toujours-rendez\/#primaryimage\",\"url\":\"https:\/\/i0.wp.com\/www.jeannedarc-figeac.fr\/college-lycee\/wp-content\/uploads\/sites\/5\/2018\/10\/DSC01437-BIS.jpg?fit=1600%2C1200&ssl=1\",\"contentUrl\":\"https:\/\/i0.wp.com\/www.jeannedarc-figeac.fr\/college-lycee\/wp-content\/uploads\/sites\/5\/2018\/10\/DSC01437-BIS.jpg?fit=1600%2C1200&ssl=1\",\"width\":1600,\"height\":1200},{\"@type\":\"BreadcrumbList\",\"@id\":\"http:\/\/www.jeannedarc-figeac.fr\/college-lycee\/lamitie-franco-allemande-toujours-rendez\/#breadcrumb\",\"itemListElement\":[{\"@type\":\"ListItem\",\"position\":1,\"name\":\"Accueil\",\"item\":\"https:\/\/www.jeannedarc-figeac.fr\/college-lycee\/\"},{\"@type\":\"ListItem\",\"position\":2,\"name\":\"Actus\",\"item\":\"http:\/\/www.jeannedarc-figeac.fr\/college-lycee\/cat\/actus\/\"},{\"@type\":\"ListItem\",\"position\":3,\"name\":\"L\u2019amiti\u00e9 franco allemande toujours au rendez-vous\"}]},{\"@type\":\"WebSite\",\"@id\":\"https:\/\/www.jeannedarc-figeac.fr\/college-lycee\/#website\",\"url\":\"https:\/\/www.jeannedarc-figeac.fr\/college-lycee\/\",\"name\":\"Coll\u00e8ge et Lyc\u00e9e Jeanne d&#039;Arc\",\"description\":\"Jeanne d&#039;Arc Figeac\",\"potentialAction\":[{\"@type\":\"SearchAction\",\"target\":{\"@type\":\"EntryPoint\",\"urlTemplate\":\"https:\/\/www.jeannedarc-figeac.fr\/college-lycee\/?s={search_term_string}\"},\"query-input\":{\"@type\":\"PropertyValueSpecification\",\"valueRequired\":true,\"valueName\":\"search_term_string\"}}],\"inLanguage\":\"fr-FR\"},{\"@type\":\"Person\",\"@id\":\"https:\/\/www.jeannedarc-figeac.fr\/college-lycee\/#\/schema\/person\/29e5764f28e895dc8bf41d4468f99154\",\"name\":\"le secr\u00e9tariat\",\"image\":{\"@type\":\"ImageObject\",\"inLanguage\":\"fr-FR\",\"@id\":\"https:\/\/www.jeannedarc-figeac.fr\/college-lycee\/#\/schema\/person\/image\/\",\"url\":\"https:\/\/www.jeannedarc-figeac.fr\/college-lycee\/wp-content\/litespeed\/avatar\/5\/b7e8da60f53ba4adc9e9e66d91d84580.jpg?ver=1777548714\",\"contentUrl\":\"https:\/\/www.jeannedarc-figeac.fr\/college-lycee\/wp-content\/litespeed\/avatar\/5\/b7e8da60f53ba4adc9e9e66d91d84580.jpg?ver=1777548714\",\"caption\":\"le secr\u00e9tariat\"},\"url\":\"https:\/\/www.jeannedarc-figeac.fr\/college-lycee\/author\/arlette\/\"}]}<\/script>\n<!-- \/ Yoast SEO plugin. -->","yoast_head_json":{"title":"L\u2019amiti\u00e9 franco allemande toujours au rendez-vous","description":"Jeudi 4 octobre, devant notre \u00e9tablissement, les \u00e9l\u00e8ves germanistes de Jeanne d\u2019Arc attendaient avec impatience l\u2019arriv\u00e9e les \u00e9l\u00e8ves allemands de la","robots":{"index":"index","follow":"follow","max-snippet":"max-snippet:-1","max-image-preview":"max-image-preview:large","max-video-preview":"max-video-preview:-1"},"canonical":"http:\/\/www.jeannedarc-figeac.fr\/college-lycee\/lamitie-franco-allemande-toujours-rendez\/","og_locale":"fr_FR","og_type":"article","og_title":"L\u2019amiti\u00e9 franco allemande toujours au rendez-vous","og_description":"Jeudi 4 octobre, devant notre \u00e9tablissement, les \u00e9l\u00e8ves germanistes de Jeanne d\u2019Arc attendaient avec impatience l\u2019arriv\u00e9e les \u00e9l\u00e8ves allemands de la","og_url":"http:\/\/www.jeannedarc-figeac.fr\/college-lycee\/lamitie-franco-allemande-toujours-rendez\/","og_site_name":"Coll\u00e8ge et Lyc\u00e9e Jeanne d&#039;Arc","article_published_time":"2018-10-25T09:22:19+00:00","og_image":[{"url":"http:\/\/www.jeannedarc-figeac.fr\/college-lycee\/wp-content\/uploads\/sites\/5\/2018\/10\/DSC01437-BIS-300x225.jpg","type":"","width":"","height":""}],"author":"le secr\u00e9tariat","schema":{"@context":"https:\/\/schema.org","@graph":[{"@type":"WebPage","@id":"http:\/\/www.jeannedarc-figeac.fr\/college-lycee\/lamitie-franco-allemande-toujours-rendez\/","url":"http:\/\/www.jeannedarc-figeac.fr\/college-lycee\/lamitie-franco-allemande-toujours-rendez\/","name":"L\u2019amiti\u00e9 franco allemande toujours au rendez-vous","isPartOf":{"@id":"https:\/\/www.jeannedarc-figeac.fr\/college-lycee\/#website"},"primaryImageOfPage":{"@id":"http:\/\/www.jeannedarc-figeac.fr\/college-lycee\/lamitie-franco-allemande-toujours-rendez\/#primaryimage"},"image":{"@id":"http:\/\/www.jeannedarc-figeac.fr\/college-lycee\/lamitie-franco-allemande-toujours-rendez\/#primaryimage"},"thumbnailUrl":"http:\/\/www.jeannedarc-figeac.fr\/college-lycee\/wp-content\/uploads\/sites\/5\/2018\/10\/DSC01437-BIS-300x225.jpg","datePublished":"2018-10-25T09:22:19+00:00","author":{"@id":"https:\/\/www.jeannedarc-figeac.fr\/college-lycee\/#\/schema\/person\/29e5764f28e895dc8bf41d4468f99154"},"description":"Jeudi 4 octobre, devant notre \u00e9tablissement, les \u00e9l\u00e8ves germanistes de Jeanne d\u2019Arc attendaient avec impatience l\u2019arriv\u00e9e les \u00e9l\u00e8ves allemands de la","breadcrumb":{"@id":"http:\/\/www.jeannedarc-figeac.fr\/college-lycee\/lamitie-franco-allemande-toujours-rendez\/#breadcrumb"},"inLanguage":"fr-FR","potentialAction":[{"@type":"ReadAction","target":["http:\/\/www.jeannedarc-figeac.fr\/college-lycee\/lamitie-franco-allemande-toujours-rendez\/"]}]},{"@type":"ImageObject","inLanguage":"fr-FR","@id":"http:\/\/www.jeannedarc-figeac.fr\/college-lycee\/lamitie-franco-allemande-toujours-rendez\/#primaryimage","url":"https:\/\/i0.wp.com\/www.jeannedarc-figeac.fr\/college-lycee\/wp-content\/uploads\/sites\/5\/2018\/10\/DSC01437-BIS.jpg?fit=1600%2C1200&ssl=1","contentUrl":"https:\/\/i0.wp.com\/www.jeannedarc-figeac.fr\/college-lycee\/wp-content\/uploads\/sites\/5\/2018\/10\/DSC01437-BIS.jpg?fit=1600%2C1200&ssl=1","width":1600,"height":1200},{"@type":"BreadcrumbList","@id":"http:\/\/www.jeannedarc-figeac.fr\/college-lycee\/lamitie-franco-allemande-toujours-rendez\/#breadcrumb","itemListElement":[{"@type":"ListItem","position":1,"name":"Accueil","item":"https:\/\/www.jeannedarc-figeac.fr\/college-lycee\/"},{"@type":"ListItem","position":2,"name":"Actus","item":"http:\/\/www.jeannedarc-figeac.fr\/college-lycee\/cat\/actus\/"},{"@type":"ListItem","position":3,"name":"L\u2019amiti\u00e9 franco allemande toujours au rendez-vous"}]},{"@type":"WebSite","@id":"https:\/\/www.jeannedarc-figeac.fr\/college-lycee\/#website","url":"https:\/\/www.jeannedarc-figeac.fr\/college-lycee\/","name":"Coll\u00e8ge et Lyc\u00e9e Jeanne d&#039;Arc","description":"Jeanne d&#039;Arc Figeac","potentialAction":[{"@type":"SearchAction","target":{"@type":"EntryPoint","urlTemplate":"https:\/\/www.jeannedarc-figeac.fr\/college-lycee\/?s={search_term_string}"},"query-input":{"@type":"PropertyValueSpecification","valueRequired":true,"valueName":"search_term_string"}}],"inLanguage":"fr-FR"},{"@type":"Person","@id":"https:\/\/www.jeannedarc-figeac.fr\/college-lycee\/#\/schema\/person\/29e5764f28e895dc8bf41d4468f99154","name":"le secr\u00e9tariat","image":{"@type":"ImageObject","inLanguage":"fr-FR","@id":"https:\/\/www.jeannedarc-figeac.fr\/college-lycee\/#\/schema\/person\/image\/","url":"https:\/\/www.jeannedarc-figeac.fr\/college-lycee\/wp-content\/litespeed\/avatar\/5\/b7e8da60f53ba4adc9e9e66d91d84580.jpg?ver=1777548714","contentUrl":"https:\/\/www.jeannedarc-figeac.fr\/college-lycee\/wp-content\/litespeed\/avatar\/5\/b7e8da60f53ba4adc9e9e66d91d84580.jpg?ver=1777548714","caption":"le secr\u00e9tariat"},"url":"https:\/\/www.jeannedarc-figeac.fr\/college-lycee\/author\/arlette\/"}]}},"jetpack_featured_media_url":"","jetpack_sharing_enabled":true,"jetpack_shortlink":"https:\/\/wp.me\/p5Qyb6-Ky","_links":{"self":[{"href":"https:\/\/www.jeannedarc-figeac.fr\/college-lycee\/wp-json\/wp\/v2\/posts\/2886","targetHints":{"allow":["GET"]}}],"collection":[{"href":"https:\/\/www.jeannedarc-figeac.fr\/college-lycee\/wp-json\/wp\/v2\/posts"}],"about":[{"href":"https:\/\/www.jeannedarc-figeac.fr\/college-lycee\/wp-json\/wp\/v2\/types\/post"}],"author":[{"embeddable":true,"href":"https:\/\/www.jeannedarc-figeac.fr\/college-lycee\/wp-json\/wp\/v2\/users\/12"}],"replies":[{"embeddable":true,"href":"https:\/\/www.jeannedarc-figeac.fr\/college-lycee\/wp-json\/wp\/v2\/comments?post=2886"}],"version-history":[{"count":1,"href":"https:\/\/www.jeannedarc-figeac.fr\/college-lycee\/wp-json\/wp\/v2\/posts\/2886\/revisions"}],"predecessor-version":[{"id":2889,"href":"https:\/\/www.jeannedarc-figeac.fr\/college-lycee\/wp-json\/wp\/v2\/posts\/2886\/revisions\/2889"}],"wp:attachment":[{"href":"https:\/\/www.jeannedarc-figeac.fr\/college-lycee\/wp-json\/wp\/v2\/media?parent=2886"}],"wp:term":[{"taxonomy":"category","embeddable":true,"href":"https:\/\/www.jeannedarc-figeac.fr\/college-lycee\/wp-json\/wp\/v2\/categories?post=2886"},{"taxonomy":"post_tag","embeddable":true,"href":"https:\/\/www.jeannedarc-figeac.fr\/college-lycee\/wp-json\/wp\/v2\/tags?post=2886"}],"curies":[{"name":"wp","href":"https:\/\/api.w.org\/{rel}","templated":true}]}}