{"id":2878,"date":"2018-10-15T14:33:41","date_gmt":"2018-10-15T14:33:41","guid":{"rendered":"http:\/\/www.jeannedarc-figeac.fr\/college-lycee\/?p=2878"},"modified":"2018-10-15T14:33:41","modified_gmt":"2018-10-15T14:33:41","slug":"operation-nettoyons-nature-eleves-college-jeanne-darc","status":"publish","type":"post","link":"https:\/\/www.jeannedarc-figeac.fr\/college-lycee\/operation-nettoyons-nature-eleves-college-jeanne-darc\/","title":{"rendered":"OPERATION \u00ab NETTOYONS LA NATURE \u00bb POUR LES ELEVES DU COLLEGE JEANNE D\u2019ARC"},"content":{"rendered":"<p><a href=\"https:\/\/i0.wp.com\/www.jeannedarc-figeac.fr\/college-lycee\/wp-content\/uploads\/sites\/5\/2018\/10\/nettoyons-bis.jpg\"><img data-recalc-dims=\"1\" loading=\"lazy\" decoding=\"async\" class=\"alignnone size-medium wp-image-2879\" src=\"https:\/\/i0.wp.com\/www.jeannedarc-figeac.fr\/college-lycee\/wp-content\/uploads\/sites\/5\/2018\/10\/nettoyons-bis.jpg?resize=300%2C225\" alt=\"\" width=\"300\" height=\"225\" srcset=\"https:\/\/i0.wp.com\/www.jeannedarc-figeac.fr\/college-lycee\/wp-content\/uploads\/sites\/5\/2018\/10\/nettoyons-bis.jpg?resize=300%2C225&amp;ssl=1 300w, https:\/\/i0.wp.com\/www.jeannedarc-figeac.fr\/college-lycee\/wp-content\/uploads\/sites\/5\/2018\/10\/nettoyons-bis.jpg?resize=768%2C576&amp;ssl=1 768w, https:\/\/i0.wp.com\/www.jeannedarc-figeac.fr\/college-lycee\/wp-content\/uploads\/sites\/5\/2018\/10\/nettoyons-bis.jpg?resize=1024%2C768&amp;ssl=1 1024w, https:\/\/i0.wp.com\/www.jeannedarc-figeac.fr\/college-lycee\/wp-content\/uploads\/sites\/5\/2018\/10\/nettoyons-bis.jpg?resize=1080%2C810&amp;ssl=1 1080w, https:\/\/i0.wp.com\/www.jeannedarc-figeac.fr\/college-lycee\/wp-content\/uploads\/sites\/5\/2018\/10\/nettoyons-bis.jpg?w=1600&amp;ssl=1 1600w\" sizes=\"(max-width: 300px) 100vw, 300px\" \/><\/a><\/p>\n<p><span style=\"color: #33cccc\"><strong>Le vendredi 28 septembre 2018, durant la pause m\u00e9ridienne, des \u00e9l\u00e8ves et personnels du Coll\u00e8ge Jeanne d\u2019arc ont r\u00e9pondu pr\u00e9sent \u00e0 l\u2019appel lanc\u00e9 par le CVC (Conseil de Vie Coll\u00e9gienne)\u00a0: \u00ab\u00a0Nettoyons la nature\u00a0\u00bb. Propos\u00e9e par l\u2019enseigne E.Leclerc, qui a fourni tout le mat\u00e9riel pour r\u00e9aliser \u00ab\u00a0la qu\u00eate aux d\u00e9chets\u00a0\u00bb dans de bonnes conditions d\u2019hygi\u00e8ne et de s\u00e9curit\u00e9, les coll\u00e9giens, arm\u00e9s de gants, d\u2019un gilet de protection et de sacs (un vert pour les d\u00e9chets recyclables, un noir pour les non-recyclables) ont long\u00e9 les abords de l\u2019\u00e9tablissement pour faire la chasse aux d\u00e9tritus. Cette op\u00e9ration environnementale inscrit l\u2019\u00e9tablissement dans une d\u00e9marche plus globale. En effet l\u2019\u00e9tablissement priv\u00e9 a fait le choix d\u2019int\u00e9grer le d\u00e9veloppement durable \u00e0 son projet p\u00e9dagogique en vue d\u2019obtenir le label \u00e9co-\u00e9cole. Une premi\u00e8re action qui a permis, de sensibiliser les coll\u00e9giens \u00e0 la protection de l\u2019environnement et au tri des d\u00e9chets. Action \u00e0 renouveler\u2026<\/strong><\/span><\/p>\n","protected":false},"excerpt":{"rendered":"<p>Le vendredi 28 septembre 2018, durant la pause m\u00e9ridienne, des \u00e9l\u00e8ves et personnels du Coll\u00e8ge Jeanne d\u2019arc ont r\u00e9pondu pr\u00e9sent \u00e0 l\u2019appel lanc\u00e9 par le CVC (Conseil de Vie Coll\u00e9gienne)\u00a0: \u00ab\u00a0Nettoyons la nature\u00a0\u00bb. Propos\u00e9e par l\u2019enseigne E.Leclerc, qui a fourni tout le mat\u00e9riel pour r\u00e9aliser \u00ab\u00a0la qu\u00eate aux d\u00e9chets\u00a0\u00bb dans de bonnes conditions d\u2019hygi\u00e8ne et [&hellip;]<\/p>\n","protected":false},"author":12,"featured_media":0,"comment_status":"closed","ping_status":"open","sticky":false,"template":"","format":"standard","meta":{"_et_pb_use_builder":"","_et_pb_old_content":"","_et_gb_content_width":"","_jetpack_newsletter_access":"","_jetpack_dont_email_post_to_subs":false,"_jetpack_newsletter_tier_id":0,"_jetpack_memberships_contains_paywalled_content":false,"iawp_total_views":0,"_jetpack_memberships_contains_paid_content":false,"footnotes":""},"categories":[28],"tags":[],"class_list":["post-2878","post","type-post","status-publish","format-standard","hentry","category-actus"],"yoast_head":"<!-- This site is optimized with the Yoast SEO plugin v26.0 - https:\/\/yoast.com\/wordpress\/plugins\/seo\/ -->\n<title>OPERATION \u00ab NETTOYONS LA NATURE \u00bb POUR LES ELEVES DU COLLEGE JEANNE D\u2019ARC<\/title>\n<meta name=\"description\" content=\"Le vendredi 28 septembre 2018, durant la pause m\u00e9ridienne, des \u00e9l\u00e8ves et personnels du Coll\u00e8ge Jeanne d\u2019arc ont r\u00e9pondu pr\u00e9sent \u00e0 l\u2019appel lanc\u00e9 par le CVC\" \/>\n<meta name=\"robots\" content=\"index, follow, max-snippet:-1, max-image-preview:large, max-video-preview:-1\" \/>\n<link rel=\"canonical\" href=\"https:\/\/www.jeannedarc-figeac.fr\/college-lycee\/operation-nettoyons-nature-eleves-college-jeanne-darc\/\" \/>\n<meta property=\"og:locale\" content=\"fr_FR\" \/>\n<meta property=\"og:type\" content=\"article\" \/>\n<meta property=\"og:title\" content=\"OPERATION \u00ab NETTOYONS LA NATURE \u00bb POUR LES ELEVES DU COLLEGE JEANNE D\u2019ARC\" \/>\n<meta property=\"og:description\" content=\"Le vendredi 28 septembre 2018, durant la pause m\u00e9ridienne, des \u00e9l\u00e8ves et personnels du Coll\u00e8ge Jeanne d\u2019arc ont r\u00e9pondu pr\u00e9sent \u00e0 l\u2019appel lanc\u00e9 par le CVC\" \/>\n<meta property=\"og:url\" content=\"https:\/\/www.jeannedarc-figeac.fr\/college-lycee\/operation-nettoyons-nature-eleves-college-jeanne-darc\/\" \/>\n<meta property=\"og:site_name\" content=\"Coll\u00e8ge et Lyc\u00e9e Jeanne d&#039;Arc\" \/>\n<meta property=\"article:published_time\" content=\"2018-10-15T14:33:41+00:00\" \/>\n<meta property=\"og:image\" content=\"http:\/\/www.jeannedarc-figeac.fr\/college-lycee\/wp-content\/uploads\/sites\/5\/2018\/10\/nettoyons-bis-300x225.jpg\" \/>\n<meta name=\"author\" content=\"le secr\u00e9tariat\" \/>\n<script type=\"application\/ld+json\" class=\"yoast-schema-graph\">{\"@context\":\"https:\/\/schema.org\",\"@graph\":[{\"@type\":\"WebPage\",\"@id\":\"https:\/\/www.jeannedarc-figeac.fr\/college-lycee\/operation-nettoyons-nature-eleves-college-jeanne-darc\/\",\"url\":\"https:\/\/www.jeannedarc-figeac.fr\/college-lycee\/operation-nettoyons-nature-eleves-college-jeanne-darc\/\",\"name\":\"OPERATION \u00ab NETTOYONS LA NATURE \u00bb POUR LES ELEVES DU COLLEGE JEANNE D\u2019ARC\",\"isPartOf\":{\"@id\":\"https:\/\/www.jeannedarc-figeac.fr\/college-lycee\/#website\"},\"primaryImageOfPage\":{\"@id\":\"https:\/\/www.jeannedarc-figeac.fr\/college-lycee\/operation-nettoyons-nature-eleves-college-jeanne-darc\/#primaryimage\"},\"image\":{\"@id\":\"https:\/\/www.jeannedarc-figeac.fr\/college-lycee\/operation-nettoyons-nature-eleves-college-jeanne-darc\/#primaryimage\"},\"thumbnailUrl\":\"http:\/\/www.jeannedarc-figeac.fr\/college-lycee\/wp-content\/uploads\/sites\/5\/2018\/10\/nettoyons-bis-300x225.jpg\",\"datePublished\":\"2018-10-15T14:33:41+00:00\",\"author\":{\"@id\":\"https:\/\/www.jeannedarc-figeac.fr\/college-lycee\/#\/schema\/person\/29e5764f28e895dc8bf41d4468f99154\"},\"description\":\"Le vendredi 28 septembre 2018, durant la pause m\u00e9ridienne, des \u00e9l\u00e8ves et personnels du Coll\u00e8ge Jeanne d\u2019arc ont r\u00e9pondu pr\u00e9sent \u00e0 l\u2019appel lanc\u00e9 par le CVC\",\"breadcrumb\":{\"@id\":\"https:\/\/www.jeannedarc-figeac.fr\/college-lycee\/operation-nettoyons-nature-eleves-college-jeanne-darc\/#breadcrumb\"},\"inLanguage\":\"fr-FR\",\"potentialAction\":[{\"@type\":\"ReadAction\",\"target\":[\"https:\/\/www.jeannedarc-figeac.fr\/college-lycee\/operation-nettoyons-nature-eleves-college-jeanne-darc\/\"]}]},{\"@type\":\"ImageObject\",\"inLanguage\":\"fr-FR\",\"@id\":\"https:\/\/www.jeannedarc-figeac.fr\/college-lycee\/operation-nettoyons-nature-eleves-college-jeanne-darc\/#primaryimage\",\"url\":\"https:\/\/i0.wp.com\/www.jeannedarc-figeac.fr\/college-lycee\/wp-content\/uploads\/sites\/5\/2018\/10\/nettoyons-bis.jpg?fit=1600%2C1200&ssl=1\",\"contentUrl\":\"https:\/\/i0.wp.com\/www.jeannedarc-figeac.fr\/college-lycee\/wp-content\/uploads\/sites\/5\/2018\/10\/nettoyons-bis.jpg?fit=1600%2C1200&ssl=1\",\"width\":1600,\"height\":1200},{\"@type\":\"BreadcrumbList\",\"@id\":\"https:\/\/www.jeannedarc-figeac.fr\/college-lycee\/operation-nettoyons-nature-eleves-college-jeanne-darc\/#breadcrumb\",\"itemListElement\":[{\"@type\":\"ListItem\",\"position\":1,\"name\":\"Accueil\",\"item\":\"https:\/\/www.jeannedarc-figeac.fr\/college-lycee\/\"},{\"@type\":\"ListItem\",\"position\":2,\"name\":\"Actus\",\"item\":\"http:\/\/www.jeannedarc-figeac.fr\/college-lycee\/cat\/actus\/\"},{\"@type\":\"ListItem\",\"position\":3,\"name\":\"OPERATION \u00ab NETTOYONS LA NATURE \u00bb POUR LES ELEVES DU COLLEGE JEANNE D\u2019ARC\"}]},{\"@type\":\"WebSite\",\"@id\":\"https:\/\/www.jeannedarc-figeac.fr\/college-lycee\/#website\",\"url\":\"https:\/\/www.jeannedarc-figeac.fr\/college-lycee\/\",\"name\":\"Coll\u00e8ge et Lyc\u00e9e Jeanne d&#039;Arc\",\"description\":\"Jeanne d&#039;Arc Figeac\",\"potentialAction\":[{\"@type\":\"SearchAction\",\"target\":{\"@type\":\"EntryPoint\",\"urlTemplate\":\"https:\/\/www.jeannedarc-figeac.fr\/college-lycee\/?s={search_term_string}\"},\"query-input\":{\"@type\":\"PropertyValueSpecification\",\"valueRequired\":true,\"valueName\":\"search_term_string\"}}],\"inLanguage\":\"fr-FR\"},{\"@type\":\"Person\",\"@id\":\"https:\/\/www.jeannedarc-figeac.fr\/college-lycee\/#\/schema\/person\/29e5764f28e895dc8bf41d4468f99154\",\"name\":\"le secr\u00e9tariat\",\"image\":{\"@type\":\"ImageObject\",\"inLanguage\":\"fr-FR\",\"@id\":\"https:\/\/www.jeannedarc-figeac.fr\/college-lycee\/#\/schema\/person\/image\/\",\"url\":\"https:\/\/www.jeannedarc-figeac.fr\/college-lycee\/wp-content\/litespeed\/avatar\/5\/b7e8da60f53ba4adc9e9e66d91d84580.jpg?ver=1776943645\",\"contentUrl\":\"https:\/\/www.jeannedarc-figeac.fr\/college-lycee\/wp-content\/litespeed\/avatar\/5\/b7e8da60f53ba4adc9e9e66d91d84580.jpg?ver=1776943645\",\"caption\":\"le secr\u00e9tariat\"},\"url\":\"https:\/\/www.jeannedarc-figeac.fr\/college-lycee\/author\/arlette\/\"}]}<\/script>\n<!-- \/ Yoast SEO plugin. -->","yoast_head_json":{"title":"OPERATION \u00ab NETTOYONS LA NATURE \u00bb POUR LES ELEVES DU COLLEGE JEANNE D\u2019ARC","description":"Le vendredi 28 septembre 2018, durant la pause m\u00e9ridienne, des \u00e9l\u00e8ves et personnels du Coll\u00e8ge Jeanne d\u2019arc ont r\u00e9pondu pr\u00e9sent \u00e0 l\u2019appel lanc\u00e9 par le CVC","robots":{"index":"index","follow":"follow","max-snippet":"max-snippet:-1","max-image-preview":"max-image-preview:large","max-video-preview":"max-video-preview:-1"},"canonical":"https:\/\/www.jeannedarc-figeac.fr\/college-lycee\/operation-nettoyons-nature-eleves-college-jeanne-darc\/","og_locale":"fr_FR","og_type":"article","og_title":"OPERATION \u00ab NETTOYONS LA NATURE \u00bb POUR LES ELEVES DU COLLEGE JEANNE D\u2019ARC","og_description":"Le vendredi 28 septembre 2018, durant la pause m\u00e9ridienne, des \u00e9l\u00e8ves et personnels du Coll\u00e8ge Jeanne d\u2019arc ont r\u00e9pondu pr\u00e9sent \u00e0 l\u2019appel lanc\u00e9 par le CVC","og_url":"https:\/\/www.jeannedarc-figeac.fr\/college-lycee\/operation-nettoyons-nature-eleves-college-jeanne-darc\/","og_site_name":"Coll\u00e8ge et Lyc\u00e9e Jeanne d&#039;Arc","article_published_time":"2018-10-15T14:33:41+00:00","og_image":[{"url":"http:\/\/www.jeannedarc-figeac.fr\/college-lycee\/wp-content\/uploads\/sites\/5\/2018\/10\/nettoyons-bis-300x225.jpg","type":"","width":"","height":""}],"author":"le secr\u00e9tariat","schema":{"@context":"https:\/\/schema.org","@graph":[{"@type":"WebPage","@id":"https:\/\/www.jeannedarc-figeac.fr\/college-lycee\/operation-nettoyons-nature-eleves-college-jeanne-darc\/","url":"https:\/\/www.jeannedarc-figeac.fr\/college-lycee\/operation-nettoyons-nature-eleves-college-jeanne-darc\/","name":"OPERATION \u00ab NETTOYONS LA NATURE \u00bb POUR LES ELEVES DU COLLEGE JEANNE D\u2019ARC","isPartOf":{"@id":"https:\/\/www.jeannedarc-figeac.fr\/college-lycee\/#website"},"primaryImageOfPage":{"@id":"https:\/\/www.jeannedarc-figeac.fr\/college-lycee\/operation-nettoyons-nature-eleves-college-jeanne-darc\/#primaryimage"},"image":{"@id":"https:\/\/www.jeannedarc-figeac.fr\/college-lycee\/operation-nettoyons-nature-eleves-college-jeanne-darc\/#primaryimage"},"thumbnailUrl":"http:\/\/www.jeannedarc-figeac.fr\/college-lycee\/wp-content\/uploads\/sites\/5\/2018\/10\/nettoyons-bis-300x225.jpg","datePublished":"2018-10-15T14:33:41+00:00","author":{"@id":"https:\/\/www.jeannedarc-figeac.fr\/college-lycee\/#\/schema\/person\/29e5764f28e895dc8bf41d4468f99154"},"description":"Le vendredi 28 septembre 2018, durant la pause m\u00e9ridienne, des \u00e9l\u00e8ves et personnels du Coll\u00e8ge Jeanne d\u2019arc ont r\u00e9pondu pr\u00e9sent \u00e0 l\u2019appel lanc\u00e9 par le CVC","breadcrumb":{"@id":"https:\/\/www.jeannedarc-figeac.fr\/college-lycee\/operation-nettoyons-nature-eleves-college-jeanne-darc\/#breadcrumb"},"inLanguage":"fr-FR","potentialAction":[{"@type":"ReadAction","target":["https:\/\/www.jeannedarc-figeac.fr\/college-lycee\/operation-nettoyons-nature-eleves-college-jeanne-darc\/"]}]},{"@type":"ImageObject","inLanguage":"fr-FR","@id":"https:\/\/www.jeannedarc-figeac.fr\/college-lycee\/operation-nettoyons-nature-eleves-college-jeanne-darc\/#primaryimage","url":"https:\/\/i0.wp.com\/www.jeannedarc-figeac.fr\/college-lycee\/wp-content\/uploads\/sites\/5\/2018\/10\/nettoyons-bis.jpg?fit=1600%2C1200&ssl=1","contentUrl":"https:\/\/i0.wp.com\/www.jeannedarc-figeac.fr\/college-lycee\/wp-content\/uploads\/sites\/5\/2018\/10\/nettoyons-bis.jpg?fit=1600%2C1200&ssl=1","width":1600,"height":1200},{"@type":"BreadcrumbList","@id":"https:\/\/www.jeannedarc-figeac.fr\/college-lycee\/operation-nettoyons-nature-eleves-college-jeanne-darc\/#breadcrumb","itemListElement":[{"@type":"ListItem","position":1,"name":"Accueil","item":"https:\/\/www.jeannedarc-figeac.fr\/college-lycee\/"},{"@type":"ListItem","position":2,"name":"Actus","item":"http:\/\/www.jeannedarc-figeac.fr\/college-lycee\/cat\/actus\/"},{"@type":"ListItem","position":3,"name":"OPERATION \u00ab NETTOYONS LA NATURE \u00bb POUR LES ELEVES DU COLLEGE JEANNE D\u2019ARC"}]},{"@type":"WebSite","@id":"https:\/\/www.jeannedarc-figeac.fr\/college-lycee\/#website","url":"https:\/\/www.jeannedarc-figeac.fr\/college-lycee\/","name":"Coll\u00e8ge et Lyc\u00e9e Jeanne d&#039;Arc","description":"Jeanne d&#039;Arc Figeac","potentialAction":[{"@type":"SearchAction","target":{"@type":"EntryPoint","urlTemplate":"https:\/\/www.jeannedarc-figeac.fr\/college-lycee\/?s={search_term_string}"},"query-input":{"@type":"PropertyValueSpecification","valueRequired":true,"valueName":"search_term_string"}}],"inLanguage":"fr-FR"},{"@type":"Person","@id":"https:\/\/www.jeannedarc-figeac.fr\/college-lycee\/#\/schema\/person\/29e5764f28e895dc8bf41d4468f99154","name":"le secr\u00e9tariat","image":{"@type":"ImageObject","inLanguage":"fr-FR","@id":"https:\/\/www.jeannedarc-figeac.fr\/college-lycee\/#\/schema\/person\/image\/","url":"https:\/\/www.jeannedarc-figeac.fr\/college-lycee\/wp-content\/litespeed\/avatar\/5\/b7e8da60f53ba4adc9e9e66d91d84580.jpg?ver=1776943645","contentUrl":"https:\/\/www.jeannedarc-figeac.fr\/college-lycee\/wp-content\/litespeed\/avatar\/5\/b7e8da60f53ba4adc9e9e66d91d84580.jpg?ver=1776943645","caption":"le secr\u00e9tariat"},"url":"https:\/\/www.jeannedarc-figeac.fr\/college-lycee\/author\/arlette\/"}]}},"jetpack_featured_media_url":"","jetpack_sharing_enabled":true,"jetpack_shortlink":"https:\/\/wp.me\/p5Qyb6-Kq","_links":{"self":[{"href":"https:\/\/www.jeannedarc-figeac.fr\/college-lycee\/wp-json\/wp\/v2\/posts\/2878","targetHints":{"allow":["GET"]}}],"collection":[{"href":"https:\/\/www.jeannedarc-figeac.fr\/college-lycee\/wp-json\/wp\/v2\/posts"}],"about":[{"href":"https:\/\/www.jeannedarc-figeac.fr\/college-lycee\/wp-json\/wp\/v2\/types\/post"}],"author":[{"embeddable":true,"href":"https:\/\/www.jeannedarc-figeac.fr\/college-lycee\/wp-json\/wp\/v2\/users\/12"}],"replies":[{"embeddable":true,"href":"https:\/\/www.jeannedarc-figeac.fr\/college-lycee\/wp-json\/wp\/v2\/comments?post=2878"}],"version-history":[{"count":1,"href":"https:\/\/www.jeannedarc-figeac.fr\/college-lycee\/wp-json\/wp\/v2\/posts\/2878\/revisions"}],"predecessor-version":[{"id":2880,"href":"https:\/\/www.jeannedarc-figeac.fr\/college-lycee\/wp-json\/wp\/v2\/posts\/2878\/revisions\/2880"}],"wp:attachment":[{"href":"https:\/\/www.jeannedarc-figeac.fr\/college-lycee\/wp-json\/wp\/v2\/media?parent=2878"}],"wp:term":[{"taxonomy":"category","embeddable":true,"href":"https:\/\/www.jeannedarc-figeac.fr\/college-lycee\/wp-json\/wp\/v2\/categories?post=2878"},{"taxonomy":"post_tag","embeddable":true,"href":"https:\/\/www.jeannedarc-figeac.fr\/college-lycee\/wp-json\/wp\/v2\/tags?post=2878"}],"curies":[{"name":"wp","href":"https:\/\/api.w.org\/{rel}","templated":true}]}}