{"id":2875,"date":"2018-10-15T14:20:57","date_gmt":"2018-10-15T14:20:57","guid":{"rendered":"http:\/\/www.jeannedarc-figeac.fr\/college-lycee\/?p=2875"},"modified":"2018-10-15T14:20:57","modified_gmt":"2018-10-15T14:20:57","slug":"bienvenue-aux-nouveaux-eleves-de-2nde-assp","status":"publish","type":"post","link":"https:\/\/www.jeannedarc-figeac.fr\/college-lycee\/bienvenue-aux-nouveaux-eleves-de-2nde-assp\/","title":{"rendered":"Bienvenue aux nouveaux \u00e9l\u00e8ves de 2nde ASSP!"},"content":{"rendered":"<p style=\"margin: 0cm;margin-bottom: .0001pt\"><span style=\"font-size: 14.0pt;font-family: 'Arial',sans-serif\">\u00a0<a href=\"https:\/\/i0.wp.com\/www.jeannedarc-figeac.fr\/college-lycee\/wp-content\/uploads\/sites\/5\/2018\/10\/DSC01263-bis.jpg\"><img data-recalc-dims=\"1\" loading=\"lazy\" decoding=\"async\" class=\"alignnone size-medium wp-image-2876\" src=\"https:\/\/i0.wp.com\/www.jeannedarc-figeac.fr\/college-lycee\/wp-content\/uploads\/sites\/5\/2018\/10\/DSC01263-bis.jpg?resize=300%2C225\" alt=\"\" width=\"300\" height=\"225\" srcset=\"https:\/\/i0.wp.com\/www.jeannedarc-figeac.fr\/college-lycee\/wp-content\/uploads\/sites\/5\/2018\/10\/DSC01263-bis.jpg?resize=300%2C225&amp;ssl=1 300w, https:\/\/i0.wp.com\/www.jeannedarc-figeac.fr\/college-lycee\/wp-content\/uploads\/sites\/5\/2018\/10\/DSC01263-bis.jpg?resize=768%2C576&amp;ssl=1 768w, https:\/\/i0.wp.com\/www.jeannedarc-figeac.fr\/college-lycee\/wp-content\/uploads\/sites\/5\/2018\/10\/DSC01263-bis.jpg?resize=1024%2C768&amp;ssl=1 1024w, https:\/\/i0.wp.com\/www.jeannedarc-figeac.fr\/college-lycee\/wp-content\/uploads\/sites\/5\/2018\/10\/DSC01263-bis.jpg?resize=1080%2C810&amp;ssl=1 1080w, https:\/\/i0.wp.com\/www.jeannedarc-figeac.fr\/college-lycee\/wp-content\/uploads\/sites\/5\/2018\/10\/DSC01263-bis.jpg?w=1600&amp;ssl=1 1600w\" sizes=\"(max-width: 300px) 100vw, 300px\" \/><\/a><\/span><\/p>\n<p style=\"margin: 0cm;margin-bottom: .0001pt\"><strong><span style=\"font-size: 14pt;font-family: 'Arial', sans-serif;color: #800080\">Au Lyc\u00e9e professionnel Jeanne d&rsquo;Arc, pour les \u00e9l\u00e8ves de bac professionnel Accompagnement Soins et Services \u00e0 la personne (ASSP), concevoir et r\u00e9aliser des projets d&rsquo;animation sont des comp\u00e9tences \u00e0 d\u00e9velopper.<\/span><\/strong><\/p>\n<p style=\"margin: 0cm;margin-bottom: .0001pt\"><strong><span style=\"font-size: 14pt;font-family: 'Arial', sans-serif;color: #800080\">Dans ce cadre, les \u00e9l\u00e8ves de la classe de 1\u00e8re bac pro ASSP ont organis\u00e9 une journ\u00e9e sp\u00e9ciale pour leurs homologues de 2<sup>nd<\/sup> bac pro .<\/span><\/strong><\/p>\n<p style=\"margin: 0cm;margin-bottom: .0001pt\"><strong><span style=\"font-size: 14pt;font-family: 'Arial', sans-serif;color: #800080\">Gr\u00e2ce \u00e0 un travail important de conception, r\u00e9flexion, pr\u00e9paration&#8230;les 1\u00e8res ont propos\u00e9 jeudi 4 octobre de nombreux ateliers \u00e0 ces nouveaux \u00e9l\u00e8ves. <\/span><\/strong><\/p>\n<p style=\"margin: 0cm;margin-bottom: .0001pt\"><strong><span style=\"font-size: 14pt;font-family: 'Arial', sans-serif;color: #800080\">Les activit\u00e9s sportives, ludiques, et \u00e9ducatives ont permis d&rsquo;aborder diff\u00e9remment les domaines de la formation (soins, prise en charge des diff\u00e9rents publics du secteur sanitaire et social, nutrition), et de faire plus ample connaissance pour favoriser la coh\u00e9sion et la r\u00e9ussite scolaire.<\/span><\/strong><\/p>\n<p style=\"margin: 0cm;margin-bottom: .0001pt\"><strong><span style=\"font-size: 14pt;font-family: 'Arial', sans-serif;color: #800080\">Un tour de Figeac en petit train, et un go\u00fbter partag\u00e9 place de la Raison ont cl\u00f4tur\u00e9 agr\u00e9ablement cette journ\u00e9e particuli\u00e8re.<\/span><\/strong><\/p>\n","protected":false},"excerpt":{"rendered":"<p>\u00a0 Au Lyc\u00e9e professionnel Jeanne d&rsquo;Arc, pour les \u00e9l\u00e8ves de bac professionnel Accompagnement Soins et Services \u00e0 la personne (ASSP), concevoir et r\u00e9aliser des projets d&rsquo;animation sont des comp\u00e9tences \u00e0 d\u00e9velopper. Dans ce cadre, les \u00e9l\u00e8ves de la classe de 1\u00e8re bac pro ASSP ont organis\u00e9 une journ\u00e9e sp\u00e9ciale pour leurs homologues de 2nd bac [&hellip;]<\/p>\n","protected":false},"author":12,"featured_media":0,"comment_status":"closed","ping_status":"open","sticky":false,"template":"","format":"standard","meta":{"_et_pb_use_builder":"","_et_pb_old_content":"","_et_gb_content_width":"","_jetpack_newsletter_access":"","_jetpack_dont_email_post_to_subs":false,"_jetpack_newsletter_tier_id":0,"_jetpack_memberships_contains_paywalled_content":false,"iawp_total_views":12,"_jetpack_memberships_contains_paid_content":false,"footnotes":""},"categories":[28],"tags":[],"class_list":["post-2875","post","type-post","status-publish","format-standard","hentry","category-actus"],"yoast_head":"<!-- This site is optimized with the Yoast SEO plugin v26.0 - https:\/\/yoast.com\/wordpress\/plugins\/seo\/ -->\n<title>Bienvenue aux nouveaux \u00e9l\u00e8ves de 2nde ASSP!<\/title>\n<meta name=\"description\" content=\"\u00a0 Au Lyc\u00e9e professionnel Jeanne d&#039;Arc, pour les \u00e9l\u00e8ves de bac professionnel Accompagnement Soins et Services \u00e0 la personne (ASSP), concevoir et r\u00e9aliser\" \/>\n<meta name=\"robots\" content=\"index, follow, max-snippet:-1, max-image-preview:large, max-video-preview:-1\" \/>\n<link rel=\"canonical\" href=\"http:\/\/www.jeannedarc-figeac.fr\/college-lycee\/bienvenue-aux-nouveaux-eleves-de-2nde-assp\/\" \/>\n<meta property=\"og:locale\" content=\"fr_FR\" \/>\n<meta property=\"og:type\" content=\"article\" \/>\n<meta property=\"og:title\" content=\"Bienvenue aux nouveaux \u00e9l\u00e8ves de 2nde ASSP!\" \/>\n<meta property=\"og:description\" content=\"\u00a0 Au Lyc\u00e9e professionnel Jeanne d&#039;Arc, pour les \u00e9l\u00e8ves de bac professionnel Accompagnement Soins et Services \u00e0 la personne (ASSP), concevoir et r\u00e9aliser\" \/>\n<meta property=\"og:url\" content=\"http:\/\/www.jeannedarc-figeac.fr\/college-lycee\/bienvenue-aux-nouveaux-eleves-de-2nde-assp\/\" \/>\n<meta property=\"og:site_name\" content=\"Coll\u00e8ge et Lyc\u00e9e Jeanne d&#039;Arc\" \/>\n<meta property=\"article:published_time\" content=\"2018-10-15T14:20:57+00:00\" \/>\n<meta property=\"og:image\" content=\"http:\/\/www.jeannedarc-figeac.fr\/college-lycee\/wp-content\/uploads\/sites\/5\/2018\/10\/DSC01263-bis-300x225.jpg\" \/>\n<meta name=\"author\" content=\"le secr\u00e9tariat\" \/>\n<script type=\"application\/ld+json\" class=\"yoast-schema-graph\">{\"@context\":\"https:\/\/schema.org\",\"@graph\":[{\"@type\":\"WebPage\",\"@id\":\"http:\/\/www.jeannedarc-figeac.fr\/college-lycee\/bienvenue-aux-nouveaux-eleves-de-2nde-assp\/\",\"url\":\"http:\/\/www.jeannedarc-figeac.fr\/college-lycee\/bienvenue-aux-nouveaux-eleves-de-2nde-assp\/\",\"name\":\"Bienvenue aux nouveaux \u00e9l\u00e8ves de 2nde ASSP!\",\"isPartOf\":{\"@id\":\"https:\/\/www.jeannedarc-figeac.fr\/college-lycee\/#website\"},\"primaryImageOfPage\":{\"@id\":\"http:\/\/www.jeannedarc-figeac.fr\/college-lycee\/bienvenue-aux-nouveaux-eleves-de-2nde-assp\/#primaryimage\"},\"image\":{\"@id\":\"http:\/\/www.jeannedarc-figeac.fr\/college-lycee\/bienvenue-aux-nouveaux-eleves-de-2nde-assp\/#primaryimage\"},\"thumbnailUrl\":\"http:\/\/www.jeannedarc-figeac.fr\/college-lycee\/wp-content\/uploads\/sites\/5\/2018\/10\/DSC01263-bis-300x225.jpg\",\"datePublished\":\"2018-10-15T14:20:57+00:00\",\"author\":{\"@id\":\"https:\/\/www.jeannedarc-figeac.fr\/college-lycee\/#\/schema\/person\/29e5764f28e895dc8bf41d4468f99154\"},\"description\":\"\u00a0 Au Lyc\u00e9e professionnel Jeanne d'Arc, pour les \u00e9l\u00e8ves de bac professionnel Accompagnement Soins et Services \u00e0 la personne (ASSP), concevoir et r\u00e9aliser\",\"breadcrumb\":{\"@id\":\"http:\/\/www.jeannedarc-figeac.fr\/college-lycee\/bienvenue-aux-nouveaux-eleves-de-2nde-assp\/#breadcrumb\"},\"inLanguage\":\"fr-FR\",\"potentialAction\":[{\"@type\":\"ReadAction\",\"target\":[\"http:\/\/www.jeannedarc-figeac.fr\/college-lycee\/bienvenue-aux-nouveaux-eleves-de-2nde-assp\/\"]}]},{\"@type\":\"ImageObject\",\"inLanguage\":\"fr-FR\",\"@id\":\"http:\/\/www.jeannedarc-figeac.fr\/college-lycee\/bienvenue-aux-nouveaux-eleves-de-2nde-assp\/#primaryimage\",\"url\":\"https:\/\/i0.wp.com\/www.jeannedarc-figeac.fr\/college-lycee\/wp-content\/uploads\/sites\/5\/2018\/10\/DSC01263-bis.jpg?fit=1600%2C1200&ssl=1\",\"contentUrl\":\"https:\/\/i0.wp.com\/www.jeannedarc-figeac.fr\/college-lycee\/wp-content\/uploads\/sites\/5\/2018\/10\/DSC01263-bis.jpg?fit=1600%2C1200&ssl=1\",\"width\":1600,\"height\":1200},{\"@type\":\"BreadcrumbList\",\"@id\":\"http:\/\/www.jeannedarc-figeac.fr\/college-lycee\/bienvenue-aux-nouveaux-eleves-de-2nde-assp\/#breadcrumb\",\"itemListElement\":[{\"@type\":\"ListItem\",\"position\":1,\"name\":\"Accueil\",\"item\":\"https:\/\/www.jeannedarc-figeac.fr\/college-lycee\/\"},{\"@type\":\"ListItem\",\"position\":2,\"name\":\"Actus\",\"item\":\"http:\/\/www.jeannedarc-figeac.fr\/college-lycee\/cat\/actus\/\"},{\"@type\":\"ListItem\",\"position\":3,\"name\":\"Bienvenue aux nouveaux \u00e9l\u00e8ves de 2nde ASSP!\"}]},{\"@type\":\"WebSite\",\"@id\":\"https:\/\/www.jeannedarc-figeac.fr\/college-lycee\/#website\",\"url\":\"https:\/\/www.jeannedarc-figeac.fr\/college-lycee\/\",\"name\":\"Coll\u00e8ge et Lyc\u00e9e Jeanne d&#039;Arc\",\"description\":\"Jeanne d&#039;Arc Figeac\",\"potentialAction\":[{\"@type\":\"SearchAction\",\"target\":{\"@type\":\"EntryPoint\",\"urlTemplate\":\"https:\/\/www.jeannedarc-figeac.fr\/college-lycee\/?s={search_term_string}\"},\"query-input\":{\"@type\":\"PropertyValueSpecification\",\"valueRequired\":true,\"valueName\":\"search_term_string\"}}],\"inLanguage\":\"fr-FR\"},{\"@type\":\"Person\",\"@id\":\"https:\/\/www.jeannedarc-figeac.fr\/college-lycee\/#\/schema\/person\/29e5764f28e895dc8bf41d4468f99154\",\"name\":\"le secr\u00e9tariat\",\"image\":{\"@type\":\"ImageObject\",\"inLanguage\":\"fr-FR\",\"@id\":\"https:\/\/www.jeannedarc-figeac.fr\/college-lycee\/#\/schema\/person\/image\/\",\"url\":\"https:\/\/www.jeannedarc-figeac.fr\/college-lycee\/wp-content\/litespeed\/avatar\/5\/b7e8da60f53ba4adc9e9e66d91d84580.jpg?ver=1776943645\",\"contentUrl\":\"https:\/\/www.jeannedarc-figeac.fr\/college-lycee\/wp-content\/litespeed\/avatar\/5\/b7e8da60f53ba4adc9e9e66d91d84580.jpg?ver=1776943645\",\"caption\":\"le secr\u00e9tariat\"},\"url\":\"https:\/\/www.jeannedarc-figeac.fr\/college-lycee\/author\/arlette\/\"}]}<\/script>\n<!-- \/ Yoast SEO plugin. -->","yoast_head_json":{"title":"Bienvenue aux nouveaux \u00e9l\u00e8ves de 2nde ASSP!","description":"\u00a0 Au Lyc\u00e9e professionnel Jeanne d'Arc, pour les \u00e9l\u00e8ves de bac professionnel Accompagnement Soins et Services \u00e0 la personne (ASSP), concevoir et r\u00e9aliser","robots":{"index":"index","follow":"follow","max-snippet":"max-snippet:-1","max-image-preview":"max-image-preview:large","max-video-preview":"max-video-preview:-1"},"canonical":"http:\/\/www.jeannedarc-figeac.fr\/college-lycee\/bienvenue-aux-nouveaux-eleves-de-2nde-assp\/","og_locale":"fr_FR","og_type":"article","og_title":"Bienvenue aux nouveaux \u00e9l\u00e8ves de 2nde ASSP!","og_description":"\u00a0 Au Lyc\u00e9e professionnel Jeanne d'Arc, pour les \u00e9l\u00e8ves de bac professionnel Accompagnement Soins et Services \u00e0 la personne (ASSP), concevoir et r\u00e9aliser","og_url":"http:\/\/www.jeannedarc-figeac.fr\/college-lycee\/bienvenue-aux-nouveaux-eleves-de-2nde-assp\/","og_site_name":"Coll\u00e8ge et Lyc\u00e9e Jeanne d&#039;Arc","article_published_time":"2018-10-15T14:20:57+00:00","og_image":[{"url":"http:\/\/www.jeannedarc-figeac.fr\/college-lycee\/wp-content\/uploads\/sites\/5\/2018\/10\/DSC01263-bis-300x225.jpg","type":"","width":"","height":""}],"author":"le secr\u00e9tariat","schema":{"@context":"https:\/\/schema.org","@graph":[{"@type":"WebPage","@id":"http:\/\/www.jeannedarc-figeac.fr\/college-lycee\/bienvenue-aux-nouveaux-eleves-de-2nde-assp\/","url":"http:\/\/www.jeannedarc-figeac.fr\/college-lycee\/bienvenue-aux-nouveaux-eleves-de-2nde-assp\/","name":"Bienvenue aux nouveaux \u00e9l\u00e8ves de 2nde ASSP!","isPartOf":{"@id":"https:\/\/www.jeannedarc-figeac.fr\/college-lycee\/#website"},"primaryImageOfPage":{"@id":"http:\/\/www.jeannedarc-figeac.fr\/college-lycee\/bienvenue-aux-nouveaux-eleves-de-2nde-assp\/#primaryimage"},"image":{"@id":"http:\/\/www.jeannedarc-figeac.fr\/college-lycee\/bienvenue-aux-nouveaux-eleves-de-2nde-assp\/#primaryimage"},"thumbnailUrl":"http:\/\/www.jeannedarc-figeac.fr\/college-lycee\/wp-content\/uploads\/sites\/5\/2018\/10\/DSC01263-bis-300x225.jpg","datePublished":"2018-10-15T14:20:57+00:00","author":{"@id":"https:\/\/www.jeannedarc-figeac.fr\/college-lycee\/#\/schema\/person\/29e5764f28e895dc8bf41d4468f99154"},"description":"\u00a0 Au Lyc\u00e9e professionnel Jeanne d'Arc, pour les \u00e9l\u00e8ves de bac professionnel Accompagnement Soins et Services \u00e0 la personne (ASSP), concevoir et r\u00e9aliser","breadcrumb":{"@id":"http:\/\/www.jeannedarc-figeac.fr\/college-lycee\/bienvenue-aux-nouveaux-eleves-de-2nde-assp\/#breadcrumb"},"inLanguage":"fr-FR","potentialAction":[{"@type":"ReadAction","target":["http:\/\/www.jeannedarc-figeac.fr\/college-lycee\/bienvenue-aux-nouveaux-eleves-de-2nde-assp\/"]}]},{"@type":"ImageObject","inLanguage":"fr-FR","@id":"http:\/\/www.jeannedarc-figeac.fr\/college-lycee\/bienvenue-aux-nouveaux-eleves-de-2nde-assp\/#primaryimage","url":"https:\/\/i0.wp.com\/www.jeannedarc-figeac.fr\/college-lycee\/wp-content\/uploads\/sites\/5\/2018\/10\/DSC01263-bis.jpg?fit=1600%2C1200&ssl=1","contentUrl":"https:\/\/i0.wp.com\/www.jeannedarc-figeac.fr\/college-lycee\/wp-content\/uploads\/sites\/5\/2018\/10\/DSC01263-bis.jpg?fit=1600%2C1200&ssl=1","width":1600,"height":1200},{"@type":"BreadcrumbList","@id":"http:\/\/www.jeannedarc-figeac.fr\/college-lycee\/bienvenue-aux-nouveaux-eleves-de-2nde-assp\/#breadcrumb","itemListElement":[{"@type":"ListItem","position":1,"name":"Accueil","item":"https:\/\/www.jeannedarc-figeac.fr\/college-lycee\/"},{"@type":"ListItem","position":2,"name":"Actus","item":"http:\/\/www.jeannedarc-figeac.fr\/college-lycee\/cat\/actus\/"},{"@type":"ListItem","position":3,"name":"Bienvenue aux nouveaux \u00e9l\u00e8ves de 2nde ASSP!"}]},{"@type":"WebSite","@id":"https:\/\/www.jeannedarc-figeac.fr\/college-lycee\/#website","url":"https:\/\/www.jeannedarc-figeac.fr\/college-lycee\/","name":"Coll\u00e8ge et Lyc\u00e9e Jeanne d&#039;Arc","description":"Jeanne d&#039;Arc Figeac","potentialAction":[{"@type":"SearchAction","target":{"@type":"EntryPoint","urlTemplate":"https:\/\/www.jeannedarc-figeac.fr\/college-lycee\/?s={search_term_string}"},"query-input":{"@type":"PropertyValueSpecification","valueRequired":true,"valueName":"search_term_string"}}],"inLanguage":"fr-FR"},{"@type":"Person","@id":"https:\/\/www.jeannedarc-figeac.fr\/college-lycee\/#\/schema\/person\/29e5764f28e895dc8bf41d4468f99154","name":"le secr\u00e9tariat","image":{"@type":"ImageObject","inLanguage":"fr-FR","@id":"https:\/\/www.jeannedarc-figeac.fr\/college-lycee\/#\/schema\/person\/image\/","url":"https:\/\/www.jeannedarc-figeac.fr\/college-lycee\/wp-content\/litespeed\/avatar\/5\/b7e8da60f53ba4adc9e9e66d91d84580.jpg?ver=1776943645","contentUrl":"https:\/\/www.jeannedarc-figeac.fr\/college-lycee\/wp-content\/litespeed\/avatar\/5\/b7e8da60f53ba4adc9e9e66d91d84580.jpg?ver=1776943645","caption":"le secr\u00e9tariat"},"url":"https:\/\/www.jeannedarc-figeac.fr\/college-lycee\/author\/arlette\/"}]}},"jetpack_featured_media_url":"","jetpack_sharing_enabled":true,"jetpack_shortlink":"https:\/\/wp.me\/p5Qyb6-Kn","_links":{"self":[{"href":"https:\/\/www.jeannedarc-figeac.fr\/college-lycee\/wp-json\/wp\/v2\/posts\/2875","targetHints":{"allow":["GET"]}}],"collection":[{"href":"https:\/\/www.jeannedarc-figeac.fr\/college-lycee\/wp-json\/wp\/v2\/posts"}],"about":[{"href":"https:\/\/www.jeannedarc-figeac.fr\/college-lycee\/wp-json\/wp\/v2\/types\/post"}],"author":[{"embeddable":true,"href":"https:\/\/www.jeannedarc-figeac.fr\/college-lycee\/wp-json\/wp\/v2\/users\/12"}],"replies":[{"embeddable":true,"href":"https:\/\/www.jeannedarc-figeac.fr\/college-lycee\/wp-json\/wp\/v2\/comments?post=2875"}],"version-history":[{"count":1,"href":"https:\/\/www.jeannedarc-figeac.fr\/college-lycee\/wp-json\/wp\/v2\/posts\/2875\/revisions"}],"predecessor-version":[{"id":2877,"href":"https:\/\/www.jeannedarc-figeac.fr\/college-lycee\/wp-json\/wp\/v2\/posts\/2875\/revisions\/2877"}],"wp:attachment":[{"href":"https:\/\/www.jeannedarc-figeac.fr\/college-lycee\/wp-json\/wp\/v2\/media?parent=2875"}],"wp:term":[{"taxonomy":"category","embeddable":true,"href":"https:\/\/www.jeannedarc-figeac.fr\/college-lycee\/wp-json\/wp\/v2\/categories?post=2875"},{"taxonomy":"post_tag","embeddable":true,"href":"https:\/\/www.jeannedarc-figeac.fr\/college-lycee\/wp-json\/wp\/v2\/tags?post=2875"}],"curies":[{"name":"wp","href":"https:\/\/api.w.org\/{rel}","templated":true}]}}