{"id":2859,"date":"2018-09-26T09:49:50","date_gmt":"2018-09-26T09:49:50","guid":{"rendered":"http:\/\/www.jeannedarc-figeac.fr\/college-lycee\/?p=2859"},"modified":"2018-09-26T09:49:50","modified_gmt":"2018-09-26T09:49:50","slug":"journee-dintegration-entrants-lycee","status":"publish","type":"post","link":"https:\/\/www.jeannedarc-figeac.fr\/college-lycee\/journee-dintegration-entrants-lycee\/","title":{"rendered":"JOURNEE D\u2019INTEGRATION POUR LES ENTRANTS AU LYCEE"},"content":{"rendered":"<p><a href=\"https:\/\/i0.wp.com\/www.jeannedarc-figeac.fr\/college-lycee\/wp-content\/uploads\/sites\/5\/2018\/09\/20180910_122224modifie.jpg\"><img data-recalc-dims=\"1\" loading=\"lazy\" decoding=\"async\" class=\"alignnone size-medium wp-image-2860\" src=\"https:\/\/i0.wp.com\/www.jeannedarc-figeac.fr\/college-lycee\/wp-content\/uploads\/sites\/5\/2018\/09\/20180910_122224modifie.jpg?resize=300%2C225\" alt=\"\" width=\"300\" height=\"225\" srcset=\"https:\/\/i0.wp.com\/www.jeannedarc-figeac.fr\/college-lycee\/wp-content\/uploads\/sites\/5\/2018\/09\/20180910_122224modifie.jpg?resize=300%2C225&amp;ssl=1 300w, https:\/\/i0.wp.com\/www.jeannedarc-figeac.fr\/college-lycee\/wp-content\/uploads\/sites\/5\/2018\/09\/20180910_122224modifie.jpg?resize=768%2C576&amp;ssl=1 768w, https:\/\/i0.wp.com\/www.jeannedarc-figeac.fr\/college-lycee\/wp-content\/uploads\/sites\/5\/2018\/09\/20180910_122224modifie.jpg?resize=1024%2C768&amp;ssl=1 1024w, https:\/\/i0.wp.com\/www.jeannedarc-figeac.fr\/college-lycee\/wp-content\/uploads\/sites\/5\/2018\/09\/20180910_122224modifie.jpg?resize=1080%2C810&amp;ssl=1 1080w, https:\/\/i0.wp.com\/www.jeannedarc-figeac.fr\/college-lycee\/wp-content\/uploads\/sites\/5\/2018\/09\/20180910_122224modifie.jpg?w=1600&amp;ssl=1 1600w\" sizes=\"(max-width: 300px) 100vw, 300px\" \/><\/a><\/p>\n<p><strong><span style=\"color: #ff6600\">Ce lundi 10 septembre, l\u2019ensemble des lyc\u00e9ens de 2<sup>nd<\/sup> g\u00e9n\u00e9rale, technologique, professionnelle et CAP 1<sup>i\u00e8re<\/sup> ann\u00e9e, se sont rendus avec leurs professeurs \u00e0 Villefranche de Rouergue.<\/span><\/strong><\/p>\n<p><strong><span style=\"color: #ff6600\">L\u2019objectif est de cr\u00e9er du lien entre les \u00e9l\u00e8ves des diff\u00e9rentes classes et d\u2019impulser une dynamique positive en ce temps de rentr\u00e9e scolaire.<\/span><\/strong><\/p>\n<p><strong><span style=\"color: #ff6600\">Plusieurs activit\u00e9s ont \u00e9t\u00e9 propos\u00e9es\u00a0:<\/span><\/strong><\/p>\n<p><strong><span style=\"color: #ff6600\">Un reportage photo pour identifier les caract\u00e9ristiques d\u2019une bastide \u00ab\u00a0ville franche\u00a0\u00bb, au travers de l\u2019architecture de ses rues et d\u2019\u00e9l\u00e9ments sp\u00e9cifiques du cadre b\u00e2ti\u00a0;<\/span><\/strong><\/p>\n<p><strong><span style=\"color: #ff6600\">Mais \u00e9galement l\u2019ascension du clocher de la Coll\u00e9giale, occasion de prendre de la hauteur pour admirer la ville au son de son carillon ;<\/span><\/strong><\/p>\n<p><strong><span style=\"color: #ff6600\">Puis tout en se pr\u00eatant \u00e0 un jeu et en r\u00e9solvant l\u2019\u00e9nigme, les \u00e9l\u00e8ves ont pu d\u00e9couvrir l\u2019organisation d\u2019une Chartreuse\u00a0;<\/span><\/strong><\/p>\n<p><strong><span style=\"color: #ff6600\">Enfin les diff\u00e9rents groupes ont \u00e9t\u00e9 accueillis \u00e0 la Congr\u00e9gation de la Sainte Famille, cr\u00e9\u00e9e par Sainte Emilie de<\/span> <span style=\"color: #ff6600\">Rodat, fondatrice de nombreuses \u00e9coles, dont l\u2019ensemble scolaire Jeanne d\u2019Arc de Figeac.<\/span><\/strong><\/p>\n<p><strong><span style=\"color: #ff6600\">Les jeunes ont pu ainsi mieux conna\u00eetre cette sainte qui a consacr\u00e9 sa vie \u00e0 l\u2019enseignement dans la bienveillance et l\u2019accueil de chacun dans sa diversit\u00e9.<\/span><\/strong><\/p>\n<p><strong><span style=\"color: #ff6600\">Des valeurs toujours d\u2019actualit\u00e9 pour l\u2019ensemble scolaire Jeanne d\u2019Arc et cette ann\u00e9e scolaire \u00e0 venir, sera encore l\u2019occasion de les faire vivre concr\u00e8tement\u00a0!<\/span><\/strong><\/p>\n","protected":false},"excerpt":{"rendered":"<p>Ce lundi 10 septembre, l\u2019ensemble des lyc\u00e9ens de 2nd g\u00e9n\u00e9rale, technologique, professionnelle et CAP 1i\u00e8re ann\u00e9e, se sont rendus avec leurs professeurs \u00e0 Villefranche de Rouergue. L\u2019objectif est de cr\u00e9er du lien entre les \u00e9l\u00e8ves des diff\u00e9rentes classes et d\u2019impulser une dynamique positive en ce temps de rentr\u00e9e scolaire. Plusieurs activit\u00e9s ont \u00e9t\u00e9 propos\u00e9es\u00a0: Un [&hellip;]<\/p>\n","protected":false},"author":12,"featured_media":0,"comment_status":"closed","ping_status":"open","sticky":false,"template":"","format":"standard","meta":{"_et_pb_use_builder":"","_et_pb_old_content":"","_et_gb_content_width":"","_jetpack_newsletter_access":"","_jetpack_dont_email_post_to_subs":false,"_jetpack_newsletter_tier_id":0,"_jetpack_memberships_contains_paywalled_content":false,"iawp_total_views":0,"_jetpack_memberships_contains_paid_content":false,"footnotes":""},"categories":[28],"tags":[],"class_list":["post-2859","post","type-post","status-publish","format-standard","hentry","category-actus"],"yoast_head":"<!-- This site is optimized with the Yoast SEO plugin v26.0 - https:\/\/yoast.com\/wordpress\/plugins\/seo\/ -->\n<title>JOURNEE D\u2019INTEGRATION POUR LES ENTRANTS AU LYCEE<\/title>\n<meta name=\"description\" content=\"Ce lundi 10 septembre, l\u2019ensemble des lyc\u00e9ens de 2nd g\u00e9n\u00e9rale, technologique, professionnelle et CAP 1i\u00e8re ann\u00e9e, se sont rendus avec leurs professeurs \u00e0\" \/>\n<meta name=\"robots\" content=\"index, follow, max-snippet:-1, max-image-preview:large, max-video-preview:-1\" \/>\n<link rel=\"canonical\" href=\"https:\/\/www.jeannedarc-figeac.fr\/college-lycee\/journee-dintegration-entrants-lycee\/\" \/>\n<meta property=\"og:locale\" content=\"fr_FR\" \/>\n<meta property=\"og:type\" content=\"article\" \/>\n<meta property=\"og:title\" content=\"JOURNEE D\u2019INTEGRATION POUR LES ENTRANTS AU LYCEE\" \/>\n<meta property=\"og:description\" content=\"Ce lundi 10 septembre, l\u2019ensemble des lyc\u00e9ens de 2nd g\u00e9n\u00e9rale, technologique, professionnelle et CAP 1i\u00e8re ann\u00e9e, se sont rendus avec leurs professeurs \u00e0\" \/>\n<meta property=\"og:url\" content=\"https:\/\/www.jeannedarc-figeac.fr\/college-lycee\/journee-dintegration-entrants-lycee\/\" \/>\n<meta property=\"og:site_name\" content=\"Coll\u00e8ge et Lyc\u00e9e Jeanne d&#039;Arc\" \/>\n<meta property=\"article:published_time\" content=\"2018-09-26T09:49:50+00:00\" \/>\n<meta property=\"og:image\" content=\"http:\/\/www.jeannedarc-figeac.fr\/college-lycee\/wp-content\/uploads\/sites\/5\/2018\/09\/20180910_122224modifie-300x225.jpg\" \/>\n<meta name=\"author\" content=\"le secr\u00e9tariat\" \/>\n<script type=\"application\/ld+json\" class=\"yoast-schema-graph\">{\"@context\":\"https:\/\/schema.org\",\"@graph\":[{\"@type\":\"WebPage\",\"@id\":\"https:\/\/www.jeannedarc-figeac.fr\/college-lycee\/journee-dintegration-entrants-lycee\/\",\"url\":\"https:\/\/www.jeannedarc-figeac.fr\/college-lycee\/journee-dintegration-entrants-lycee\/\",\"name\":\"JOURNEE D\u2019INTEGRATION POUR LES ENTRANTS AU LYCEE\",\"isPartOf\":{\"@id\":\"https:\/\/www.jeannedarc-figeac.fr\/college-lycee\/#website\"},\"primaryImageOfPage\":{\"@id\":\"https:\/\/www.jeannedarc-figeac.fr\/college-lycee\/journee-dintegration-entrants-lycee\/#primaryimage\"},\"image\":{\"@id\":\"https:\/\/www.jeannedarc-figeac.fr\/college-lycee\/journee-dintegration-entrants-lycee\/#primaryimage\"},\"thumbnailUrl\":\"http:\/\/www.jeannedarc-figeac.fr\/college-lycee\/wp-content\/uploads\/sites\/5\/2018\/09\/20180910_122224modifie-300x225.jpg\",\"datePublished\":\"2018-09-26T09:49:50+00:00\",\"author\":{\"@id\":\"https:\/\/www.jeannedarc-figeac.fr\/college-lycee\/#\/schema\/person\/29e5764f28e895dc8bf41d4468f99154\"},\"description\":\"Ce lundi 10 septembre, l\u2019ensemble des lyc\u00e9ens de 2nd g\u00e9n\u00e9rale, technologique, professionnelle et CAP 1i\u00e8re ann\u00e9e, se sont rendus avec leurs professeurs \u00e0\",\"breadcrumb\":{\"@id\":\"https:\/\/www.jeannedarc-figeac.fr\/college-lycee\/journee-dintegration-entrants-lycee\/#breadcrumb\"},\"inLanguage\":\"fr-FR\",\"potentialAction\":[{\"@type\":\"ReadAction\",\"target\":[\"https:\/\/www.jeannedarc-figeac.fr\/college-lycee\/journee-dintegration-entrants-lycee\/\"]}]},{\"@type\":\"ImageObject\",\"inLanguage\":\"fr-FR\",\"@id\":\"https:\/\/www.jeannedarc-figeac.fr\/college-lycee\/journee-dintegration-entrants-lycee\/#primaryimage\",\"url\":\"https:\/\/i0.wp.com\/www.jeannedarc-figeac.fr\/college-lycee\/wp-content\/uploads\/sites\/5\/2018\/09\/20180910_122224modifie.jpg?fit=1600%2C1200&ssl=1\",\"contentUrl\":\"https:\/\/i0.wp.com\/www.jeannedarc-figeac.fr\/college-lycee\/wp-content\/uploads\/sites\/5\/2018\/09\/20180910_122224modifie.jpg?fit=1600%2C1200&ssl=1\",\"width\":1600,\"height\":1200},{\"@type\":\"BreadcrumbList\",\"@id\":\"https:\/\/www.jeannedarc-figeac.fr\/college-lycee\/journee-dintegration-entrants-lycee\/#breadcrumb\",\"itemListElement\":[{\"@type\":\"ListItem\",\"position\":1,\"name\":\"Accueil\",\"item\":\"https:\/\/www.jeannedarc-figeac.fr\/college-lycee\/\"},{\"@type\":\"ListItem\",\"position\":2,\"name\":\"Actus\",\"item\":\"http:\/\/www.jeannedarc-figeac.fr\/college-lycee\/cat\/actus\/\"},{\"@type\":\"ListItem\",\"position\":3,\"name\":\"JOURNEE D\u2019INTEGRATION POUR LES ENTRANTS AU LYCEE\"}]},{\"@type\":\"WebSite\",\"@id\":\"https:\/\/www.jeannedarc-figeac.fr\/college-lycee\/#website\",\"url\":\"https:\/\/www.jeannedarc-figeac.fr\/college-lycee\/\",\"name\":\"Coll\u00e8ge et Lyc\u00e9e Jeanne d&#039;Arc\",\"description\":\"Jeanne d&#039;Arc Figeac\",\"potentialAction\":[{\"@type\":\"SearchAction\",\"target\":{\"@type\":\"EntryPoint\",\"urlTemplate\":\"https:\/\/www.jeannedarc-figeac.fr\/college-lycee\/?s={search_term_string}\"},\"query-input\":{\"@type\":\"PropertyValueSpecification\",\"valueRequired\":true,\"valueName\":\"search_term_string\"}}],\"inLanguage\":\"fr-FR\"},{\"@type\":\"Person\",\"@id\":\"https:\/\/www.jeannedarc-figeac.fr\/college-lycee\/#\/schema\/person\/29e5764f28e895dc8bf41d4468f99154\",\"name\":\"le secr\u00e9tariat\",\"image\":{\"@type\":\"ImageObject\",\"inLanguage\":\"fr-FR\",\"@id\":\"https:\/\/www.jeannedarc-figeac.fr\/college-lycee\/#\/schema\/person\/image\/\",\"url\":\"https:\/\/www.jeannedarc-figeac.fr\/college-lycee\/wp-content\/litespeed\/avatar\/5\/b7e8da60f53ba4adc9e9e66d91d84580.jpg?ver=1776943645\",\"contentUrl\":\"https:\/\/www.jeannedarc-figeac.fr\/college-lycee\/wp-content\/litespeed\/avatar\/5\/b7e8da60f53ba4adc9e9e66d91d84580.jpg?ver=1776943645\",\"caption\":\"le secr\u00e9tariat\"},\"url\":\"https:\/\/www.jeannedarc-figeac.fr\/college-lycee\/author\/arlette\/\"}]}<\/script>\n<!-- \/ Yoast SEO plugin. -->","yoast_head_json":{"title":"JOURNEE D\u2019INTEGRATION POUR LES ENTRANTS AU LYCEE","description":"Ce lundi 10 septembre, l\u2019ensemble des lyc\u00e9ens de 2nd g\u00e9n\u00e9rale, technologique, professionnelle et CAP 1i\u00e8re ann\u00e9e, se sont rendus avec leurs professeurs \u00e0","robots":{"index":"index","follow":"follow","max-snippet":"max-snippet:-1","max-image-preview":"max-image-preview:large","max-video-preview":"max-video-preview:-1"},"canonical":"https:\/\/www.jeannedarc-figeac.fr\/college-lycee\/journee-dintegration-entrants-lycee\/","og_locale":"fr_FR","og_type":"article","og_title":"JOURNEE D\u2019INTEGRATION POUR LES ENTRANTS AU LYCEE","og_description":"Ce lundi 10 septembre, l\u2019ensemble des lyc\u00e9ens de 2nd g\u00e9n\u00e9rale, technologique, professionnelle et CAP 1i\u00e8re ann\u00e9e, se sont rendus avec leurs professeurs \u00e0","og_url":"https:\/\/www.jeannedarc-figeac.fr\/college-lycee\/journee-dintegration-entrants-lycee\/","og_site_name":"Coll\u00e8ge et Lyc\u00e9e Jeanne d&#039;Arc","article_published_time":"2018-09-26T09:49:50+00:00","og_image":[{"url":"http:\/\/www.jeannedarc-figeac.fr\/college-lycee\/wp-content\/uploads\/sites\/5\/2018\/09\/20180910_122224modifie-300x225.jpg","type":"","width":"","height":""}],"author":"le secr\u00e9tariat","schema":{"@context":"https:\/\/schema.org","@graph":[{"@type":"WebPage","@id":"https:\/\/www.jeannedarc-figeac.fr\/college-lycee\/journee-dintegration-entrants-lycee\/","url":"https:\/\/www.jeannedarc-figeac.fr\/college-lycee\/journee-dintegration-entrants-lycee\/","name":"JOURNEE D\u2019INTEGRATION POUR LES ENTRANTS AU LYCEE","isPartOf":{"@id":"https:\/\/www.jeannedarc-figeac.fr\/college-lycee\/#website"},"primaryImageOfPage":{"@id":"https:\/\/www.jeannedarc-figeac.fr\/college-lycee\/journee-dintegration-entrants-lycee\/#primaryimage"},"image":{"@id":"https:\/\/www.jeannedarc-figeac.fr\/college-lycee\/journee-dintegration-entrants-lycee\/#primaryimage"},"thumbnailUrl":"http:\/\/www.jeannedarc-figeac.fr\/college-lycee\/wp-content\/uploads\/sites\/5\/2018\/09\/20180910_122224modifie-300x225.jpg","datePublished":"2018-09-26T09:49:50+00:00","author":{"@id":"https:\/\/www.jeannedarc-figeac.fr\/college-lycee\/#\/schema\/person\/29e5764f28e895dc8bf41d4468f99154"},"description":"Ce lundi 10 septembre, l\u2019ensemble des lyc\u00e9ens de 2nd g\u00e9n\u00e9rale, technologique, professionnelle et CAP 1i\u00e8re ann\u00e9e, se sont rendus avec leurs professeurs \u00e0","breadcrumb":{"@id":"https:\/\/www.jeannedarc-figeac.fr\/college-lycee\/journee-dintegration-entrants-lycee\/#breadcrumb"},"inLanguage":"fr-FR","potentialAction":[{"@type":"ReadAction","target":["https:\/\/www.jeannedarc-figeac.fr\/college-lycee\/journee-dintegration-entrants-lycee\/"]}]},{"@type":"ImageObject","inLanguage":"fr-FR","@id":"https:\/\/www.jeannedarc-figeac.fr\/college-lycee\/journee-dintegration-entrants-lycee\/#primaryimage","url":"https:\/\/i0.wp.com\/www.jeannedarc-figeac.fr\/college-lycee\/wp-content\/uploads\/sites\/5\/2018\/09\/20180910_122224modifie.jpg?fit=1600%2C1200&ssl=1","contentUrl":"https:\/\/i0.wp.com\/www.jeannedarc-figeac.fr\/college-lycee\/wp-content\/uploads\/sites\/5\/2018\/09\/20180910_122224modifie.jpg?fit=1600%2C1200&ssl=1","width":1600,"height":1200},{"@type":"BreadcrumbList","@id":"https:\/\/www.jeannedarc-figeac.fr\/college-lycee\/journee-dintegration-entrants-lycee\/#breadcrumb","itemListElement":[{"@type":"ListItem","position":1,"name":"Accueil","item":"https:\/\/www.jeannedarc-figeac.fr\/college-lycee\/"},{"@type":"ListItem","position":2,"name":"Actus","item":"http:\/\/www.jeannedarc-figeac.fr\/college-lycee\/cat\/actus\/"},{"@type":"ListItem","position":3,"name":"JOURNEE D\u2019INTEGRATION POUR LES ENTRANTS AU LYCEE"}]},{"@type":"WebSite","@id":"https:\/\/www.jeannedarc-figeac.fr\/college-lycee\/#website","url":"https:\/\/www.jeannedarc-figeac.fr\/college-lycee\/","name":"Coll\u00e8ge et Lyc\u00e9e Jeanne d&#039;Arc","description":"Jeanne d&#039;Arc Figeac","potentialAction":[{"@type":"SearchAction","target":{"@type":"EntryPoint","urlTemplate":"https:\/\/www.jeannedarc-figeac.fr\/college-lycee\/?s={search_term_string}"},"query-input":{"@type":"PropertyValueSpecification","valueRequired":true,"valueName":"search_term_string"}}],"inLanguage":"fr-FR"},{"@type":"Person","@id":"https:\/\/www.jeannedarc-figeac.fr\/college-lycee\/#\/schema\/person\/29e5764f28e895dc8bf41d4468f99154","name":"le secr\u00e9tariat","image":{"@type":"ImageObject","inLanguage":"fr-FR","@id":"https:\/\/www.jeannedarc-figeac.fr\/college-lycee\/#\/schema\/person\/image\/","url":"https:\/\/www.jeannedarc-figeac.fr\/college-lycee\/wp-content\/litespeed\/avatar\/5\/b7e8da60f53ba4adc9e9e66d91d84580.jpg?ver=1776943645","contentUrl":"https:\/\/www.jeannedarc-figeac.fr\/college-lycee\/wp-content\/litespeed\/avatar\/5\/b7e8da60f53ba4adc9e9e66d91d84580.jpg?ver=1776943645","caption":"le secr\u00e9tariat"},"url":"https:\/\/www.jeannedarc-figeac.fr\/college-lycee\/author\/arlette\/"}]}},"jetpack_featured_media_url":"","jetpack_sharing_enabled":true,"jetpack_shortlink":"https:\/\/wp.me\/p5Qyb6-K7","_links":{"self":[{"href":"https:\/\/www.jeannedarc-figeac.fr\/college-lycee\/wp-json\/wp\/v2\/posts\/2859","targetHints":{"allow":["GET"]}}],"collection":[{"href":"https:\/\/www.jeannedarc-figeac.fr\/college-lycee\/wp-json\/wp\/v2\/posts"}],"about":[{"href":"https:\/\/www.jeannedarc-figeac.fr\/college-lycee\/wp-json\/wp\/v2\/types\/post"}],"author":[{"embeddable":true,"href":"https:\/\/www.jeannedarc-figeac.fr\/college-lycee\/wp-json\/wp\/v2\/users\/12"}],"replies":[{"embeddable":true,"href":"https:\/\/www.jeannedarc-figeac.fr\/college-lycee\/wp-json\/wp\/v2\/comments?post=2859"}],"version-history":[{"count":1,"href":"https:\/\/www.jeannedarc-figeac.fr\/college-lycee\/wp-json\/wp\/v2\/posts\/2859\/revisions"}],"predecessor-version":[{"id":2861,"href":"https:\/\/www.jeannedarc-figeac.fr\/college-lycee\/wp-json\/wp\/v2\/posts\/2859\/revisions\/2861"}],"wp:attachment":[{"href":"https:\/\/www.jeannedarc-figeac.fr\/college-lycee\/wp-json\/wp\/v2\/media?parent=2859"}],"wp:term":[{"taxonomy":"category","embeddable":true,"href":"https:\/\/www.jeannedarc-figeac.fr\/college-lycee\/wp-json\/wp\/v2\/categories?post=2859"},{"taxonomy":"post_tag","embeddable":true,"href":"https:\/\/www.jeannedarc-figeac.fr\/college-lycee\/wp-json\/wp\/v2\/tags?post=2859"}],"curies":[{"name":"wp","href":"https:\/\/api.w.org\/{rel}","templated":true}]}}