{"id":2855,"date":"2018-09-26T09:38:55","date_gmt":"2018-09-26T09:38:55","guid":{"rendered":"http:\/\/www.jeannedarc-figeac.fr\/college-lycee\/?p=2855"},"modified":"2018-09-26T09:38:55","modified_gmt":"2018-09-26T09:38:55","slug":"de-lecole-vers-college","status":"publish","type":"post","link":"https:\/\/www.jeannedarc-figeac.fr\/college-lycee\/de-lecole-vers-college\/","title":{"rendered":"De l\u2019\u00e9cole vers le Coll\u00e8ge\u2026"},"content":{"rendered":"<p><a href=\"https:\/\/i0.wp.com\/www.jeannedarc-figeac.fr\/college-lycee\/wp-content\/uploads\/sites\/5\/2018\/09\/IMG_20180903_142625-modifie.jpg\"><img data-recalc-dims=\"1\" loading=\"lazy\" decoding=\"async\" class=\"alignnone size-medium wp-image-2856\" src=\"https:\/\/i0.wp.com\/www.jeannedarc-figeac.fr\/college-lycee\/wp-content\/uploads\/sites\/5\/2018\/09\/IMG_20180903_142625-modifie.jpg?resize=300%2C225\" alt=\"\" width=\"300\" height=\"225\" srcset=\"https:\/\/i0.wp.com\/www.jeannedarc-figeac.fr\/college-lycee\/wp-content\/uploads\/sites\/5\/2018\/09\/IMG_20180903_142625-modifie.jpg?resize=300%2C225&amp;ssl=1 300w, https:\/\/i0.wp.com\/www.jeannedarc-figeac.fr\/college-lycee\/wp-content\/uploads\/sites\/5\/2018\/09\/IMG_20180903_142625-modifie.jpg?resize=768%2C576&amp;ssl=1 768w, https:\/\/i0.wp.com\/www.jeannedarc-figeac.fr\/college-lycee\/wp-content\/uploads\/sites\/5\/2018\/09\/IMG_20180903_142625-modifie.jpg?resize=1024%2C768&amp;ssl=1 1024w, https:\/\/i0.wp.com\/www.jeannedarc-figeac.fr\/college-lycee\/wp-content\/uploads\/sites\/5\/2018\/09\/IMG_20180903_142625-modifie.jpg?resize=1080%2C810&amp;ssl=1 1080w, https:\/\/i0.wp.com\/www.jeannedarc-figeac.fr\/college-lycee\/wp-content\/uploads\/sites\/5\/2018\/09\/IMG_20180903_142625-modifie.jpg?w=1600&amp;ssl=1 1600w\" sizes=\"(max-width: 300px) 100vw, 300px\" \/><\/a><a href=\"https:\/\/i0.wp.com\/www.jeannedarc-figeac.fr\/college-lycee\/wp-content\/uploads\/sites\/5\/2018\/09\/IMG_20180903_143213-modifie.jpg\"><img data-recalc-dims=\"1\" loading=\"lazy\" decoding=\"async\" class=\"alignnone size-medium wp-image-2857\" src=\"https:\/\/i0.wp.com\/www.jeannedarc-figeac.fr\/college-lycee\/wp-content\/uploads\/sites\/5\/2018\/09\/IMG_20180903_143213-modifie.jpg?resize=225%2C300\" alt=\"\" width=\"225\" height=\"300\" srcset=\"https:\/\/i0.wp.com\/www.jeannedarc-figeac.fr\/college-lycee\/wp-content\/uploads\/sites\/5\/2018\/09\/IMG_20180903_143213-modifie.jpg?resize=225%2C300&amp;ssl=1 225w, https:\/\/i0.wp.com\/www.jeannedarc-figeac.fr\/college-lycee\/wp-content\/uploads\/sites\/5\/2018\/09\/IMG_20180903_143213-modifie.jpg?resize=768%2C1024&amp;ssl=1 768w, https:\/\/i0.wp.com\/www.jeannedarc-figeac.fr\/college-lycee\/wp-content\/uploads\/sites\/5\/2018\/09\/IMG_20180903_143213-modifie.jpg?resize=1080%2C1440&amp;ssl=1 1080w, https:\/\/i0.wp.com\/www.jeannedarc-figeac.fr\/college-lycee\/wp-content\/uploads\/sites\/5\/2018\/09\/IMG_20180903_143213-modifie.jpg?w=1600&amp;ssl=1 1600w\" sizes=\"(max-width: 225px) 100vw, 225px\" \/><\/a><\/p>\n<p><strong><span style=\"color: #0000ff\">Lundi 3 septembre \u00e0 9h30, les 6<sup>\u00e8me<\/sup> plus nombreux cette ann\u00e9e ont effectu\u00e9 leur rentr\u00e9e au coll\u00e8ge. Une fois l\u2019appel par classe effectu\u00e9, les nouveaux coll\u00e9giens ont \u00e9t\u00e9 pris en charge par leurs professeurs principaux\u00a0pour la matin\u00e9e\u00a0: remise des manuels scolaires, d\u00e9couverte de leurs classes respectives, emploi du temps, documents administratifs, informations diverses\u2026<\/span><\/strong><\/p>\n<p><strong><span style=\"color: #0000ff\">La pause m\u00e9ridienne leur a permis de d\u00e9couvrir le restaurant scolaire et de s\u2019approprier les diff\u00e9rents lieux.<\/span><\/strong><\/p>\n<p><strong><span style=\"color: #0000ff\">D\u00e8s 13h, professeurs et \u00e9l\u00e8ves se sont retrouv\u00e9s \u00e0 la Salle Bal\u00e8ne pour une apr\u00e8s-midi \u00ab\u00a0Teambuilding\u00a0\u00bb\u00a0: diverses activit\u00e9s ludiques ont jalonn\u00e9 l\u2019apr\u00e8s-midi, entrecoup\u00e9es d\u2019une \u00ab\u00a0chor\u00e9graphie\u00a0\u00bb, tout ceci ayant pour but de cr\u00e9er une \u00ab\u00a0coh\u00e9sion de groupe\u00a0\u00bb.<\/span><\/strong><\/p>\n<p><strong><span style=\"color: #0000ff\">De retour au coll\u00e8ge, les nouveaux \u00e9l\u00e8ves se sont retrouv\u00e9s autour d\u2019un go\u00fbter.<\/span><\/strong><\/p>\n<p><strong><span style=\"color: #0000ff\">Enfin, une r\u00e9union d\u2019information pour les parents est venue cl\u00f4turer cette journ\u00e9e.<\/span><\/strong><\/p>\n","protected":false},"excerpt":{"rendered":"<p>Lundi 3 septembre \u00e0 9h30, les 6\u00e8me plus nombreux cette ann\u00e9e ont effectu\u00e9 leur rentr\u00e9e au coll\u00e8ge. Une fois l\u2019appel par classe effectu\u00e9, les nouveaux coll\u00e9giens ont \u00e9t\u00e9 pris en charge par leurs professeurs principaux\u00a0pour la matin\u00e9e\u00a0: remise des manuels scolaires, d\u00e9couverte de leurs classes respectives, emploi du temps, documents administratifs, informations diverses\u2026 La pause [&hellip;]<\/p>\n","protected":false},"author":12,"featured_media":0,"comment_status":"closed","ping_status":"open","sticky":false,"template":"","format":"standard","meta":{"_et_pb_use_builder":"","_et_pb_old_content":"","_et_gb_content_width":"","_jetpack_newsletter_access":"","_jetpack_dont_email_post_to_subs":false,"_jetpack_newsletter_tier_id":0,"_jetpack_memberships_contains_paywalled_content":false,"iawp_total_views":0,"_jetpack_memberships_contains_paid_content":false,"footnotes":""},"categories":[28],"tags":[],"class_list":["post-2855","post","type-post","status-publish","format-standard","hentry","category-actus"],"yoast_head":"<!-- This site is optimized with the Yoast SEO plugin v26.0 - https:\/\/yoast.com\/wordpress\/plugins\/seo\/ -->\n<title>De l\u2019\u00e9cole vers le Coll\u00e8ge\u2026<\/title>\n<meta name=\"description\" content=\"Lundi 3 septembre \u00e0 9h30, les 6\u00e8me plus nombreux cette ann\u00e9e ont effectu\u00e9 leur rentr\u00e9e au coll\u00e8ge. Une fois l\u2019appel par classe effectu\u00e9, les nouveaux\" \/>\n<meta name=\"robots\" content=\"index, follow, max-snippet:-1, max-image-preview:large, max-video-preview:-1\" \/>\n<link rel=\"canonical\" href=\"http:\/\/www.jeannedarc-figeac.fr\/college-lycee\/de-lecole-vers-college\/\" \/>\n<meta property=\"og:locale\" content=\"fr_FR\" \/>\n<meta property=\"og:type\" content=\"article\" \/>\n<meta property=\"og:title\" content=\"De l\u2019\u00e9cole vers le Coll\u00e8ge\u2026\" \/>\n<meta property=\"og:description\" content=\"Lundi 3 septembre \u00e0 9h30, les 6\u00e8me plus nombreux cette ann\u00e9e ont effectu\u00e9 leur rentr\u00e9e au coll\u00e8ge. Une fois l\u2019appel par classe effectu\u00e9, les nouveaux\" \/>\n<meta property=\"og:url\" content=\"http:\/\/www.jeannedarc-figeac.fr\/college-lycee\/de-lecole-vers-college\/\" \/>\n<meta property=\"og:site_name\" content=\"Coll\u00e8ge et Lyc\u00e9e Jeanne d&#039;Arc\" \/>\n<meta property=\"article:published_time\" content=\"2018-09-26T09:38:55+00:00\" \/>\n<meta property=\"og:image\" content=\"http:\/\/www.jeannedarc-figeac.fr\/college-lycee\/wp-content\/uploads\/sites\/5\/2018\/09\/IMG_20180903_142625-modifie-300x225.jpg\" \/>\n<meta name=\"author\" content=\"le secr\u00e9tariat\" \/>\n<script type=\"application\/ld+json\" class=\"yoast-schema-graph\">{\"@context\":\"https:\/\/schema.org\",\"@graph\":[{\"@type\":\"WebPage\",\"@id\":\"http:\/\/www.jeannedarc-figeac.fr\/college-lycee\/de-lecole-vers-college\/\",\"url\":\"http:\/\/www.jeannedarc-figeac.fr\/college-lycee\/de-lecole-vers-college\/\",\"name\":\"De l\u2019\u00e9cole vers le Coll\u00e8ge\u2026\",\"isPartOf\":{\"@id\":\"https:\/\/www.jeannedarc-figeac.fr\/college-lycee\/#website\"},\"primaryImageOfPage\":{\"@id\":\"http:\/\/www.jeannedarc-figeac.fr\/college-lycee\/de-lecole-vers-college\/#primaryimage\"},\"image\":{\"@id\":\"http:\/\/www.jeannedarc-figeac.fr\/college-lycee\/de-lecole-vers-college\/#primaryimage\"},\"thumbnailUrl\":\"http:\/\/www.jeannedarc-figeac.fr\/college-lycee\/wp-content\/uploads\/sites\/5\/2018\/09\/IMG_20180903_142625-modifie-300x225.jpg\",\"datePublished\":\"2018-09-26T09:38:55+00:00\",\"author\":{\"@id\":\"https:\/\/www.jeannedarc-figeac.fr\/college-lycee\/#\/schema\/person\/29e5764f28e895dc8bf41d4468f99154\"},\"description\":\"Lundi 3 septembre \u00e0 9h30, les 6\u00e8me plus nombreux cette ann\u00e9e ont effectu\u00e9 leur rentr\u00e9e au coll\u00e8ge. Une fois l\u2019appel par classe effectu\u00e9, les nouveaux\",\"breadcrumb\":{\"@id\":\"http:\/\/www.jeannedarc-figeac.fr\/college-lycee\/de-lecole-vers-college\/#breadcrumb\"},\"inLanguage\":\"fr-FR\",\"potentialAction\":[{\"@type\":\"ReadAction\",\"target\":[\"http:\/\/www.jeannedarc-figeac.fr\/college-lycee\/de-lecole-vers-college\/\"]}]},{\"@type\":\"ImageObject\",\"inLanguage\":\"fr-FR\",\"@id\":\"http:\/\/www.jeannedarc-figeac.fr\/college-lycee\/de-lecole-vers-college\/#primaryimage\",\"url\":\"https:\/\/i0.wp.com\/www.jeannedarc-figeac.fr\/college-lycee\/wp-content\/uploads\/sites\/5\/2018\/09\/IMG_20180903_142625-modifie.jpg?fit=1600%2C1200&ssl=1\",\"contentUrl\":\"https:\/\/i0.wp.com\/www.jeannedarc-figeac.fr\/college-lycee\/wp-content\/uploads\/sites\/5\/2018\/09\/IMG_20180903_142625-modifie.jpg?fit=1600%2C1200&ssl=1\",\"width\":1600,\"height\":1200},{\"@type\":\"BreadcrumbList\",\"@id\":\"http:\/\/www.jeannedarc-figeac.fr\/college-lycee\/de-lecole-vers-college\/#breadcrumb\",\"itemListElement\":[{\"@type\":\"ListItem\",\"position\":1,\"name\":\"Accueil\",\"item\":\"https:\/\/www.jeannedarc-figeac.fr\/college-lycee\/\"},{\"@type\":\"ListItem\",\"position\":2,\"name\":\"Actus\",\"item\":\"http:\/\/www.jeannedarc-figeac.fr\/college-lycee\/cat\/actus\/\"},{\"@type\":\"ListItem\",\"position\":3,\"name\":\"De l\u2019\u00e9cole vers le Coll\u00e8ge\u2026\"}]},{\"@type\":\"WebSite\",\"@id\":\"https:\/\/www.jeannedarc-figeac.fr\/college-lycee\/#website\",\"url\":\"https:\/\/www.jeannedarc-figeac.fr\/college-lycee\/\",\"name\":\"Coll\u00e8ge et Lyc\u00e9e Jeanne d&#039;Arc\",\"description\":\"Jeanne d&#039;Arc Figeac\",\"potentialAction\":[{\"@type\":\"SearchAction\",\"target\":{\"@type\":\"EntryPoint\",\"urlTemplate\":\"https:\/\/www.jeannedarc-figeac.fr\/college-lycee\/?s={search_term_string}\"},\"query-input\":{\"@type\":\"PropertyValueSpecification\",\"valueRequired\":true,\"valueName\":\"search_term_string\"}}],\"inLanguage\":\"fr-FR\"},{\"@type\":\"Person\",\"@id\":\"https:\/\/www.jeannedarc-figeac.fr\/college-lycee\/#\/schema\/person\/29e5764f28e895dc8bf41d4468f99154\",\"name\":\"le secr\u00e9tariat\",\"image\":{\"@type\":\"ImageObject\",\"inLanguage\":\"fr-FR\",\"@id\":\"https:\/\/www.jeannedarc-figeac.fr\/college-lycee\/#\/schema\/person\/image\/\",\"url\":\"https:\/\/www.jeannedarc-figeac.fr\/college-lycee\/wp-content\/litespeed\/avatar\/5\/b7e8da60f53ba4adc9e9e66d91d84580.jpg?ver=1776943645\",\"contentUrl\":\"https:\/\/www.jeannedarc-figeac.fr\/college-lycee\/wp-content\/litespeed\/avatar\/5\/b7e8da60f53ba4adc9e9e66d91d84580.jpg?ver=1776943645\",\"caption\":\"le secr\u00e9tariat\"},\"url\":\"https:\/\/www.jeannedarc-figeac.fr\/college-lycee\/author\/arlette\/\"}]}<\/script>\n<!-- \/ Yoast SEO plugin. -->","yoast_head_json":{"title":"De l\u2019\u00e9cole vers le Coll\u00e8ge\u2026","description":"Lundi 3 septembre \u00e0 9h30, les 6\u00e8me plus nombreux cette ann\u00e9e ont effectu\u00e9 leur rentr\u00e9e au coll\u00e8ge. Une fois l\u2019appel par classe effectu\u00e9, les nouveaux","robots":{"index":"index","follow":"follow","max-snippet":"max-snippet:-1","max-image-preview":"max-image-preview:large","max-video-preview":"max-video-preview:-1"},"canonical":"http:\/\/www.jeannedarc-figeac.fr\/college-lycee\/de-lecole-vers-college\/","og_locale":"fr_FR","og_type":"article","og_title":"De l\u2019\u00e9cole vers le Coll\u00e8ge\u2026","og_description":"Lundi 3 septembre \u00e0 9h30, les 6\u00e8me plus nombreux cette ann\u00e9e ont effectu\u00e9 leur rentr\u00e9e au coll\u00e8ge. Une fois l\u2019appel par classe effectu\u00e9, les nouveaux","og_url":"http:\/\/www.jeannedarc-figeac.fr\/college-lycee\/de-lecole-vers-college\/","og_site_name":"Coll\u00e8ge et Lyc\u00e9e Jeanne d&#039;Arc","article_published_time":"2018-09-26T09:38:55+00:00","og_image":[{"url":"http:\/\/www.jeannedarc-figeac.fr\/college-lycee\/wp-content\/uploads\/sites\/5\/2018\/09\/IMG_20180903_142625-modifie-300x225.jpg","type":"","width":"","height":""}],"author":"le secr\u00e9tariat","schema":{"@context":"https:\/\/schema.org","@graph":[{"@type":"WebPage","@id":"http:\/\/www.jeannedarc-figeac.fr\/college-lycee\/de-lecole-vers-college\/","url":"http:\/\/www.jeannedarc-figeac.fr\/college-lycee\/de-lecole-vers-college\/","name":"De l\u2019\u00e9cole vers le Coll\u00e8ge\u2026","isPartOf":{"@id":"https:\/\/www.jeannedarc-figeac.fr\/college-lycee\/#website"},"primaryImageOfPage":{"@id":"http:\/\/www.jeannedarc-figeac.fr\/college-lycee\/de-lecole-vers-college\/#primaryimage"},"image":{"@id":"http:\/\/www.jeannedarc-figeac.fr\/college-lycee\/de-lecole-vers-college\/#primaryimage"},"thumbnailUrl":"http:\/\/www.jeannedarc-figeac.fr\/college-lycee\/wp-content\/uploads\/sites\/5\/2018\/09\/IMG_20180903_142625-modifie-300x225.jpg","datePublished":"2018-09-26T09:38:55+00:00","author":{"@id":"https:\/\/www.jeannedarc-figeac.fr\/college-lycee\/#\/schema\/person\/29e5764f28e895dc8bf41d4468f99154"},"description":"Lundi 3 septembre \u00e0 9h30, les 6\u00e8me plus nombreux cette ann\u00e9e ont effectu\u00e9 leur rentr\u00e9e au coll\u00e8ge. Une fois l\u2019appel par classe effectu\u00e9, les nouveaux","breadcrumb":{"@id":"http:\/\/www.jeannedarc-figeac.fr\/college-lycee\/de-lecole-vers-college\/#breadcrumb"},"inLanguage":"fr-FR","potentialAction":[{"@type":"ReadAction","target":["http:\/\/www.jeannedarc-figeac.fr\/college-lycee\/de-lecole-vers-college\/"]}]},{"@type":"ImageObject","inLanguage":"fr-FR","@id":"http:\/\/www.jeannedarc-figeac.fr\/college-lycee\/de-lecole-vers-college\/#primaryimage","url":"https:\/\/i0.wp.com\/www.jeannedarc-figeac.fr\/college-lycee\/wp-content\/uploads\/sites\/5\/2018\/09\/IMG_20180903_142625-modifie.jpg?fit=1600%2C1200&ssl=1","contentUrl":"https:\/\/i0.wp.com\/www.jeannedarc-figeac.fr\/college-lycee\/wp-content\/uploads\/sites\/5\/2018\/09\/IMG_20180903_142625-modifie.jpg?fit=1600%2C1200&ssl=1","width":1600,"height":1200},{"@type":"BreadcrumbList","@id":"http:\/\/www.jeannedarc-figeac.fr\/college-lycee\/de-lecole-vers-college\/#breadcrumb","itemListElement":[{"@type":"ListItem","position":1,"name":"Accueil","item":"https:\/\/www.jeannedarc-figeac.fr\/college-lycee\/"},{"@type":"ListItem","position":2,"name":"Actus","item":"http:\/\/www.jeannedarc-figeac.fr\/college-lycee\/cat\/actus\/"},{"@type":"ListItem","position":3,"name":"De l\u2019\u00e9cole vers le Coll\u00e8ge\u2026"}]},{"@type":"WebSite","@id":"https:\/\/www.jeannedarc-figeac.fr\/college-lycee\/#website","url":"https:\/\/www.jeannedarc-figeac.fr\/college-lycee\/","name":"Coll\u00e8ge et Lyc\u00e9e Jeanne d&#039;Arc","description":"Jeanne d&#039;Arc Figeac","potentialAction":[{"@type":"SearchAction","target":{"@type":"EntryPoint","urlTemplate":"https:\/\/www.jeannedarc-figeac.fr\/college-lycee\/?s={search_term_string}"},"query-input":{"@type":"PropertyValueSpecification","valueRequired":true,"valueName":"search_term_string"}}],"inLanguage":"fr-FR"},{"@type":"Person","@id":"https:\/\/www.jeannedarc-figeac.fr\/college-lycee\/#\/schema\/person\/29e5764f28e895dc8bf41d4468f99154","name":"le secr\u00e9tariat","image":{"@type":"ImageObject","inLanguage":"fr-FR","@id":"https:\/\/www.jeannedarc-figeac.fr\/college-lycee\/#\/schema\/person\/image\/","url":"https:\/\/www.jeannedarc-figeac.fr\/college-lycee\/wp-content\/litespeed\/avatar\/5\/b7e8da60f53ba4adc9e9e66d91d84580.jpg?ver=1776943645","contentUrl":"https:\/\/www.jeannedarc-figeac.fr\/college-lycee\/wp-content\/litespeed\/avatar\/5\/b7e8da60f53ba4adc9e9e66d91d84580.jpg?ver=1776943645","caption":"le secr\u00e9tariat"},"url":"https:\/\/www.jeannedarc-figeac.fr\/college-lycee\/author\/arlette\/"}]}},"jetpack_featured_media_url":"","jetpack_sharing_enabled":true,"jetpack_shortlink":"https:\/\/wp.me\/p5Qyb6-K3","_links":{"self":[{"href":"https:\/\/www.jeannedarc-figeac.fr\/college-lycee\/wp-json\/wp\/v2\/posts\/2855","targetHints":{"allow":["GET"]}}],"collection":[{"href":"https:\/\/www.jeannedarc-figeac.fr\/college-lycee\/wp-json\/wp\/v2\/posts"}],"about":[{"href":"https:\/\/www.jeannedarc-figeac.fr\/college-lycee\/wp-json\/wp\/v2\/types\/post"}],"author":[{"embeddable":true,"href":"https:\/\/www.jeannedarc-figeac.fr\/college-lycee\/wp-json\/wp\/v2\/users\/12"}],"replies":[{"embeddable":true,"href":"https:\/\/www.jeannedarc-figeac.fr\/college-lycee\/wp-json\/wp\/v2\/comments?post=2855"}],"version-history":[{"count":1,"href":"https:\/\/www.jeannedarc-figeac.fr\/college-lycee\/wp-json\/wp\/v2\/posts\/2855\/revisions"}],"predecessor-version":[{"id":2858,"href":"https:\/\/www.jeannedarc-figeac.fr\/college-lycee\/wp-json\/wp\/v2\/posts\/2855\/revisions\/2858"}],"wp:attachment":[{"href":"https:\/\/www.jeannedarc-figeac.fr\/college-lycee\/wp-json\/wp\/v2\/media?parent=2855"}],"wp:term":[{"taxonomy":"category","embeddable":true,"href":"https:\/\/www.jeannedarc-figeac.fr\/college-lycee\/wp-json\/wp\/v2\/categories?post=2855"},{"taxonomy":"post_tag","embeddable":true,"href":"https:\/\/www.jeannedarc-figeac.fr\/college-lycee\/wp-json\/wp\/v2\/tags?post=2855"}],"curies":[{"name":"wp","href":"https:\/\/api.w.org\/{rel}","templated":true}]}}