{"id":2841,"date":"2018-06-20T09:41:24","date_gmt":"2018-06-20T09:41:24","guid":{"rendered":"http:\/\/www.jeannedarc-figeac.fr\/college-lycee\/?p=2841"},"modified":"2018-06-20T09:41:24","modified_gmt":"2018-06-20T09:41:24","slug":"journee-latin","status":"publish","type":"post","link":"https:\/\/www.jeannedarc-figeac.fr\/college-lycee\/journee-latin\/","title":{"rendered":"JOURNEE LATIN"},"content":{"rendered":"<p><a href=\"https:\/\/i0.wp.com\/www.jeannedarc-figeac.fr\/college-lycee\/wp-content\/uploads\/sites\/5\/2018\/06\/latin-2-bis.jpg\"><img data-recalc-dims=\"1\" loading=\"lazy\" decoding=\"async\" class=\"alignnone size-medium wp-image-2842\" src=\"https:\/\/i0.wp.com\/www.jeannedarc-figeac.fr\/college-lycee\/wp-content\/uploads\/sites\/5\/2018\/06\/latin-2-bis.jpg?resize=300%2C225\" alt=\"\" width=\"300\" height=\"225\" srcset=\"https:\/\/i0.wp.com\/www.jeannedarc-figeac.fr\/college-lycee\/wp-content\/uploads\/sites\/5\/2018\/06\/latin-2-bis.jpg?resize=300%2C225&amp;ssl=1 300w, https:\/\/i0.wp.com\/www.jeannedarc-figeac.fr\/college-lycee\/wp-content\/uploads\/sites\/5\/2018\/06\/latin-2-bis.jpg?resize=768%2C576&amp;ssl=1 768w, https:\/\/i0.wp.com\/www.jeannedarc-figeac.fr\/college-lycee\/wp-content\/uploads\/sites\/5\/2018\/06\/latin-2-bis.jpg?resize=1024%2C768&amp;ssl=1 1024w, https:\/\/i0.wp.com\/www.jeannedarc-figeac.fr\/college-lycee\/wp-content\/uploads\/sites\/5\/2018\/06\/latin-2-bis.jpg?resize=1080%2C810&amp;ssl=1 1080w, https:\/\/i0.wp.com\/www.jeannedarc-figeac.fr\/college-lycee\/wp-content\/uploads\/sites\/5\/2018\/06\/latin-2-bis.jpg?w=1600&amp;ssl=1 1600w\" sizes=\"(max-width: 300px) 100vw, 300px\" \/><\/a><\/p>\n<p><span style=\"color: #008080\"><strong>\u00a0Notre d\u00e9sormais traditionnelle \u00ab\u00a0Journ\u00e9e Latin\u00a0\u00bb s\u2019adossait cette ann\u00e9e, tout naturellement, \u00e0 la c\u00e9l\u00e9bration, haute en couleurs, de l\u2019Europe , les 17 et 18 mai \u00a0; l\u2019occasion de rappeler que la langue latine fut sa matrice\u00a0.<\/strong><\/span><\/p>\n<p><span style=\"color: #008080\"><strong>\u00a0\u00ab\u00a0Regagnez vos P\u00e9nates\u00a0!\u00a0\u00bb pouvait-on lire sur les affiches. Le th\u00e8me choisi nous permettait d\u2019entrer dans l\u2019intimit\u00e9 de ces lointains aieux, en poussant la porte de leur domus. Pour rappel, les P\u00e9nates ne sont ni des chaussons\u00a0 ni des instruments de musique (r\u00e9ponse a et b du concours culturel) mais de petits dieux domestiques attentifs \u00e0 la prosp\u00e9rit\u00e9 d\u2019une demeure\u00a0: ils ont leur place \u00e0 table , on leur offre un peu de sel ou quelques fruits . Et leur culte souligne l\u2019importance du foyer\u00a0: ainsi, nous voulions toucher la dimension la plus humaine de cette soci\u00e9t\u00e9, loin du tumulte du forum, des thermes ou du cirque.<\/strong><\/span><\/p>\n<p><span style=\"color: #008080\"><strong>\u00a0Les \u00e9l\u00e8ves ont r\u00e9pondu pr\u00e9sents\u00a0: les coll\u00e9giens qui ont boucl\u00e9 leur expo malgr\u00e9 les difficult\u00e9s du calendrier, les secondes qui ont encadr\u00e9 avec beaucoup de vigueur les plus jeunes, concevant des jeux soign\u00e9s et des questionnaires crois\u00e9s. Mention sp\u00e9ciale aux sixi\u00e8mes\u00a0! ils ont \u00e9pat\u00e9 leurs professeurs par leur s\u00e9rieux et leur ardeur. La course de chars fut du m\u00eame tonneau, \u00e9nergique et fougueuse\u00a0; en t\u00e9moigne l\u2019arriv\u00e9e fracassante des attelages f\u00e9minins, avec<\/strong> <strong>une roue bris\u00e9e net (comme dans Ben-Hur, \u2026.oui ) mais rassurez-vous, le char sera dirig\u00e9 vers l\u2019atelier d\u00e9pannage.<\/strong><\/span><\/p>\n<p><span style=\"color: #008080\"><strong>Matys monte sur la plus haute marche du podium culturel, \u00e0 un souffle de William et de Camille : il savait, lui, que la tortue \u00e9tait aussi une formation de combat\u00a0! et Clara est d\u00e9sormais notre meilleure p\u00e2tissi\u00e8re\u00a0! La section latin s\u2019est retrouv\u00e9e enfin pour visionner des reconstitutions en 3D de maisons romaines, \u00e9videmment tr\u00e8s parlantes. Quelques g\u00e2teaux, une photo de groupe ont cl\u00f4tur\u00e9 cette journ\u00e9e, sous le soleil \u00a0!<\/strong><\/span><\/p>\n<p><span style=\"color: #008080\"><strong>La nouvelle \u00e9quipe de latin, fourbue, mais d\u00e9sormais soud\u00e9e, compte bien r\u00e9cidiver.<\/strong><\/span><\/p>\n<p>&nbsp;<\/p>\n","protected":false},"excerpt":{"rendered":"<p>\u00a0Notre d\u00e9sormais traditionnelle \u00ab\u00a0Journ\u00e9e Latin\u00a0\u00bb s\u2019adossait cette ann\u00e9e, tout naturellement, \u00e0 la c\u00e9l\u00e9bration, haute en couleurs, de l\u2019Europe , les 17 et 18 mai \u00a0; l\u2019occasion de rappeler que la langue latine fut sa matrice\u00a0. \u00a0\u00ab\u00a0Regagnez vos P\u00e9nates\u00a0!\u00a0\u00bb pouvait-on lire sur les affiches. Le th\u00e8me choisi nous permettait d\u2019entrer dans l\u2019intimit\u00e9 de ces lointains aieux, [&hellip;]<\/p>\n","protected":false},"author":12,"featured_media":0,"comment_status":"closed","ping_status":"open","sticky":false,"template":"","format":"standard","meta":{"_et_pb_use_builder":"","_et_pb_old_content":"","_et_gb_content_width":"","_jetpack_newsletter_access":"","_jetpack_dont_email_post_to_subs":false,"_jetpack_newsletter_tier_id":0,"_jetpack_memberships_contains_paywalled_content":false,"iawp_total_views":1,"_jetpack_memberships_contains_paid_content":false,"footnotes":""},"categories":[28],"tags":[],"class_list":["post-2841","post","type-post","status-publish","format-standard","hentry","category-actus"],"yoast_head":"<!-- This site is optimized with the Yoast SEO plugin v26.0 - https:\/\/yoast.com\/wordpress\/plugins\/seo\/ -->\n<title>JOURNEE LATIN<\/title>\n<meta name=\"description\" content=\"\u00a0Notre d\u00e9sormais traditionnelle \u00ab\u00a0Journ\u00e9e Latin\u00a0\u00bb s\u2019adossait cette ann\u00e9e, tout naturellement, \u00e0 la c\u00e9l\u00e9bration, haute en couleurs, de l\u2019Europe , les 17 et\" \/>\n<meta name=\"robots\" content=\"index, follow, max-snippet:-1, max-image-preview:large, max-video-preview:-1\" \/>\n<link rel=\"canonical\" href=\"https:\/\/www.jeannedarc-figeac.fr\/college-lycee\/journee-latin\/\" \/>\n<meta property=\"og:locale\" content=\"fr_FR\" \/>\n<meta property=\"og:type\" content=\"article\" \/>\n<meta property=\"og:title\" content=\"JOURNEE LATIN\" \/>\n<meta property=\"og:description\" content=\"\u00a0Notre d\u00e9sormais traditionnelle \u00ab\u00a0Journ\u00e9e Latin\u00a0\u00bb s\u2019adossait cette ann\u00e9e, tout naturellement, \u00e0 la c\u00e9l\u00e9bration, haute en couleurs, de l\u2019Europe , les 17 et\" \/>\n<meta property=\"og:url\" content=\"https:\/\/www.jeannedarc-figeac.fr\/college-lycee\/journee-latin\/\" \/>\n<meta property=\"og:site_name\" content=\"Coll\u00e8ge et Lyc\u00e9e Jeanne d&#039;Arc\" \/>\n<meta property=\"article:published_time\" content=\"2018-06-20T09:41:24+00:00\" \/>\n<meta property=\"og:image\" content=\"http:\/\/www.jeannedarc-figeac.fr\/college-lycee\/wp-content\/uploads\/sites\/5\/2018\/06\/latin-2-bis-300x225.jpg\" \/>\n<meta name=\"author\" content=\"le secr\u00e9tariat\" \/>\n<script type=\"application\/ld+json\" class=\"yoast-schema-graph\">{\"@context\":\"https:\/\/schema.org\",\"@graph\":[{\"@type\":\"WebPage\",\"@id\":\"https:\/\/www.jeannedarc-figeac.fr\/college-lycee\/journee-latin\/\",\"url\":\"https:\/\/www.jeannedarc-figeac.fr\/college-lycee\/journee-latin\/\",\"name\":\"JOURNEE LATIN\",\"isPartOf\":{\"@id\":\"https:\/\/www.jeannedarc-figeac.fr\/college-lycee\/#website\"},\"primaryImageOfPage\":{\"@id\":\"https:\/\/www.jeannedarc-figeac.fr\/college-lycee\/journee-latin\/#primaryimage\"},\"image\":{\"@id\":\"https:\/\/www.jeannedarc-figeac.fr\/college-lycee\/journee-latin\/#primaryimage\"},\"thumbnailUrl\":\"http:\/\/www.jeannedarc-figeac.fr\/college-lycee\/wp-content\/uploads\/sites\/5\/2018\/06\/latin-2-bis-300x225.jpg\",\"datePublished\":\"2018-06-20T09:41:24+00:00\",\"author\":{\"@id\":\"https:\/\/www.jeannedarc-figeac.fr\/college-lycee\/#\/schema\/person\/29e5764f28e895dc8bf41d4468f99154\"},\"description\":\"\u00a0Notre d\u00e9sormais traditionnelle \u00ab\u00a0Journ\u00e9e Latin\u00a0\u00bb s\u2019adossait cette ann\u00e9e, tout naturellement, \u00e0 la c\u00e9l\u00e9bration, haute en couleurs, de l\u2019Europe , les 17 et\",\"breadcrumb\":{\"@id\":\"https:\/\/www.jeannedarc-figeac.fr\/college-lycee\/journee-latin\/#breadcrumb\"},\"inLanguage\":\"fr-FR\",\"potentialAction\":[{\"@type\":\"ReadAction\",\"target\":[\"https:\/\/www.jeannedarc-figeac.fr\/college-lycee\/journee-latin\/\"]}]},{\"@type\":\"ImageObject\",\"inLanguage\":\"fr-FR\",\"@id\":\"https:\/\/www.jeannedarc-figeac.fr\/college-lycee\/journee-latin\/#primaryimage\",\"url\":\"https:\/\/i0.wp.com\/www.jeannedarc-figeac.fr\/college-lycee\/wp-content\/uploads\/sites\/5\/2018\/06\/latin-2-bis.jpg?fit=1600%2C1200&ssl=1\",\"contentUrl\":\"https:\/\/i0.wp.com\/www.jeannedarc-figeac.fr\/college-lycee\/wp-content\/uploads\/sites\/5\/2018\/06\/latin-2-bis.jpg?fit=1600%2C1200&ssl=1\",\"width\":1600,\"height\":1200},{\"@type\":\"BreadcrumbList\",\"@id\":\"https:\/\/www.jeannedarc-figeac.fr\/college-lycee\/journee-latin\/#breadcrumb\",\"itemListElement\":[{\"@type\":\"ListItem\",\"position\":1,\"name\":\"Accueil\",\"item\":\"https:\/\/www.jeannedarc-figeac.fr\/college-lycee\/\"},{\"@type\":\"ListItem\",\"position\":2,\"name\":\"Actus\",\"item\":\"http:\/\/www.jeannedarc-figeac.fr\/college-lycee\/cat\/actus\/\"},{\"@type\":\"ListItem\",\"position\":3,\"name\":\"JOURNEE LATIN\"}]},{\"@type\":\"WebSite\",\"@id\":\"https:\/\/www.jeannedarc-figeac.fr\/college-lycee\/#website\",\"url\":\"https:\/\/www.jeannedarc-figeac.fr\/college-lycee\/\",\"name\":\"Coll\u00e8ge et Lyc\u00e9e Jeanne d&#039;Arc\",\"description\":\"Jeanne d&#039;Arc Figeac\",\"potentialAction\":[{\"@type\":\"SearchAction\",\"target\":{\"@type\":\"EntryPoint\",\"urlTemplate\":\"https:\/\/www.jeannedarc-figeac.fr\/college-lycee\/?s={search_term_string}\"},\"query-input\":{\"@type\":\"PropertyValueSpecification\",\"valueRequired\":true,\"valueName\":\"search_term_string\"}}],\"inLanguage\":\"fr-FR\"},{\"@type\":\"Person\",\"@id\":\"https:\/\/www.jeannedarc-figeac.fr\/college-lycee\/#\/schema\/person\/29e5764f28e895dc8bf41d4468f99154\",\"name\":\"le secr\u00e9tariat\",\"image\":{\"@type\":\"ImageObject\",\"inLanguage\":\"fr-FR\",\"@id\":\"https:\/\/www.jeannedarc-figeac.fr\/college-lycee\/#\/schema\/person\/image\/\",\"url\":\"https:\/\/www.jeannedarc-figeac.fr\/college-lycee\/wp-content\/litespeed\/avatar\/5\/b7e8da60f53ba4adc9e9e66d91d84580.jpg?ver=1776943645\",\"contentUrl\":\"https:\/\/www.jeannedarc-figeac.fr\/college-lycee\/wp-content\/litespeed\/avatar\/5\/b7e8da60f53ba4adc9e9e66d91d84580.jpg?ver=1776943645\",\"caption\":\"le secr\u00e9tariat\"},\"url\":\"https:\/\/www.jeannedarc-figeac.fr\/college-lycee\/author\/arlette\/\"}]}<\/script>\n<!-- \/ Yoast SEO plugin. -->","yoast_head_json":{"title":"JOURNEE LATIN","description":"\u00a0Notre d\u00e9sormais traditionnelle \u00ab\u00a0Journ\u00e9e Latin\u00a0\u00bb s\u2019adossait cette ann\u00e9e, tout naturellement, \u00e0 la c\u00e9l\u00e9bration, haute en couleurs, de l\u2019Europe , les 17 et","robots":{"index":"index","follow":"follow","max-snippet":"max-snippet:-1","max-image-preview":"max-image-preview:large","max-video-preview":"max-video-preview:-1"},"canonical":"https:\/\/www.jeannedarc-figeac.fr\/college-lycee\/journee-latin\/","og_locale":"fr_FR","og_type":"article","og_title":"JOURNEE LATIN","og_description":"\u00a0Notre d\u00e9sormais traditionnelle \u00ab\u00a0Journ\u00e9e Latin\u00a0\u00bb s\u2019adossait cette ann\u00e9e, tout naturellement, \u00e0 la c\u00e9l\u00e9bration, haute en couleurs, de l\u2019Europe , les 17 et","og_url":"https:\/\/www.jeannedarc-figeac.fr\/college-lycee\/journee-latin\/","og_site_name":"Coll\u00e8ge et Lyc\u00e9e Jeanne d&#039;Arc","article_published_time":"2018-06-20T09:41:24+00:00","og_image":[{"url":"http:\/\/www.jeannedarc-figeac.fr\/college-lycee\/wp-content\/uploads\/sites\/5\/2018\/06\/latin-2-bis-300x225.jpg","type":"","width":"","height":""}],"author":"le secr\u00e9tariat","schema":{"@context":"https:\/\/schema.org","@graph":[{"@type":"WebPage","@id":"https:\/\/www.jeannedarc-figeac.fr\/college-lycee\/journee-latin\/","url":"https:\/\/www.jeannedarc-figeac.fr\/college-lycee\/journee-latin\/","name":"JOURNEE LATIN","isPartOf":{"@id":"https:\/\/www.jeannedarc-figeac.fr\/college-lycee\/#website"},"primaryImageOfPage":{"@id":"https:\/\/www.jeannedarc-figeac.fr\/college-lycee\/journee-latin\/#primaryimage"},"image":{"@id":"https:\/\/www.jeannedarc-figeac.fr\/college-lycee\/journee-latin\/#primaryimage"},"thumbnailUrl":"http:\/\/www.jeannedarc-figeac.fr\/college-lycee\/wp-content\/uploads\/sites\/5\/2018\/06\/latin-2-bis-300x225.jpg","datePublished":"2018-06-20T09:41:24+00:00","author":{"@id":"https:\/\/www.jeannedarc-figeac.fr\/college-lycee\/#\/schema\/person\/29e5764f28e895dc8bf41d4468f99154"},"description":"\u00a0Notre d\u00e9sormais traditionnelle \u00ab\u00a0Journ\u00e9e Latin\u00a0\u00bb s\u2019adossait cette ann\u00e9e, tout naturellement, \u00e0 la c\u00e9l\u00e9bration, haute en couleurs, de l\u2019Europe , les 17 et","breadcrumb":{"@id":"https:\/\/www.jeannedarc-figeac.fr\/college-lycee\/journee-latin\/#breadcrumb"},"inLanguage":"fr-FR","potentialAction":[{"@type":"ReadAction","target":["https:\/\/www.jeannedarc-figeac.fr\/college-lycee\/journee-latin\/"]}]},{"@type":"ImageObject","inLanguage":"fr-FR","@id":"https:\/\/www.jeannedarc-figeac.fr\/college-lycee\/journee-latin\/#primaryimage","url":"https:\/\/i0.wp.com\/www.jeannedarc-figeac.fr\/college-lycee\/wp-content\/uploads\/sites\/5\/2018\/06\/latin-2-bis.jpg?fit=1600%2C1200&ssl=1","contentUrl":"https:\/\/i0.wp.com\/www.jeannedarc-figeac.fr\/college-lycee\/wp-content\/uploads\/sites\/5\/2018\/06\/latin-2-bis.jpg?fit=1600%2C1200&ssl=1","width":1600,"height":1200},{"@type":"BreadcrumbList","@id":"https:\/\/www.jeannedarc-figeac.fr\/college-lycee\/journee-latin\/#breadcrumb","itemListElement":[{"@type":"ListItem","position":1,"name":"Accueil","item":"https:\/\/www.jeannedarc-figeac.fr\/college-lycee\/"},{"@type":"ListItem","position":2,"name":"Actus","item":"http:\/\/www.jeannedarc-figeac.fr\/college-lycee\/cat\/actus\/"},{"@type":"ListItem","position":3,"name":"JOURNEE LATIN"}]},{"@type":"WebSite","@id":"https:\/\/www.jeannedarc-figeac.fr\/college-lycee\/#website","url":"https:\/\/www.jeannedarc-figeac.fr\/college-lycee\/","name":"Coll\u00e8ge et Lyc\u00e9e Jeanne d&#039;Arc","description":"Jeanne d&#039;Arc Figeac","potentialAction":[{"@type":"SearchAction","target":{"@type":"EntryPoint","urlTemplate":"https:\/\/www.jeannedarc-figeac.fr\/college-lycee\/?s={search_term_string}"},"query-input":{"@type":"PropertyValueSpecification","valueRequired":true,"valueName":"search_term_string"}}],"inLanguage":"fr-FR"},{"@type":"Person","@id":"https:\/\/www.jeannedarc-figeac.fr\/college-lycee\/#\/schema\/person\/29e5764f28e895dc8bf41d4468f99154","name":"le secr\u00e9tariat","image":{"@type":"ImageObject","inLanguage":"fr-FR","@id":"https:\/\/www.jeannedarc-figeac.fr\/college-lycee\/#\/schema\/person\/image\/","url":"https:\/\/www.jeannedarc-figeac.fr\/college-lycee\/wp-content\/litespeed\/avatar\/5\/b7e8da60f53ba4adc9e9e66d91d84580.jpg?ver=1776943645","contentUrl":"https:\/\/www.jeannedarc-figeac.fr\/college-lycee\/wp-content\/litespeed\/avatar\/5\/b7e8da60f53ba4adc9e9e66d91d84580.jpg?ver=1776943645","caption":"le secr\u00e9tariat"},"url":"https:\/\/www.jeannedarc-figeac.fr\/college-lycee\/author\/arlette\/"}]}},"jetpack_featured_media_url":"","jetpack_sharing_enabled":true,"jetpack_shortlink":"https:\/\/wp.me\/p5Qyb6-JP","_links":{"self":[{"href":"https:\/\/www.jeannedarc-figeac.fr\/college-lycee\/wp-json\/wp\/v2\/posts\/2841","targetHints":{"allow":["GET"]}}],"collection":[{"href":"https:\/\/www.jeannedarc-figeac.fr\/college-lycee\/wp-json\/wp\/v2\/posts"}],"about":[{"href":"https:\/\/www.jeannedarc-figeac.fr\/college-lycee\/wp-json\/wp\/v2\/types\/post"}],"author":[{"embeddable":true,"href":"https:\/\/www.jeannedarc-figeac.fr\/college-lycee\/wp-json\/wp\/v2\/users\/12"}],"replies":[{"embeddable":true,"href":"https:\/\/www.jeannedarc-figeac.fr\/college-lycee\/wp-json\/wp\/v2\/comments?post=2841"}],"version-history":[{"count":1,"href":"https:\/\/www.jeannedarc-figeac.fr\/college-lycee\/wp-json\/wp\/v2\/posts\/2841\/revisions"}],"predecessor-version":[{"id":2843,"href":"https:\/\/www.jeannedarc-figeac.fr\/college-lycee\/wp-json\/wp\/v2\/posts\/2841\/revisions\/2843"}],"wp:attachment":[{"href":"https:\/\/www.jeannedarc-figeac.fr\/college-lycee\/wp-json\/wp\/v2\/media?parent=2841"}],"wp:term":[{"taxonomy":"category","embeddable":true,"href":"https:\/\/www.jeannedarc-figeac.fr\/college-lycee\/wp-json\/wp\/v2\/categories?post=2841"},{"taxonomy":"post_tag","embeddable":true,"href":"https:\/\/www.jeannedarc-figeac.fr\/college-lycee\/wp-json\/wp\/v2\/tags?post=2841"}],"curies":[{"name":"wp","href":"https:\/\/api.w.org\/{rel}","templated":true}]}}