{"id":2812,"date":"2018-06-11T09:00:42","date_gmt":"2018-06-11T09:00:42","guid":{"rendered":"http:\/\/www.jeannedarc-figeac.fr\/college-lycee\/?p=2812"},"modified":"2018-06-11T09:00:42","modified_gmt":"2018-06-11T09:00:42","slug":"echange-espagne","status":"publish","type":"post","link":"https:\/\/www.jeannedarc-figeac.fr\/college-lycee\/echange-espagne\/","title":{"rendered":"Echange Espagne"},"content":{"rendered":"<p><a href=\"https:\/\/i0.wp.com\/www.jeannedarc-figeac.fr\/college-lycee\/wp-content\/uploads\/sites\/5\/2018\/06\/IMG_1614-bis.jpg\"><img data-recalc-dims=\"1\" loading=\"lazy\" decoding=\"async\" class=\"alignnone size-medium wp-image-2813\" src=\"https:\/\/i0.wp.com\/www.jeannedarc-figeac.fr\/college-lycee\/wp-content\/uploads\/sites\/5\/2018\/06\/IMG_1614-bis.jpg?resize=300%2C200\" alt=\"\" width=\"300\" height=\"200\" srcset=\"https:\/\/i0.wp.com\/www.jeannedarc-figeac.fr\/college-lycee\/wp-content\/uploads\/sites\/5\/2018\/06\/IMG_1614-bis.jpg?resize=300%2C200&amp;ssl=1 300w, https:\/\/i0.wp.com\/www.jeannedarc-figeac.fr\/college-lycee\/wp-content\/uploads\/sites\/5\/2018\/06\/IMG_1614-bis.jpg?resize=768%2C512&amp;ssl=1 768w, https:\/\/i0.wp.com\/www.jeannedarc-figeac.fr\/college-lycee\/wp-content\/uploads\/sites\/5\/2018\/06\/IMG_1614-bis.jpg?resize=1024%2C683&amp;ssl=1 1024w, https:\/\/i0.wp.com\/www.jeannedarc-figeac.fr\/college-lycee\/wp-content\/uploads\/sites\/5\/2018\/06\/IMG_1614-bis.jpg?resize=1080%2C720&amp;ssl=1 1080w, https:\/\/i0.wp.com\/www.jeannedarc-figeac.fr\/college-lycee\/wp-content\/uploads\/sites\/5\/2018\/06\/IMG_1614-bis.jpg?w=1600&amp;ssl=1 1600w\" sizes=\"(max-width: 300px) 100vw, 300px\" \/><\/a><a href=\"https:\/\/i0.wp.com\/www.jeannedarc-figeac.fr\/college-lycee\/wp-content\/uploads\/sites\/5\/2018\/06\/IMG_2361-bis.jpg\"><img data-recalc-dims=\"1\" loading=\"lazy\" decoding=\"async\" class=\"alignnone size-medium wp-image-2814\" src=\"https:\/\/i0.wp.com\/www.jeannedarc-figeac.fr\/college-lycee\/wp-content\/uploads\/sites\/5\/2018\/06\/IMG_2361-bis.jpg?resize=300%2C200\" alt=\"\" width=\"300\" height=\"200\" srcset=\"https:\/\/i0.wp.com\/www.jeannedarc-figeac.fr\/college-lycee\/wp-content\/uploads\/sites\/5\/2018\/06\/IMG_2361-bis.jpg?resize=300%2C200&amp;ssl=1 300w, https:\/\/i0.wp.com\/www.jeannedarc-figeac.fr\/college-lycee\/wp-content\/uploads\/sites\/5\/2018\/06\/IMG_2361-bis.jpg?resize=768%2C512&amp;ssl=1 768w, https:\/\/i0.wp.com\/www.jeannedarc-figeac.fr\/college-lycee\/wp-content\/uploads\/sites\/5\/2018\/06\/IMG_2361-bis.jpg?resize=1024%2C683&amp;ssl=1 1024w, https:\/\/i0.wp.com\/www.jeannedarc-figeac.fr\/college-lycee\/wp-content\/uploads\/sites\/5\/2018\/06\/IMG_2361-bis.jpg?resize=1080%2C720&amp;ssl=1 1080w, https:\/\/i0.wp.com\/www.jeannedarc-figeac.fr\/college-lycee\/wp-content\/uploads\/sites\/5\/2018\/06\/IMG_2361-bis.jpg?w=1600&amp;ssl=1 1600w\" sizes=\"(max-width: 300px) 100vw, 300px\" \/><\/a><\/p>\n<p><a href=\"https:\/\/i0.wp.com\/www.jeannedarc-figeac.fr\/college-lycee\/wp-content\/uploads\/sites\/5\/2018\/06\/IMG_1370-bis.jpg\"><img data-recalc-dims=\"1\" loading=\"lazy\" decoding=\"async\" class=\"alignnone size-medium wp-image-2815\" src=\"https:\/\/i0.wp.com\/www.jeannedarc-figeac.fr\/college-lycee\/wp-content\/uploads\/sites\/5\/2018\/06\/IMG_1370-bis.jpg?resize=200%2C300\" alt=\"\" width=\"200\" height=\"300\" srcset=\"https:\/\/i0.wp.com\/www.jeannedarc-figeac.fr\/college-lycee\/wp-content\/uploads\/sites\/5\/2018\/06\/IMG_1370-bis.jpg?resize=200%2C300&amp;ssl=1 200w, https:\/\/i0.wp.com\/www.jeannedarc-figeac.fr\/college-lycee\/wp-content\/uploads\/sites\/5\/2018\/06\/IMG_1370-bis.jpg?resize=768%2C1152&amp;ssl=1 768w, https:\/\/i0.wp.com\/www.jeannedarc-figeac.fr\/college-lycee\/wp-content\/uploads\/sites\/5\/2018\/06\/IMG_1370-bis.jpg?resize=683%2C1024&amp;ssl=1 683w, https:\/\/i0.wp.com\/www.jeannedarc-figeac.fr\/college-lycee\/wp-content\/uploads\/sites\/5\/2018\/06\/IMG_1370-bis.jpg?resize=1080%2C1620&amp;ssl=1 1080w, https:\/\/i0.wp.com\/www.jeannedarc-figeac.fr\/college-lycee\/wp-content\/uploads\/sites\/5\/2018\/06\/IMG_1370-bis.jpg?w=1600&amp;ssl=1 1600w\" sizes=\"(max-width: 200px) 100vw, 200px\" \/><\/a><a href=\"https:\/\/i0.wp.com\/www.jeannedarc-figeac.fr\/college-lycee\/wp-content\/uploads\/sites\/5\/2018\/06\/IMG_1420-bis.jpg\"><img data-recalc-dims=\"1\" loading=\"lazy\" decoding=\"async\" class=\"alignnone size-medium wp-image-2816\" src=\"https:\/\/i0.wp.com\/www.jeannedarc-figeac.fr\/college-lycee\/wp-content\/uploads\/sites\/5\/2018\/06\/IMG_1420-bis.jpg?resize=294%2C300\" alt=\"\" width=\"294\" height=\"300\" srcset=\"https:\/\/i0.wp.com\/www.jeannedarc-figeac.fr\/college-lycee\/wp-content\/uploads\/sites\/5\/2018\/06\/IMG_1420-bis.jpg?resize=294%2C300&amp;ssl=1 294w, https:\/\/i0.wp.com\/www.jeannedarc-figeac.fr\/college-lycee\/wp-content\/uploads\/sites\/5\/2018\/06\/IMG_1420-bis.jpg?resize=768%2C784&amp;ssl=1 768w, https:\/\/i0.wp.com\/www.jeannedarc-figeac.fr\/college-lycee\/wp-content\/uploads\/sites\/5\/2018\/06\/IMG_1420-bis.jpg?resize=1003%2C1024&amp;ssl=1 1003w, https:\/\/i0.wp.com\/www.jeannedarc-figeac.fr\/college-lycee\/wp-content\/uploads\/sites\/5\/2018\/06\/IMG_1420-bis.jpg?resize=1080%2C1103&amp;ssl=1 1080w, https:\/\/i0.wp.com\/www.jeannedarc-figeac.fr\/college-lycee\/wp-content\/uploads\/sites\/5\/2018\/06\/IMG_1420-bis.jpg?w=1600&amp;ssl=1 1600w\" sizes=\"(max-width: 294px) 100vw, 294px\" \/><\/a><\/p>\n<p><a href=\"https:\/\/i0.wp.com\/www.jeannedarc-figeac.fr\/college-lycee\/wp-content\/uploads\/sites\/5\/2018\/06\/IMG_2476-bis.jpg\"><img data-recalc-dims=\"1\" loading=\"lazy\" decoding=\"async\" class=\"alignnone size-medium wp-image-2817\" src=\"https:\/\/i0.wp.com\/www.jeannedarc-figeac.fr\/college-lycee\/wp-content\/uploads\/sites\/5\/2018\/06\/IMG_2476-bis.jpg?resize=300%2C200\" alt=\"\" width=\"300\" height=\"200\" srcset=\"https:\/\/i0.wp.com\/www.jeannedarc-figeac.fr\/college-lycee\/wp-content\/uploads\/sites\/5\/2018\/06\/IMG_2476-bis.jpg?resize=300%2C200&amp;ssl=1 300w, https:\/\/i0.wp.com\/www.jeannedarc-figeac.fr\/college-lycee\/wp-content\/uploads\/sites\/5\/2018\/06\/IMG_2476-bis.jpg?resize=768%2C512&amp;ssl=1 768w, https:\/\/i0.wp.com\/www.jeannedarc-figeac.fr\/college-lycee\/wp-content\/uploads\/sites\/5\/2018\/06\/IMG_2476-bis.jpg?resize=1024%2C683&amp;ssl=1 1024w, https:\/\/i0.wp.com\/www.jeannedarc-figeac.fr\/college-lycee\/wp-content\/uploads\/sites\/5\/2018\/06\/IMG_2476-bis.jpg?resize=1080%2C720&amp;ssl=1 1080w, https:\/\/i0.wp.com\/www.jeannedarc-figeac.fr\/college-lycee\/wp-content\/uploads\/sites\/5\/2018\/06\/IMG_2476-bis.jpg?w=1600&amp;ssl=1 1600w\" sizes=\"(max-width: 300px) 100vw, 300px\" \/><\/a><a href=\"https:\/\/i0.wp.com\/www.jeannedarc-figeac.fr\/college-lycee\/wp-content\/uploads\/sites\/5\/2018\/06\/IMG_2443-bis.jpg\"><img data-recalc-dims=\"1\" loading=\"lazy\" decoding=\"async\" class=\"alignnone size-medium wp-image-2818\" src=\"https:\/\/i0.wp.com\/www.jeannedarc-figeac.fr\/college-lycee\/wp-content\/uploads\/sites\/5\/2018\/06\/IMG_2443-bis.jpg?resize=300%2C200\" alt=\"\" width=\"300\" height=\"200\" srcset=\"https:\/\/i0.wp.com\/www.jeannedarc-figeac.fr\/college-lycee\/wp-content\/uploads\/sites\/5\/2018\/06\/IMG_2443-bis.jpg?resize=300%2C200&amp;ssl=1 300w, https:\/\/i0.wp.com\/www.jeannedarc-figeac.fr\/college-lycee\/wp-content\/uploads\/sites\/5\/2018\/06\/IMG_2443-bis.jpg?resize=768%2C512&amp;ssl=1 768w, https:\/\/i0.wp.com\/www.jeannedarc-figeac.fr\/college-lycee\/wp-content\/uploads\/sites\/5\/2018\/06\/IMG_2443-bis.jpg?resize=1024%2C683&amp;ssl=1 1024w, https:\/\/i0.wp.com\/www.jeannedarc-figeac.fr\/college-lycee\/wp-content\/uploads\/sites\/5\/2018\/06\/IMG_2443-bis.jpg?resize=1080%2C720&amp;ssl=1 1080w, https:\/\/i0.wp.com\/www.jeannedarc-figeac.fr\/college-lycee\/wp-content\/uploads\/sites\/5\/2018\/06\/IMG_2443-bis.jpg?w=1600&amp;ssl=1 1600w\" sizes=\"(max-width: 300px) 100vw, 300px\" \/><\/a><\/p>\n<p><a href=\"https:\/\/i0.wp.com\/www.jeannedarc-figeac.fr\/college-lycee\/wp-content\/uploads\/sites\/5\/2018\/06\/IMG_2354-bis.jpg\"><img data-recalc-dims=\"1\" loading=\"lazy\" decoding=\"async\" class=\"alignnone size-medium wp-image-2819\" src=\"https:\/\/i0.wp.com\/www.jeannedarc-figeac.fr\/college-lycee\/wp-content\/uploads\/sites\/5\/2018\/06\/IMG_2354-bis.jpg?resize=300%2C200\" alt=\"\" width=\"300\" height=\"200\" srcset=\"https:\/\/i0.wp.com\/www.jeannedarc-figeac.fr\/college-lycee\/wp-content\/uploads\/sites\/5\/2018\/06\/IMG_2354-bis.jpg?resize=300%2C200&amp;ssl=1 300w, https:\/\/i0.wp.com\/www.jeannedarc-figeac.fr\/college-lycee\/wp-content\/uploads\/sites\/5\/2018\/06\/IMG_2354-bis.jpg?resize=768%2C512&amp;ssl=1 768w, https:\/\/i0.wp.com\/www.jeannedarc-figeac.fr\/college-lycee\/wp-content\/uploads\/sites\/5\/2018\/06\/IMG_2354-bis.jpg?resize=1024%2C683&amp;ssl=1 1024w, https:\/\/i0.wp.com\/www.jeannedarc-figeac.fr\/college-lycee\/wp-content\/uploads\/sites\/5\/2018\/06\/IMG_2354-bis.jpg?resize=1080%2C720&amp;ssl=1 1080w, https:\/\/i0.wp.com\/www.jeannedarc-figeac.fr\/college-lycee\/wp-content\/uploads\/sites\/5\/2018\/06\/IMG_2354-bis.jpg?w=1600&amp;ssl=1 1600w\" sizes=\"(max-width: 300px) 100vw, 300px\" \/><\/a><a href=\"https:\/\/i0.wp.com\/www.jeannedarc-figeac.fr\/college-lycee\/wp-content\/uploads\/sites\/5\/2018\/06\/IMG_2416-bis.jpg\"><img data-recalc-dims=\"1\" loading=\"lazy\" decoding=\"async\" class=\"alignnone size-medium wp-image-2820\" src=\"https:\/\/i0.wp.com\/www.jeannedarc-figeac.fr\/college-lycee\/wp-content\/uploads\/sites\/5\/2018\/06\/IMG_2416-bis.jpg?resize=300%2C200\" alt=\"\" width=\"300\" height=\"200\" srcset=\"https:\/\/i0.wp.com\/www.jeannedarc-figeac.fr\/college-lycee\/wp-content\/uploads\/sites\/5\/2018\/06\/IMG_2416-bis.jpg?resize=300%2C200&amp;ssl=1 300w, https:\/\/i0.wp.com\/www.jeannedarc-figeac.fr\/college-lycee\/wp-content\/uploads\/sites\/5\/2018\/06\/IMG_2416-bis.jpg?resize=768%2C512&amp;ssl=1 768w, https:\/\/i0.wp.com\/www.jeannedarc-figeac.fr\/college-lycee\/wp-content\/uploads\/sites\/5\/2018\/06\/IMG_2416-bis.jpg?resize=1024%2C683&amp;ssl=1 1024w, https:\/\/i0.wp.com\/www.jeannedarc-figeac.fr\/college-lycee\/wp-content\/uploads\/sites\/5\/2018\/06\/IMG_2416-bis.jpg?resize=1080%2C720&amp;ssl=1 1080w, https:\/\/i0.wp.com\/www.jeannedarc-figeac.fr\/college-lycee\/wp-content\/uploads\/sites\/5\/2018\/06\/IMG_2416-bis.jpg?w=1600&amp;ssl=1 1600w\" sizes=\"(max-width: 300px) 100vw, 300px\" \/><\/a><\/p>\n<p><strong><span style=\"color: #ff6600\">Apr\u00e8s avoir re\u00e7u leurs correspondants \u00a0espagnols au mois d\u2019avril, ce fut au tour des \u00e9l\u00e8ves de 3\u00e8me et de 2nde de retrouver leurs camarades \u00e0 Berlanga en Extr\u00e9madure du mardi 22 mai au mardi 29 mai.<\/span><\/strong><\/p>\n<p><strong><span style=\"color: #ff6600\">Les \u00e9l\u00e8ves ont pu d\u00e9couvrir l\u2019Extr\u00e9madure avec la ville de Badajoz ainsi que l\u2019Andalousie avec ses villages blancs et son riche patrimoine culturel.<\/span><\/strong><\/p>\n<p><strong><span style=\"color: #ff6600\">Au programme des visites il y avait les grottes des merveilles de Aracena, la ville de \u00a0Cordoue avec ses monuments de style mudejar\u00a0: la Mosqu\u00e9e -Cath\u00e9drale et l\u2019Alcazar avec ses jardins. Ils ont pu d\u00e9couvrir aussi un aspect culturel de Cordoue avec \u00a0sa tr\u00e8s c\u00e9l\u00e8bre Feria de mai. Sur le retour ils ont visit\u00e9 S\u00e9ville, sa Cath\u00e9drale, son Alcazar et ses jardins ainsi que la Plaza de Espa\u00f1a.<\/span><\/strong><\/p>\n<p><strong><span style=\"color: #ff6600\">Lors d\u2019une journ\u00e9e dans l\u2019\u00e9tablissement de leurs correspondants, ils ont pu comparer les deux syst\u00e8mes scolaires, prendre part \u00e0 des activit\u00e9s ludiques organis\u00e9es par l\u2019\u00e9tablissement et partager une paella g\u00e9ante avec les familles.<\/span><\/strong><\/p>\n<p><strong><span style=\"color: #ff6600\">Apr\u00e8s une semaine bien remplie et le c\u0153ur gros, les fran\u00e7ais ont pris le chemin du retour, se promettant de rester en contact.<\/span><\/strong><\/p>\n<p><strong><span style=\"color: #ff6600\">Merci \u00e0 Alice pour les belles photos du s\u00e9jour.<\/span><\/strong><\/p>\n<p>&nbsp;<\/p>\n","protected":false},"excerpt":{"rendered":"<p>Apr\u00e8s avoir re\u00e7u leurs correspondants \u00a0espagnols au mois d\u2019avril, ce fut au tour des \u00e9l\u00e8ves de 3\u00e8me et de 2nde de retrouver leurs camarades \u00e0 Berlanga en Extr\u00e9madure du mardi 22 mai au mardi 29 mai. Les \u00e9l\u00e8ves ont pu d\u00e9couvrir l\u2019Extr\u00e9madure avec la ville de Badajoz ainsi que l\u2019Andalousie avec ses villages blancs et [&hellip;]<\/p>\n","protected":false},"author":12,"featured_media":0,"comment_status":"closed","ping_status":"open","sticky":false,"template":"","format":"standard","meta":{"_et_pb_use_builder":"","_et_pb_old_content":"","_et_gb_content_width":"","_jetpack_newsletter_access":"","_jetpack_dont_email_post_to_subs":false,"_jetpack_newsletter_tier_id":0,"_jetpack_memberships_contains_paywalled_content":false,"iawp_total_views":0,"_jetpack_memberships_contains_paid_content":false,"footnotes":""},"categories":[28],"tags":[],"class_list":["post-2812","post","type-post","status-publish","format-standard","hentry","category-actus"],"yoast_head":"<!-- This site is optimized with the Yoast SEO plugin v26.0 - https:\/\/yoast.com\/wordpress\/plugins\/seo\/ -->\n<title>Echange Espagne<\/title>\n<meta name=\"description\" content=\"Apr\u00e8s avoir re\u00e7u leurs correspondants \u00a0espagnols au mois d\u2019avril, ce fut au tour des \u00e9l\u00e8ves de 3\u00e8me et de 2nde de retrouver leurs camarades \u00e0 Berlanga en\" \/>\n<meta name=\"robots\" content=\"index, follow, max-snippet:-1, max-image-preview:large, max-video-preview:-1\" \/>\n<link rel=\"canonical\" href=\"http:\/\/www.jeannedarc-figeac.fr\/college-lycee\/echange-espagne\/\" \/>\n<meta property=\"og:locale\" content=\"fr_FR\" \/>\n<meta property=\"og:type\" content=\"article\" \/>\n<meta property=\"og:title\" content=\"Echange Espagne\" \/>\n<meta property=\"og:description\" content=\"Apr\u00e8s avoir re\u00e7u leurs correspondants \u00a0espagnols au mois d\u2019avril, ce fut au tour des \u00e9l\u00e8ves de 3\u00e8me et de 2nde de retrouver leurs camarades \u00e0 Berlanga en\" \/>\n<meta property=\"og:url\" content=\"http:\/\/www.jeannedarc-figeac.fr\/college-lycee\/echange-espagne\/\" \/>\n<meta property=\"og:site_name\" content=\"Coll\u00e8ge et Lyc\u00e9e Jeanne d&#039;Arc\" \/>\n<meta property=\"article:published_time\" content=\"2018-06-11T09:00:42+00:00\" \/>\n<meta property=\"og:image\" content=\"http:\/\/www.jeannedarc-figeac.fr\/college-lycee\/wp-content\/uploads\/sites\/5\/2018\/06\/IMG_1614-bis-300x200.jpg\" \/>\n<meta name=\"author\" content=\"le secr\u00e9tariat\" \/>\n<script type=\"application\/ld+json\" class=\"yoast-schema-graph\">{\"@context\":\"https:\/\/schema.org\",\"@graph\":[{\"@type\":\"WebPage\",\"@id\":\"http:\/\/www.jeannedarc-figeac.fr\/college-lycee\/echange-espagne\/\",\"url\":\"http:\/\/www.jeannedarc-figeac.fr\/college-lycee\/echange-espagne\/\",\"name\":\"Echange Espagne\",\"isPartOf\":{\"@id\":\"https:\/\/www.jeannedarc-figeac.fr\/college-lycee\/#website\"},\"primaryImageOfPage\":{\"@id\":\"http:\/\/www.jeannedarc-figeac.fr\/college-lycee\/echange-espagne\/#primaryimage\"},\"image\":{\"@id\":\"http:\/\/www.jeannedarc-figeac.fr\/college-lycee\/echange-espagne\/#primaryimage\"},\"thumbnailUrl\":\"http:\/\/www.jeannedarc-figeac.fr\/college-lycee\/wp-content\/uploads\/sites\/5\/2018\/06\/IMG_1614-bis-300x200.jpg\",\"datePublished\":\"2018-06-11T09:00:42+00:00\",\"author\":{\"@id\":\"https:\/\/www.jeannedarc-figeac.fr\/college-lycee\/#\/schema\/person\/29e5764f28e895dc8bf41d4468f99154\"},\"description\":\"Apr\u00e8s avoir re\u00e7u leurs correspondants \u00a0espagnols au mois d\u2019avril, ce fut au tour des \u00e9l\u00e8ves de 3\u00e8me et de 2nde de retrouver leurs camarades \u00e0 Berlanga en\",\"breadcrumb\":{\"@id\":\"http:\/\/www.jeannedarc-figeac.fr\/college-lycee\/echange-espagne\/#breadcrumb\"},\"inLanguage\":\"fr-FR\",\"potentialAction\":[{\"@type\":\"ReadAction\",\"target\":[\"http:\/\/www.jeannedarc-figeac.fr\/college-lycee\/echange-espagne\/\"]}]},{\"@type\":\"ImageObject\",\"inLanguage\":\"fr-FR\",\"@id\":\"http:\/\/www.jeannedarc-figeac.fr\/college-lycee\/echange-espagne\/#primaryimage\",\"url\":\"https:\/\/i0.wp.com\/www.jeannedarc-figeac.fr\/college-lycee\/wp-content\/uploads\/sites\/5\/2018\/06\/IMG_1614-bis.jpg?fit=1600%2C1067&ssl=1\",\"contentUrl\":\"https:\/\/i0.wp.com\/www.jeannedarc-figeac.fr\/college-lycee\/wp-content\/uploads\/sites\/5\/2018\/06\/IMG_1614-bis.jpg?fit=1600%2C1067&ssl=1\",\"width\":1600,\"height\":1067},{\"@type\":\"BreadcrumbList\",\"@id\":\"http:\/\/www.jeannedarc-figeac.fr\/college-lycee\/echange-espagne\/#breadcrumb\",\"itemListElement\":[{\"@type\":\"ListItem\",\"position\":1,\"name\":\"Accueil\",\"item\":\"https:\/\/www.jeannedarc-figeac.fr\/college-lycee\/\"},{\"@type\":\"ListItem\",\"position\":2,\"name\":\"Actus\",\"item\":\"http:\/\/www.jeannedarc-figeac.fr\/college-lycee\/cat\/actus\/\"},{\"@type\":\"ListItem\",\"position\":3,\"name\":\"Echange Espagne\"}]},{\"@type\":\"WebSite\",\"@id\":\"https:\/\/www.jeannedarc-figeac.fr\/college-lycee\/#website\",\"url\":\"https:\/\/www.jeannedarc-figeac.fr\/college-lycee\/\",\"name\":\"Coll\u00e8ge et Lyc\u00e9e Jeanne d&#039;Arc\",\"description\":\"Jeanne d&#039;Arc Figeac\",\"potentialAction\":[{\"@type\":\"SearchAction\",\"target\":{\"@type\":\"EntryPoint\",\"urlTemplate\":\"https:\/\/www.jeannedarc-figeac.fr\/college-lycee\/?s={search_term_string}\"},\"query-input\":{\"@type\":\"PropertyValueSpecification\",\"valueRequired\":true,\"valueName\":\"search_term_string\"}}],\"inLanguage\":\"fr-FR\"},{\"@type\":\"Person\",\"@id\":\"https:\/\/www.jeannedarc-figeac.fr\/college-lycee\/#\/schema\/person\/29e5764f28e895dc8bf41d4468f99154\",\"name\":\"le secr\u00e9tariat\",\"image\":{\"@type\":\"ImageObject\",\"inLanguage\":\"fr-FR\",\"@id\":\"https:\/\/www.jeannedarc-figeac.fr\/college-lycee\/#\/schema\/person\/image\/\",\"url\":\"https:\/\/www.jeannedarc-figeac.fr\/college-lycee\/wp-content\/litespeed\/avatar\/5\/b7e8da60f53ba4adc9e9e66d91d84580.jpg?ver=1777548714\",\"contentUrl\":\"https:\/\/www.jeannedarc-figeac.fr\/college-lycee\/wp-content\/litespeed\/avatar\/5\/b7e8da60f53ba4adc9e9e66d91d84580.jpg?ver=1777548714\",\"caption\":\"le secr\u00e9tariat\"},\"url\":\"https:\/\/www.jeannedarc-figeac.fr\/college-lycee\/author\/arlette\/\"}]}<\/script>\n<!-- \/ Yoast SEO plugin. -->","yoast_head_json":{"title":"Echange Espagne","description":"Apr\u00e8s avoir re\u00e7u leurs correspondants \u00a0espagnols au mois d\u2019avril, ce fut au tour des \u00e9l\u00e8ves de 3\u00e8me et de 2nde de retrouver leurs camarades \u00e0 Berlanga en","robots":{"index":"index","follow":"follow","max-snippet":"max-snippet:-1","max-image-preview":"max-image-preview:large","max-video-preview":"max-video-preview:-1"},"canonical":"http:\/\/www.jeannedarc-figeac.fr\/college-lycee\/echange-espagne\/","og_locale":"fr_FR","og_type":"article","og_title":"Echange Espagne","og_description":"Apr\u00e8s avoir re\u00e7u leurs correspondants \u00a0espagnols au mois d\u2019avril, ce fut au tour des \u00e9l\u00e8ves de 3\u00e8me et de 2nde de retrouver leurs camarades \u00e0 Berlanga en","og_url":"http:\/\/www.jeannedarc-figeac.fr\/college-lycee\/echange-espagne\/","og_site_name":"Coll\u00e8ge et Lyc\u00e9e Jeanne d&#039;Arc","article_published_time":"2018-06-11T09:00:42+00:00","og_image":[{"url":"http:\/\/www.jeannedarc-figeac.fr\/college-lycee\/wp-content\/uploads\/sites\/5\/2018\/06\/IMG_1614-bis-300x200.jpg","type":"","width":"","height":""}],"author":"le secr\u00e9tariat","schema":{"@context":"https:\/\/schema.org","@graph":[{"@type":"WebPage","@id":"http:\/\/www.jeannedarc-figeac.fr\/college-lycee\/echange-espagne\/","url":"http:\/\/www.jeannedarc-figeac.fr\/college-lycee\/echange-espagne\/","name":"Echange Espagne","isPartOf":{"@id":"https:\/\/www.jeannedarc-figeac.fr\/college-lycee\/#website"},"primaryImageOfPage":{"@id":"http:\/\/www.jeannedarc-figeac.fr\/college-lycee\/echange-espagne\/#primaryimage"},"image":{"@id":"http:\/\/www.jeannedarc-figeac.fr\/college-lycee\/echange-espagne\/#primaryimage"},"thumbnailUrl":"http:\/\/www.jeannedarc-figeac.fr\/college-lycee\/wp-content\/uploads\/sites\/5\/2018\/06\/IMG_1614-bis-300x200.jpg","datePublished":"2018-06-11T09:00:42+00:00","author":{"@id":"https:\/\/www.jeannedarc-figeac.fr\/college-lycee\/#\/schema\/person\/29e5764f28e895dc8bf41d4468f99154"},"description":"Apr\u00e8s avoir re\u00e7u leurs correspondants \u00a0espagnols au mois d\u2019avril, ce fut au tour des \u00e9l\u00e8ves de 3\u00e8me et de 2nde de retrouver leurs camarades \u00e0 Berlanga en","breadcrumb":{"@id":"http:\/\/www.jeannedarc-figeac.fr\/college-lycee\/echange-espagne\/#breadcrumb"},"inLanguage":"fr-FR","potentialAction":[{"@type":"ReadAction","target":["http:\/\/www.jeannedarc-figeac.fr\/college-lycee\/echange-espagne\/"]}]},{"@type":"ImageObject","inLanguage":"fr-FR","@id":"http:\/\/www.jeannedarc-figeac.fr\/college-lycee\/echange-espagne\/#primaryimage","url":"https:\/\/i0.wp.com\/www.jeannedarc-figeac.fr\/college-lycee\/wp-content\/uploads\/sites\/5\/2018\/06\/IMG_1614-bis.jpg?fit=1600%2C1067&ssl=1","contentUrl":"https:\/\/i0.wp.com\/www.jeannedarc-figeac.fr\/college-lycee\/wp-content\/uploads\/sites\/5\/2018\/06\/IMG_1614-bis.jpg?fit=1600%2C1067&ssl=1","width":1600,"height":1067},{"@type":"BreadcrumbList","@id":"http:\/\/www.jeannedarc-figeac.fr\/college-lycee\/echange-espagne\/#breadcrumb","itemListElement":[{"@type":"ListItem","position":1,"name":"Accueil","item":"https:\/\/www.jeannedarc-figeac.fr\/college-lycee\/"},{"@type":"ListItem","position":2,"name":"Actus","item":"http:\/\/www.jeannedarc-figeac.fr\/college-lycee\/cat\/actus\/"},{"@type":"ListItem","position":3,"name":"Echange Espagne"}]},{"@type":"WebSite","@id":"https:\/\/www.jeannedarc-figeac.fr\/college-lycee\/#website","url":"https:\/\/www.jeannedarc-figeac.fr\/college-lycee\/","name":"Coll\u00e8ge et Lyc\u00e9e Jeanne d&#039;Arc","description":"Jeanne d&#039;Arc Figeac","potentialAction":[{"@type":"SearchAction","target":{"@type":"EntryPoint","urlTemplate":"https:\/\/www.jeannedarc-figeac.fr\/college-lycee\/?s={search_term_string}"},"query-input":{"@type":"PropertyValueSpecification","valueRequired":true,"valueName":"search_term_string"}}],"inLanguage":"fr-FR"},{"@type":"Person","@id":"https:\/\/www.jeannedarc-figeac.fr\/college-lycee\/#\/schema\/person\/29e5764f28e895dc8bf41d4468f99154","name":"le secr\u00e9tariat","image":{"@type":"ImageObject","inLanguage":"fr-FR","@id":"https:\/\/www.jeannedarc-figeac.fr\/college-lycee\/#\/schema\/person\/image\/","url":"https:\/\/www.jeannedarc-figeac.fr\/college-lycee\/wp-content\/litespeed\/avatar\/5\/b7e8da60f53ba4adc9e9e66d91d84580.jpg?ver=1777548714","contentUrl":"https:\/\/www.jeannedarc-figeac.fr\/college-lycee\/wp-content\/litespeed\/avatar\/5\/b7e8da60f53ba4adc9e9e66d91d84580.jpg?ver=1777548714","caption":"le secr\u00e9tariat"},"url":"https:\/\/www.jeannedarc-figeac.fr\/college-lycee\/author\/arlette\/"}]}},"jetpack_featured_media_url":"","jetpack_sharing_enabled":true,"jetpack_shortlink":"https:\/\/wp.me\/p5Qyb6-Jm","_links":{"self":[{"href":"https:\/\/www.jeannedarc-figeac.fr\/college-lycee\/wp-json\/wp\/v2\/posts\/2812","targetHints":{"allow":["GET"]}}],"collection":[{"href":"https:\/\/www.jeannedarc-figeac.fr\/college-lycee\/wp-json\/wp\/v2\/posts"}],"about":[{"href":"https:\/\/www.jeannedarc-figeac.fr\/college-lycee\/wp-json\/wp\/v2\/types\/post"}],"author":[{"embeddable":true,"href":"https:\/\/www.jeannedarc-figeac.fr\/college-lycee\/wp-json\/wp\/v2\/users\/12"}],"replies":[{"embeddable":true,"href":"https:\/\/www.jeannedarc-figeac.fr\/college-lycee\/wp-json\/wp\/v2\/comments?post=2812"}],"version-history":[{"count":1,"href":"https:\/\/www.jeannedarc-figeac.fr\/college-lycee\/wp-json\/wp\/v2\/posts\/2812\/revisions"}],"predecessor-version":[{"id":2821,"href":"https:\/\/www.jeannedarc-figeac.fr\/college-lycee\/wp-json\/wp\/v2\/posts\/2812\/revisions\/2821"}],"wp:attachment":[{"href":"https:\/\/www.jeannedarc-figeac.fr\/college-lycee\/wp-json\/wp\/v2\/media?parent=2812"}],"wp:term":[{"taxonomy":"category","embeddable":true,"href":"https:\/\/www.jeannedarc-figeac.fr\/college-lycee\/wp-json\/wp\/v2\/categories?post=2812"},{"taxonomy":"post_tag","embeddable":true,"href":"https:\/\/www.jeannedarc-figeac.fr\/college-lycee\/wp-json\/wp\/v2\/tags?post=2812"}],"curies":[{"name":"wp","href":"https:\/\/api.w.org\/{rel}","templated":true}]}}