{"id":2769,"date":"2018-05-15T09:20:52","date_gmt":"2018-05-15T09:20:52","guid":{"rendered":"http:\/\/www.jeannedarc-figeac.fr\/college-lycee\/?p=2769"},"modified":"2018-05-15T09:20:52","modified_gmt":"2018-05-15T09:20:52","slug":"bienvenue-en-6eme","status":"publish","type":"post","link":"https:\/\/www.jeannedarc-figeac.fr\/college-lycee\/bienvenue-en-6eme\/","title":{"rendered":"Bienvenue en 6\u00e8me"},"content":{"rendered":"<p><a href=\"https:\/\/i0.wp.com\/www.jeannedarc-figeac.fr\/college-lycee\/wp-content\/uploads\/sites\/5\/2018\/05\/DSC01103-bis.jpg\"><img data-recalc-dims=\"1\" loading=\"lazy\" decoding=\"async\" class=\"alignnone size-medium wp-image-2770\" src=\"https:\/\/i0.wp.com\/www.jeannedarc-figeac.fr\/college-lycee\/wp-content\/uploads\/sites\/5\/2018\/05\/DSC01103-bis.jpg?resize=300%2C225\" alt=\"\" width=\"300\" height=\"225\" srcset=\"https:\/\/i0.wp.com\/www.jeannedarc-figeac.fr\/college-lycee\/wp-content\/uploads\/sites\/5\/2018\/05\/DSC01103-bis.jpg?resize=300%2C225&amp;ssl=1 300w, https:\/\/i0.wp.com\/www.jeannedarc-figeac.fr\/college-lycee\/wp-content\/uploads\/sites\/5\/2018\/05\/DSC01103-bis.jpg?resize=768%2C576&amp;ssl=1 768w, https:\/\/i0.wp.com\/www.jeannedarc-figeac.fr\/college-lycee\/wp-content\/uploads\/sites\/5\/2018\/05\/DSC01103-bis.jpg?resize=1024%2C768&amp;ssl=1 1024w, https:\/\/i0.wp.com\/www.jeannedarc-figeac.fr\/college-lycee\/wp-content\/uploads\/sites\/5\/2018\/05\/DSC01103-bis.jpg?resize=1080%2C810&amp;ssl=1 1080w, https:\/\/i0.wp.com\/www.jeannedarc-figeac.fr\/college-lycee\/wp-content\/uploads\/sites\/5\/2018\/05\/DSC01103-bis.jpg?w=1600&amp;ssl=1 1600w\" sizes=\"(max-width: 300px) 100vw, 300px\" \/><\/a><\/p>\n<p>Jeudi 3 mai, 86 \u00e9l\u00e8ves de CM2 sont venus d\u00e9couvrir le coll\u00e8ge. Apr\u00e8s quelques mots d\u2019accueil et de bienvenue, quatre groupes ont \u00e9t\u00e9 form\u00e9s \u00e0 l\u2019aide de bracelets de couleur. Les Bleus, les Rouges, les Jaunes et les Verts (clin d\u2019\u0153il au logo de JDA) sont ensuite partis avec leurs professeurs pour d\u00e9marrer cette journ\u00e9e.<\/p>\n<p>Au programme de la matin\u00e9e\u00a0: la classe de 6<sup>e<\/sup> et les changements lorsqu\u2019on entre au coll\u00e8ge, l\u2019utilisation du TBI en math\u00e9matiques et, premi\u00e8re nouveaut\u00e9 de ce temps d\u2019int\u00e9gration, une approche ludique du Latin.<\/p>\n<p>La pause m\u00e9ridienne s\u2019est compos\u00e9e de deux temps\u00a0: d\u00e9couverte du self avec un menu attrayant (nuggets-frites), puis activit\u00e9s sportives avec les professeurs d\u2019EPS ou temps de jeu avec la F\u00e9d\u00e9ration Partir.<\/p>\n<p>A 13h30, les futurs 6<sup>e<\/sup>, comme de vrais coll\u00e9giens, se sont rang\u00e9s pour entamer l\u2019apr\u00e8s-midi\u00a0: initiation \u00e0 la LV2 afin de les aider dans leur choix, musique et, deuxi\u00e8me nouveaut\u00e9 cette ann\u00e9e: pr\u00e9sentation de la technologie\u00a0!<\/p>\n<p>Est venu ensuite le temps du go\u00fbter que nous avons pu servir au petit jardin, la m\u00e9t\u00e9o ayant \u00e9t\u00e9 cl\u00e9mente en ce jour.<\/p>\n<p>Les futurs coll\u00e9giens ont appr\u00e9ci\u00e9 l\u2019int\u00e9gralit\u00e9 de ce qui leur a \u00e9t\u00e9 propos\u00e9 et sont press\u00e9s de voir la rentr\u00e9e de septembre arriver\u00a0! Esp\u00e9rons que cet enthousiasme durera longtemps, longtemps\u2026<\/p>\n<p>Un immense merci \u00e0 toutes les personnes qui ont accept\u00e9 de s\u2019impliquer et de donner de leur temps et, sans qui, une telle organisation n\u2019aurait pas \u00e9t\u00e9 possible.<\/p>\n<p>&nbsp;<\/p>\n","protected":false},"excerpt":{"rendered":"<p>Jeudi 3 mai, 86 \u00e9l\u00e8ves de CM2 sont venus d\u00e9couvrir le coll\u00e8ge. Apr\u00e8s quelques mots d\u2019accueil et de bienvenue, quatre groupes ont \u00e9t\u00e9 form\u00e9s \u00e0 l\u2019aide de bracelets de couleur. Les Bleus, les Rouges, les Jaunes et les Verts (clin d\u2019\u0153il au logo de JDA) sont ensuite partis avec leurs professeurs pour d\u00e9marrer cette journ\u00e9e. [&hellip;]<\/p>\n","protected":false},"author":12,"featured_media":0,"comment_status":"closed","ping_status":"open","sticky":false,"template":"","format":"standard","meta":{"_et_pb_use_builder":"","_et_pb_old_content":"","_et_gb_content_width":"","_jetpack_newsletter_access":"","_jetpack_dont_email_post_to_subs":false,"_jetpack_newsletter_tier_id":0,"_jetpack_memberships_contains_paywalled_content":false,"iawp_total_views":0,"_jetpack_memberships_contains_paid_content":false,"footnotes":""},"categories":[28],"tags":[],"class_list":["post-2769","post","type-post","status-publish","format-standard","hentry","category-actus"],"yoast_head":"<!-- This site is optimized with the Yoast SEO plugin v26.0 - https:\/\/yoast.com\/wordpress\/plugins\/seo\/ -->\n<title>Bienvenue en 6\u00e8me<\/title>\n<meta name=\"description\" content=\"Jeudi 3 mai, 86 \u00e9l\u00e8ves de CM2 sont venus d\u00e9couvrir le coll\u00e8ge. Apr\u00e8s quelques mots d\u2019accueil et de bienvenue, quatre groupes ont \u00e9t\u00e9 form\u00e9s \u00e0 l\u2019aide de\" \/>\n<meta name=\"robots\" content=\"index, follow, max-snippet:-1, max-image-preview:large, max-video-preview:-1\" \/>\n<link rel=\"canonical\" href=\"https:\/\/www.jeannedarc-figeac.fr\/college-lycee\/bienvenue-en-6eme\/\" \/>\n<meta property=\"og:locale\" content=\"fr_FR\" \/>\n<meta property=\"og:type\" content=\"article\" \/>\n<meta property=\"og:title\" content=\"Bienvenue en 6\u00e8me\" \/>\n<meta property=\"og:description\" content=\"Jeudi 3 mai, 86 \u00e9l\u00e8ves de CM2 sont venus d\u00e9couvrir le coll\u00e8ge. Apr\u00e8s quelques mots d\u2019accueil et de bienvenue, quatre groupes ont \u00e9t\u00e9 form\u00e9s \u00e0 l\u2019aide de\" \/>\n<meta property=\"og:url\" content=\"https:\/\/www.jeannedarc-figeac.fr\/college-lycee\/bienvenue-en-6eme\/\" \/>\n<meta property=\"og:site_name\" content=\"Coll\u00e8ge et Lyc\u00e9e Jeanne d&#039;Arc\" \/>\n<meta property=\"article:published_time\" content=\"2018-05-15T09:20:52+00:00\" \/>\n<meta property=\"og:image\" content=\"http:\/\/www.jeannedarc-figeac.fr\/college-lycee\/wp-content\/uploads\/sites\/5\/2018\/05\/DSC01103-bis-300x225.jpg\" \/>\n<meta name=\"author\" content=\"le secr\u00e9tariat\" \/>\n<script type=\"application\/ld+json\" class=\"yoast-schema-graph\">{\"@context\":\"https:\/\/schema.org\",\"@graph\":[{\"@type\":\"WebPage\",\"@id\":\"https:\/\/www.jeannedarc-figeac.fr\/college-lycee\/bienvenue-en-6eme\/\",\"url\":\"https:\/\/www.jeannedarc-figeac.fr\/college-lycee\/bienvenue-en-6eme\/\",\"name\":\"Bienvenue en 6\u00e8me\",\"isPartOf\":{\"@id\":\"https:\/\/www.jeannedarc-figeac.fr\/college-lycee\/#website\"},\"primaryImageOfPage\":{\"@id\":\"https:\/\/www.jeannedarc-figeac.fr\/college-lycee\/bienvenue-en-6eme\/#primaryimage\"},\"image\":{\"@id\":\"https:\/\/www.jeannedarc-figeac.fr\/college-lycee\/bienvenue-en-6eme\/#primaryimage\"},\"thumbnailUrl\":\"http:\/\/www.jeannedarc-figeac.fr\/college-lycee\/wp-content\/uploads\/sites\/5\/2018\/05\/DSC01103-bis-300x225.jpg\",\"datePublished\":\"2018-05-15T09:20:52+00:00\",\"author\":{\"@id\":\"https:\/\/www.jeannedarc-figeac.fr\/college-lycee\/#\/schema\/person\/29e5764f28e895dc8bf41d4468f99154\"},\"description\":\"Jeudi 3 mai, 86 \u00e9l\u00e8ves de CM2 sont venus d\u00e9couvrir le coll\u00e8ge. Apr\u00e8s quelques mots d\u2019accueil et de bienvenue, quatre groupes ont \u00e9t\u00e9 form\u00e9s \u00e0 l\u2019aide de\",\"breadcrumb\":{\"@id\":\"https:\/\/www.jeannedarc-figeac.fr\/college-lycee\/bienvenue-en-6eme\/#breadcrumb\"},\"inLanguage\":\"fr-FR\",\"potentialAction\":[{\"@type\":\"ReadAction\",\"target\":[\"https:\/\/www.jeannedarc-figeac.fr\/college-lycee\/bienvenue-en-6eme\/\"]}]},{\"@type\":\"ImageObject\",\"inLanguage\":\"fr-FR\",\"@id\":\"https:\/\/www.jeannedarc-figeac.fr\/college-lycee\/bienvenue-en-6eme\/#primaryimage\",\"url\":\"https:\/\/i0.wp.com\/www.jeannedarc-figeac.fr\/college-lycee\/wp-content\/uploads\/sites\/5\/2018\/05\/DSC01103-bis.jpg?fit=1600%2C1200&ssl=1\",\"contentUrl\":\"https:\/\/i0.wp.com\/www.jeannedarc-figeac.fr\/college-lycee\/wp-content\/uploads\/sites\/5\/2018\/05\/DSC01103-bis.jpg?fit=1600%2C1200&ssl=1\",\"width\":1600,\"height\":1200},{\"@type\":\"BreadcrumbList\",\"@id\":\"https:\/\/www.jeannedarc-figeac.fr\/college-lycee\/bienvenue-en-6eme\/#breadcrumb\",\"itemListElement\":[{\"@type\":\"ListItem\",\"position\":1,\"name\":\"Accueil\",\"item\":\"https:\/\/www.jeannedarc-figeac.fr\/college-lycee\/\"},{\"@type\":\"ListItem\",\"position\":2,\"name\":\"Actus\",\"item\":\"http:\/\/www.jeannedarc-figeac.fr\/college-lycee\/cat\/actus\/\"},{\"@type\":\"ListItem\",\"position\":3,\"name\":\"Bienvenue en 6\u00e8me\"}]},{\"@type\":\"WebSite\",\"@id\":\"https:\/\/www.jeannedarc-figeac.fr\/college-lycee\/#website\",\"url\":\"https:\/\/www.jeannedarc-figeac.fr\/college-lycee\/\",\"name\":\"Coll\u00e8ge et Lyc\u00e9e Jeanne d&#039;Arc\",\"description\":\"Jeanne d&#039;Arc Figeac\",\"potentialAction\":[{\"@type\":\"SearchAction\",\"target\":{\"@type\":\"EntryPoint\",\"urlTemplate\":\"https:\/\/www.jeannedarc-figeac.fr\/college-lycee\/?s={search_term_string}\"},\"query-input\":{\"@type\":\"PropertyValueSpecification\",\"valueRequired\":true,\"valueName\":\"search_term_string\"}}],\"inLanguage\":\"fr-FR\"},{\"@type\":\"Person\",\"@id\":\"https:\/\/www.jeannedarc-figeac.fr\/college-lycee\/#\/schema\/person\/29e5764f28e895dc8bf41d4468f99154\",\"name\":\"le secr\u00e9tariat\",\"image\":{\"@type\":\"ImageObject\",\"inLanguage\":\"fr-FR\",\"@id\":\"https:\/\/www.jeannedarc-figeac.fr\/college-lycee\/#\/schema\/person\/image\/\",\"url\":\"https:\/\/www.jeannedarc-figeac.fr\/college-lycee\/wp-content\/litespeed\/avatar\/5\/b7e8da60f53ba4adc9e9e66d91d84580.jpg?ver=1776943645\",\"contentUrl\":\"https:\/\/www.jeannedarc-figeac.fr\/college-lycee\/wp-content\/litespeed\/avatar\/5\/b7e8da60f53ba4adc9e9e66d91d84580.jpg?ver=1776943645\",\"caption\":\"le secr\u00e9tariat\"},\"url\":\"https:\/\/www.jeannedarc-figeac.fr\/college-lycee\/author\/arlette\/\"}]}<\/script>\n<!-- \/ Yoast SEO plugin. -->","yoast_head_json":{"title":"Bienvenue en 6\u00e8me","description":"Jeudi 3 mai, 86 \u00e9l\u00e8ves de CM2 sont venus d\u00e9couvrir le coll\u00e8ge. Apr\u00e8s quelques mots d\u2019accueil et de bienvenue, quatre groupes ont \u00e9t\u00e9 form\u00e9s \u00e0 l\u2019aide de","robots":{"index":"index","follow":"follow","max-snippet":"max-snippet:-1","max-image-preview":"max-image-preview:large","max-video-preview":"max-video-preview:-1"},"canonical":"https:\/\/www.jeannedarc-figeac.fr\/college-lycee\/bienvenue-en-6eme\/","og_locale":"fr_FR","og_type":"article","og_title":"Bienvenue en 6\u00e8me","og_description":"Jeudi 3 mai, 86 \u00e9l\u00e8ves de CM2 sont venus d\u00e9couvrir le coll\u00e8ge. Apr\u00e8s quelques mots d\u2019accueil et de bienvenue, quatre groupes ont \u00e9t\u00e9 form\u00e9s \u00e0 l\u2019aide de","og_url":"https:\/\/www.jeannedarc-figeac.fr\/college-lycee\/bienvenue-en-6eme\/","og_site_name":"Coll\u00e8ge et Lyc\u00e9e Jeanne d&#039;Arc","article_published_time":"2018-05-15T09:20:52+00:00","og_image":[{"url":"http:\/\/www.jeannedarc-figeac.fr\/college-lycee\/wp-content\/uploads\/sites\/5\/2018\/05\/DSC01103-bis-300x225.jpg","type":"","width":"","height":""}],"author":"le secr\u00e9tariat","schema":{"@context":"https:\/\/schema.org","@graph":[{"@type":"WebPage","@id":"https:\/\/www.jeannedarc-figeac.fr\/college-lycee\/bienvenue-en-6eme\/","url":"https:\/\/www.jeannedarc-figeac.fr\/college-lycee\/bienvenue-en-6eme\/","name":"Bienvenue en 6\u00e8me","isPartOf":{"@id":"https:\/\/www.jeannedarc-figeac.fr\/college-lycee\/#website"},"primaryImageOfPage":{"@id":"https:\/\/www.jeannedarc-figeac.fr\/college-lycee\/bienvenue-en-6eme\/#primaryimage"},"image":{"@id":"https:\/\/www.jeannedarc-figeac.fr\/college-lycee\/bienvenue-en-6eme\/#primaryimage"},"thumbnailUrl":"http:\/\/www.jeannedarc-figeac.fr\/college-lycee\/wp-content\/uploads\/sites\/5\/2018\/05\/DSC01103-bis-300x225.jpg","datePublished":"2018-05-15T09:20:52+00:00","author":{"@id":"https:\/\/www.jeannedarc-figeac.fr\/college-lycee\/#\/schema\/person\/29e5764f28e895dc8bf41d4468f99154"},"description":"Jeudi 3 mai, 86 \u00e9l\u00e8ves de CM2 sont venus d\u00e9couvrir le coll\u00e8ge. Apr\u00e8s quelques mots d\u2019accueil et de bienvenue, quatre groupes ont \u00e9t\u00e9 form\u00e9s \u00e0 l\u2019aide de","breadcrumb":{"@id":"https:\/\/www.jeannedarc-figeac.fr\/college-lycee\/bienvenue-en-6eme\/#breadcrumb"},"inLanguage":"fr-FR","potentialAction":[{"@type":"ReadAction","target":["https:\/\/www.jeannedarc-figeac.fr\/college-lycee\/bienvenue-en-6eme\/"]}]},{"@type":"ImageObject","inLanguage":"fr-FR","@id":"https:\/\/www.jeannedarc-figeac.fr\/college-lycee\/bienvenue-en-6eme\/#primaryimage","url":"https:\/\/i0.wp.com\/www.jeannedarc-figeac.fr\/college-lycee\/wp-content\/uploads\/sites\/5\/2018\/05\/DSC01103-bis.jpg?fit=1600%2C1200&ssl=1","contentUrl":"https:\/\/i0.wp.com\/www.jeannedarc-figeac.fr\/college-lycee\/wp-content\/uploads\/sites\/5\/2018\/05\/DSC01103-bis.jpg?fit=1600%2C1200&ssl=1","width":1600,"height":1200},{"@type":"BreadcrumbList","@id":"https:\/\/www.jeannedarc-figeac.fr\/college-lycee\/bienvenue-en-6eme\/#breadcrumb","itemListElement":[{"@type":"ListItem","position":1,"name":"Accueil","item":"https:\/\/www.jeannedarc-figeac.fr\/college-lycee\/"},{"@type":"ListItem","position":2,"name":"Actus","item":"http:\/\/www.jeannedarc-figeac.fr\/college-lycee\/cat\/actus\/"},{"@type":"ListItem","position":3,"name":"Bienvenue en 6\u00e8me"}]},{"@type":"WebSite","@id":"https:\/\/www.jeannedarc-figeac.fr\/college-lycee\/#website","url":"https:\/\/www.jeannedarc-figeac.fr\/college-lycee\/","name":"Coll\u00e8ge et Lyc\u00e9e Jeanne d&#039;Arc","description":"Jeanne d&#039;Arc Figeac","potentialAction":[{"@type":"SearchAction","target":{"@type":"EntryPoint","urlTemplate":"https:\/\/www.jeannedarc-figeac.fr\/college-lycee\/?s={search_term_string}"},"query-input":{"@type":"PropertyValueSpecification","valueRequired":true,"valueName":"search_term_string"}}],"inLanguage":"fr-FR"},{"@type":"Person","@id":"https:\/\/www.jeannedarc-figeac.fr\/college-lycee\/#\/schema\/person\/29e5764f28e895dc8bf41d4468f99154","name":"le secr\u00e9tariat","image":{"@type":"ImageObject","inLanguage":"fr-FR","@id":"https:\/\/www.jeannedarc-figeac.fr\/college-lycee\/#\/schema\/person\/image\/","url":"https:\/\/www.jeannedarc-figeac.fr\/college-lycee\/wp-content\/litespeed\/avatar\/5\/b7e8da60f53ba4adc9e9e66d91d84580.jpg?ver=1776943645","contentUrl":"https:\/\/www.jeannedarc-figeac.fr\/college-lycee\/wp-content\/litespeed\/avatar\/5\/b7e8da60f53ba4adc9e9e66d91d84580.jpg?ver=1776943645","caption":"le secr\u00e9tariat"},"url":"https:\/\/www.jeannedarc-figeac.fr\/college-lycee\/author\/arlette\/"}]}},"jetpack_featured_media_url":"","jetpack_sharing_enabled":true,"jetpack_shortlink":"https:\/\/wp.me\/p5Qyb6-IF","_links":{"self":[{"href":"https:\/\/www.jeannedarc-figeac.fr\/college-lycee\/wp-json\/wp\/v2\/posts\/2769","targetHints":{"allow":["GET"]}}],"collection":[{"href":"https:\/\/www.jeannedarc-figeac.fr\/college-lycee\/wp-json\/wp\/v2\/posts"}],"about":[{"href":"https:\/\/www.jeannedarc-figeac.fr\/college-lycee\/wp-json\/wp\/v2\/types\/post"}],"author":[{"embeddable":true,"href":"https:\/\/www.jeannedarc-figeac.fr\/college-lycee\/wp-json\/wp\/v2\/users\/12"}],"replies":[{"embeddable":true,"href":"https:\/\/www.jeannedarc-figeac.fr\/college-lycee\/wp-json\/wp\/v2\/comments?post=2769"}],"version-history":[{"count":1,"href":"https:\/\/www.jeannedarc-figeac.fr\/college-lycee\/wp-json\/wp\/v2\/posts\/2769\/revisions"}],"predecessor-version":[{"id":2771,"href":"https:\/\/www.jeannedarc-figeac.fr\/college-lycee\/wp-json\/wp\/v2\/posts\/2769\/revisions\/2771"}],"wp:attachment":[{"href":"https:\/\/www.jeannedarc-figeac.fr\/college-lycee\/wp-json\/wp\/v2\/media?parent=2769"}],"wp:term":[{"taxonomy":"category","embeddable":true,"href":"https:\/\/www.jeannedarc-figeac.fr\/college-lycee\/wp-json\/wp\/v2\/categories?post=2769"},{"taxonomy":"post_tag","embeddable":true,"href":"https:\/\/www.jeannedarc-figeac.fr\/college-lycee\/wp-json\/wp\/v2\/tags?post=2769"}],"curies":[{"name":"wp","href":"https:\/\/api.w.org\/{rel}","templated":true}]}}