{"id":2765,"date":"2018-05-07T14:24:24","date_gmt":"2018-05-07T14:24:24","guid":{"rendered":"http:\/\/www.jeannedarc-figeac.fr\/college-lycee\/?p=2765"},"modified":"2018-05-07T14:24:24","modified_gmt":"2018-05-07T14:24:24","slug":"voyage-angleterre-4eme-2","status":"publish","type":"post","link":"https:\/\/www.jeannedarc-figeac.fr\/college-lycee\/voyage-angleterre-4eme-2\/","title":{"rendered":"VOYAGE EN ANGLETERRE DES 4\u00e8me"},"content":{"rendered":"<p><a href=\"https:\/\/i0.wp.com\/www.jeannedarc-figeac.fr\/college-lycee\/wp-content\/uploads\/sites\/5\/2018\/05\/Photo-angleterre-1.png\"><img data-recalc-dims=\"1\" loading=\"lazy\" decoding=\"async\" class=\"alignnone size-medium wp-image-2766\" src=\"https:\/\/i0.wp.com\/www.jeannedarc-figeac.fr\/college-lycee\/wp-content\/uploads\/sites\/5\/2018\/05\/Photo-angleterre-1.png?resize=300%2C182\" alt=\"\" width=\"300\" height=\"182\" srcset=\"https:\/\/i0.wp.com\/www.jeannedarc-figeac.fr\/college-lycee\/wp-content\/uploads\/sites\/5\/2018\/05\/Photo-angleterre-1.png?resize=300%2C182&amp;ssl=1 300w, https:\/\/i0.wp.com\/www.jeannedarc-figeac.fr\/college-lycee\/wp-content\/uploads\/sites\/5\/2018\/05\/Photo-angleterre-1.png?w=742&amp;ssl=1 742w\" sizes=\"(max-width: 300px) 100vw, 300px\" \/><\/a><\/p>\n<p><span style=\"color: #008000\"><strong>C\u2019est avec impatience que les \u00e9l\u00e8ves de 4\u00e8mes du Coll\u00e8ge Jeanne d\u2019Arc\u00a0 ont quitt\u00e9 Figeac pour une escapade d\u2019une semaine chez nos voisins d\u2019outre Manche.\u00a0<\/strong><\/span><\/p>\n<p><span style=\"color: #008000\"><strong>Apr\u00e8s un petit d\u00e9jeuner typiquement anglais, nous avons visit\u00e9 la tr\u00e8s jolie ville universitaire d\u2019Oxford et le prestigieux Christ Church College, source d\u2019inspiration d\u2019Alice aux pays des Merveilles de Lewis Carrol, d\u2019Harry Potter et du Monde de Narnia.<\/strong><\/span><\/p>\n<p><span style=\"color: #008000\"><strong>Retour dans le pass\u00e9, au 19<sup>\u00e8me<\/sup> si\u00e8cle, au Black Country Living Museum, o\u00f9 nos \u00e9l\u00e8ves ont d\u00e9couvert comment se d\u00e9roulait une classe \u00e0 l\u2019\u00e9poque victorienne\u00a0: quelle chance d\u2019\u00eatre n\u00e9s au 21<sup>\u00e8me<\/sup> si\u00e8cle\u00a0!<\/strong><\/span><\/p>\n<p><span style=\"color: #008000\"><strong>S\u2019en est suivi une visite gourmande de Cadbury World, chocolaterie dont s\u2019est inspir\u00e9 Roald Dahl pour l\u2019\u00e9criture de \u00ab\u00a0Charlie et la chocolaterie\u00a0\u00bb.<\/strong><\/span><\/p>\n<p><span style=\"color: #008000\"><strong>Nous ne pouvions pas repartir sans passer par la ville natale de Shakespeare et s\u2019impr\u00e9gner de la magie shakespearienne.<\/strong><\/span><\/p>\n<p><span style=\"color: #008000\"><strong>Enfin, apr\u00e8s une matin\u00e9e\u00a0 d\u2019initiation au cricket\u00a0et une visite du Mus\u00e9e Tussaud, une petite ballade\u00a0 nous a conduits de Westminster \u00e0 Covent Garden, en passant par Buckingham Palace et Trafalgar Square.<\/strong><\/span><\/p>\n<p><span style=\"color: #008000\"><strong>Avant de quitter Londres pour aller prendre le ferry, un arr\u00eat gourmand s\u2019imposait\u00a0: fish and chips pour tout le monde\u00a0!<\/strong><\/span><\/p>\n<p><span style=\"color: #008000\"><strong>Gageons que la l\u00e9g\u00e8re pluie qui nous a suivis tout le long du voyage n\u2019aura pas entach\u00e9 cette belle exp\u00e9rience \u00ab\u00a0\u00a0 So British\u00a0\u00bb.<\/strong><\/span><\/p>\n","protected":false},"excerpt":{"rendered":"<p>C\u2019est avec impatience que les \u00e9l\u00e8ves de 4\u00e8mes du Coll\u00e8ge Jeanne d\u2019Arc\u00a0 ont quitt\u00e9 Figeac pour une escapade d\u2019une semaine chez nos voisins d\u2019outre Manche.\u00a0 Apr\u00e8s un petit d\u00e9jeuner typiquement anglais, nous avons visit\u00e9 la tr\u00e8s jolie ville universitaire d\u2019Oxford et le prestigieux Christ Church College, source d\u2019inspiration d\u2019Alice aux pays des Merveilles de Lewis [&hellip;]<\/p>\n","protected":false},"author":12,"featured_media":0,"comment_status":"closed","ping_status":"open","sticky":false,"template":"","format":"standard","meta":{"_et_pb_use_builder":"","_et_pb_old_content":"","_et_gb_content_width":"","_jetpack_newsletter_access":"","_jetpack_dont_email_post_to_subs":false,"_jetpack_newsletter_tier_id":0,"_jetpack_memberships_contains_paywalled_content":false,"iawp_total_views":2,"_jetpack_memberships_contains_paid_content":false,"footnotes":""},"categories":[28],"tags":[],"class_list":["post-2765","post","type-post","status-publish","format-standard","hentry","category-actus"],"yoast_head":"<!-- This site is optimized with the Yoast SEO plugin v26.0 - https:\/\/yoast.com\/wordpress\/plugins\/seo\/ -->\n<title>VOYAGE EN ANGLETERRE DES 4\u00e8me<\/title>\n<meta name=\"description\" content=\"C\u2019est avec impatience que les \u00e9l\u00e8ves de 4\u00e8mes du Coll\u00e8ge Jeanne d\u2019Arc\u00a0 ont quitt\u00e9 Figeac pour une escapade d\u2019une semaine chez nos voisins d\u2019outre Manche.\u00a0\" \/>\n<meta name=\"robots\" content=\"index, follow, max-snippet:-1, max-image-preview:large, max-video-preview:-1\" \/>\n<link rel=\"canonical\" href=\"http:\/\/www.jeannedarc-figeac.fr\/college-lycee\/voyage-angleterre-4eme-2\/\" \/>\n<meta property=\"og:locale\" content=\"fr_FR\" \/>\n<meta property=\"og:type\" content=\"article\" \/>\n<meta property=\"og:title\" content=\"VOYAGE EN ANGLETERRE DES 4\u00e8me\" \/>\n<meta property=\"og:description\" content=\"C\u2019est avec impatience que les \u00e9l\u00e8ves de 4\u00e8mes du Coll\u00e8ge Jeanne d\u2019Arc\u00a0 ont quitt\u00e9 Figeac pour une escapade d\u2019une semaine chez nos voisins d\u2019outre Manche.\u00a0\" \/>\n<meta property=\"og:url\" content=\"http:\/\/www.jeannedarc-figeac.fr\/college-lycee\/voyage-angleterre-4eme-2\/\" \/>\n<meta property=\"og:site_name\" content=\"Coll\u00e8ge et Lyc\u00e9e Jeanne d&#039;Arc\" \/>\n<meta property=\"article:published_time\" content=\"2018-05-07T14:24:24+00:00\" \/>\n<meta property=\"og:image\" content=\"http:\/\/www.jeannedarc-figeac.fr\/college-lycee\/wp-content\/uploads\/sites\/5\/2018\/05\/Photo-angleterre-1-300x182.png\" \/>\n<meta name=\"author\" content=\"le secr\u00e9tariat\" \/>\n<script type=\"application\/ld+json\" class=\"yoast-schema-graph\">{\"@context\":\"https:\/\/schema.org\",\"@graph\":[{\"@type\":\"WebPage\",\"@id\":\"http:\/\/www.jeannedarc-figeac.fr\/college-lycee\/voyage-angleterre-4eme-2\/\",\"url\":\"http:\/\/www.jeannedarc-figeac.fr\/college-lycee\/voyage-angleterre-4eme-2\/\",\"name\":\"VOYAGE EN ANGLETERRE DES 4\u00e8me\",\"isPartOf\":{\"@id\":\"https:\/\/www.jeannedarc-figeac.fr\/college-lycee\/#website\"},\"primaryImageOfPage\":{\"@id\":\"http:\/\/www.jeannedarc-figeac.fr\/college-lycee\/voyage-angleterre-4eme-2\/#primaryimage\"},\"image\":{\"@id\":\"http:\/\/www.jeannedarc-figeac.fr\/college-lycee\/voyage-angleterre-4eme-2\/#primaryimage\"},\"thumbnailUrl\":\"http:\/\/www.jeannedarc-figeac.fr\/college-lycee\/wp-content\/uploads\/sites\/5\/2018\/05\/Photo-angleterre-1-300x182.png\",\"datePublished\":\"2018-05-07T14:24:24+00:00\",\"author\":{\"@id\":\"https:\/\/www.jeannedarc-figeac.fr\/college-lycee\/#\/schema\/person\/29e5764f28e895dc8bf41d4468f99154\"},\"description\":\"C\u2019est avec impatience que les \u00e9l\u00e8ves de 4\u00e8mes du Coll\u00e8ge Jeanne d\u2019Arc\u00a0 ont quitt\u00e9 Figeac pour une escapade d\u2019une semaine chez nos voisins d\u2019outre Manche.\u00a0\",\"breadcrumb\":{\"@id\":\"http:\/\/www.jeannedarc-figeac.fr\/college-lycee\/voyage-angleterre-4eme-2\/#breadcrumb\"},\"inLanguage\":\"fr-FR\",\"potentialAction\":[{\"@type\":\"ReadAction\",\"target\":[\"http:\/\/www.jeannedarc-figeac.fr\/college-lycee\/voyage-angleterre-4eme-2\/\"]}]},{\"@type\":\"ImageObject\",\"inLanguage\":\"fr-FR\",\"@id\":\"http:\/\/www.jeannedarc-figeac.fr\/college-lycee\/voyage-angleterre-4eme-2\/#primaryimage\",\"url\":\"https:\/\/i0.wp.com\/www.jeannedarc-figeac.fr\/college-lycee\/wp-content\/uploads\/sites\/5\/2018\/05\/Photo-angleterre-1.png?fit=742%2C449&ssl=1\",\"contentUrl\":\"https:\/\/i0.wp.com\/www.jeannedarc-figeac.fr\/college-lycee\/wp-content\/uploads\/sites\/5\/2018\/05\/Photo-angleterre-1.png?fit=742%2C449&ssl=1\",\"width\":742,\"height\":449},{\"@type\":\"BreadcrumbList\",\"@id\":\"http:\/\/www.jeannedarc-figeac.fr\/college-lycee\/voyage-angleterre-4eme-2\/#breadcrumb\",\"itemListElement\":[{\"@type\":\"ListItem\",\"position\":1,\"name\":\"Accueil\",\"item\":\"https:\/\/www.jeannedarc-figeac.fr\/college-lycee\/\"},{\"@type\":\"ListItem\",\"position\":2,\"name\":\"Actus\",\"item\":\"http:\/\/www.jeannedarc-figeac.fr\/college-lycee\/cat\/actus\/\"},{\"@type\":\"ListItem\",\"position\":3,\"name\":\"VOYAGE EN ANGLETERRE DES 4\u00e8me\"}]},{\"@type\":\"WebSite\",\"@id\":\"https:\/\/www.jeannedarc-figeac.fr\/college-lycee\/#website\",\"url\":\"https:\/\/www.jeannedarc-figeac.fr\/college-lycee\/\",\"name\":\"Coll\u00e8ge et Lyc\u00e9e Jeanne d&#039;Arc\",\"description\":\"Jeanne d&#039;Arc Figeac\",\"potentialAction\":[{\"@type\":\"SearchAction\",\"target\":{\"@type\":\"EntryPoint\",\"urlTemplate\":\"https:\/\/www.jeannedarc-figeac.fr\/college-lycee\/?s={search_term_string}\"},\"query-input\":{\"@type\":\"PropertyValueSpecification\",\"valueRequired\":true,\"valueName\":\"search_term_string\"}}],\"inLanguage\":\"fr-FR\"},{\"@type\":\"Person\",\"@id\":\"https:\/\/www.jeannedarc-figeac.fr\/college-lycee\/#\/schema\/person\/29e5764f28e895dc8bf41d4468f99154\",\"name\":\"le secr\u00e9tariat\",\"image\":{\"@type\":\"ImageObject\",\"inLanguage\":\"fr-FR\",\"@id\":\"https:\/\/www.jeannedarc-figeac.fr\/college-lycee\/#\/schema\/person\/image\/\",\"url\":\"https:\/\/www.jeannedarc-figeac.fr\/college-lycee\/wp-content\/litespeed\/avatar\/5\/b7e8da60f53ba4adc9e9e66d91d84580.jpg?ver=1776943645\",\"contentUrl\":\"https:\/\/www.jeannedarc-figeac.fr\/college-lycee\/wp-content\/litespeed\/avatar\/5\/b7e8da60f53ba4adc9e9e66d91d84580.jpg?ver=1776943645\",\"caption\":\"le secr\u00e9tariat\"},\"url\":\"https:\/\/www.jeannedarc-figeac.fr\/college-lycee\/author\/arlette\/\"}]}<\/script>\n<!-- \/ Yoast SEO plugin. -->","yoast_head_json":{"title":"VOYAGE EN ANGLETERRE DES 4\u00e8me","description":"C\u2019est avec impatience que les \u00e9l\u00e8ves de 4\u00e8mes du Coll\u00e8ge Jeanne d\u2019Arc\u00a0 ont quitt\u00e9 Figeac pour une escapade d\u2019une semaine chez nos voisins d\u2019outre Manche.\u00a0","robots":{"index":"index","follow":"follow","max-snippet":"max-snippet:-1","max-image-preview":"max-image-preview:large","max-video-preview":"max-video-preview:-1"},"canonical":"http:\/\/www.jeannedarc-figeac.fr\/college-lycee\/voyage-angleterre-4eme-2\/","og_locale":"fr_FR","og_type":"article","og_title":"VOYAGE EN ANGLETERRE DES 4\u00e8me","og_description":"C\u2019est avec impatience que les \u00e9l\u00e8ves de 4\u00e8mes du Coll\u00e8ge Jeanne d\u2019Arc\u00a0 ont quitt\u00e9 Figeac pour une escapade d\u2019une semaine chez nos voisins d\u2019outre Manche.\u00a0","og_url":"http:\/\/www.jeannedarc-figeac.fr\/college-lycee\/voyage-angleterre-4eme-2\/","og_site_name":"Coll\u00e8ge et Lyc\u00e9e Jeanne d&#039;Arc","article_published_time":"2018-05-07T14:24:24+00:00","og_image":[{"url":"http:\/\/www.jeannedarc-figeac.fr\/college-lycee\/wp-content\/uploads\/sites\/5\/2018\/05\/Photo-angleterre-1-300x182.png","type":"","width":"","height":""}],"author":"le secr\u00e9tariat","schema":{"@context":"https:\/\/schema.org","@graph":[{"@type":"WebPage","@id":"http:\/\/www.jeannedarc-figeac.fr\/college-lycee\/voyage-angleterre-4eme-2\/","url":"http:\/\/www.jeannedarc-figeac.fr\/college-lycee\/voyage-angleterre-4eme-2\/","name":"VOYAGE EN ANGLETERRE DES 4\u00e8me","isPartOf":{"@id":"https:\/\/www.jeannedarc-figeac.fr\/college-lycee\/#website"},"primaryImageOfPage":{"@id":"http:\/\/www.jeannedarc-figeac.fr\/college-lycee\/voyage-angleterre-4eme-2\/#primaryimage"},"image":{"@id":"http:\/\/www.jeannedarc-figeac.fr\/college-lycee\/voyage-angleterre-4eme-2\/#primaryimage"},"thumbnailUrl":"http:\/\/www.jeannedarc-figeac.fr\/college-lycee\/wp-content\/uploads\/sites\/5\/2018\/05\/Photo-angleterre-1-300x182.png","datePublished":"2018-05-07T14:24:24+00:00","author":{"@id":"https:\/\/www.jeannedarc-figeac.fr\/college-lycee\/#\/schema\/person\/29e5764f28e895dc8bf41d4468f99154"},"description":"C\u2019est avec impatience que les \u00e9l\u00e8ves de 4\u00e8mes du Coll\u00e8ge Jeanne d\u2019Arc\u00a0 ont quitt\u00e9 Figeac pour une escapade d\u2019une semaine chez nos voisins d\u2019outre Manche.\u00a0","breadcrumb":{"@id":"http:\/\/www.jeannedarc-figeac.fr\/college-lycee\/voyage-angleterre-4eme-2\/#breadcrumb"},"inLanguage":"fr-FR","potentialAction":[{"@type":"ReadAction","target":["http:\/\/www.jeannedarc-figeac.fr\/college-lycee\/voyage-angleterre-4eme-2\/"]}]},{"@type":"ImageObject","inLanguage":"fr-FR","@id":"http:\/\/www.jeannedarc-figeac.fr\/college-lycee\/voyage-angleterre-4eme-2\/#primaryimage","url":"https:\/\/i0.wp.com\/www.jeannedarc-figeac.fr\/college-lycee\/wp-content\/uploads\/sites\/5\/2018\/05\/Photo-angleterre-1.png?fit=742%2C449&ssl=1","contentUrl":"https:\/\/i0.wp.com\/www.jeannedarc-figeac.fr\/college-lycee\/wp-content\/uploads\/sites\/5\/2018\/05\/Photo-angleterre-1.png?fit=742%2C449&ssl=1","width":742,"height":449},{"@type":"BreadcrumbList","@id":"http:\/\/www.jeannedarc-figeac.fr\/college-lycee\/voyage-angleterre-4eme-2\/#breadcrumb","itemListElement":[{"@type":"ListItem","position":1,"name":"Accueil","item":"https:\/\/www.jeannedarc-figeac.fr\/college-lycee\/"},{"@type":"ListItem","position":2,"name":"Actus","item":"http:\/\/www.jeannedarc-figeac.fr\/college-lycee\/cat\/actus\/"},{"@type":"ListItem","position":3,"name":"VOYAGE EN ANGLETERRE DES 4\u00e8me"}]},{"@type":"WebSite","@id":"https:\/\/www.jeannedarc-figeac.fr\/college-lycee\/#website","url":"https:\/\/www.jeannedarc-figeac.fr\/college-lycee\/","name":"Coll\u00e8ge et Lyc\u00e9e Jeanne d&#039;Arc","description":"Jeanne d&#039;Arc Figeac","potentialAction":[{"@type":"SearchAction","target":{"@type":"EntryPoint","urlTemplate":"https:\/\/www.jeannedarc-figeac.fr\/college-lycee\/?s={search_term_string}"},"query-input":{"@type":"PropertyValueSpecification","valueRequired":true,"valueName":"search_term_string"}}],"inLanguage":"fr-FR"},{"@type":"Person","@id":"https:\/\/www.jeannedarc-figeac.fr\/college-lycee\/#\/schema\/person\/29e5764f28e895dc8bf41d4468f99154","name":"le secr\u00e9tariat","image":{"@type":"ImageObject","inLanguage":"fr-FR","@id":"https:\/\/www.jeannedarc-figeac.fr\/college-lycee\/#\/schema\/person\/image\/","url":"https:\/\/www.jeannedarc-figeac.fr\/college-lycee\/wp-content\/litespeed\/avatar\/5\/b7e8da60f53ba4adc9e9e66d91d84580.jpg?ver=1776943645","contentUrl":"https:\/\/www.jeannedarc-figeac.fr\/college-lycee\/wp-content\/litespeed\/avatar\/5\/b7e8da60f53ba4adc9e9e66d91d84580.jpg?ver=1776943645","caption":"le secr\u00e9tariat"},"url":"https:\/\/www.jeannedarc-figeac.fr\/college-lycee\/author\/arlette\/"}]}},"jetpack_featured_media_url":"","jetpack_sharing_enabled":true,"jetpack_shortlink":"https:\/\/wp.me\/p5Qyb6-IB","_links":{"self":[{"href":"https:\/\/www.jeannedarc-figeac.fr\/college-lycee\/wp-json\/wp\/v2\/posts\/2765","targetHints":{"allow":["GET"]}}],"collection":[{"href":"https:\/\/www.jeannedarc-figeac.fr\/college-lycee\/wp-json\/wp\/v2\/posts"}],"about":[{"href":"https:\/\/www.jeannedarc-figeac.fr\/college-lycee\/wp-json\/wp\/v2\/types\/post"}],"author":[{"embeddable":true,"href":"https:\/\/www.jeannedarc-figeac.fr\/college-lycee\/wp-json\/wp\/v2\/users\/12"}],"replies":[{"embeddable":true,"href":"https:\/\/www.jeannedarc-figeac.fr\/college-lycee\/wp-json\/wp\/v2\/comments?post=2765"}],"version-history":[{"count":1,"href":"https:\/\/www.jeannedarc-figeac.fr\/college-lycee\/wp-json\/wp\/v2\/posts\/2765\/revisions"}],"predecessor-version":[{"id":2767,"href":"https:\/\/www.jeannedarc-figeac.fr\/college-lycee\/wp-json\/wp\/v2\/posts\/2765\/revisions\/2767"}],"wp:attachment":[{"href":"https:\/\/www.jeannedarc-figeac.fr\/college-lycee\/wp-json\/wp\/v2\/media?parent=2765"}],"wp:term":[{"taxonomy":"category","embeddable":true,"href":"https:\/\/www.jeannedarc-figeac.fr\/college-lycee\/wp-json\/wp\/v2\/categories?post=2765"},{"taxonomy":"post_tag","embeddable":true,"href":"https:\/\/www.jeannedarc-figeac.fr\/college-lycee\/wp-json\/wp\/v2\/tags?post=2765"}],"curies":[{"name":"wp","href":"https:\/\/api.w.org\/{rel}","templated":true}]}}