{"id":2745,"date":"2018-03-28T09:29:43","date_gmt":"2018-03-28T09:29:43","guid":{"rendered":"http:\/\/www.jeannedarc-figeac.fr\/college-lycee\/?p=2745"},"modified":"2018-03-28T09:29:43","modified_gmt":"2018-03-28T09:29:43","slug":"voyage-espagne-eleves-de-1ere","status":"publish","type":"post","link":"https:\/\/www.jeannedarc-figeac.fr\/college-lycee\/voyage-espagne-eleves-de-1ere\/","title":{"rendered":"Voyage en Espagne des \u00e9l\u00e8ves de 1\u00e8re"},"content":{"rendered":"<p><a href=\"https:\/\/i0.wp.com\/www.jeannedarc-figeac.fr\/college-lycee\/wp-content\/uploads\/sites\/5\/2018\/02\/CORDOUE-3.jpg\"><img data-recalc-dims=\"1\" loading=\"lazy\" decoding=\"async\" class=\"alignnone size-medium wp-image-2728\" src=\"https:\/\/i0.wp.com\/www.jeannedarc-figeac.fr\/college-lycee\/wp-content\/uploads\/sites\/5\/2018\/02\/CORDOUE-3.jpg?resize=300%2C169\" alt=\"\" width=\"300\" height=\"169\" srcset=\"https:\/\/i0.wp.com\/www.jeannedarc-figeac.fr\/college-lycee\/wp-content\/uploads\/sites\/5\/2018\/02\/CORDOUE-3.jpg?resize=300%2C169&amp;ssl=1 300w, https:\/\/i0.wp.com\/www.jeannedarc-figeac.fr\/college-lycee\/wp-content\/uploads\/sites\/5\/2018\/02\/CORDOUE-3.jpg?resize=768%2C432&amp;ssl=1 768w, https:\/\/i0.wp.com\/www.jeannedarc-figeac.fr\/college-lycee\/wp-content\/uploads\/sites\/5\/2018\/02\/CORDOUE-3.jpg?resize=1024%2C576&amp;ssl=1 1024w, https:\/\/i0.wp.com\/www.jeannedarc-figeac.fr\/college-lycee\/wp-content\/uploads\/sites\/5\/2018\/02\/CORDOUE-3.jpg?resize=1080%2C608&amp;ssl=1 1080w, https:\/\/i0.wp.com\/www.jeannedarc-figeac.fr\/college-lycee\/wp-content\/uploads\/sites\/5\/2018\/02\/CORDOUE-3.jpg?w=1632&amp;ssl=1 1632w\" sizes=\"(max-width: 300px) 100vw, 300px\" \/><\/a><\/p>\n<p><strong><span style=\"color: #ff6600\">Du 11 au\u00a0 16 f\u00e9vrier dernier, les lyc\u00e9ens des classes de 1<sup>\u00e8re<\/sup> S, ES, L, ST2S, ASSP et Terminale CAP ATMFC, ont quitt\u00e9 la grisaille figeacoise \u00e0 la recherche du soleil ib\u00e9rique.<\/span><\/strong><\/p>\n<p><strong><span style=\"color: #ff6600\">Une premi\u00e8re journ\u00e9e \u00e0 Madrid a d\u00e9but\u00e9 avec la visite du mus\u00e9e d\u2019art contemporain Reine Sofia pour admirer l\u2019incontournable Guernica de Pablo Picasso, elle s\u2019est poursuivie au Palais Royal, demeure d\u2019environ 3000 pi\u00e8ces richement d\u00e9cor\u00e9es.<\/span><\/strong><\/p>\n<p><strong><span style=\"color: #ff6600\">Les jours suivants ont \u00e9t\u00e9 consacr\u00e9s \u00e0 l\u2019Andalousie, avec Courdoue et sa mosqu\u00e9e-cath\u00e9drale, la Mezquita\u00a0; S\u00e9ville, sa cath\u00e9drale et son Giralda, puis l\u2019Alcazar et la place d\u2019Espagne et enfin Grenade avec l\u2019Alhambra.<\/span><\/strong><\/p>\n<p><strong><span style=\"color: #ff6600\">Des temps ont \u00e9galement \u00e9t\u00e9 consacr\u00e9s \u00e0 la d\u00e9couverte des ruelles et quartiers pittoresques de ces villes, notamment le quartier de Santa Cruz \u00e0 S\u00e9ville et l\u2019Albaicin \u00e0 Grenade.<\/span><\/strong><\/p>\n<p><strong><span style=\"color: #ff6600\">Au travers de ces visites, les lyc\u00e9ens ont pu se rendre compte de la richesse architecturale de ces lieux et mesurer l\u2019influence de la pr\u00e9sence musulmane entre le VIIIi\u00e8me et le XVi\u00e8me si\u00e8cle.<\/span><\/strong><\/p>\n<p><strong><span style=\"color: #ff6600\">Les \u00e9l\u00e8ves ont pu d\u00e9couvrir diff\u00e9rents proc\u00e9d\u00e9s d\u00e9coratifs \u00e0 base de stuc \u00ab\u00a0murqanas\u00a0\u00bb, de bois, de c\u00e9ramique \u00ab\u00a0azul\u00e9jos\u00a0\u00bb ainsi que l\u2019organisation sp\u00e9cifique de ces palais, assez aust\u00e8res de l\u2019ext\u00e9rieur, centr\u00e9s autour de patios, \u00e0 l\u2019abri de l\u2019agitation de la cit\u00e9.<\/span><\/strong><\/p>\n<p><strong><span style=\"color: #ff6600\">Les jeunes et leurs accompagnateurs sont revenus enchant\u00e9s par toutes ces merveilles\u00a0!<\/span><\/strong><\/p>\n","protected":false},"excerpt":{"rendered":"<p>Du 11 au\u00a0 16 f\u00e9vrier dernier, les lyc\u00e9ens des classes de 1\u00e8re S, ES, L, ST2S, ASSP et Terminale CAP ATMFC, ont quitt\u00e9 la grisaille figeacoise \u00e0 la recherche du soleil ib\u00e9rique. Une premi\u00e8re journ\u00e9e \u00e0 Madrid a d\u00e9but\u00e9 avec la visite du mus\u00e9e d\u2019art contemporain Reine Sofia pour admirer l\u2019incontournable Guernica de Pablo Picasso, [&hellip;]<\/p>\n","protected":false},"author":12,"featured_media":0,"comment_status":"closed","ping_status":"open","sticky":false,"template":"","format":"standard","meta":{"_et_pb_use_builder":"","_et_pb_old_content":"","_et_gb_content_width":"","_jetpack_newsletter_access":"","_jetpack_dont_email_post_to_subs":false,"_jetpack_newsletter_tier_id":0,"_jetpack_memberships_contains_paywalled_content":false,"iawp_total_views":0,"_jetpack_memberships_contains_paid_content":false,"footnotes":""},"categories":[28],"tags":[],"class_list":["post-2745","post","type-post","status-publish","format-standard","hentry","category-actus"],"yoast_head":"<!-- This site is optimized with the Yoast SEO plugin v26.0 - https:\/\/yoast.com\/wordpress\/plugins\/seo\/ -->\n<title>Voyage en Espagne des \u00e9l\u00e8ves de 1\u00e8re<\/title>\n<meta name=\"description\" content=\"Du 11 au\u00a0 16 f\u00e9vrier dernier, les lyc\u00e9ens des classes de 1\u00e8re S, ES, L, ST2S, ASSP et Terminale CAP ATMFC, ont quitt\u00e9 la grisaille figeacoise \u00e0 la\" \/>\n<meta name=\"robots\" content=\"index, follow, max-snippet:-1, max-image-preview:large, max-video-preview:-1\" \/>\n<link rel=\"canonical\" href=\"http:\/\/www.jeannedarc-figeac.fr\/college-lycee\/voyage-espagne-eleves-de-1ere\/\" \/>\n<meta property=\"og:locale\" content=\"fr_FR\" \/>\n<meta property=\"og:type\" content=\"article\" \/>\n<meta property=\"og:title\" content=\"Voyage en Espagne des \u00e9l\u00e8ves de 1\u00e8re\" \/>\n<meta property=\"og:description\" content=\"Du 11 au\u00a0 16 f\u00e9vrier dernier, les lyc\u00e9ens des classes de 1\u00e8re S, ES, L, ST2S, ASSP et Terminale CAP ATMFC, ont quitt\u00e9 la grisaille figeacoise \u00e0 la\" \/>\n<meta property=\"og:url\" content=\"http:\/\/www.jeannedarc-figeac.fr\/college-lycee\/voyage-espagne-eleves-de-1ere\/\" \/>\n<meta property=\"og:site_name\" content=\"Coll\u00e8ge et Lyc\u00e9e Jeanne d&#039;Arc\" \/>\n<meta property=\"article:published_time\" content=\"2018-03-28T09:29:43+00:00\" \/>\n<meta property=\"og:image\" content=\"http:\/\/www.jeannedarc-figeac.fr\/college-lycee\/wp-content\/uploads\/sites\/5\/2018\/02\/CORDOUE-3-300x169.jpg\" \/>\n<meta name=\"author\" content=\"le secr\u00e9tariat\" \/>\n<script type=\"application\/ld+json\" class=\"yoast-schema-graph\">{\"@context\":\"https:\/\/schema.org\",\"@graph\":[{\"@type\":\"WebPage\",\"@id\":\"http:\/\/www.jeannedarc-figeac.fr\/college-lycee\/voyage-espagne-eleves-de-1ere\/\",\"url\":\"http:\/\/www.jeannedarc-figeac.fr\/college-lycee\/voyage-espagne-eleves-de-1ere\/\",\"name\":\"Voyage en Espagne des \u00e9l\u00e8ves de 1\u00e8re\",\"isPartOf\":{\"@id\":\"https:\/\/www.jeannedarc-figeac.fr\/college-lycee\/#website\"},\"primaryImageOfPage\":{\"@id\":\"http:\/\/www.jeannedarc-figeac.fr\/college-lycee\/voyage-espagne-eleves-de-1ere\/#primaryimage\"},\"image\":{\"@id\":\"http:\/\/www.jeannedarc-figeac.fr\/college-lycee\/voyage-espagne-eleves-de-1ere\/#primaryimage\"},\"thumbnailUrl\":\"http:\/\/www.jeannedarc-figeac.fr\/college-lycee\/wp-content\/uploads\/sites\/5\/2018\/02\/CORDOUE-3-300x169.jpg\",\"datePublished\":\"2018-03-28T09:29:43+00:00\",\"author\":{\"@id\":\"https:\/\/www.jeannedarc-figeac.fr\/college-lycee\/#\/schema\/person\/29e5764f28e895dc8bf41d4468f99154\"},\"description\":\"Du 11 au\u00a0 16 f\u00e9vrier dernier, les lyc\u00e9ens des classes de 1\u00e8re S, ES, L, ST2S, ASSP et Terminale CAP ATMFC, ont quitt\u00e9 la grisaille figeacoise \u00e0 la\",\"breadcrumb\":{\"@id\":\"http:\/\/www.jeannedarc-figeac.fr\/college-lycee\/voyage-espagne-eleves-de-1ere\/#breadcrumb\"},\"inLanguage\":\"fr-FR\",\"potentialAction\":[{\"@type\":\"ReadAction\",\"target\":[\"http:\/\/www.jeannedarc-figeac.fr\/college-lycee\/voyage-espagne-eleves-de-1ere\/\"]}]},{\"@type\":\"ImageObject\",\"inLanguage\":\"fr-FR\",\"@id\":\"http:\/\/www.jeannedarc-figeac.fr\/college-lycee\/voyage-espagne-eleves-de-1ere\/#primaryimage\",\"url\":\"https:\/\/i0.wp.com\/www.jeannedarc-figeac.fr\/college-lycee\/wp-content\/uploads\/sites\/5\/2018\/02\/CORDOUE-3.jpg?fit=1632%2C918&ssl=1\",\"contentUrl\":\"https:\/\/i0.wp.com\/www.jeannedarc-figeac.fr\/college-lycee\/wp-content\/uploads\/sites\/5\/2018\/02\/CORDOUE-3.jpg?fit=1632%2C918&ssl=1\",\"width\":1632,\"height\":918},{\"@type\":\"BreadcrumbList\",\"@id\":\"http:\/\/www.jeannedarc-figeac.fr\/college-lycee\/voyage-espagne-eleves-de-1ere\/#breadcrumb\",\"itemListElement\":[{\"@type\":\"ListItem\",\"position\":1,\"name\":\"Accueil\",\"item\":\"https:\/\/www.jeannedarc-figeac.fr\/college-lycee\/\"},{\"@type\":\"ListItem\",\"position\":2,\"name\":\"Actus\",\"item\":\"http:\/\/www.jeannedarc-figeac.fr\/college-lycee\/cat\/actus\/\"},{\"@type\":\"ListItem\",\"position\":3,\"name\":\"Voyage en Espagne des \u00e9l\u00e8ves de 1\u00e8re\"}]},{\"@type\":\"WebSite\",\"@id\":\"https:\/\/www.jeannedarc-figeac.fr\/college-lycee\/#website\",\"url\":\"https:\/\/www.jeannedarc-figeac.fr\/college-lycee\/\",\"name\":\"Coll\u00e8ge et Lyc\u00e9e Jeanne d&#039;Arc\",\"description\":\"Jeanne d&#039;Arc Figeac\",\"potentialAction\":[{\"@type\":\"SearchAction\",\"target\":{\"@type\":\"EntryPoint\",\"urlTemplate\":\"https:\/\/www.jeannedarc-figeac.fr\/college-lycee\/?s={search_term_string}\"},\"query-input\":{\"@type\":\"PropertyValueSpecification\",\"valueRequired\":true,\"valueName\":\"search_term_string\"}}],\"inLanguage\":\"fr-FR\"},{\"@type\":\"Person\",\"@id\":\"https:\/\/www.jeannedarc-figeac.fr\/college-lycee\/#\/schema\/person\/29e5764f28e895dc8bf41d4468f99154\",\"name\":\"le secr\u00e9tariat\",\"image\":{\"@type\":\"ImageObject\",\"inLanguage\":\"fr-FR\",\"@id\":\"https:\/\/www.jeannedarc-figeac.fr\/college-lycee\/#\/schema\/person\/image\/\",\"url\":\"https:\/\/www.jeannedarc-figeac.fr\/college-lycee\/wp-content\/litespeed\/avatar\/5\/b7e8da60f53ba4adc9e9e66d91d84580.jpg?ver=1776943645\",\"contentUrl\":\"https:\/\/www.jeannedarc-figeac.fr\/college-lycee\/wp-content\/litespeed\/avatar\/5\/b7e8da60f53ba4adc9e9e66d91d84580.jpg?ver=1776943645\",\"caption\":\"le secr\u00e9tariat\"},\"url\":\"https:\/\/www.jeannedarc-figeac.fr\/college-lycee\/author\/arlette\/\"}]}<\/script>\n<!-- \/ Yoast SEO plugin. -->","yoast_head_json":{"title":"Voyage en Espagne des \u00e9l\u00e8ves de 1\u00e8re","description":"Du 11 au\u00a0 16 f\u00e9vrier dernier, les lyc\u00e9ens des classes de 1\u00e8re S, ES, L, ST2S, ASSP et Terminale CAP ATMFC, ont quitt\u00e9 la grisaille figeacoise \u00e0 la","robots":{"index":"index","follow":"follow","max-snippet":"max-snippet:-1","max-image-preview":"max-image-preview:large","max-video-preview":"max-video-preview:-1"},"canonical":"http:\/\/www.jeannedarc-figeac.fr\/college-lycee\/voyage-espagne-eleves-de-1ere\/","og_locale":"fr_FR","og_type":"article","og_title":"Voyage en Espagne des \u00e9l\u00e8ves de 1\u00e8re","og_description":"Du 11 au\u00a0 16 f\u00e9vrier dernier, les lyc\u00e9ens des classes de 1\u00e8re S, ES, L, ST2S, ASSP et Terminale CAP ATMFC, ont quitt\u00e9 la grisaille figeacoise \u00e0 la","og_url":"http:\/\/www.jeannedarc-figeac.fr\/college-lycee\/voyage-espagne-eleves-de-1ere\/","og_site_name":"Coll\u00e8ge et Lyc\u00e9e Jeanne d&#039;Arc","article_published_time":"2018-03-28T09:29:43+00:00","og_image":[{"url":"http:\/\/www.jeannedarc-figeac.fr\/college-lycee\/wp-content\/uploads\/sites\/5\/2018\/02\/CORDOUE-3-300x169.jpg","type":"","width":"","height":""}],"author":"le secr\u00e9tariat","schema":{"@context":"https:\/\/schema.org","@graph":[{"@type":"WebPage","@id":"http:\/\/www.jeannedarc-figeac.fr\/college-lycee\/voyage-espagne-eleves-de-1ere\/","url":"http:\/\/www.jeannedarc-figeac.fr\/college-lycee\/voyage-espagne-eleves-de-1ere\/","name":"Voyage en Espagne des \u00e9l\u00e8ves de 1\u00e8re","isPartOf":{"@id":"https:\/\/www.jeannedarc-figeac.fr\/college-lycee\/#website"},"primaryImageOfPage":{"@id":"http:\/\/www.jeannedarc-figeac.fr\/college-lycee\/voyage-espagne-eleves-de-1ere\/#primaryimage"},"image":{"@id":"http:\/\/www.jeannedarc-figeac.fr\/college-lycee\/voyage-espagne-eleves-de-1ere\/#primaryimage"},"thumbnailUrl":"http:\/\/www.jeannedarc-figeac.fr\/college-lycee\/wp-content\/uploads\/sites\/5\/2018\/02\/CORDOUE-3-300x169.jpg","datePublished":"2018-03-28T09:29:43+00:00","author":{"@id":"https:\/\/www.jeannedarc-figeac.fr\/college-lycee\/#\/schema\/person\/29e5764f28e895dc8bf41d4468f99154"},"description":"Du 11 au\u00a0 16 f\u00e9vrier dernier, les lyc\u00e9ens des classes de 1\u00e8re S, ES, L, ST2S, ASSP et Terminale CAP ATMFC, ont quitt\u00e9 la grisaille figeacoise \u00e0 la","breadcrumb":{"@id":"http:\/\/www.jeannedarc-figeac.fr\/college-lycee\/voyage-espagne-eleves-de-1ere\/#breadcrumb"},"inLanguage":"fr-FR","potentialAction":[{"@type":"ReadAction","target":["http:\/\/www.jeannedarc-figeac.fr\/college-lycee\/voyage-espagne-eleves-de-1ere\/"]}]},{"@type":"ImageObject","inLanguage":"fr-FR","@id":"http:\/\/www.jeannedarc-figeac.fr\/college-lycee\/voyage-espagne-eleves-de-1ere\/#primaryimage","url":"https:\/\/i0.wp.com\/www.jeannedarc-figeac.fr\/college-lycee\/wp-content\/uploads\/sites\/5\/2018\/02\/CORDOUE-3.jpg?fit=1632%2C918&ssl=1","contentUrl":"https:\/\/i0.wp.com\/www.jeannedarc-figeac.fr\/college-lycee\/wp-content\/uploads\/sites\/5\/2018\/02\/CORDOUE-3.jpg?fit=1632%2C918&ssl=1","width":1632,"height":918},{"@type":"BreadcrumbList","@id":"http:\/\/www.jeannedarc-figeac.fr\/college-lycee\/voyage-espagne-eleves-de-1ere\/#breadcrumb","itemListElement":[{"@type":"ListItem","position":1,"name":"Accueil","item":"https:\/\/www.jeannedarc-figeac.fr\/college-lycee\/"},{"@type":"ListItem","position":2,"name":"Actus","item":"http:\/\/www.jeannedarc-figeac.fr\/college-lycee\/cat\/actus\/"},{"@type":"ListItem","position":3,"name":"Voyage en Espagne des \u00e9l\u00e8ves de 1\u00e8re"}]},{"@type":"WebSite","@id":"https:\/\/www.jeannedarc-figeac.fr\/college-lycee\/#website","url":"https:\/\/www.jeannedarc-figeac.fr\/college-lycee\/","name":"Coll\u00e8ge et Lyc\u00e9e Jeanne d&#039;Arc","description":"Jeanne d&#039;Arc Figeac","potentialAction":[{"@type":"SearchAction","target":{"@type":"EntryPoint","urlTemplate":"https:\/\/www.jeannedarc-figeac.fr\/college-lycee\/?s={search_term_string}"},"query-input":{"@type":"PropertyValueSpecification","valueRequired":true,"valueName":"search_term_string"}}],"inLanguage":"fr-FR"},{"@type":"Person","@id":"https:\/\/www.jeannedarc-figeac.fr\/college-lycee\/#\/schema\/person\/29e5764f28e895dc8bf41d4468f99154","name":"le secr\u00e9tariat","image":{"@type":"ImageObject","inLanguage":"fr-FR","@id":"https:\/\/www.jeannedarc-figeac.fr\/college-lycee\/#\/schema\/person\/image\/","url":"https:\/\/www.jeannedarc-figeac.fr\/college-lycee\/wp-content\/litespeed\/avatar\/5\/b7e8da60f53ba4adc9e9e66d91d84580.jpg?ver=1776943645","contentUrl":"https:\/\/www.jeannedarc-figeac.fr\/college-lycee\/wp-content\/litespeed\/avatar\/5\/b7e8da60f53ba4adc9e9e66d91d84580.jpg?ver=1776943645","caption":"le secr\u00e9tariat"},"url":"https:\/\/www.jeannedarc-figeac.fr\/college-lycee\/author\/arlette\/"}]}},"jetpack_featured_media_url":"","jetpack_sharing_enabled":true,"jetpack_shortlink":"https:\/\/wp.me\/p5Qyb6-Ih","_links":{"self":[{"href":"https:\/\/www.jeannedarc-figeac.fr\/college-lycee\/wp-json\/wp\/v2\/posts\/2745","targetHints":{"allow":["GET"]}}],"collection":[{"href":"https:\/\/www.jeannedarc-figeac.fr\/college-lycee\/wp-json\/wp\/v2\/posts"}],"about":[{"href":"https:\/\/www.jeannedarc-figeac.fr\/college-lycee\/wp-json\/wp\/v2\/types\/post"}],"author":[{"embeddable":true,"href":"https:\/\/www.jeannedarc-figeac.fr\/college-lycee\/wp-json\/wp\/v2\/users\/12"}],"replies":[{"embeddable":true,"href":"https:\/\/www.jeannedarc-figeac.fr\/college-lycee\/wp-json\/wp\/v2\/comments?post=2745"}],"version-history":[{"count":1,"href":"https:\/\/www.jeannedarc-figeac.fr\/college-lycee\/wp-json\/wp\/v2\/posts\/2745\/revisions"}],"predecessor-version":[{"id":2746,"href":"https:\/\/www.jeannedarc-figeac.fr\/college-lycee\/wp-json\/wp\/v2\/posts\/2745\/revisions\/2746"}],"wp:attachment":[{"href":"https:\/\/www.jeannedarc-figeac.fr\/college-lycee\/wp-json\/wp\/v2\/media?parent=2745"}],"wp:term":[{"taxonomy":"category","embeddable":true,"href":"https:\/\/www.jeannedarc-figeac.fr\/college-lycee\/wp-json\/wp\/v2\/categories?post=2745"},{"taxonomy":"post_tag","embeddable":true,"href":"https:\/\/www.jeannedarc-figeac.fr\/college-lycee\/wp-json\/wp\/v2\/tags?post=2745"}],"curies":[{"name":"wp","href":"https:\/\/api.w.org\/{rel}","templated":true}]}}