{"id":2739,"date":"2018-03-26T11:34:13","date_gmt":"2018-03-26T11:34:13","guid":{"rendered":"http:\/\/www.jeannedarc-figeac.fr\/college-lycee\/?p=2739"},"modified":"2018-03-26T11:34:13","modified_gmt":"2018-03-26T11:34:13","slug":"declaration-universelle-droits-de-citoyenne-monde-2018","status":"publish","type":"post","link":"https:\/\/www.jeannedarc-figeac.fr\/college-lycee\/declaration-universelle-droits-de-citoyenne-monde-2018\/","title":{"rendered":"La d\u00e9claration Universelle des Droits de la Citoyenne du Monde &#8211; 2018"},"content":{"rendered":"<p><em>\u00ab\u00a0La D\u00e9claration des Droits de la Femme et de la Citoyenne\u00a0\u00bb<\/em> (Olympe de Gouges &#8211; 1791) revue et modernis\u00e9e par des \u00e9l\u00e8ves de quatri\u00e8me du coll\u00e8ge Jeanne d&rsquo;Arc \u00e0 Figeac (46).<\/p>\n<p>En amont, la classe a travaill\u00e9 sur divers documents audiovisuels et textes litt\u00e9raires en relation avec la condition f\u00e9minine \u00e0 travers le monde.<\/p>\n<p>Les \u00e9l\u00e8ves ont, en outre, r\u00e9alis\u00e9 une affiche contre le sexisme et r\u00e9dig\u00e9 une lettre \u00e0 leur grand-m\u00e8re (fictive) rendant compte de leur indignation.<\/p>\n<p>Ce projet interdisciplinaire a \u00e9t\u00e9 encadr\u00e9 par les professeures de Fran\u00e7ais et d&rsquo;EMC ainsi que la professeure-documentaliste.<\/p>\n<p>Bon visionnage.<\/p>\n<p><iframe loading=\"lazy\" title=\"La d\u00e9claration Universelle des Droits de la Citoyenne du Monde- 2018-\" width=\"1080\" height=\"810\" src=\"https:\/\/www.youtube.com\/embed\/EUmPd9aEtPk?feature=oembed\"  allow=\"accelerometer; autoplay; clipboard-write; encrypted-media; gyroscope; picture-in-picture; web-share\" referrerpolicy=\"strict-origin-when-cross-origin\" allowfullscreen><\/iframe><\/p>\n","protected":false},"excerpt":{"rendered":"<p>\u00ab\u00a0La D\u00e9claration des Droits de la Femme et de la Citoyenne\u00a0\u00bb (Olympe de Gouges &#8211; 1791) revue et modernis\u00e9e par des \u00e9l\u00e8ves de quatri\u00e8me du coll\u00e8ge Jeanne d&rsquo;Arc \u00e0 Figeac (46). En amont, la classe a travaill\u00e9 sur divers documents audiovisuels et textes litt\u00e9raires en relation avec la condition f\u00e9minine \u00e0 travers le monde. Les [&hellip;]<\/p>\n","protected":false},"author":10,"featured_media":0,"comment_status":"closed","ping_status":"open","sticky":false,"template":"","format":"standard","meta":{"_et_pb_use_builder":"","_et_pb_old_content":"","_et_gb_content_width":"","_jetpack_newsletter_access":"","_jetpack_dont_email_post_to_subs":false,"_jetpack_newsletter_tier_id":0,"_jetpack_memberships_contains_paywalled_content":false,"iawp_total_views":0,"_jetpack_memberships_contains_paid_content":false,"footnotes":""},"categories":[28,33],"tags":[],"class_list":["post-2739","post","type-post","status-publish","format-standard","hentry","category-actus","category-travaux_eleves"],"yoast_head":"<!-- This site is optimized with the Yoast SEO plugin v26.0 - https:\/\/yoast.com\/wordpress\/plugins\/seo\/ -->\n<title>La d\u00e9claration Universelle des Droits de la Citoyenne du Monde - 2018<\/title>\n<meta name=\"description\" content=\"\u00ab\u00a0La D\u00e9claration des Droits de la Femme et de la Citoyenne\u00a0\u00bb (Olympe de Gouges - 1791) revue et modernis\u00e9e par des \u00e9l\u00e8ves de quatri\u00e8me du coll\u00e8ge Jeanne\" \/>\n<meta name=\"robots\" content=\"index, follow, max-snippet:-1, max-image-preview:large, max-video-preview:-1\" \/>\n<link rel=\"canonical\" href=\"http:\/\/www.jeannedarc-figeac.fr\/college-lycee\/declaration-universelle-droits-de-citoyenne-monde-2018\/\" \/>\n<meta property=\"og:locale\" content=\"fr_FR\" \/>\n<meta property=\"og:type\" content=\"article\" \/>\n<meta property=\"og:title\" content=\"La d\u00e9claration Universelle des Droits de la Citoyenne du Monde - 2018\" \/>\n<meta property=\"og:description\" content=\"\u00ab\u00a0La D\u00e9claration des Droits de la Femme et de la Citoyenne\u00a0\u00bb (Olympe de Gouges - 1791) revue et modernis\u00e9e par des \u00e9l\u00e8ves de quatri\u00e8me du coll\u00e8ge Jeanne\" \/>\n<meta property=\"og:url\" content=\"http:\/\/www.jeannedarc-figeac.fr\/college-lycee\/declaration-universelle-droits-de-citoyenne-monde-2018\/\" \/>\n<meta property=\"og:site_name\" content=\"Coll\u00e8ge et Lyc\u00e9e Jeanne d&#039;Arc\" \/>\n<meta property=\"article:published_time\" content=\"2018-03-26T11:34:13+00:00\" \/>\n<meta name=\"author\" content=\"lbodi\" \/>\n<script type=\"application\/ld+json\" class=\"yoast-schema-graph\">{\"@context\":\"https:\/\/schema.org\",\"@graph\":[{\"@type\":\"WebPage\",\"@id\":\"http:\/\/www.jeannedarc-figeac.fr\/college-lycee\/declaration-universelle-droits-de-citoyenne-monde-2018\/\",\"url\":\"http:\/\/www.jeannedarc-figeac.fr\/college-lycee\/declaration-universelle-droits-de-citoyenne-monde-2018\/\",\"name\":\"La d\u00e9claration Universelle des Droits de la Citoyenne du Monde - 2018\",\"isPartOf\":{\"@id\":\"https:\/\/www.jeannedarc-figeac.fr\/college-lycee\/#website\"},\"datePublished\":\"2018-03-26T11:34:13+00:00\",\"author\":{\"@id\":\"https:\/\/www.jeannedarc-figeac.fr\/college-lycee\/#\/schema\/person\/73c77ff8c704c2a97b0e1f3f5b764da8\"},\"description\":\"\u00ab\u00a0La D\u00e9claration des Droits de la Femme et de la Citoyenne\u00a0\u00bb (Olympe de Gouges - 1791) revue et modernis\u00e9e par des \u00e9l\u00e8ves de quatri\u00e8me du coll\u00e8ge Jeanne\",\"breadcrumb\":{\"@id\":\"http:\/\/www.jeannedarc-figeac.fr\/college-lycee\/declaration-universelle-droits-de-citoyenne-monde-2018\/#breadcrumb\"},\"inLanguage\":\"fr-FR\",\"potentialAction\":[{\"@type\":\"ReadAction\",\"target\":[\"http:\/\/www.jeannedarc-figeac.fr\/college-lycee\/declaration-universelle-droits-de-citoyenne-monde-2018\/\"]}]},{\"@type\":\"BreadcrumbList\",\"@id\":\"http:\/\/www.jeannedarc-figeac.fr\/college-lycee\/declaration-universelle-droits-de-citoyenne-monde-2018\/#breadcrumb\",\"itemListElement\":[{\"@type\":\"ListItem\",\"position\":1,\"name\":\"Accueil\",\"item\":\"https:\/\/www.jeannedarc-figeac.fr\/college-lycee\/\"},{\"@type\":\"ListItem\",\"position\":2,\"name\":\"Travaux des \u00e9l\u00e8ves\",\"item\":\"https:\/\/www.jeannedarc-figeac.fr\/college-lycee\/cat\/travaux_eleves\/\"},{\"@type\":\"ListItem\",\"position\":3,\"name\":\"La d\u00e9claration Universelle des Droits de la Citoyenne du Monde &#8211; 2018\"}]},{\"@type\":\"WebSite\",\"@id\":\"https:\/\/www.jeannedarc-figeac.fr\/college-lycee\/#website\",\"url\":\"https:\/\/www.jeannedarc-figeac.fr\/college-lycee\/\",\"name\":\"Coll\u00e8ge et Lyc\u00e9e Jeanne d&#039;Arc\",\"description\":\"Jeanne d&#039;Arc Figeac\",\"potentialAction\":[{\"@type\":\"SearchAction\",\"target\":{\"@type\":\"EntryPoint\",\"urlTemplate\":\"https:\/\/www.jeannedarc-figeac.fr\/college-lycee\/?s={search_term_string}\"},\"query-input\":{\"@type\":\"PropertyValueSpecification\",\"valueRequired\":true,\"valueName\":\"search_term_string\"}}],\"inLanguage\":\"fr-FR\"},{\"@type\":\"Person\",\"@id\":\"https:\/\/www.jeannedarc-figeac.fr\/college-lycee\/#\/schema\/person\/73c77ff8c704c2a97b0e1f3f5b764da8\",\"name\":\"lbodi\",\"image\":{\"@type\":\"ImageObject\",\"inLanguage\":\"fr-FR\",\"@id\":\"https:\/\/www.jeannedarc-figeac.fr\/college-lycee\/#\/schema\/person\/image\/\",\"url\":\"https:\/\/www.jeannedarc-figeac.fr\/college-lycee\/wp-content\/litespeed\/avatar\/5\/88f2c477d3cd582cfaf81093731fe5fb.jpg?ver=1777548713\",\"contentUrl\":\"https:\/\/www.jeannedarc-figeac.fr\/college-lycee\/wp-content\/litespeed\/avatar\/5\/88f2c477d3cd582cfaf81093731fe5fb.jpg?ver=1777548713\",\"caption\":\"lbodi\"},\"url\":\"https:\/\/www.jeannedarc-figeac.fr\/college-lycee\/author\/lbodi\/\"}]}<\/script>\n<!-- \/ Yoast SEO plugin. -->","yoast_head_json":{"title":"La d\u00e9claration Universelle des Droits de la Citoyenne du Monde - 2018","description":"\u00ab\u00a0La D\u00e9claration des Droits de la Femme et de la Citoyenne\u00a0\u00bb (Olympe de Gouges - 1791) revue et modernis\u00e9e par des \u00e9l\u00e8ves de quatri\u00e8me du coll\u00e8ge Jeanne","robots":{"index":"index","follow":"follow","max-snippet":"max-snippet:-1","max-image-preview":"max-image-preview:large","max-video-preview":"max-video-preview:-1"},"canonical":"http:\/\/www.jeannedarc-figeac.fr\/college-lycee\/declaration-universelle-droits-de-citoyenne-monde-2018\/","og_locale":"fr_FR","og_type":"article","og_title":"La d\u00e9claration Universelle des Droits de la Citoyenne du Monde - 2018","og_description":"\u00ab\u00a0La D\u00e9claration des Droits de la Femme et de la Citoyenne\u00a0\u00bb (Olympe de Gouges - 1791) revue et modernis\u00e9e par des \u00e9l\u00e8ves de quatri\u00e8me du coll\u00e8ge Jeanne","og_url":"http:\/\/www.jeannedarc-figeac.fr\/college-lycee\/declaration-universelle-droits-de-citoyenne-monde-2018\/","og_site_name":"Coll\u00e8ge et Lyc\u00e9e Jeanne d&#039;Arc","article_published_time":"2018-03-26T11:34:13+00:00","author":"lbodi","schema":{"@context":"https:\/\/schema.org","@graph":[{"@type":"WebPage","@id":"http:\/\/www.jeannedarc-figeac.fr\/college-lycee\/declaration-universelle-droits-de-citoyenne-monde-2018\/","url":"http:\/\/www.jeannedarc-figeac.fr\/college-lycee\/declaration-universelle-droits-de-citoyenne-monde-2018\/","name":"La d\u00e9claration Universelle des Droits de la Citoyenne du Monde - 2018","isPartOf":{"@id":"https:\/\/www.jeannedarc-figeac.fr\/college-lycee\/#website"},"datePublished":"2018-03-26T11:34:13+00:00","author":{"@id":"https:\/\/www.jeannedarc-figeac.fr\/college-lycee\/#\/schema\/person\/73c77ff8c704c2a97b0e1f3f5b764da8"},"description":"\u00ab\u00a0La D\u00e9claration des Droits de la Femme et de la Citoyenne\u00a0\u00bb (Olympe de Gouges - 1791) revue et modernis\u00e9e par des \u00e9l\u00e8ves de quatri\u00e8me du coll\u00e8ge Jeanne","breadcrumb":{"@id":"http:\/\/www.jeannedarc-figeac.fr\/college-lycee\/declaration-universelle-droits-de-citoyenne-monde-2018\/#breadcrumb"},"inLanguage":"fr-FR","potentialAction":[{"@type":"ReadAction","target":["http:\/\/www.jeannedarc-figeac.fr\/college-lycee\/declaration-universelle-droits-de-citoyenne-monde-2018\/"]}]},{"@type":"BreadcrumbList","@id":"http:\/\/www.jeannedarc-figeac.fr\/college-lycee\/declaration-universelle-droits-de-citoyenne-monde-2018\/#breadcrumb","itemListElement":[{"@type":"ListItem","position":1,"name":"Accueil","item":"https:\/\/www.jeannedarc-figeac.fr\/college-lycee\/"},{"@type":"ListItem","position":2,"name":"Travaux des \u00e9l\u00e8ves","item":"https:\/\/www.jeannedarc-figeac.fr\/college-lycee\/cat\/travaux_eleves\/"},{"@type":"ListItem","position":3,"name":"La d\u00e9claration Universelle des Droits de la Citoyenne du Monde &#8211; 2018"}]},{"@type":"WebSite","@id":"https:\/\/www.jeannedarc-figeac.fr\/college-lycee\/#website","url":"https:\/\/www.jeannedarc-figeac.fr\/college-lycee\/","name":"Coll\u00e8ge et Lyc\u00e9e Jeanne d&#039;Arc","description":"Jeanne d&#039;Arc Figeac","potentialAction":[{"@type":"SearchAction","target":{"@type":"EntryPoint","urlTemplate":"https:\/\/www.jeannedarc-figeac.fr\/college-lycee\/?s={search_term_string}"},"query-input":{"@type":"PropertyValueSpecification","valueRequired":true,"valueName":"search_term_string"}}],"inLanguage":"fr-FR"},{"@type":"Person","@id":"https:\/\/www.jeannedarc-figeac.fr\/college-lycee\/#\/schema\/person\/73c77ff8c704c2a97b0e1f3f5b764da8","name":"lbodi","image":{"@type":"ImageObject","inLanguage":"fr-FR","@id":"https:\/\/www.jeannedarc-figeac.fr\/college-lycee\/#\/schema\/person\/image\/","url":"https:\/\/www.jeannedarc-figeac.fr\/college-lycee\/wp-content\/litespeed\/avatar\/5\/88f2c477d3cd582cfaf81093731fe5fb.jpg?ver=1777548713","contentUrl":"https:\/\/www.jeannedarc-figeac.fr\/college-lycee\/wp-content\/litespeed\/avatar\/5\/88f2c477d3cd582cfaf81093731fe5fb.jpg?ver=1777548713","caption":"lbodi"},"url":"https:\/\/www.jeannedarc-figeac.fr\/college-lycee\/author\/lbodi\/"}]}},"jetpack_featured_media_url":"","jetpack_sharing_enabled":true,"jetpack_shortlink":"https:\/\/wp.me\/p5Qyb6-Ib","_links":{"self":[{"href":"https:\/\/www.jeannedarc-figeac.fr\/college-lycee\/wp-json\/wp\/v2\/posts\/2739","targetHints":{"allow":["GET"]}}],"collection":[{"href":"https:\/\/www.jeannedarc-figeac.fr\/college-lycee\/wp-json\/wp\/v2\/posts"}],"about":[{"href":"https:\/\/www.jeannedarc-figeac.fr\/college-lycee\/wp-json\/wp\/v2\/types\/post"}],"author":[{"embeddable":true,"href":"https:\/\/www.jeannedarc-figeac.fr\/college-lycee\/wp-json\/wp\/v2\/users\/10"}],"replies":[{"embeddable":true,"href":"https:\/\/www.jeannedarc-figeac.fr\/college-lycee\/wp-json\/wp\/v2\/comments?post=2739"}],"version-history":[{"count":2,"href":"https:\/\/www.jeannedarc-figeac.fr\/college-lycee\/wp-json\/wp\/v2\/posts\/2739\/revisions"}],"predecessor-version":[{"id":2742,"href":"https:\/\/www.jeannedarc-figeac.fr\/college-lycee\/wp-json\/wp\/v2\/posts\/2739\/revisions\/2742"}],"wp:attachment":[{"href":"https:\/\/www.jeannedarc-figeac.fr\/college-lycee\/wp-json\/wp\/v2\/media?parent=2739"}],"wp:term":[{"taxonomy":"category","embeddable":true,"href":"https:\/\/www.jeannedarc-figeac.fr\/college-lycee\/wp-json\/wp\/v2\/categories?post=2739"},{"taxonomy":"post_tag","embeddable":true,"href":"https:\/\/www.jeannedarc-figeac.fr\/college-lycee\/wp-json\/wp\/v2\/tags?post=2739"}],"curies":[{"name":"wp","href":"https:\/\/api.w.org\/{rel}","templated":true}]}}