{"id":2721,"date":"2018-02-14T09:47:16","date_gmt":"2018-02-14T09:47:16","guid":{"rendered":"http:\/\/www.jeannedarc-figeac.fr\/college-lycee\/?p=2721"},"modified":"2018-02-14T09:47:16","modified_gmt":"2018-02-14T09:47:16","slug":"portraits-traits-projet-artistique-original-jeunes-dispositif-eip","status":"publish","type":"post","link":"https:\/\/www.jeannedarc-figeac.fr\/college-lycee\/portraits-traits-projet-artistique-original-jeunes-dispositif-eip\/","title":{"rendered":"\u00ab\u00a0PORTRAITS POUR TRAITS\u00a0\u00bb  un projet artistique original pour les jeunes du dispositif EIP"},"content":{"rendered":"<p><a href=\"https:\/\/i0.wp.com\/www.jeannedarc-figeac.fr\/college-lycee\/wp-content\/uploads\/sites\/5\/2018\/02\/EIP.jpg\"><img data-recalc-dims=\"1\" loading=\"lazy\" decoding=\"async\" class=\"alignnone size-medium wp-image-2722\" src=\"https:\/\/i0.wp.com\/www.jeannedarc-figeac.fr\/college-lycee\/wp-content\/uploads\/sites\/5\/2018\/02\/EIP.jpg?resize=300%2C169\" alt=\"\" width=\"300\" height=\"169\" srcset=\"https:\/\/i0.wp.com\/www.jeannedarc-figeac.fr\/college-lycee\/wp-content\/uploads\/sites\/5\/2018\/02\/EIP.jpg?resize=300%2C169&amp;ssl=1 300w, https:\/\/i0.wp.com\/www.jeannedarc-figeac.fr\/college-lycee\/wp-content\/uploads\/sites\/5\/2018\/02\/EIP.jpg?resize=768%2C432&amp;ssl=1 768w, https:\/\/i0.wp.com\/www.jeannedarc-figeac.fr\/college-lycee\/wp-content\/uploads\/sites\/5\/2018\/02\/EIP.jpg?resize=1024%2C576&amp;ssl=1 1024w, https:\/\/i0.wp.com\/www.jeannedarc-figeac.fr\/college-lycee\/wp-content\/uploads\/sites\/5\/2018\/02\/EIP.jpg?resize=1080%2C608&amp;ssl=1 1080w, https:\/\/i0.wp.com\/www.jeannedarc-figeac.fr\/college-lycee\/wp-content\/uploads\/sites\/5\/2018\/02\/EIP.jpg?w=2160 2160w\" sizes=\"(max-width: 300px) 100vw, 300px\" \/><\/a><\/p>\n<p><span style=\"color: #ff6600\"><strong>Depuis d\u00e9but d\u00e9cembre, le groupe des jeunes EIP s\u2019est engag\u00e9 dans une enqu\u00eate patrimoniale sur les pas de Jean Fran\u00e7ois CHAMPOLLION.<\/strong><\/span><\/p>\n<p><span style=\"color: #ff6600\"><strong>Ils ont \u00e9t\u00e9 accompagn\u00e9s dans cette d\u00e9marche artistique par la compagnie Jean SERAPHIN, actuellement \u00e0 Figeac, en r\u00e9sidence de territoire.<\/strong><\/span><\/p>\n<p><span style=\"color: #ff6600\"><strong>Apr\u00e8s une visite du Mus\u00e9e Champollion &#8211; Les Ecritures du monde, un choix d\u2019objets ayant appartenus \u00e0 Champollion a \u00e9t\u00e9 fait.<\/strong><\/span><\/p>\n<p><span style=\"color: #ff6600\"><strong>Ensuite les jeunes ont construit un parcours agr\u00e9ment\u00e9 de dessins et de messages audio.<\/strong><\/span><\/p>\n<p><span style=\"color: #ff6600\"><strong>L\u2019objectif \u00e9tant d\u2019\u00e9tablir un \u00ab\u00a0portrait\u00a0\u00bb atypique de Jean Fran\u00e7ois Champollion, tout en conservant les \u00e9l\u00e9ments de la v\u00e9rit\u00e9 historique.<\/strong><\/span><\/p>\n<p><span style=\"color: #ff6600\"><strong>Les visiteurs du mus\u00e9e vont ainsi pouvoir, \u00e0 l\u2019aide d\u2019une application sur leur Smartphone et par l\u2019interm\u00e9diaire d\u2019une technologie de r\u00e9alit\u00e9 augment\u00e9e, partir sur les traces de l\u2019illustre figeacois.<\/strong><\/span><\/p>\n<p><span style=\"color: #ff6600\"><strong>Venez d\u00e9couvrir l\u2019histoire cach\u00e9e que nos \u00e9l\u00e8ves ont cr\u00e9\u00e9\u2026<\/strong><\/span><\/p>\n<p><span style=\"color: #ff6600\"><strong>*Au Mus\u00e9e Champollion Les \u00e9critures du monde jusqu\u2019en juin 2018<\/strong><\/span><\/p>\n<p><span style=\"color: #ff6600\"><strong>*A l\u2019annexe du Mus\u00e9e (ancien caf\u00e9 K\u00e9ops) performance artistique de la compagnie<\/strong><\/span><\/p>\n<p><span style=\"color: #ff6600\"><strong>J S\u00e9raphin, incluant le travail r\u00e9alis\u00e9 avec les jeunes du Coll\u00e8ge Jeanne d\u2019Arc \u00e0 partir du 19 f\u00e9vrier.<\/strong><\/span><\/p>\n<p>&nbsp;<\/p>\n<p>&nbsp;<\/p>\n","protected":false},"excerpt":{"rendered":"<p>Depuis d\u00e9but d\u00e9cembre, le groupe des jeunes EIP s\u2019est engag\u00e9 dans une enqu\u00eate patrimoniale sur les pas de Jean Fran\u00e7ois CHAMPOLLION. Ils ont \u00e9t\u00e9 accompagn\u00e9s dans cette d\u00e9marche artistique par la compagnie Jean SERAPHIN, actuellement \u00e0 Figeac, en r\u00e9sidence de territoire. Apr\u00e8s une visite du Mus\u00e9e Champollion &#8211; Les Ecritures du monde, un choix d\u2019objets [&hellip;]<\/p>\n","protected":false},"author":12,"featured_media":0,"comment_status":"closed","ping_status":"open","sticky":false,"template":"","format":"standard","meta":{"_et_pb_use_builder":"","_et_pb_old_content":"","_et_gb_content_width":"","_jetpack_newsletter_access":"","_jetpack_dont_email_post_to_subs":false,"_jetpack_newsletter_tier_id":0,"_jetpack_memberships_contains_paywalled_content":false,"iawp_total_views":4,"_jetpack_memberships_contains_paid_content":false,"footnotes":""},"categories":[28],"tags":[],"class_list":["post-2721","post","type-post","status-publish","format-standard","hentry","category-actus"],"yoast_head":"<!-- This site is optimized with the Yoast SEO plugin v26.0 - https:\/\/yoast.com\/wordpress\/plugins\/seo\/ -->\n<title>\u00ab\u00a0PORTRAITS POUR TRAITS\u00a0\u00bb un projet artistique original pour les jeunes du dispositif EIP<\/title>\n<meta name=\"description\" content=\"Depuis d\u00e9but d\u00e9cembre, le groupe des jeunes EIP s\u2019est engag\u00e9 dans une enqu\u00eate patrimoniale sur les pas de Jean Fran\u00e7ois CHAMPOLLION. Ils ont \u00e9t\u00e9\" \/>\n<meta name=\"robots\" content=\"index, follow, max-snippet:-1, max-image-preview:large, max-video-preview:-1\" \/>\n<link rel=\"canonical\" href=\"http:\/\/www.jeannedarc-figeac.fr\/college-lycee\/portraits-traits-projet-artistique-original-jeunes-dispositif-eip\/\" \/>\n<meta property=\"og:locale\" content=\"fr_FR\" \/>\n<meta property=\"og:type\" content=\"article\" \/>\n<meta property=\"og:title\" content=\"\u00ab\u00a0PORTRAITS POUR TRAITS\u00a0\u00bb un projet artistique original pour les jeunes du dispositif EIP\" \/>\n<meta property=\"og:description\" content=\"Depuis d\u00e9but d\u00e9cembre, le groupe des jeunes EIP s\u2019est engag\u00e9 dans une enqu\u00eate patrimoniale sur les pas de Jean Fran\u00e7ois CHAMPOLLION. Ils ont \u00e9t\u00e9\" \/>\n<meta property=\"og:url\" content=\"http:\/\/www.jeannedarc-figeac.fr\/college-lycee\/portraits-traits-projet-artistique-original-jeunes-dispositif-eip\/\" \/>\n<meta property=\"og:site_name\" content=\"Coll\u00e8ge et Lyc\u00e9e Jeanne d&#039;Arc\" \/>\n<meta property=\"article:published_time\" content=\"2018-02-14T09:47:16+00:00\" \/>\n<meta property=\"og:image\" content=\"http:\/\/www.jeannedarc-figeac.fr\/college-lycee\/wp-content\/uploads\/sites\/5\/2018\/02\/EIP-300x169.jpg\" \/>\n<meta name=\"author\" content=\"le secr\u00e9tariat\" \/>\n<script type=\"application\/ld+json\" class=\"yoast-schema-graph\">{\"@context\":\"https:\/\/schema.org\",\"@graph\":[{\"@type\":\"WebPage\",\"@id\":\"http:\/\/www.jeannedarc-figeac.fr\/college-lycee\/portraits-traits-projet-artistique-original-jeunes-dispositif-eip\/\",\"url\":\"http:\/\/www.jeannedarc-figeac.fr\/college-lycee\/portraits-traits-projet-artistique-original-jeunes-dispositif-eip\/\",\"name\":\"\u00ab\u00a0PORTRAITS POUR TRAITS\u00a0\u00bb un projet artistique original pour les jeunes du dispositif EIP\",\"isPartOf\":{\"@id\":\"https:\/\/www.jeannedarc-figeac.fr\/college-lycee\/#website\"},\"primaryImageOfPage\":{\"@id\":\"http:\/\/www.jeannedarc-figeac.fr\/college-lycee\/portraits-traits-projet-artistique-original-jeunes-dispositif-eip\/#primaryimage\"},\"image\":{\"@id\":\"http:\/\/www.jeannedarc-figeac.fr\/college-lycee\/portraits-traits-projet-artistique-original-jeunes-dispositif-eip\/#primaryimage\"},\"thumbnailUrl\":\"http:\/\/www.jeannedarc-figeac.fr\/college-lycee\/wp-content\/uploads\/sites\/5\/2018\/02\/EIP-300x169.jpg\",\"datePublished\":\"2018-02-14T09:47:16+00:00\",\"author\":{\"@id\":\"https:\/\/www.jeannedarc-figeac.fr\/college-lycee\/#\/schema\/person\/29e5764f28e895dc8bf41d4468f99154\"},\"description\":\"Depuis d\u00e9but d\u00e9cembre, le groupe des jeunes EIP s\u2019est engag\u00e9 dans une enqu\u00eate patrimoniale sur les pas de Jean Fran\u00e7ois CHAMPOLLION. Ils ont \u00e9t\u00e9\",\"breadcrumb\":{\"@id\":\"http:\/\/www.jeannedarc-figeac.fr\/college-lycee\/portraits-traits-projet-artistique-original-jeunes-dispositif-eip\/#breadcrumb\"},\"inLanguage\":\"fr-FR\",\"potentialAction\":[{\"@type\":\"ReadAction\",\"target\":[\"http:\/\/www.jeannedarc-figeac.fr\/college-lycee\/portraits-traits-projet-artistique-original-jeunes-dispositif-eip\/\"]}]},{\"@type\":\"ImageObject\",\"inLanguage\":\"fr-FR\",\"@id\":\"http:\/\/www.jeannedarc-figeac.fr\/college-lycee\/portraits-traits-projet-artistique-original-jeunes-dispositif-eip\/#primaryimage\",\"url\":\"https:\/\/i0.wp.com\/www.jeannedarc-figeac.fr\/college-lycee\/wp-content\/uploads\/sites\/5\/2018\/02\/EIP.jpg?fit=2448%2C1377&ssl=1\",\"contentUrl\":\"https:\/\/i0.wp.com\/www.jeannedarc-figeac.fr\/college-lycee\/wp-content\/uploads\/sites\/5\/2018\/02\/EIP.jpg?fit=2448%2C1377&ssl=1\",\"width\":2448,\"height\":1377},{\"@type\":\"BreadcrumbList\",\"@id\":\"http:\/\/www.jeannedarc-figeac.fr\/college-lycee\/portraits-traits-projet-artistique-original-jeunes-dispositif-eip\/#breadcrumb\",\"itemListElement\":[{\"@type\":\"ListItem\",\"position\":1,\"name\":\"Accueil\",\"item\":\"https:\/\/www.jeannedarc-figeac.fr\/college-lycee\/\"},{\"@type\":\"ListItem\",\"position\":2,\"name\":\"Actus\",\"item\":\"http:\/\/www.jeannedarc-figeac.fr\/college-lycee\/cat\/actus\/\"},{\"@type\":\"ListItem\",\"position\":3,\"name\":\"\u00ab\u00a0PORTRAITS POUR TRAITS\u00a0\u00bb un projet artistique original pour les jeunes du dispositif EIP\"}]},{\"@type\":\"WebSite\",\"@id\":\"https:\/\/www.jeannedarc-figeac.fr\/college-lycee\/#website\",\"url\":\"https:\/\/www.jeannedarc-figeac.fr\/college-lycee\/\",\"name\":\"Coll\u00e8ge et Lyc\u00e9e Jeanne d&#039;Arc\",\"description\":\"Jeanne d&#039;Arc Figeac\",\"potentialAction\":[{\"@type\":\"SearchAction\",\"target\":{\"@type\":\"EntryPoint\",\"urlTemplate\":\"https:\/\/www.jeannedarc-figeac.fr\/college-lycee\/?s={search_term_string}\"},\"query-input\":{\"@type\":\"PropertyValueSpecification\",\"valueRequired\":true,\"valueName\":\"search_term_string\"}}],\"inLanguage\":\"fr-FR\"},{\"@type\":\"Person\",\"@id\":\"https:\/\/www.jeannedarc-figeac.fr\/college-lycee\/#\/schema\/person\/29e5764f28e895dc8bf41d4468f99154\",\"name\":\"le secr\u00e9tariat\",\"image\":{\"@type\":\"ImageObject\",\"inLanguage\":\"fr-FR\",\"@id\":\"https:\/\/www.jeannedarc-figeac.fr\/college-lycee\/#\/schema\/person\/image\/\",\"url\":\"https:\/\/www.jeannedarc-figeac.fr\/college-lycee\/wp-content\/litespeed\/avatar\/5\/b7e8da60f53ba4adc9e9e66d91d84580.jpg?ver=1776943645\",\"contentUrl\":\"https:\/\/www.jeannedarc-figeac.fr\/college-lycee\/wp-content\/litespeed\/avatar\/5\/b7e8da60f53ba4adc9e9e66d91d84580.jpg?ver=1776943645\",\"caption\":\"le secr\u00e9tariat\"},\"url\":\"https:\/\/www.jeannedarc-figeac.fr\/college-lycee\/author\/arlette\/\"}]}<\/script>\n<!-- \/ Yoast SEO plugin. -->","yoast_head_json":{"title":"\u00ab\u00a0PORTRAITS POUR TRAITS\u00a0\u00bb un projet artistique original pour les jeunes du dispositif EIP","description":"Depuis d\u00e9but d\u00e9cembre, le groupe des jeunes EIP s\u2019est engag\u00e9 dans une enqu\u00eate patrimoniale sur les pas de Jean Fran\u00e7ois CHAMPOLLION. Ils ont \u00e9t\u00e9","robots":{"index":"index","follow":"follow","max-snippet":"max-snippet:-1","max-image-preview":"max-image-preview:large","max-video-preview":"max-video-preview:-1"},"canonical":"http:\/\/www.jeannedarc-figeac.fr\/college-lycee\/portraits-traits-projet-artistique-original-jeunes-dispositif-eip\/","og_locale":"fr_FR","og_type":"article","og_title":"\u00ab\u00a0PORTRAITS POUR TRAITS\u00a0\u00bb un projet artistique original pour les jeunes du dispositif EIP","og_description":"Depuis d\u00e9but d\u00e9cembre, le groupe des jeunes EIP s\u2019est engag\u00e9 dans une enqu\u00eate patrimoniale sur les pas de Jean Fran\u00e7ois CHAMPOLLION. Ils ont \u00e9t\u00e9","og_url":"http:\/\/www.jeannedarc-figeac.fr\/college-lycee\/portraits-traits-projet-artistique-original-jeunes-dispositif-eip\/","og_site_name":"Coll\u00e8ge et Lyc\u00e9e Jeanne d&#039;Arc","article_published_time":"2018-02-14T09:47:16+00:00","og_image":[{"url":"http:\/\/www.jeannedarc-figeac.fr\/college-lycee\/wp-content\/uploads\/sites\/5\/2018\/02\/EIP-300x169.jpg","type":"","width":"","height":""}],"author":"le secr\u00e9tariat","schema":{"@context":"https:\/\/schema.org","@graph":[{"@type":"WebPage","@id":"http:\/\/www.jeannedarc-figeac.fr\/college-lycee\/portraits-traits-projet-artistique-original-jeunes-dispositif-eip\/","url":"http:\/\/www.jeannedarc-figeac.fr\/college-lycee\/portraits-traits-projet-artistique-original-jeunes-dispositif-eip\/","name":"\u00ab\u00a0PORTRAITS POUR TRAITS\u00a0\u00bb un projet artistique original pour les jeunes du dispositif EIP","isPartOf":{"@id":"https:\/\/www.jeannedarc-figeac.fr\/college-lycee\/#website"},"primaryImageOfPage":{"@id":"http:\/\/www.jeannedarc-figeac.fr\/college-lycee\/portraits-traits-projet-artistique-original-jeunes-dispositif-eip\/#primaryimage"},"image":{"@id":"http:\/\/www.jeannedarc-figeac.fr\/college-lycee\/portraits-traits-projet-artistique-original-jeunes-dispositif-eip\/#primaryimage"},"thumbnailUrl":"http:\/\/www.jeannedarc-figeac.fr\/college-lycee\/wp-content\/uploads\/sites\/5\/2018\/02\/EIP-300x169.jpg","datePublished":"2018-02-14T09:47:16+00:00","author":{"@id":"https:\/\/www.jeannedarc-figeac.fr\/college-lycee\/#\/schema\/person\/29e5764f28e895dc8bf41d4468f99154"},"description":"Depuis d\u00e9but d\u00e9cembre, le groupe des jeunes EIP s\u2019est engag\u00e9 dans une enqu\u00eate patrimoniale sur les pas de Jean Fran\u00e7ois CHAMPOLLION. Ils ont \u00e9t\u00e9","breadcrumb":{"@id":"http:\/\/www.jeannedarc-figeac.fr\/college-lycee\/portraits-traits-projet-artistique-original-jeunes-dispositif-eip\/#breadcrumb"},"inLanguage":"fr-FR","potentialAction":[{"@type":"ReadAction","target":["http:\/\/www.jeannedarc-figeac.fr\/college-lycee\/portraits-traits-projet-artistique-original-jeunes-dispositif-eip\/"]}]},{"@type":"ImageObject","inLanguage":"fr-FR","@id":"http:\/\/www.jeannedarc-figeac.fr\/college-lycee\/portraits-traits-projet-artistique-original-jeunes-dispositif-eip\/#primaryimage","url":"https:\/\/i0.wp.com\/www.jeannedarc-figeac.fr\/college-lycee\/wp-content\/uploads\/sites\/5\/2018\/02\/EIP.jpg?fit=2448%2C1377&ssl=1","contentUrl":"https:\/\/i0.wp.com\/www.jeannedarc-figeac.fr\/college-lycee\/wp-content\/uploads\/sites\/5\/2018\/02\/EIP.jpg?fit=2448%2C1377&ssl=1","width":2448,"height":1377},{"@type":"BreadcrumbList","@id":"http:\/\/www.jeannedarc-figeac.fr\/college-lycee\/portraits-traits-projet-artistique-original-jeunes-dispositif-eip\/#breadcrumb","itemListElement":[{"@type":"ListItem","position":1,"name":"Accueil","item":"https:\/\/www.jeannedarc-figeac.fr\/college-lycee\/"},{"@type":"ListItem","position":2,"name":"Actus","item":"http:\/\/www.jeannedarc-figeac.fr\/college-lycee\/cat\/actus\/"},{"@type":"ListItem","position":3,"name":"\u00ab\u00a0PORTRAITS POUR TRAITS\u00a0\u00bb un projet artistique original pour les jeunes du dispositif EIP"}]},{"@type":"WebSite","@id":"https:\/\/www.jeannedarc-figeac.fr\/college-lycee\/#website","url":"https:\/\/www.jeannedarc-figeac.fr\/college-lycee\/","name":"Coll\u00e8ge et Lyc\u00e9e Jeanne d&#039;Arc","description":"Jeanne d&#039;Arc Figeac","potentialAction":[{"@type":"SearchAction","target":{"@type":"EntryPoint","urlTemplate":"https:\/\/www.jeannedarc-figeac.fr\/college-lycee\/?s={search_term_string}"},"query-input":{"@type":"PropertyValueSpecification","valueRequired":true,"valueName":"search_term_string"}}],"inLanguage":"fr-FR"},{"@type":"Person","@id":"https:\/\/www.jeannedarc-figeac.fr\/college-lycee\/#\/schema\/person\/29e5764f28e895dc8bf41d4468f99154","name":"le secr\u00e9tariat","image":{"@type":"ImageObject","inLanguage":"fr-FR","@id":"https:\/\/www.jeannedarc-figeac.fr\/college-lycee\/#\/schema\/person\/image\/","url":"https:\/\/www.jeannedarc-figeac.fr\/college-lycee\/wp-content\/litespeed\/avatar\/5\/b7e8da60f53ba4adc9e9e66d91d84580.jpg?ver=1776943645","contentUrl":"https:\/\/www.jeannedarc-figeac.fr\/college-lycee\/wp-content\/litespeed\/avatar\/5\/b7e8da60f53ba4adc9e9e66d91d84580.jpg?ver=1776943645","caption":"le secr\u00e9tariat"},"url":"https:\/\/www.jeannedarc-figeac.fr\/college-lycee\/author\/arlette\/"}]}},"jetpack_featured_media_url":"","jetpack_sharing_enabled":true,"jetpack_shortlink":"https:\/\/wp.me\/p5Qyb6-HT","_links":{"self":[{"href":"https:\/\/www.jeannedarc-figeac.fr\/college-lycee\/wp-json\/wp\/v2\/posts\/2721","targetHints":{"allow":["GET"]}}],"collection":[{"href":"https:\/\/www.jeannedarc-figeac.fr\/college-lycee\/wp-json\/wp\/v2\/posts"}],"about":[{"href":"https:\/\/www.jeannedarc-figeac.fr\/college-lycee\/wp-json\/wp\/v2\/types\/post"}],"author":[{"embeddable":true,"href":"https:\/\/www.jeannedarc-figeac.fr\/college-lycee\/wp-json\/wp\/v2\/users\/12"}],"replies":[{"embeddable":true,"href":"https:\/\/www.jeannedarc-figeac.fr\/college-lycee\/wp-json\/wp\/v2\/comments?post=2721"}],"version-history":[{"count":1,"href":"https:\/\/www.jeannedarc-figeac.fr\/college-lycee\/wp-json\/wp\/v2\/posts\/2721\/revisions"}],"predecessor-version":[{"id":2723,"href":"https:\/\/www.jeannedarc-figeac.fr\/college-lycee\/wp-json\/wp\/v2\/posts\/2721\/revisions\/2723"}],"wp:attachment":[{"href":"https:\/\/www.jeannedarc-figeac.fr\/college-lycee\/wp-json\/wp\/v2\/media?parent=2721"}],"wp:term":[{"taxonomy":"category","embeddable":true,"href":"https:\/\/www.jeannedarc-figeac.fr\/college-lycee\/wp-json\/wp\/v2\/categories?post=2721"},{"taxonomy":"post_tag","embeddable":true,"href":"https:\/\/www.jeannedarc-figeac.fr\/college-lycee\/wp-json\/wp\/v2\/tags?post=2721"}],"curies":[{"name":"wp","href":"https:\/\/api.w.org\/{rel}","templated":true}]}}