{"id":2716,"date":"2018-02-08T11:17:51","date_gmt":"2018-02-08T11:17:51","guid":{"rendered":"http:\/\/www.jeannedarc-figeac.fr\/college-lycee\/?p=2716"},"modified":"2018-02-08T11:17:51","modified_gmt":"2018-02-08T11:17:51","slug":"lexploit-lyceens-de-section-foot","status":"publish","type":"post","link":"https:\/\/www.jeannedarc-figeac.fr\/college-lycee\/lexploit-lyceens-de-section-foot\/","title":{"rendered":"L\u2019EXPLOIT DES LYCEENS DE LA SECTION FOOT"},"content":{"rendered":"<p><a href=\"https:\/\/i0.wp.com\/www.jeannedarc-figeac.fr\/college-lycee\/wp-content\/uploads\/sites\/5\/2018\/02\/DSC_0244.jpg-BIS.jpg\"><img data-recalc-dims=\"1\" loading=\"lazy\" decoding=\"async\" class=\"alignnone size-medium wp-image-2717\" src=\"https:\/\/i0.wp.com\/www.jeannedarc-figeac.fr\/college-lycee\/wp-content\/uploads\/sites\/5\/2018\/02\/DSC_0244.jpg-BIS.jpg?resize=300%2C200\" alt=\"\" width=\"300\" height=\"200\" srcset=\"https:\/\/i0.wp.com\/www.jeannedarc-figeac.fr\/college-lycee\/wp-content\/uploads\/sites\/5\/2018\/02\/DSC_0244.jpg-BIS.jpg?resize=300%2C200&amp;ssl=1 300w, https:\/\/i0.wp.com\/www.jeannedarc-figeac.fr\/college-lycee\/wp-content\/uploads\/sites\/5\/2018\/02\/DSC_0244.jpg-BIS.jpg?resize=768%2C512&amp;ssl=1 768w, https:\/\/i0.wp.com\/www.jeannedarc-figeac.fr\/college-lycee\/wp-content\/uploads\/sites\/5\/2018\/02\/DSC_0244.jpg-BIS.jpg?resize=1024%2C683&amp;ssl=1 1024w, https:\/\/i0.wp.com\/www.jeannedarc-figeac.fr\/college-lycee\/wp-content\/uploads\/sites\/5\/2018\/02\/DSC_0244.jpg-BIS.jpg?resize=1080%2C720&amp;ssl=1 1080w, https:\/\/i0.wp.com\/www.jeannedarc-figeac.fr\/college-lycee\/wp-content\/uploads\/sites\/5\/2018\/02\/DSC_0244.jpg-BIS.jpg?w=1600&amp;ssl=1 1600w\" sizes=\"(max-width: 300px) 100vw, 300px\" \/><\/a><\/p>\n<p><span style=\"color: #3366ff\"><strong>C\u2019est une v\u00e9ritable performance qu\u2019ont r\u00e9alis\u00e9 les joueurs de la section foot du lyc\u00e9e Jeanne d\u2019arc.<\/strong><\/span><\/p>\n<p><span style=\"color: #3366ff\"><strong>Ils sont devenus Champion Acad\u00e9mique niveau Excellence (le plus haut niveau de pratique scolaire) en football.<\/strong><\/span><\/p>\n<p><span style=\"color: #3366ff\"><strong>Face \u00e0 des \u00e9tablissements habitu\u00e9s \u00e0 se partager les titres, les figeacois faisaient figure de petits poucets.<\/strong><\/span><\/p>\n<p><span style=\"color: #3366ff\"><strong>Oppos\u00e9s en demi-finale aux locaux de Muret , il a fallu la s\u00e9ance de tirs aux buts pour d\u00e9partager les deux formations. Et c\u2019est Figeac qui a les nerfs les plus solides et qui s\u2019impose 5 tab 3.<\/strong><\/span><\/p>\n<p><span style=\"color: #3366ff\"><strong>En finale, c\u2019est l\u2019ogre ruth\u00e9nois, archi favori, qui se pr\u00e9sente. Le match est engag\u00e9 mais les joueurs du lyc\u00e9e Jeanne d\u2019Arc sont bien en place. Et \u00e0 10 minutes de la fin de la rencontre, sur un ballon r\u00e9cup\u00e9r\u00e9, les Figeacois trouvent la faille et marquent le but qui leur offre le titre de Champion Acad\u00e9mique.<\/strong><\/span><\/p>\n<p><span style=\"color: #3366ff\"><strong>Maintenant place \u00e0 la finale inter-acad\u00e9mique face au champion de l\u2019acad\u00e9mie de Montpellier.<\/strong><\/span><\/p>\n<p><span style=\"color: #3366ff\"><strong>Cette rencontre se jouera \u00e0 Figeac mercredi 7 Mars \u00e0 14h et sans doute au stade du Calvaire (s<\/strong><strong>i la m\u00e9t\u00e9o veut bien \u00eatre cl\u00e9mente). Ce match pourrait qualifier le lyc\u00e9e pour le championnat de France.<\/strong><\/span><\/p>\n<p><span style=\"color: #3366ff\"><strong>Au m\u00eame moment, les benjamins joueront la finale d\u00e9partementale \u00e0 Bretenoux Biars.<\/strong><\/span><\/p>\n<p><span style=\"color: #3366ff\"><strong>Le jeudi 15 F\u00e9vrier, l\u2019ensemble de la section se rendra sur les installations de L\u2019Olympique Lyonnais pour visiter le centre de formation, regarder des entrainements et pour finir la journ\u00e9e, ils assisteront \u00e0 la rencontre de coupe d\u2019Europe entre Lyon et Villar\u00e9al.<\/strong><\/span><\/p>\n<p><span style=\"color: #3366ff\"><strong>Les tests d\u2019entr\u00e9e pour la section se d\u00e9rouleront le mercredi 16 Mai pour les coll\u00e9giens et le mercredi 30 Mai pour les lyc\u00e9ens.<\/strong><\/span><\/p>\n<p>&nbsp;<\/p>\n","protected":false},"excerpt":{"rendered":"<p>C\u2019est une v\u00e9ritable performance qu\u2019ont r\u00e9alis\u00e9 les joueurs de la section foot du lyc\u00e9e Jeanne d\u2019arc. Ils sont devenus Champion Acad\u00e9mique niveau Excellence (le plus haut niveau de pratique scolaire) en football. Face \u00e0 des \u00e9tablissements habitu\u00e9s \u00e0 se partager les titres, les figeacois faisaient figure de petits poucets. Oppos\u00e9s en demi-finale aux locaux de [&hellip;]<\/p>\n","protected":false},"author":12,"featured_media":0,"comment_status":"closed","ping_status":"open","sticky":false,"template":"","format":"standard","meta":{"_et_pb_use_builder":"","_et_pb_old_content":"","_et_gb_content_width":"","_jetpack_newsletter_access":"","_jetpack_dont_email_post_to_subs":false,"_jetpack_newsletter_tier_id":0,"_jetpack_memberships_contains_paywalled_content":false,"iawp_total_views":0,"_jetpack_memberships_contains_paid_content":false,"footnotes":""},"categories":[28],"tags":[],"class_list":["post-2716","post","type-post","status-publish","format-standard","hentry","category-actus"],"yoast_head":"<!-- This site is optimized with the Yoast SEO plugin v26.0 - https:\/\/yoast.com\/wordpress\/plugins\/seo\/ -->\n<title>L\u2019EXPLOIT DES LYCEENS DE LA SECTION FOOT<\/title>\n<meta name=\"description\" content=\"C\u2019est une v\u00e9ritable performance qu\u2019ont r\u00e9alis\u00e9 les joueurs de la section foot du lyc\u00e9e Jeanne d\u2019arc. Ils sont devenus Champion Acad\u00e9mique niveau\" \/>\n<meta name=\"robots\" content=\"index, follow, max-snippet:-1, max-image-preview:large, max-video-preview:-1\" \/>\n<link rel=\"canonical\" href=\"http:\/\/www.jeannedarc-figeac.fr\/college-lycee\/lexploit-lyceens-de-section-foot\/\" \/>\n<meta property=\"og:locale\" content=\"fr_FR\" \/>\n<meta property=\"og:type\" content=\"article\" \/>\n<meta property=\"og:title\" content=\"L\u2019EXPLOIT DES LYCEENS DE LA SECTION FOOT\" \/>\n<meta property=\"og:description\" content=\"C\u2019est une v\u00e9ritable performance qu\u2019ont r\u00e9alis\u00e9 les joueurs de la section foot du lyc\u00e9e Jeanne d\u2019arc. Ils sont devenus Champion Acad\u00e9mique niveau\" \/>\n<meta property=\"og:url\" content=\"http:\/\/www.jeannedarc-figeac.fr\/college-lycee\/lexploit-lyceens-de-section-foot\/\" \/>\n<meta property=\"og:site_name\" content=\"Coll\u00e8ge et Lyc\u00e9e Jeanne d&#039;Arc\" \/>\n<meta property=\"article:published_time\" content=\"2018-02-08T11:17:51+00:00\" \/>\n<meta property=\"og:image\" content=\"http:\/\/www.jeannedarc-figeac.fr\/college-lycee\/wp-content\/uploads\/sites\/5\/2018\/02\/DSC_0244.jpg-BIS-300x200.jpg\" \/>\n<meta name=\"author\" content=\"le secr\u00e9tariat\" \/>\n<script type=\"application\/ld+json\" class=\"yoast-schema-graph\">{\"@context\":\"https:\/\/schema.org\",\"@graph\":[{\"@type\":\"WebPage\",\"@id\":\"http:\/\/www.jeannedarc-figeac.fr\/college-lycee\/lexploit-lyceens-de-section-foot\/\",\"url\":\"http:\/\/www.jeannedarc-figeac.fr\/college-lycee\/lexploit-lyceens-de-section-foot\/\",\"name\":\"L\u2019EXPLOIT DES LYCEENS DE LA SECTION FOOT\",\"isPartOf\":{\"@id\":\"https:\/\/www.jeannedarc-figeac.fr\/college-lycee\/#website\"},\"primaryImageOfPage\":{\"@id\":\"http:\/\/www.jeannedarc-figeac.fr\/college-lycee\/lexploit-lyceens-de-section-foot\/#primaryimage\"},\"image\":{\"@id\":\"http:\/\/www.jeannedarc-figeac.fr\/college-lycee\/lexploit-lyceens-de-section-foot\/#primaryimage\"},\"thumbnailUrl\":\"http:\/\/www.jeannedarc-figeac.fr\/college-lycee\/wp-content\/uploads\/sites\/5\/2018\/02\/DSC_0244.jpg-BIS-300x200.jpg\",\"datePublished\":\"2018-02-08T11:17:51+00:00\",\"author\":{\"@id\":\"https:\/\/www.jeannedarc-figeac.fr\/college-lycee\/#\/schema\/person\/29e5764f28e895dc8bf41d4468f99154\"},\"description\":\"C\u2019est une v\u00e9ritable performance qu\u2019ont r\u00e9alis\u00e9 les joueurs de la section foot du lyc\u00e9e Jeanne d\u2019arc. Ils sont devenus Champion Acad\u00e9mique niveau\",\"breadcrumb\":{\"@id\":\"http:\/\/www.jeannedarc-figeac.fr\/college-lycee\/lexploit-lyceens-de-section-foot\/#breadcrumb\"},\"inLanguage\":\"fr-FR\",\"potentialAction\":[{\"@type\":\"ReadAction\",\"target\":[\"http:\/\/www.jeannedarc-figeac.fr\/college-lycee\/lexploit-lyceens-de-section-foot\/\"]}]},{\"@type\":\"ImageObject\",\"inLanguage\":\"fr-FR\",\"@id\":\"http:\/\/www.jeannedarc-figeac.fr\/college-lycee\/lexploit-lyceens-de-section-foot\/#primaryimage\",\"url\":\"https:\/\/i0.wp.com\/www.jeannedarc-figeac.fr\/college-lycee\/wp-content\/uploads\/sites\/5\/2018\/02\/DSC_0244.jpg-BIS.jpg?fit=1600%2C1067&ssl=1\",\"contentUrl\":\"https:\/\/i0.wp.com\/www.jeannedarc-figeac.fr\/college-lycee\/wp-content\/uploads\/sites\/5\/2018\/02\/DSC_0244.jpg-BIS.jpg?fit=1600%2C1067&ssl=1\",\"width\":1600,\"height\":1067},{\"@type\":\"BreadcrumbList\",\"@id\":\"http:\/\/www.jeannedarc-figeac.fr\/college-lycee\/lexploit-lyceens-de-section-foot\/#breadcrumb\",\"itemListElement\":[{\"@type\":\"ListItem\",\"position\":1,\"name\":\"Accueil\",\"item\":\"https:\/\/www.jeannedarc-figeac.fr\/college-lycee\/\"},{\"@type\":\"ListItem\",\"position\":2,\"name\":\"Actus\",\"item\":\"http:\/\/www.jeannedarc-figeac.fr\/college-lycee\/cat\/actus\/\"},{\"@type\":\"ListItem\",\"position\":3,\"name\":\"L\u2019EXPLOIT DES LYCEENS DE LA SECTION FOOT\"}]},{\"@type\":\"WebSite\",\"@id\":\"https:\/\/www.jeannedarc-figeac.fr\/college-lycee\/#website\",\"url\":\"https:\/\/www.jeannedarc-figeac.fr\/college-lycee\/\",\"name\":\"Coll\u00e8ge et Lyc\u00e9e Jeanne d&#039;Arc\",\"description\":\"Jeanne d&#039;Arc Figeac\",\"potentialAction\":[{\"@type\":\"SearchAction\",\"target\":{\"@type\":\"EntryPoint\",\"urlTemplate\":\"https:\/\/www.jeannedarc-figeac.fr\/college-lycee\/?s={search_term_string}\"},\"query-input\":{\"@type\":\"PropertyValueSpecification\",\"valueRequired\":true,\"valueName\":\"search_term_string\"}}],\"inLanguage\":\"fr-FR\"},{\"@type\":\"Person\",\"@id\":\"https:\/\/www.jeannedarc-figeac.fr\/college-lycee\/#\/schema\/person\/29e5764f28e895dc8bf41d4468f99154\",\"name\":\"le secr\u00e9tariat\",\"image\":{\"@type\":\"ImageObject\",\"inLanguage\":\"fr-FR\",\"@id\":\"https:\/\/www.jeannedarc-figeac.fr\/college-lycee\/#\/schema\/person\/image\/\",\"url\":\"https:\/\/www.jeannedarc-figeac.fr\/college-lycee\/wp-content\/litespeed\/avatar\/5\/b7e8da60f53ba4adc9e9e66d91d84580.jpg?ver=1777548714\",\"contentUrl\":\"https:\/\/www.jeannedarc-figeac.fr\/college-lycee\/wp-content\/litespeed\/avatar\/5\/b7e8da60f53ba4adc9e9e66d91d84580.jpg?ver=1777548714\",\"caption\":\"le secr\u00e9tariat\"},\"url\":\"https:\/\/www.jeannedarc-figeac.fr\/college-lycee\/author\/arlette\/\"}]}<\/script>\n<!-- \/ Yoast SEO plugin. -->","yoast_head_json":{"title":"L\u2019EXPLOIT DES LYCEENS DE LA SECTION FOOT","description":"C\u2019est une v\u00e9ritable performance qu\u2019ont r\u00e9alis\u00e9 les joueurs de la section foot du lyc\u00e9e Jeanne d\u2019arc. Ils sont devenus Champion Acad\u00e9mique niveau","robots":{"index":"index","follow":"follow","max-snippet":"max-snippet:-1","max-image-preview":"max-image-preview:large","max-video-preview":"max-video-preview:-1"},"canonical":"http:\/\/www.jeannedarc-figeac.fr\/college-lycee\/lexploit-lyceens-de-section-foot\/","og_locale":"fr_FR","og_type":"article","og_title":"L\u2019EXPLOIT DES LYCEENS DE LA SECTION FOOT","og_description":"C\u2019est une v\u00e9ritable performance qu\u2019ont r\u00e9alis\u00e9 les joueurs de la section foot du lyc\u00e9e Jeanne d\u2019arc. Ils sont devenus Champion Acad\u00e9mique niveau","og_url":"http:\/\/www.jeannedarc-figeac.fr\/college-lycee\/lexploit-lyceens-de-section-foot\/","og_site_name":"Coll\u00e8ge et Lyc\u00e9e Jeanne d&#039;Arc","article_published_time":"2018-02-08T11:17:51+00:00","og_image":[{"url":"http:\/\/www.jeannedarc-figeac.fr\/college-lycee\/wp-content\/uploads\/sites\/5\/2018\/02\/DSC_0244.jpg-BIS-300x200.jpg","type":"","width":"","height":""}],"author":"le secr\u00e9tariat","schema":{"@context":"https:\/\/schema.org","@graph":[{"@type":"WebPage","@id":"http:\/\/www.jeannedarc-figeac.fr\/college-lycee\/lexploit-lyceens-de-section-foot\/","url":"http:\/\/www.jeannedarc-figeac.fr\/college-lycee\/lexploit-lyceens-de-section-foot\/","name":"L\u2019EXPLOIT DES LYCEENS DE LA SECTION FOOT","isPartOf":{"@id":"https:\/\/www.jeannedarc-figeac.fr\/college-lycee\/#website"},"primaryImageOfPage":{"@id":"http:\/\/www.jeannedarc-figeac.fr\/college-lycee\/lexploit-lyceens-de-section-foot\/#primaryimage"},"image":{"@id":"http:\/\/www.jeannedarc-figeac.fr\/college-lycee\/lexploit-lyceens-de-section-foot\/#primaryimage"},"thumbnailUrl":"http:\/\/www.jeannedarc-figeac.fr\/college-lycee\/wp-content\/uploads\/sites\/5\/2018\/02\/DSC_0244.jpg-BIS-300x200.jpg","datePublished":"2018-02-08T11:17:51+00:00","author":{"@id":"https:\/\/www.jeannedarc-figeac.fr\/college-lycee\/#\/schema\/person\/29e5764f28e895dc8bf41d4468f99154"},"description":"C\u2019est une v\u00e9ritable performance qu\u2019ont r\u00e9alis\u00e9 les joueurs de la section foot du lyc\u00e9e Jeanne d\u2019arc. Ils sont devenus Champion Acad\u00e9mique niveau","breadcrumb":{"@id":"http:\/\/www.jeannedarc-figeac.fr\/college-lycee\/lexploit-lyceens-de-section-foot\/#breadcrumb"},"inLanguage":"fr-FR","potentialAction":[{"@type":"ReadAction","target":["http:\/\/www.jeannedarc-figeac.fr\/college-lycee\/lexploit-lyceens-de-section-foot\/"]}]},{"@type":"ImageObject","inLanguage":"fr-FR","@id":"http:\/\/www.jeannedarc-figeac.fr\/college-lycee\/lexploit-lyceens-de-section-foot\/#primaryimage","url":"https:\/\/i0.wp.com\/www.jeannedarc-figeac.fr\/college-lycee\/wp-content\/uploads\/sites\/5\/2018\/02\/DSC_0244.jpg-BIS.jpg?fit=1600%2C1067&ssl=1","contentUrl":"https:\/\/i0.wp.com\/www.jeannedarc-figeac.fr\/college-lycee\/wp-content\/uploads\/sites\/5\/2018\/02\/DSC_0244.jpg-BIS.jpg?fit=1600%2C1067&ssl=1","width":1600,"height":1067},{"@type":"BreadcrumbList","@id":"http:\/\/www.jeannedarc-figeac.fr\/college-lycee\/lexploit-lyceens-de-section-foot\/#breadcrumb","itemListElement":[{"@type":"ListItem","position":1,"name":"Accueil","item":"https:\/\/www.jeannedarc-figeac.fr\/college-lycee\/"},{"@type":"ListItem","position":2,"name":"Actus","item":"http:\/\/www.jeannedarc-figeac.fr\/college-lycee\/cat\/actus\/"},{"@type":"ListItem","position":3,"name":"L\u2019EXPLOIT DES LYCEENS DE LA SECTION FOOT"}]},{"@type":"WebSite","@id":"https:\/\/www.jeannedarc-figeac.fr\/college-lycee\/#website","url":"https:\/\/www.jeannedarc-figeac.fr\/college-lycee\/","name":"Coll\u00e8ge et Lyc\u00e9e Jeanne d&#039;Arc","description":"Jeanne d&#039;Arc Figeac","potentialAction":[{"@type":"SearchAction","target":{"@type":"EntryPoint","urlTemplate":"https:\/\/www.jeannedarc-figeac.fr\/college-lycee\/?s={search_term_string}"},"query-input":{"@type":"PropertyValueSpecification","valueRequired":true,"valueName":"search_term_string"}}],"inLanguage":"fr-FR"},{"@type":"Person","@id":"https:\/\/www.jeannedarc-figeac.fr\/college-lycee\/#\/schema\/person\/29e5764f28e895dc8bf41d4468f99154","name":"le secr\u00e9tariat","image":{"@type":"ImageObject","inLanguage":"fr-FR","@id":"https:\/\/www.jeannedarc-figeac.fr\/college-lycee\/#\/schema\/person\/image\/","url":"https:\/\/www.jeannedarc-figeac.fr\/college-lycee\/wp-content\/litespeed\/avatar\/5\/b7e8da60f53ba4adc9e9e66d91d84580.jpg?ver=1777548714","contentUrl":"https:\/\/www.jeannedarc-figeac.fr\/college-lycee\/wp-content\/litespeed\/avatar\/5\/b7e8da60f53ba4adc9e9e66d91d84580.jpg?ver=1777548714","caption":"le secr\u00e9tariat"},"url":"https:\/\/www.jeannedarc-figeac.fr\/college-lycee\/author\/arlette\/"}]}},"jetpack_featured_media_url":"","jetpack_sharing_enabled":true,"jetpack_shortlink":"https:\/\/wp.me\/p5Qyb6-HO","_links":{"self":[{"href":"https:\/\/www.jeannedarc-figeac.fr\/college-lycee\/wp-json\/wp\/v2\/posts\/2716","targetHints":{"allow":["GET"]}}],"collection":[{"href":"https:\/\/www.jeannedarc-figeac.fr\/college-lycee\/wp-json\/wp\/v2\/posts"}],"about":[{"href":"https:\/\/www.jeannedarc-figeac.fr\/college-lycee\/wp-json\/wp\/v2\/types\/post"}],"author":[{"embeddable":true,"href":"https:\/\/www.jeannedarc-figeac.fr\/college-lycee\/wp-json\/wp\/v2\/users\/12"}],"replies":[{"embeddable":true,"href":"https:\/\/www.jeannedarc-figeac.fr\/college-lycee\/wp-json\/wp\/v2\/comments?post=2716"}],"version-history":[{"count":1,"href":"https:\/\/www.jeannedarc-figeac.fr\/college-lycee\/wp-json\/wp\/v2\/posts\/2716\/revisions"}],"predecessor-version":[{"id":2718,"href":"https:\/\/www.jeannedarc-figeac.fr\/college-lycee\/wp-json\/wp\/v2\/posts\/2716\/revisions\/2718"}],"wp:attachment":[{"href":"https:\/\/www.jeannedarc-figeac.fr\/college-lycee\/wp-json\/wp\/v2\/media?parent=2716"}],"wp:term":[{"taxonomy":"category","embeddable":true,"href":"https:\/\/www.jeannedarc-figeac.fr\/college-lycee\/wp-json\/wp\/v2\/categories?post=2716"},{"taxonomy":"post_tag","embeddable":true,"href":"https:\/\/www.jeannedarc-figeac.fr\/college-lycee\/wp-json\/wp\/v2\/tags?post=2716"}],"curies":[{"name":"wp","href":"https:\/\/api.w.org\/{rel}","templated":true}]}}