{"id":2673,"date":"2018-01-11T09:44:32","date_gmt":"2018-01-11T09:44:32","guid":{"rendered":"http:\/\/www.jeannedarc-figeac.fr\/college-lycee\/?p=2673"},"modified":"2018-01-11T09:44:32","modified_gmt":"2018-01-11T09:44:32","slug":"harcelement-tous-concernes","status":"publish","type":"post","link":"https:\/\/www.jeannedarc-figeac.fr\/college-lycee\/harcelement-tous-concernes\/","title":{"rendered":"Harc\u00e8lement, tous concern\u00e9s!"},"content":{"rendered":"<p><a href=\"https:\/\/i0.wp.com\/www.jeannedarc-figeac.fr\/college-lycee\/wp-content\/uploads\/sites\/5\/2018\/01\/harcelement-27-11.jpg\"><img data-recalc-dims=\"1\" loading=\"lazy\" decoding=\"async\" class=\"alignnone size-medium wp-image-2674\" src=\"https:\/\/i0.wp.com\/www.jeannedarc-figeac.fr\/college-lycee\/wp-content\/uploads\/sites\/5\/2018\/01\/harcelement-27-11.jpg?resize=180%2C300\" alt=\"\" width=\"180\" height=\"300\" srcset=\"https:\/\/i0.wp.com\/www.jeannedarc-figeac.fr\/college-lycee\/wp-content\/uploads\/sites\/5\/2018\/01\/harcelement-27-11.jpg?resize=180%2C300&amp;ssl=1 180w, https:\/\/i0.wp.com\/www.jeannedarc-figeac.fr\/college-lycee\/wp-content\/uploads\/sites\/5\/2018\/01\/harcelement-27-11.jpg?resize=768%2C1280&amp;ssl=1 768w, https:\/\/i0.wp.com\/www.jeannedarc-figeac.fr\/college-lycee\/wp-content\/uploads\/sites\/5\/2018\/01\/harcelement-27-11.jpg?resize=614%2C1024&amp;ssl=1 614w, https:\/\/i0.wp.com\/www.jeannedarc-figeac.fr\/college-lycee\/wp-content\/uploads\/sites\/5\/2018\/01\/harcelement-27-11.jpg?resize=1080%2C1800&amp;ssl=1 1080w, https:\/\/i0.wp.com\/www.jeannedarc-figeac.fr\/college-lycee\/wp-content\/uploads\/sites\/5\/2018\/01\/harcelement-27-11.jpg?w=1392&amp;ssl=1 1392w\" sizes=\"(max-width: 180px) 100vw, 180px\" \/><\/a><\/p>\n<p><span style=\"color: #0000ff\"><strong>Conscient de l\u2019importance et de la n\u00e9cessit\u00e9 de travailler sur le Harc\u00e8lement en milieu scolaire, le coll\u00e8ge Jeanne d\u2019Arc de Figeac a mis en place le lundi 27 novembre une journ\u00e9e d\u2019information et de r\u00e9flexion sur ce sujet pour toutes les classes de 5<sup>\u00e8me<\/sup>.<\/strong><\/span><\/p>\n<p><span style=\"color: #0000ff\"><strong>Cette journ\u00e9e s&rsquo;est d\u00e9clin\u00e9e en plusieurs temps\u00a0; les \u00e9l\u00e8ves ont \u00e9t\u00e9 accueillis par Mme Vidal, chef d&rsquo;\u00e9tablissement, qui a mis un point fort sur ce fl\u00e9au qui concerne 700.000 enfants dans notre pays ; puis ce fut un t\u00e9moignage poignant d&rsquo;une maman dont l&rsquo;enfant fut harcel\u00e9.<\/strong><\/span><\/p>\n<p><span style=\"color: #0000ff\"><strong>Les questions ont fus\u00e9 de toute part pour cette m\u00e8re dont la famille a v\u00e9cu un cauchemar durant quatre longues ann\u00e9es.<\/strong><\/span><\/p>\n<p><span style=\"color: #0000ff\"><strong>Les enfants se sont ensuite r\u00e9partis dans deux ateliers; l&rsquo;un avec une \u00e9ducatrice sp\u00e9cialis\u00e9e\u00a0qui leur a fait prendre conscience des dommages subis pour un enfant harcel\u00e9.<\/strong><\/span><\/p>\n<p><span style=\"color: #0000ff\"><strong>Le second atelier a \u00e9t\u00e9 men\u00e9 par les gendarmes de Figeac, confront\u00e9s eux aussi, en permanence \u00e0 ce ph\u00e9nom\u00e8ne; ils ont mis en avant l&rsquo;aspect judiciaire, le r\u00f4le de chacun et les sanctions possibles.<\/strong><\/span><\/p>\n<p><span style=\"color: #0000ff\"><strong>Cette journ\u00e9e a lib\u00e9r\u00e9 la parole et nous incite \u00e0 rester tr\u00e8s vigilants.<\/strong><\/span><\/p>\n<p><span style=\"color: #0000ff\"><strong>D\u2019autres projets sont en pr\u00e9paration pour les classes de 6<sup>\u00e8me<\/sup>, 4<sup>\u00e8me<\/sup> et 3<sup>\u00e8me<\/sup> et seront mises en \u0153uvre pendant l\u2019ann\u00e9e.<\/strong><\/span><\/p>\n<p>&nbsp;<\/p>\n","protected":false},"excerpt":{"rendered":"<p>Conscient de l\u2019importance et de la n\u00e9cessit\u00e9 de travailler sur le Harc\u00e8lement en milieu scolaire, le coll\u00e8ge Jeanne d\u2019Arc de Figeac a mis en place le lundi 27 novembre une journ\u00e9e d\u2019information et de r\u00e9flexion sur ce sujet pour toutes les classes de 5\u00e8me. Cette journ\u00e9e s&rsquo;est d\u00e9clin\u00e9e en plusieurs temps\u00a0; les \u00e9l\u00e8ves ont \u00e9t\u00e9 [&hellip;]<\/p>\n","protected":false},"author":12,"featured_media":0,"comment_status":"closed","ping_status":"open","sticky":false,"template":"","format":"standard","meta":{"_et_pb_use_builder":"","_et_pb_old_content":"","_et_gb_content_width":"","_jetpack_newsletter_access":"","_jetpack_dont_email_post_to_subs":false,"_jetpack_newsletter_tier_id":0,"_jetpack_memberships_contains_paywalled_content":false,"iawp_total_views":0,"_jetpack_memberships_contains_paid_content":false,"footnotes":""},"categories":[28],"tags":[],"class_list":["post-2673","post","type-post","status-publish","format-standard","hentry","category-actus"],"yoast_head":"<!-- This site is optimized with the Yoast SEO plugin v26.0 - https:\/\/yoast.com\/wordpress\/plugins\/seo\/ -->\n<title>Harc\u00e8lement, tous concern\u00e9s!<\/title>\n<meta name=\"description\" content=\"Conscient de l\u2019importance et de la n\u00e9cessit\u00e9 de travailler sur le Harc\u00e8lement en milieu scolaire, le coll\u00e8ge Jeanne d\u2019Arc de Figeac a mis en place le\" \/>\n<meta name=\"robots\" content=\"index, follow, max-snippet:-1, max-image-preview:large, max-video-preview:-1\" \/>\n<link rel=\"canonical\" href=\"http:\/\/www.jeannedarc-figeac.fr\/college-lycee\/harcelement-tous-concernes\/\" \/>\n<meta property=\"og:locale\" content=\"fr_FR\" \/>\n<meta property=\"og:type\" content=\"article\" \/>\n<meta property=\"og:title\" content=\"Harc\u00e8lement, tous concern\u00e9s!\" \/>\n<meta property=\"og:description\" content=\"Conscient de l\u2019importance et de la n\u00e9cessit\u00e9 de travailler sur le Harc\u00e8lement en milieu scolaire, le coll\u00e8ge Jeanne d\u2019Arc de Figeac a mis en place le\" \/>\n<meta property=\"og:url\" content=\"http:\/\/www.jeannedarc-figeac.fr\/college-lycee\/harcelement-tous-concernes\/\" \/>\n<meta property=\"og:site_name\" content=\"Coll\u00e8ge et Lyc\u00e9e Jeanne d&#039;Arc\" \/>\n<meta property=\"article:published_time\" content=\"2018-01-11T09:44:32+00:00\" \/>\n<meta property=\"og:image\" content=\"http:\/\/www.jeannedarc-figeac.fr\/college-lycee\/wp-content\/uploads\/sites\/5\/2018\/01\/harcelement-27-11-180x300.jpg\" \/>\n<meta name=\"author\" content=\"le secr\u00e9tariat\" \/>\n<script type=\"application\/ld+json\" class=\"yoast-schema-graph\">{\"@context\":\"https:\/\/schema.org\",\"@graph\":[{\"@type\":\"WebPage\",\"@id\":\"http:\/\/www.jeannedarc-figeac.fr\/college-lycee\/harcelement-tous-concernes\/\",\"url\":\"http:\/\/www.jeannedarc-figeac.fr\/college-lycee\/harcelement-tous-concernes\/\",\"name\":\"Harc\u00e8lement, tous concern\u00e9s!\",\"isPartOf\":{\"@id\":\"https:\/\/www.jeannedarc-figeac.fr\/college-lycee\/#website\"},\"primaryImageOfPage\":{\"@id\":\"http:\/\/www.jeannedarc-figeac.fr\/college-lycee\/harcelement-tous-concernes\/#primaryimage\"},\"image\":{\"@id\":\"http:\/\/www.jeannedarc-figeac.fr\/college-lycee\/harcelement-tous-concernes\/#primaryimage\"},\"thumbnailUrl\":\"http:\/\/www.jeannedarc-figeac.fr\/college-lycee\/wp-content\/uploads\/sites\/5\/2018\/01\/harcelement-27-11-180x300.jpg\",\"datePublished\":\"2018-01-11T09:44:32+00:00\",\"author\":{\"@id\":\"https:\/\/www.jeannedarc-figeac.fr\/college-lycee\/#\/schema\/person\/29e5764f28e895dc8bf41d4468f99154\"},\"description\":\"Conscient de l\u2019importance et de la n\u00e9cessit\u00e9 de travailler sur le Harc\u00e8lement en milieu scolaire, le coll\u00e8ge Jeanne d\u2019Arc de Figeac a mis en place le\",\"breadcrumb\":{\"@id\":\"http:\/\/www.jeannedarc-figeac.fr\/college-lycee\/harcelement-tous-concernes\/#breadcrumb\"},\"inLanguage\":\"fr-FR\",\"potentialAction\":[{\"@type\":\"ReadAction\",\"target\":[\"http:\/\/www.jeannedarc-figeac.fr\/college-lycee\/harcelement-tous-concernes\/\"]}]},{\"@type\":\"ImageObject\",\"inLanguage\":\"fr-FR\",\"@id\":\"http:\/\/www.jeannedarc-figeac.fr\/college-lycee\/harcelement-tous-concernes\/#primaryimage\",\"url\":\"https:\/\/i0.wp.com\/www.jeannedarc-figeac.fr\/college-lycee\/wp-content\/uploads\/sites\/5\/2018\/01\/harcelement-27-11.jpg?fit=1392%2C2320&ssl=1\",\"contentUrl\":\"https:\/\/i0.wp.com\/www.jeannedarc-figeac.fr\/college-lycee\/wp-content\/uploads\/sites\/5\/2018\/01\/harcelement-27-11.jpg?fit=1392%2C2320&ssl=1\",\"width\":1392,\"height\":2320},{\"@type\":\"BreadcrumbList\",\"@id\":\"http:\/\/www.jeannedarc-figeac.fr\/college-lycee\/harcelement-tous-concernes\/#breadcrumb\",\"itemListElement\":[{\"@type\":\"ListItem\",\"position\":1,\"name\":\"Accueil\",\"item\":\"https:\/\/www.jeannedarc-figeac.fr\/college-lycee\/\"},{\"@type\":\"ListItem\",\"position\":2,\"name\":\"Actus\",\"item\":\"http:\/\/www.jeannedarc-figeac.fr\/college-lycee\/cat\/actus\/\"},{\"@type\":\"ListItem\",\"position\":3,\"name\":\"Harc\u00e8lement, tous concern\u00e9s!\"}]},{\"@type\":\"WebSite\",\"@id\":\"https:\/\/www.jeannedarc-figeac.fr\/college-lycee\/#website\",\"url\":\"https:\/\/www.jeannedarc-figeac.fr\/college-lycee\/\",\"name\":\"Coll\u00e8ge et Lyc\u00e9e Jeanne d&#039;Arc\",\"description\":\"Jeanne d&#039;Arc Figeac\",\"potentialAction\":[{\"@type\":\"SearchAction\",\"target\":{\"@type\":\"EntryPoint\",\"urlTemplate\":\"https:\/\/www.jeannedarc-figeac.fr\/college-lycee\/?s={search_term_string}\"},\"query-input\":{\"@type\":\"PropertyValueSpecification\",\"valueRequired\":true,\"valueName\":\"search_term_string\"}}],\"inLanguage\":\"fr-FR\"},{\"@type\":\"Person\",\"@id\":\"https:\/\/www.jeannedarc-figeac.fr\/college-lycee\/#\/schema\/person\/29e5764f28e895dc8bf41d4468f99154\",\"name\":\"le secr\u00e9tariat\",\"image\":{\"@type\":\"ImageObject\",\"inLanguage\":\"fr-FR\",\"@id\":\"https:\/\/www.jeannedarc-figeac.fr\/college-lycee\/#\/schema\/person\/image\/\",\"url\":\"https:\/\/www.jeannedarc-figeac.fr\/college-lycee\/wp-content\/litespeed\/avatar\/5\/b7e8da60f53ba4adc9e9e66d91d84580.jpg?ver=1776943645\",\"contentUrl\":\"https:\/\/www.jeannedarc-figeac.fr\/college-lycee\/wp-content\/litespeed\/avatar\/5\/b7e8da60f53ba4adc9e9e66d91d84580.jpg?ver=1776943645\",\"caption\":\"le secr\u00e9tariat\"},\"url\":\"https:\/\/www.jeannedarc-figeac.fr\/college-lycee\/author\/arlette\/\"}]}<\/script>\n<!-- \/ Yoast SEO plugin. -->","yoast_head_json":{"title":"Harc\u00e8lement, tous concern\u00e9s!","description":"Conscient de l\u2019importance et de la n\u00e9cessit\u00e9 de travailler sur le Harc\u00e8lement en milieu scolaire, le coll\u00e8ge Jeanne d\u2019Arc de Figeac a mis en place le","robots":{"index":"index","follow":"follow","max-snippet":"max-snippet:-1","max-image-preview":"max-image-preview:large","max-video-preview":"max-video-preview:-1"},"canonical":"http:\/\/www.jeannedarc-figeac.fr\/college-lycee\/harcelement-tous-concernes\/","og_locale":"fr_FR","og_type":"article","og_title":"Harc\u00e8lement, tous concern\u00e9s!","og_description":"Conscient de l\u2019importance et de la n\u00e9cessit\u00e9 de travailler sur le Harc\u00e8lement en milieu scolaire, le coll\u00e8ge Jeanne d\u2019Arc de Figeac a mis en place le","og_url":"http:\/\/www.jeannedarc-figeac.fr\/college-lycee\/harcelement-tous-concernes\/","og_site_name":"Coll\u00e8ge et Lyc\u00e9e Jeanne d&#039;Arc","article_published_time":"2018-01-11T09:44:32+00:00","og_image":[{"url":"http:\/\/www.jeannedarc-figeac.fr\/college-lycee\/wp-content\/uploads\/sites\/5\/2018\/01\/harcelement-27-11-180x300.jpg","type":"","width":"","height":""}],"author":"le secr\u00e9tariat","schema":{"@context":"https:\/\/schema.org","@graph":[{"@type":"WebPage","@id":"http:\/\/www.jeannedarc-figeac.fr\/college-lycee\/harcelement-tous-concernes\/","url":"http:\/\/www.jeannedarc-figeac.fr\/college-lycee\/harcelement-tous-concernes\/","name":"Harc\u00e8lement, tous concern\u00e9s!","isPartOf":{"@id":"https:\/\/www.jeannedarc-figeac.fr\/college-lycee\/#website"},"primaryImageOfPage":{"@id":"http:\/\/www.jeannedarc-figeac.fr\/college-lycee\/harcelement-tous-concernes\/#primaryimage"},"image":{"@id":"http:\/\/www.jeannedarc-figeac.fr\/college-lycee\/harcelement-tous-concernes\/#primaryimage"},"thumbnailUrl":"http:\/\/www.jeannedarc-figeac.fr\/college-lycee\/wp-content\/uploads\/sites\/5\/2018\/01\/harcelement-27-11-180x300.jpg","datePublished":"2018-01-11T09:44:32+00:00","author":{"@id":"https:\/\/www.jeannedarc-figeac.fr\/college-lycee\/#\/schema\/person\/29e5764f28e895dc8bf41d4468f99154"},"description":"Conscient de l\u2019importance et de la n\u00e9cessit\u00e9 de travailler sur le Harc\u00e8lement en milieu scolaire, le coll\u00e8ge Jeanne d\u2019Arc de Figeac a mis en place le","breadcrumb":{"@id":"http:\/\/www.jeannedarc-figeac.fr\/college-lycee\/harcelement-tous-concernes\/#breadcrumb"},"inLanguage":"fr-FR","potentialAction":[{"@type":"ReadAction","target":["http:\/\/www.jeannedarc-figeac.fr\/college-lycee\/harcelement-tous-concernes\/"]}]},{"@type":"ImageObject","inLanguage":"fr-FR","@id":"http:\/\/www.jeannedarc-figeac.fr\/college-lycee\/harcelement-tous-concernes\/#primaryimage","url":"https:\/\/i0.wp.com\/www.jeannedarc-figeac.fr\/college-lycee\/wp-content\/uploads\/sites\/5\/2018\/01\/harcelement-27-11.jpg?fit=1392%2C2320&ssl=1","contentUrl":"https:\/\/i0.wp.com\/www.jeannedarc-figeac.fr\/college-lycee\/wp-content\/uploads\/sites\/5\/2018\/01\/harcelement-27-11.jpg?fit=1392%2C2320&ssl=1","width":1392,"height":2320},{"@type":"BreadcrumbList","@id":"http:\/\/www.jeannedarc-figeac.fr\/college-lycee\/harcelement-tous-concernes\/#breadcrumb","itemListElement":[{"@type":"ListItem","position":1,"name":"Accueil","item":"https:\/\/www.jeannedarc-figeac.fr\/college-lycee\/"},{"@type":"ListItem","position":2,"name":"Actus","item":"http:\/\/www.jeannedarc-figeac.fr\/college-lycee\/cat\/actus\/"},{"@type":"ListItem","position":3,"name":"Harc\u00e8lement, tous concern\u00e9s!"}]},{"@type":"WebSite","@id":"https:\/\/www.jeannedarc-figeac.fr\/college-lycee\/#website","url":"https:\/\/www.jeannedarc-figeac.fr\/college-lycee\/","name":"Coll\u00e8ge et Lyc\u00e9e Jeanne d&#039;Arc","description":"Jeanne d&#039;Arc Figeac","potentialAction":[{"@type":"SearchAction","target":{"@type":"EntryPoint","urlTemplate":"https:\/\/www.jeannedarc-figeac.fr\/college-lycee\/?s={search_term_string}"},"query-input":{"@type":"PropertyValueSpecification","valueRequired":true,"valueName":"search_term_string"}}],"inLanguage":"fr-FR"},{"@type":"Person","@id":"https:\/\/www.jeannedarc-figeac.fr\/college-lycee\/#\/schema\/person\/29e5764f28e895dc8bf41d4468f99154","name":"le secr\u00e9tariat","image":{"@type":"ImageObject","inLanguage":"fr-FR","@id":"https:\/\/www.jeannedarc-figeac.fr\/college-lycee\/#\/schema\/person\/image\/","url":"https:\/\/www.jeannedarc-figeac.fr\/college-lycee\/wp-content\/litespeed\/avatar\/5\/b7e8da60f53ba4adc9e9e66d91d84580.jpg?ver=1776943645","contentUrl":"https:\/\/www.jeannedarc-figeac.fr\/college-lycee\/wp-content\/litespeed\/avatar\/5\/b7e8da60f53ba4adc9e9e66d91d84580.jpg?ver=1776943645","caption":"le secr\u00e9tariat"},"url":"https:\/\/www.jeannedarc-figeac.fr\/college-lycee\/author\/arlette\/"}]}},"jetpack_featured_media_url":"","jetpack_sharing_enabled":true,"jetpack_shortlink":"https:\/\/wp.me\/p5Qyb6-H7","_links":{"self":[{"href":"https:\/\/www.jeannedarc-figeac.fr\/college-lycee\/wp-json\/wp\/v2\/posts\/2673","targetHints":{"allow":["GET"]}}],"collection":[{"href":"https:\/\/www.jeannedarc-figeac.fr\/college-lycee\/wp-json\/wp\/v2\/posts"}],"about":[{"href":"https:\/\/www.jeannedarc-figeac.fr\/college-lycee\/wp-json\/wp\/v2\/types\/post"}],"author":[{"embeddable":true,"href":"https:\/\/www.jeannedarc-figeac.fr\/college-lycee\/wp-json\/wp\/v2\/users\/12"}],"replies":[{"embeddable":true,"href":"https:\/\/www.jeannedarc-figeac.fr\/college-lycee\/wp-json\/wp\/v2\/comments?post=2673"}],"version-history":[{"count":1,"href":"https:\/\/www.jeannedarc-figeac.fr\/college-lycee\/wp-json\/wp\/v2\/posts\/2673\/revisions"}],"predecessor-version":[{"id":2675,"href":"https:\/\/www.jeannedarc-figeac.fr\/college-lycee\/wp-json\/wp\/v2\/posts\/2673\/revisions\/2675"}],"wp:attachment":[{"href":"https:\/\/www.jeannedarc-figeac.fr\/college-lycee\/wp-json\/wp\/v2\/media?parent=2673"}],"wp:term":[{"taxonomy":"category","embeddable":true,"href":"https:\/\/www.jeannedarc-figeac.fr\/college-lycee\/wp-json\/wp\/v2\/categories?post=2673"},{"taxonomy":"post_tag","embeddable":true,"href":"https:\/\/www.jeannedarc-figeac.fr\/college-lycee\/wp-json\/wp\/v2\/tags?post=2673"}],"curies":[{"name":"wp","href":"https:\/\/api.w.org\/{rel}","templated":true}]}}