{"id":2661,"date":"2017-12-07T10:13:48","date_gmt":"2017-12-07T10:13:48","guid":{"rendered":"http:\/\/www.jeannedarc-figeac.fr\/college-lycee\/?p=2661"},"modified":"2017-12-07T10:13:48","modified_gmt":"2017-12-07T10:13:48","slug":"remise-des-diplomes-3","status":"publish","type":"post","link":"https:\/\/www.jeannedarc-figeac.fr\/college-lycee\/remise-des-diplomes-3\/","title":{"rendered":"Remise des dipl\u00f4mes"},"content":{"rendered":"<p><a href=\"https:\/\/i0.wp.com\/www.jeannedarc-figeac.fr\/college-lycee\/wp-content\/uploads\/sites\/5\/2017\/12\/remise-diplomes-17-ter.jpg\"><img data-recalc-dims=\"1\" loading=\"lazy\" decoding=\"async\" class=\"alignnone size-medium wp-image-2662\" src=\"https:\/\/i0.wp.com\/www.jeannedarc-figeac.fr\/college-lycee\/wp-content\/uploads\/sites\/5\/2017\/12\/remise-diplomes-17-ter.jpg?resize=300%2C171\" alt=\"\" width=\"300\" height=\"171\" srcset=\"https:\/\/i0.wp.com\/www.jeannedarc-figeac.fr\/college-lycee\/wp-content\/uploads\/sites\/5\/2017\/12\/remise-diplomes-17-ter.jpg?resize=300%2C171&amp;ssl=1 300w, https:\/\/i0.wp.com\/www.jeannedarc-figeac.fr\/college-lycee\/wp-content\/uploads\/sites\/5\/2017\/12\/remise-diplomes-17-ter.jpg?resize=768%2C437&amp;ssl=1 768w, https:\/\/i0.wp.com\/www.jeannedarc-figeac.fr\/college-lycee\/wp-content\/uploads\/sites\/5\/2017\/12\/remise-diplomes-17-ter.jpg?resize=1024%2C582&amp;ssl=1 1024w, https:\/\/i0.wp.com\/www.jeannedarc-figeac.fr\/college-lycee\/wp-content\/uploads\/sites\/5\/2017\/12\/remise-diplomes-17-ter.jpg?resize=1080%2C614&amp;ssl=1 1080w, https:\/\/i0.wp.com\/www.jeannedarc-figeac.fr\/college-lycee\/wp-content\/uploads\/sites\/5\/2017\/12\/remise-diplomes-17-ter.jpg?w=1600&amp;ssl=1 1600w\" sizes=\"(max-width: 300px) 100vw, 300px\" \/><\/a><a href=\"https:\/\/i0.wp.com\/www.jeannedarc-figeac.fr\/college-lycee\/wp-content\/uploads\/sites\/5\/2017\/12\/remise-diplomes-prof.jpg\"><img data-recalc-dims=\"1\" loading=\"lazy\" decoding=\"async\" class=\"alignnone size-medium wp-image-2663\" src=\"https:\/\/i0.wp.com\/www.jeannedarc-figeac.fr\/college-lycee\/wp-content\/uploads\/sites\/5\/2017\/12\/remise-diplomes-prof.jpg?resize=300%2C225\" alt=\"\" width=\"300\" height=\"225\" srcset=\"https:\/\/i0.wp.com\/www.jeannedarc-figeac.fr\/college-lycee\/wp-content\/uploads\/sites\/5\/2017\/12\/remise-diplomes-prof.jpg?resize=300%2C225&amp;ssl=1 300w, https:\/\/i0.wp.com\/www.jeannedarc-figeac.fr\/college-lycee\/wp-content\/uploads\/sites\/5\/2017\/12\/remise-diplomes-prof.jpg?resize=768%2C576&amp;ssl=1 768w, https:\/\/i0.wp.com\/www.jeannedarc-figeac.fr\/college-lycee\/wp-content\/uploads\/sites\/5\/2017\/12\/remise-diplomes-prof.jpg?resize=1024%2C768&amp;ssl=1 1024w, https:\/\/i0.wp.com\/www.jeannedarc-figeac.fr\/college-lycee\/wp-content\/uploads\/sites\/5\/2017\/12\/remise-diplomes-prof.jpg?resize=1080%2C810&amp;ssl=1 1080w, https:\/\/i0.wp.com\/www.jeannedarc-figeac.fr\/college-lycee\/wp-content\/uploads\/sites\/5\/2017\/12\/remise-diplomes-prof.jpg?w=1600&amp;ssl=1 1600w\" sizes=\"(max-width: 300px) 100vw, 300px\" \/><\/a><\/p>\n<p>Ce Samedi 18 novembre, sous un soleil radieux, s&rsquo;est d\u00e9roul\u00e9e, dans une ambiance des plus conviviales, au sein du coll\u00e8ge lyc\u00e9e Jeanne d\u2019Arc, la traditionnelle remise des dipl\u00f4mes pour les baccalaur\u00e9ats S, ES, L, ST2S et ASSP\u00a0 mais aussi la certification interm\u00e9diaire obtenue en fin de 1<sup>\u00e8re<\/sup> ASSP et \u00e9galement le dipl\u00f4me du CAP ATMFC.<\/p>\n<p>Venus nombreux, les jeunes dipl\u00f4m\u00e9s ont \u00e9t\u00e9 f\u00e9licit\u00e9s par Annie Vidal, Chef d\u2019Etablissement, entour\u00e9e des enseignants de l\u2019\u00e9tablissement. Madame Vidal a rappel\u00e9 les excellents r\u00e9sultats de la session 2017\u00a0 (96,5 % de r\u00e9ussite au baccalaur\u00e9at). Le nombre important de mentions Tr\u00e8s Bien obtenues par les candidats du baccalaur\u00e9at S est \u00e9galement \u00e0 souligner\u00a0: 39 %. Avec un taux de r\u00e9ussite respectivement de 100 % et de 95 %, les fili\u00e8res ST2S et ASSP ne sont pas en reste.<\/p>\n<p>Cette c\u00e9r\u00e9monie a \u00e9galement \u00e9t\u00e9 l\u2019occasion de remettre les dipl\u00f4mes de la certification en Allemand et de la certification Cambridge\u00a0; ces certifications permettent aux jeunes d\u2019attester d\u2019un niveau en langue. Elles sont reconnues par les \u00e9tablissements de l\u2019enseignement sup\u00e9rieur et sont un atout dans le cadre d\u2019un recrutement par exemple.<\/p>\n<p>Lors de ce temps de rencontre les bacheliers ont confi\u00e9 \u00e0 leurs anciens professeurs combien leur niveau d\u2019exigence et la pr\u00e9paration \u00e0 l\u2019orientation post bac avait \u00e9t\u00e9 importants pour eux afin d\u2019int\u00e9grer avec succ\u00e8s l\u2019enseignement sup\u00e9rieur. Le travail fait autour de l\u2019orientation, en lien avec le projet de l\u2019\u00e9l\u00e8ve et\u00a0 ses comp\u00e9tences permet une poursuite d\u2019\u00e9tudes sous de bons auspices\u2026<\/p>\n<p>Nous leur souhaitons \u00ab\u00a0bon vent\u00a0\u00bb et pleine r\u00e9ussite pour leur vie \u00e9tudiante et professionnelle.<\/p>\n<p>&nbsp;<\/p>\n","protected":false},"excerpt":{"rendered":"<p>Ce Samedi 18 novembre, sous un soleil radieux, s&rsquo;est d\u00e9roul\u00e9e, dans une ambiance des plus conviviales, au sein du coll\u00e8ge lyc\u00e9e Jeanne d\u2019Arc, la traditionnelle remise des dipl\u00f4mes pour les baccalaur\u00e9ats S, ES, L, ST2S et ASSP\u00a0 mais aussi la certification interm\u00e9diaire obtenue en fin de 1\u00e8re ASSP et \u00e9galement le dipl\u00f4me du CAP ATMFC. [&hellip;]<\/p>\n","protected":false},"author":12,"featured_media":0,"comment_status":"closed","ping_status":"open","sticky":false,"template":"","format":"standard","meta":{"_et_pb_use_builder":"","_et_pb_old_content":"","_et_gb_content_width":"","_jetpack_newsletter_access":"","_jetpack_dont_email_post_to_subs":false,"_jetpack_newsletter_tier_id":0,"_jetpack_memberships_contains_paywalled_content":false,"iawp_total_views":2,"_jetpack_memberships_contains_paid_content":false,"footnotes":""},"categories":[28],"tags":[],"class_list":["post-2661","post","type-post","status-publish","format-standard","hentry","category-actus"],"yoast_head":"<!-- This site is optimized with the Yoast SEO plugin v26.0 - https:\/\/yoast.com\/wordpress\/plugins\/seo\/ -->\n<title>Remise des dipl\u00f4mes<\/title>\n<meta name=\"description\" content=\"Ce Samedi 18 novembre, sous un soleil radieux, s&#039;est d\u00e9roul\u00e9e, dans une ambiance des plus conviviales, au sein du coll\u00e8ge lyc\u00e9e Jeanne d\u2019Arc, la\" \/>\n<meta name=\"robots\" content=\"index, follow, max-snippet:-1, max-image-preview:large, max-video-preview:-1\" \/>\n<link rel=\"canonical\" href=\"https:\/\/www.jeannedarc-figeac.fr\/college-lycee\/remise-des-diplomes-3\/\" \/>\n<meta property=\"og:locale\" content=\"fr_FR\" \/>\n<meta property=\"og:type\" content=\"article\" \/>\n<meta property=\"og:title\" content=\"Remise des dipl\u00f4mes\" \/>\n<meta property=\"og:description\" content=\"Ce Samedi 18 novembre, sous un soleil radieux, s&#039;est d\u00e9roul\u00e9e, dans une ambiance des plus conviviales, au sein du coll\u00e8ge lyc\u00e9e Jeanne d\u2019Arc, la\" \/>\n<meta property=\"og:url\" content=\"https:\/\/www.jeannedarc-figeac.fr\/college-lycee\/remise-des-diplomes-3\/\" \/>\n<meta property=\"og:site_name\" content=\"Coll\u00e8ge et Lyc\u00e9e Jeanne d&#039;Arc\" \/>\n<meta property=\"article:published_time\" content=\"2017-12-07T10:13:48+00:00\" \/>\n<meta property=\"og:image\" content=\"http:\/\/www.jeannedarc-figeac.fr\/college-lycee\/wp-content\/uploads\/sites\/5\/2017\/12\/remise-diplomes-17-ter-300x171.jpg\" \/>\n<meta name=\"author\" content=\"le secr\u00e9tariat\" \/>\n<script type=\"application\/ld+json\" class=\"yoast-schema-graph\">{\"@context\":\"https:\/\/schema.org\",\"@graph\":[{\"@type\":\"WebPage\",\"@id\":\"https:\/\/www.jeannedarc-figeac.fr\/college-lycee\/remise-des-diplomes-3\/\",\"url\":\"https:\/\/www.jeannedarc-figeac.fr\/college-lycee\/remise-des-diplomes-3\/\",\"name\":\"Remise des dipl\u00f4mes\",\"isPartOf\":{\"@id\":\"https:\/\/www.jeannedarc-figeac.fr\/college-lycee\/#website\"},\"primaryImageOfPage\":{\"@id\":\"https:\/\/www.jeannedarc-figeac.fr\/college-lycee\/remise-des-diplomes-3\/#primaryimage\"},\"image\":{\"@id\":\"https:\/\/www.jeannedarc-figeac.fr\/college-lycee\/remise-des-diplomes-3\/#primaryimage\"},\"thumbnailUrl\":\"http:\/\/www.jeannedarc-figeac.fr\/college-lycee\/wp-content\/uploads\/sites\/5\/2017\/12\/remise-diplomes-17-ter-300x171.jpg\",\"datePublished\":\"2017-12-07T10:13:48+00:00\",\"author\":{\"@id\":\"https:\/\/www.jeannedarc-figeac.fr\/college-lycee\/#\/schema\/person\/29e5764f28e895dc8bf41d4468f99154\"},\"description\":\"Ce Samedi 18 novembre, sous un soleil radieux, s'est d\u00e9roul\u00e9e, dans une ambiance des plus conviviales, au sein du coll\u00e8ge lyc\u00e9e Jeanne d\u2019Arc, la\",\"breadcrumb\":{\"@id\":\"https:\/\/www.jeannedarc-figeac.fr\/college-lycee\/remise-des-diplomes-3\/#breadcrumb\"},\"inLanguage\":\"fr-FR\",\"potentialAction\":[{\"@type\":\"ReadAction\",\"target\":[\"https:\/\/www.jeannedarc-figeac.fr\/college-lycee\/remise-des-diplomes-3\/\"]}]},{\"@type\":\"ImageObject\",\"inLanguage\":\"fr-FR\",\"@id\":\"https:\/\/www.jeannedarc-figeac.fr\/college-lycee\/remise-des-diplomes-3\/#primaryimage\",\"url\":\"https:\/\/i0.wp.com\/www.jeannedarc-figeac.fr\/college-lycee\/wp-content\/uploads\/sites\/5\/2017\/12\/remise-diplomes-17-ter.jpg?fit=1600%2C910&ssl=1\",\"contentUrl\":\"https:\/\/i0.wp.com\/www.jeannedarc-figeac.fr\/college-lycee\/wp-content\/uploads\/sites\/5\/2017\/12\/remise-diplomes-17-ter.jpg?fit=1600%2C910&ssl=1\",\"width\":1600,\"height\":910},{\"@type\":\"BreadcrumbList\",\"@id\":\"https:\/\/www.jeannedarc-figeac.fr\/college-lycee\/remise-des-diplomes-3\/#breadcrumb\",\"itemListElement\":[{\"@type\":\"ListItem\",\"position\":1,\"name\":\"Accueil\",\"item\":\"https:\/\/www.jeannedarc-figeac.fr\/college-lycee\/\"},{\"@type\":\"ListItem\",\"position\":2,\"name\":\"Actus\",\"item\":\"http:\/\/www.jeannedarc-figeac.fr\/college-lycee\/cat\/actus\/\"},{\"@type\":\"ListItem\",\"position\":3,\"name\":\"Remise des dipl\u00f4mes\"}]},{\"@type\":\"WebSite\",\"@id\":\"https:\/\/www.jeannedarc-figeac.fr\/college-lycee\/#website\",\"url\":\"https:\/\/www.jeannedarc-figeac.fr\/college-lycee\/\",\"name\":\"Coll\u00e8ge et Lyc\u00e9e Jeanne d&#039;Arc\",\"description\":\"Jeanne d&#039;Arc Figeac\",\"potentialAction\":[{\"@type\":\"SearchAction\",\"target\":{\"@type\":\"EntryPoint\",\"urlTemplate\":\"https:\/\/www.jeannedarc-figeac.fr\/college-lycee\/?s={search_term_string}\"},\"query-input\":{\"@type\":\"PropertyValueSpecification\",\"valueRequired\":true,\"valueName\":\"search_term_string\"}}],\"inLanguage\":\"fr-FR\"},{\"@type\":\"Person\",\"@id\":\"https:\/\/www.jeannedarc-figeac.fr\/college-lycee\/#\/schema\/person\/29e5764f28e895dc8bf41d4468f99154\",\"name\":\"le secr\u00e9tariat\",\"image\":{\"@type\":\"ImageObject\",\"inLanguage\":\"fr-FR\",\"@id\":\"https:\/\/www.jeannedarc-figeac.fr\/college-lycee\/#\/schema\/person\/image\/\",\"url\":\"https:\/\/www.jeannedarc-figeac.fr\/college-lycee\/wp-content\/litespeed\/avatar\/5\/b7e8da60f53ba4adc9e9e66d91d84580.jpg?ver=1776943645\",\"contentUrl\":\"https:\/\/www.jeannedarc-figeac.fr\/college-lycee\/wp-content\/litespeed\/avatar\/5\/b7e8da60f53ba4adc9e9e66d91d84580.jpg?ver=1776943645\",\"caption\":\"le secr\u00e9tariat\"},\"url\":\"https:\/\/www.jeannedarc-figeac.fr\/college-lycee\/author\/arlette\/\"}]}<\/script>\n<!-- \/ Yoast SEO plugin. -->","yoast_head_json":{"title":"Remise des dipl\u00f4mes","description":"Ce Samedi 18 novembre, sous un soleil radieux, s'est d\u00e9roul\u00e9e, dans une ambiance des plus conviviales, au sein du coll\u00e8ge lyc\u00e9e Jeanne d\u2019Arc, la","robots":{"index":"index","follow":"follow","max-snippet":"max-snippet:-1","max-image-preview":"max-image-preview:large","max-video-preview":"max-video-preview:-1"},"canonical":"https:\/\/www.jeannedarc-figeac.fr\/college-lycee\/remise-des-diplomes-3\/","og_locale":"fr_FR","og_type":"article","og_title":"Remise des dipl\u00f4mes","og_description":"Ce Samedi 18 novembre, sous un soleil radieux, s'est d\u00e9roul\u00e9e, dans une ambiance des plus conviviales, au sein du coll\u00e8ge lyc\u00e9e Jeanne d\u2019Arc, la","og_url":"https:\/\/www.jeannedarc-figeac.fr\/college-lycee\/remise-des-diplomes-3\/","og_site_name":"Coll\u00e8ge et Lyc\u00e9e Jeanne d&#039;Arc","article_published_time":"2017-12-07T10:13:48+00:00","og_image":[{"url":"http:\/\/www.jeannedarc-figeac.fr\/college-lycee\/wp-content\/uploads\/sites\/5\/2017\/12\/remise-diplomes-17-ter-300x171.jpg","type":"","width":"","height":""}],"author":"le secr\u00e9tariat","schema":{"@context":"https:\/\/schema.org","@graph":[{"@type":"WebPage","@id":"https:\/\/www.jeannedarc-figeac.fr\/college-lycee\/remise-des-diplomes-3\/","url":"https:\/\/www.jeannedarc-figeac.fr\/college-lycee\/remise-des-diplomes-3\/","name":"Remise des dipl\u00f4mes","isPartOf":{"@id":"https:\/\/www.jeannedarc-figeac.fr\/college-lycee\/#website"},"primaryImageOfPage":{"@id":"https:\/\/www.jeannedarc-figeac.fr\/college-lycee\/remise-des-diplomes-3\/#primaryimage"},"image":{"@id":"https:\/\/www.jeannedarc-figeac.fr\/college-lycee\/remise-des-diplomes-3\/#primaryimage"},"thumbnailUrl":"http:\/\/www.jeannedarc-figeac.fr\/college-lycee\/wp-content\/uploads\/sites\/5\/2017\/12\/remise-diplomes-17-ter-300x171.jpg","datePublished":"2017-12-07T10:13:48+00:00","author":{"@id":"https:\/\/www.jeannedarc-figeac.fr\/college-lycee\/#\/schema\/person\/29e5764f28e895dc8bf41d4468f99154"},"description":"Ce Samedi 18 novembre, sous un soleil radieux, s'est d\u00e9roul\u00e9e, dans une ambiance des plus conviviales, au sein du coll\u00e8ge lyc\u00e9e Jeanne d\u2019Arc, la","breadcrumb":{"@id":"https:\/\/www.jeannedarc-figeac.fr\/college-lycee\/remise-des-diplomes-3\/#breadcrumb"},"inLanguage":"fr-FR","potentialAction":[{"@type":"ReadAction","target":["https:\/\/www.jeannedarc-figeac.fr\/college-lycee\/remise-des-diplomes-3\/"]}]},{"@type":"ImageObject","inLanguage":"fr-FR","@id":"https:\/\/www.jeannedarc-figeac.fr\/college-lycee\/remise-des-diplomes-3\/#primaryimage","url":"https:\/\/i0.wp.com\/www.jeannedarc-figeac.fr\/college-lycee\/wp-content\/uploads\/sites\/5\/2017\/12\/remise-diplomes-17-ter.jpg?fit=1600%2C910&ssl=1","contentUrl":"https:\/\/i0.wp.com\/www.jeannedarc-figeac.fr\/college-lycee\/wp-content\/uploads\/sites\/5\/2017\/12\/remise-diplomes-17-ter.jpg?fit=1600%2C910&ssl=1","width":1600,"height":910},{"@type":"BreadcrumbList","@id":"https:\/\/www.jeannedarc-figeac.fr\/college-lycee\/remise-des-diplomes-3\/#breadcrumb","itemListElement":[{"@type":"ListItem","position":1,"name":"Accueil","item":"https:\/\/www.jeannedarc-figeac.fr\/college-lycee\/"},{"@type":"ListItem","position":2,"name":"Actus","item":"http:\/\/www.jeannedarc-figeac.fr\/college-lycee\/cat\/actus\/"},{"@type":"ListItem","position":3,"name":"Remise des dipl\u00f4mes"}]},{"@type":"WebSite","@id":"https:\/\/www.jeannedarc-figeac.fr\/college-lycee\/#website","url":"https:\/\/www.jeannedarc-figeac.fr\/college-lycee\/","name":"Coll\u00e8ge et Lyc\u00e9e Jeanne d&#039;Arc","description":"Jeanne d&#039;Arc Figeac","potentialAction":[{"@type":"SearchAction","target":{"@type":"EntryPoint","urlTemplate":"https:\/\/www.jeannedarc-figeac.fr\/college-lycee\/?s={search_term_string}"},"query-input":{"@type":"PropertyValueSpecification","valueRequired":true,"valueName":"search_term_string"}}],"inLanguage":"fr-FR"},{"@type":"Person","@id":"https:\/\/www.jeannedarc-figeac.fr\/college-lycee\/#\/schema\/person\/29e5764f28e895dc8bf41d4468f99154","name":"le secr\u00e9tariat","image":{"@type":"ImageObject","inLanguage":"fr-FR","@id":"https:\/\/www.jeannedarc-figeac.fr\/college-lycee\/#\/schema\/person\/image\/","url":"https:\/\/www.jeannedarc-figeac.fr\/college-lycee\/wp-content\/litespeed\/avatar\/5\/b7e8da60f53ba4adc9e9e66d91d84580.jpg?ver=1776943645","contentUrl":"https:\/\/www.jeannedarc-figeac.fr\/college-lycee\/wp-content\/litespeed\/avatar\/5\/b7e8da60f53ba4adc9e9e66d91d84580.jpg?ver=1776943645","caption":"le secr\u00e9tariat"},"url":"https:\/\/www.jeannedarc-figeac.fr\/college-lycee\/author\/arlette\/"}]}},"jetpack_featured_media_url":"","jetpack_sharing_enabled":true,"jetpack_shortlink":"https:\/\/wp.me\/p5Qyb6-GV","_links":{"self":[{"href":"https:\/\/www.jeannedarc-figeac.fr\/college-lycee\/wp-json\/wp\/v2\/posts\/2661","targetHints":{"allow":["GET"]}}],"collection":[{"href":"https:\/\/www.jeannedarc-figeac.fr\/college-lycee\/wp-json\/wp\/v2\/posts"}],"about":[{"href":"https:\/\/www.jeannedarc-figeac.fr\/college-lycee\/wp-json\/wp\/v2\/types\/post"}],"author":[{"embeddable":true,"href":"https:\/\/www.jeannedarc-figeac.fr\/college-lycee\/wp-json\/wp\/v2\/users\/12"}],"replies":[{"embeddable":true,"href":"https:\/\/www.jeannedarc-figeac.fr\/college-lycee\/wp-json\/wp\/v2\/comments?post=2661"}],"version-history":[{"count":1,"href":"https:\/\/www.jeannedarc-figeac.fr\/college-lycee\/wp-json\/wp\/v2\/posts\/2661\/revisions"}],"predecessor-version":[{"id":2664,"href":"https:\/\/www.jeannedarc-figeac.fr\/college-lycee\/wp-json\/wp\/v2\/posts\/2661\/revisions\/2664"}],"wp:attachment":[{"href":"https:\/\/www.jeannedarc-figeac.fr\/college-lycee\/wp-json\/wp\/v2\/media?parent=2661"}],"wp:term":[{"taxonomy":"category","embeddable":true,"href":"https:\/\/www.jeannedarc-figeac.fr\/college-lycee\/wp-json\/wp\/v2\/categories?post=2661"},{"taxonomy":"post_tag","embeddable":true,"href":"https:\/\/www.jeannedarc-figeac.fr\/college-lycee\/wp-json\/wp\/v2\/tags?post=2661"}],"curies":[{"name":"wp","href":"https:\/\/api.w.org\/{rel}","templated":true}]}}