{"id":2632,"date":"2017-10-27T10:03:43","date_gmt":"2017-10-27T10:03:43","guid":{"rendered":"http:\/\/www.jeannedarc-figeac.fr\/college-lycee\/?p=2632"},"modified":"2017-10-27T10:03:43","modified_gmt":"2017-10-27T10:03:43","slug":"premiere-sortie-groupe-eip-a-rencontre-astronautes","status":"publish","type":"post","link":"https:\/\/www.jeannedarc-figeac.fr\/college-lycee\/premiere-sortie-groupe-eip-a-rencontre-astronautes\/","title":{"rendered":"PREMIERE SORTIE DU GROUPE EIP \u00e0 la rencontre des Astronautes\u2026"},"content":{"rendered":"<p><a href=\"https:\/\/i0.wp.com\/www.jeannedarc-figeac.fr\/college-lycee\/wp-content\/uploads\/sites\/5\/2017\/10\/ASTRONAUTES-1.jpg\"><img data-recalc-dims=\"1\" loading=\"lazy\" decoding=\"async\" class=\"alignnone size-medium wp-image-2634\" src=\"https:\/\/i0.wp.com\/www.jeannedarc-figeac.fr\/college-lycee\/wp-content\/uploads\/sites\/5\/2017\/10\/ASTRONAUTES-1.jpg?resize=169%2C300\" alt=\"\" width=\"169\" height=\"300\" srcset=\"https:\/\/i0.wp.com\/www.jeannedarc-figeac.fr\/college-lycee\/wp-content\/uploads\/sites\/5\/2017\/10\/ASTRONAUTES-1.jpg?resize=169%2C300&amp;ssl=1 169w, https:\/\/i0.wp.com\/www.jeannedarc-figeac.fr\/college-lycee\/wp-content\/uploads\/sites\/5\/2017\/10\/ASTRONAUTES-1.jpg?resize=768%2C1365&amp;ssl=1 768w, https:\/\/i0.wp.com\/www.jeannedarc-figeac.fr\/college-lycee\/wp-content\/uploads\/sites\/5\/2017\/10\/ASTRONAUTES-1.jpg?resize=576%2C1024&amp;ssl=1 576w, https:\/\/i0.wp.com\/www.jeannedarc-figeac.fr\/college-lycee\/wp-content\/uploads\/sites\/5\/2017\/10\/ASTRONAUTES-1.jpg?resize=1080%2C1920&amp;ssl=1 1080w, https:\/\/i0.wp.com\/www.jeannedarc-figeac.fr\/college-lycee\/wp-content\/uploads\/sites\/5\/2017\/10\/ASTRONAUTES-1.jpg?w=1836&amp;ssl=1 1836w\" sizes=\"(max-width: 169px) 100vw, 169px\" \/><\/a><a href=\"https:\/\/i0.wp.com\/www.jeannedarc-figeac.fr\/college-lycee\/wp-content\/uploads\/sites\/5\/2017\/10\/ASTRONAUTES-2.jpg\"><img data-recalc-dims=\"1\" loading=\"lazy\" decoding=\"async\" class=\"alignnone size-medium wp-image-2635\" src=\"https:\/\/i0.wp.com\/www.jeannedarc-figeac.fr\/college-lycee\/wp-content\/uploads\/sites\/5\/2017\/10\/ASTRONAUTES-2.jpg?resize=169%2C300\" alt=\"\" width=\"169\" height=\"300\" srcset=\"https:\/\/i0.wp.com\/www.jeannedarc-figeac.fr\/college-lycee\/wp-content\/uploads\/sites\/5\/2017\/10\/ASTRONAUTES-2.jpg?resize=169%2C300&amp;ssl=1 169w, https:\/\/i0.wp.com\/www.jeannedarc-figeac.fr\/college-lycee\/wp-content\/uploads\/sites\/5\/2017\/10\/ASTRONAUTES-2.jpg?resize=768%2C1365&amp;ssl=1 768w, https:\/\/i0.wp.com\/www.jeannedarc-figeac.fr\/college-lycee\/wp-content\/uploads\/sites\/5\/2017\/10\/ASTRONAUTES-2.jpg?resize=576%2C1024&amp;ssl=1 576w, https:\/\/i0.wp.com\/www.jeannedarc-figeac.fr\/college-lycee\/wp-content\/uploads\/sites\/5\/2017\/10\/ASTRONAUTES-2.jpg?resize=1080%2C1920&amp;ssl=1 1080w, https:\/\/i0.wp.com\/www.jeannedarc-figeac.fr\/college-lycee\/wp-content\/uploads\/sites\/5\/2017\/10\/ASTRONAUTES-2.jpg?w=1836&amp;ssl=1 1836w\" sizes=\"(max-width: 169px) 100vw, 169px\" \/><\/a><\/p>\n<p><span style=\"color: #3366ff\"><strong>A l\u2019occasion de son 30<sup>i\u00e8me<\/sup> congr\u00e8s, \u00e0 Toulouse cette ann\u00e9e, l\u2019Association des Explorateurs de l\u2019Espace a propos\u00e9 une journ\u00e9e de sensibilisation \u00ab\u00a0le Community Day\u00a0\u00bb.<\/strong><\/span><\/p>\n<p><span style=\"color: #3366ff\"><strong>Ainsi, ce jeudi 19 octobre, \u00e0 l\u2019invitation de l\u2019association Carrefour des Sciences et des Arts, les \u00e9l\u00e8ves du dispositif EIP (Enfant Intellectuellement Pr\u00e9coce) du Coll\u00e8ge Lyc\u00e9e Jeanne d\u2019Arc de Figeac, se sont rendus \u00e0 l\u2019Astrolabe.<\/strong><\/span><\/p>\n<p><span style=\"color: #3366ff\"><strong>Ils ont pu rencontrer le cosmonaute Alexander Balandin et le spationaute Charles Walker.<\/strong><\/span><\/p>\n<p><span style=\"color: #3366ff\"><strong>Des questions tr\u00e8s diverses leur ont \u00e9t\u00e9 soumises\u00a0: l\u2019objectif et la dur\u00e9e de leur s\u00e9jour dans l\u2019espace, leur mode de vie dans la station internationale, leurs sensations et \u00e9motions \u00e0 diff\u00e9rents moments de leur s\u00e9jour\u2026<\/strong><\/span><\/p>\n<p><span style=\"color: #3366ff\"><strong>Par leurs r\u00e9ponses concr\u00e8tes, d\u00e9taill\u00e9es et assez humoristiques parfois, les deux astronautes nous ont fait partager leur passion et appr\u00e9hender la r\u00e9alit\u00e9 de leur m\u00e9tier.<\/strong><\/span><\/p>\n<p><span style=\"color: #3366ff\"><strong>Apr\u00e8s un \u00e9change d\u2019environ une heure, la conf\u00e9rence a \u00e9t\u00e9 immortalis\u00e9e par une s\u00e9ance photos.<\/strong><\/span><\/p>\n<p><span style=\"color: #3366ff\"><strong>Nos jeunes EIP \u00e9taient enchant\u00e9s par cette matin\u00e9e hors du commun et c\u2019est des \u00e9toiles plein les yeux qu\u2019ils pr\u00e9parent d\u00e8s \u00e0 pr\u00e9sent une exposition sur le th\u00e8me de l\u2019aventure spatiale\u2026<\/strong><\/span><\/p>\n<p>&nbsp;<\/p>\n","protected":false},"excerpt":{"rendered":"<p>A l\u2019occasion de son 30i\u00e8me congr\u00e8s, \u00e0 Toulouse cette ann\u00e9e, l\u2019Association des Explorateurs de l\u2019Espace a propos\u00e9 une journ\u00e9e de sensibilisation \u00ab\u00a0le Community Day\u00a0\u00bb. Ainsi, ce jeudi 19 octobre, \u00e0 l\u2019invitation de l\u2019association Carrefour des Sciences et des Arts, les \u00e9l\u00e8ves du dispositif EIP (Enfant Intellectuellement Pr\u00e9coce) du Coll\u00e8ge Lyc\u00e9e Jeanne d\u2019Arc de Figeac, se [&hellip;]<\/p>\n","protected":false},"author":12,"featured_media":0,"comment_status":"closed","ping_status":"open","sticky":false,"template":"","format":"standard","meta":{"_et_pb_use_builder":"","_et_pb_old_content":"","_et_gb_content_width":"","_jetpack_newsletter_access":"","_jetpack_dont_email_post_to_subs":false,"_jetpack_newsletter_tier_id":0,"_jetpack_memberships_contains_paywalled_content":false,"iawp_total_views":0,"_jetpack_memberships_contains_paid_content":false,"footnotes":""},"categories":[28],"tags":[],"class_list":["post-2632","post","type-post","status-publish","format-standard","hentry","category-actus"],"yoast_head":"<!-- This site is optimized with the Yoast SEO plugin v26.0 - https:\/\/yoast.com\/wordpress\/plugins\/seo\/ -->\n<title>PREMIERE SORTIE DU GROUPE EIP \u00e0 la rencontre des Astronautes\u2026<\/title>\n<meta name=\"description\" content=\"A l\u2019occasion de son 30i\u00e8me congr\u00e8s, \u00e0 Toulouse cette ann\u00e9e, l\u2019Association des Explorateurs de l\u2019Espace a propos\u00e9 une journ\u00e9e de sensibilisation \u00ab\u00a0le\" \/>\n<meta name=\"robots\" content=\"index, follow, max-snippet:-1, max-image-preview:large, max-video-preview:-1\" \/>\n<link rel=\"canonical\" href=\"http:\/\/www.jeannedarc-figeac.fr\/college-lycee\/premiere-sortie-groupe-eip-a-rencontre-astronautes\/\" \/>\n<meta property=\"og:locale\" content=\"fr_FR\" \/>\n<meta property=\"og:type\" content=\"article\" \/>\n<meta property=\"og:title\" content=\"PREMIERE SORTIE DU GROUPE EIP \u00e0 la rencontre des Astronautes\u2026\" \/>\n<meta property=\"og:description\" content=\"A l\u2019occasion de son 30i\u00e8me congr\u00e8s, \u00e0 Toulouse cette ann\u00e9e, l\u2019Association des Explorateurs de l\u2019Espace a propos\u00e9 une journ\u00e9e de sensibilisation \u00ab\u00a0le\" \/>\n<meta property=\"og:url\" content=\"http:\/\/www.jeannedarc-figeac.fr\/college-lycee\/premiere-sortie-groupe-eip-a-rencontre-astronautes\/\" \/>\n<meta property=\"og:site_name\" content=\"Coll\u00e8ge et Lyc\u00e9e Jeanne d&#039;Arc\" \/>\n<meta property=\"article:published_time\" content=\"2017-10-27T10:03:43+00:00\" \/>\n<meta property=\"og:image\" content=\"http:\/\/www.jeannedarc-figeac.fr\/college-lycee\/wp-content\/uploads\/sites\/5\/2017\/10\/ASTRONAUTES-1-169x300.jpg\" \/>\n<meta name=\"author\" content=\"le secr\u00e9tariat\" \/>\n<script type=\"application\/ld+json\" class=\"yoast-schema-graph\">{\"@context\":\"https:\/\/schema.org\",\"@graph\":[{\"@type\":\"WebPage\",\"@id\":\"http:\/\/www.jeannedarc-figeac.fr\/college-lycee\/premiere-sortie-groupe-eip-a-rencontre-astronautes\/\",\"url\":\"http:\/\/www.jeannedarc-figeac.fr\/college-lycee\/premiere-sortie-groupe-eip-a-rencontre-astronautes\/\",\"name\":\"PREMIERE SORTIE DU GROUPE EIP \u00e0 la rencontre des Astronautes\u2026\",\"isPartOf\":{\"@id\":\"https:\/\/www.jeannedarc-figeac.fr\/college-lycee\/#website\"},\"primaryImageOfPage\":{\"@id\":\"http:\/\/www.jeannedarc-figeac.fr\/college-lycee\/premiere-sortie-groupe-eip-a-rencontre-astronautes\/#primaryimage\"},\"image\":{\"@id\":\"http:\/\/www.jeannedarc-figeac.fr\/college-lycee\/premiere-sortie-groupe-eip-a-rencontre-astronautes\/#primaryimage\"},\"thumbnailUrl\":\"http:\/\/www.jeannedarc-figeac.fr\/college-lycee\/wp-content\/uploads\/sites\/5\/2017\/10\/ASTRONAUTES-1-169x300.jpg\",\"datePublished\":\"2017-10-27T10:03:43+00:00\",\"author\":{\"@id\":\"https:\/\/www.jeannedarc-figeac.fr\/college-lycee\/#\/schema\/person\/29e5764f28e895dc8bf41d4468f99154\"},\"description\":\"A l\u2019occasion de son 30i\u00e8me congr\u00e8s, \u00e0 Toulouse cette ann\u00e9e, l\u2019Association des Explorateurs de l\u2019Espace a propos\u00e9 une journ\u00e9e de sensibilisation \u00ab\u00a0le\",\"breadcrumb\":{\"@id\":\"http:\/\/www.jeannedarc-figeac.fr\/college-lycee\/premiere-sortie-groupe-eip-a-rencontre-astronautes\/#breadcrumb\"},\"inLanguage\":\"fr-FR\",\"potentialAction\":[{\"@type\":\"ReadAction\",\"target\":[\"http:\/\/www.jeannedarc-figeac.fr\/college-lycee\/premiere-sortie-groupe-eip-a-rencontre-astronautes\/\"]}]},{\"@type\":\"ImageObject\",\"inLanguage\":\"fr-FR\",\"@id\":\"http:\/\/www.jeannedarc-figeac.fr\/college-lycee\/premiere-sortie-groupe-eip-a-rencontre-astronautes\/#primaryimage\",\"url\":\"https:\/\/i0.wp.com\/www.jeannedarc-figeac.fr\/college-lycee\/wp-content\/uploads\/sites\/5\/2017\/10\/ASTRONAUTES-1.jpg?fit=1836%2C3264&ssl=1\",\"contentUrl\":\"https:\/\/i0.wp.com\/www.jeannedarc-figeac.fr\/college-lycee\/wp-content\/uploads\/sites\/5\/2017\/10\/ASTRONAUTES-1.jpg?fit=1836%2C3264&ssl=1\",\"width\":1836,\"height\":3264},{\"@type\":\"BreadcrumbList\",\"@id\":\"http:\/\/www.jeannedarc-figeac.fr\/college-lycee\/premiere-sortie-groupe-eip-a-rencontre-astronautes\/#breadcrumb\",\"itemListElement\":[{\"@type\":\"ListItem\",\"position\":1,\"name\":\"Accueil\",\"item\":\"https:\/\/www.jeannedarc-figeac.fr\/college-lycee\/\"},{\"@type\":\"ListItem\",\"position\":2,\"name\":\"Actus\",\"item\":\"http:\/\/www.jeannedarc-figeac.fr\/college-lycee\/cat\/actus\/\"},{\"@type\":\"ListItem\",\"position\":3,\"name\":\"PREMIERE SORTIE DU GROUPE EIP \u00e0 la rencontre des Astronautes\u2026\"}]},{\"@type\":\"WebSite\",\"@id\":\"https:\/\/www.jeannedarc-figeac.fr\/college-lycee\/#website\",\"url\":\"https:\/\/www.jeannedarc-figeac.fr\/college-lycee\/\",\"name\":\"Coll\u00e8ge et Lyc\u00e9e Jeanne d&#039;Arc\",\"description\":\"Jeanne d&#039;Arc Figeac\",\"potentialAction\":[{\"@type\":\"SearchAction\",\"target\":{\"@type\":\"EntryPoint\",\"urlTemplate\":\"https:\/\/www.jeannedarc-figeac.fr\/college-lycee\/?s={search_term_string}\"},\"query-input\":{\"@type\":\"PropertyValueSpecification\",\"valueRequired\":true,\"valueName\":\"search_term_string\"}}],\"inLanguage\":\"fr-FR\"},{\"@type\":\"Person\",\"@id\":\"https:\/\/www.jeannedarc-figeac.fr\/college-lycee\/#\/schema\/person\/29e5764f28e895dc8bf41d4468f99154\",\"name\":\"le secr\u00e9tariat\",\"image\":{\"@type\":\"ImageObject\",\"inLanguage\":\"fr-FR\",\"@id\":\"https:\/\/www.jeannedarc-figeac.fr\/college-lycee\/#\/schema\/person\/image\/\",\"url\":\"https:\/\/www.jeannedarc-figeac.fr\/college-lycee\/wp-content\/litespeed\/avatar\/5\/b7e8da60f53ba4adc9e9e66d91d84580.jpg?ver=1776943645\",\"contentUrl\":\"https:\/\/www.jeannedarc-figeac.fr\/college-lycee\/wp-content\/litespeed\/avatar\/5\/b7e8da60f53ba4adc9e9e66d91d84580.jpg?ver=1776943645\",\"caption\":\"le secr\u00e9tariat\"},\"url\":\"https:\/\/www.jeannedarc-figeac.fr\/college-lycee\/author\/arlette\/\"}]}<\/script>\n<!-- \/ Yoast SEO plugin. -->","yoast_head_json":{"title":"PREMIERE SORTIE DU GROUPE EIP \u00e0 la rencontre des Astronautes\u2026","description":"A l\u2019occasion de son 30i\u00e8me congr\u00e8s, \u00e0 Toulouse cette ann\u00e9e, l\u2019Association des Explorateurs de l\u2019Espace a propos\u00e9 une journ\u00e9e de sensibilisation \u00ab\u00a0le","robots":{"index":"index","follow":"follow","max-snippet":"max-snippet:-1","max-image-preview":"max-image-preview:large","max-video-preview":"max-video-preview:-1"},"canonical":"http:\/\/www.jeannedarc-figeac.fr\/college-lycee\/premiere-sortie-groupe-eip-a-rencontre-astronautes\/","og_locale":"fr_FR","og_type":"article","og_title":"PREMIERE SORTIE DU GROUPE EIP \u00e0 la rencontre des Astronautes\u2026","og_description":"A l\u2019occasion de son 30i\u00e8me congr\u00e8s, \u00e0 Toulouse cette ann\u00e9e, l\u2019Association des Explorateurs de l\u2019Espace a propos\u00e9 une journ\u00e9e de sensibilisation \u00ab\u00a0le","og_url":"http:\/\/www.jeannedarc-figeac.fr\/college-lycee\/premiere-sortie-groupe-eip-a-rencontre-astronautes\/","og_site_name":"Coll\u00e8ge et Lyc\u00e9e Jeanne d&#039;Arc","article_published_time":"2017-10-27T10:03:43+00:00","og_image":[{"url":"http:\/\/www.jeannedarc-figeac.fr\/college-lycee\/wp-content\/uploads\/sites\/5\/2017\/10\/ASTRONAUTES-1-169x300.jpg","type":"","width":"","height":""}],"author":"le secr\u00e9tariat","schema":{"@context":"https:\/\/schema.org","@graph":[{"@type":"WebPage","@id":"http:\/\/www.jeannedarc-figeac.fr\/college-lycee\/premiere-sortie-groupe-eip-a-rencontre-astronautes\/","url":"http:\/\/www.jeannedarc-figeac.fr\/college-lycee\/premiere-sortie-groupe-eip-a-rencontre-astronautes\/","name":"PREMIERE SORTIE DU GROUPE EIP \u00e0 la rencontre des Astronautes\u2026","isPartOf":{"@id":"https:\/\/www.jeannedarc-figeac.fr\/college-lycee\/#website"},"primaryImageOfPage":{"@id":"http:\/\/www.jeannedarc-figeac.fr\/college-lycee\/premiere-sortie-groupe-eip-a-rencontre-astronautes\/#primaryimage"},"image":{"@id":"http:\/\/www.jeannedarc-figeac.fr\/college-lycee\/premiere-sortie-groupe-eip-a-rencontre-astronautes\/#primaryimage"},"thumbnailUrl":"http:\/\/www.jeannedarc-figeac.fr\/college-lycee\/wp-content\/uploads\/sites\/5\/2017\/10\/ASTRONAUTES-1-169x300.jpg","datePublished":"2017-10-27T10:03:43+00:00","author":{"@id":"https:\/\/www.jeannedarc-figeac.fr\/college-lycee\/#\/schema\/person\/29e5764f28e895dc8bf41d4468f99154"},"description":"A l\u2019occasion de son 30i\u00e8me congr\u00e8s, \u00e0 Toulouse cette ann\u00e9e, l\u2019Association des Explorateurs de l\u2019Espace a propos\u00e9 une journ\u00e9e de sensibilisation \u00ab\u00a0le","breadcrumb":{"@id":"http:\/\/www.jeannedarc-figeac.fr\/college-lycee\/premiere-sortie-groupe-eip-a-rencontre-astronautes\/#breadcrumb"},"inLanguage":"fr-FR","potentialAction":[{"@type":"ReadAction","target":["http:\/\/www.jeannedarc-figeac.fr\/college-lycee\/premiere-sortie-groupe-eip-a-rencontre-astronautes\/"]}]},{"@type":"ImageObject","inLanguage":"fr-FR","@id":"http:\/\/www.jeannedarc-figeac.fr\/college-lycee\/premiere-sortie-groupe-eip-a-rencontre-astronautes\/#primaryimage","url":"https:\/\/i0.wp.com\/www.jeannedarc-figeac.fr\/college-lycee\/wp-content\/uploads\/sites\/5\/2017\/10\/ASTRONAUTES-1.jpg?fit=1836%2C3264&ssl=1","contentUrl":"https:\/\/i0.wp.com\/www.jeannedarc-figeac.fr\/college-lycee\/wp-content\/uploads\/sites\/5\/2017\/10\/ASTRONAUTES-1.jpg?fit=1836%2C3264&ssl=1","width":1836,"height":3264},{"@type":"BreadcrumbList","@id":"http:\/\/www.jeannedarc-figeac.fr\/college-lycee\/premiere-sortie-groupe-eip-a-rencontre-astronautes\/#breadcrumb","itemListElement":[{"@type":"ListItem","position":1,"name":"Accueil","item":"https:\/\/www.jeannedarc-figeac.fr\/college-lycee\/"},{"@type":"ListItem","position":2,"name":"Actus","item":"http:\/\/www.jeannedarc-figeac.fr\/college-lycee\/cat\/actus\/"},{"@type":"ListItem","position":3,"name":"PREMIERE SORTIE DU GROUPE EIP \u00e0 la rencontre des Astronautes\u2026"}]},{"@type":"WebSite","@id":"https:\/\/www.jeannedarc-figeac.fr\/college-lycee\/#website","url":"https:\/\/www.jeannedarc-figeac.fr\/college-lycee\/","name":"Coll\u00e8ge et Lyc\u00e9e Jeanne d&#039;Arc","description":"Jeanne d&#039;Arc Figeac","potentialAction":[{"@type":"SearchAction","target":{"@type":"EntryPoint","urlTemplate":"https:\/\/www.jeannedarc-figeac.fr\/college-lycee\/?s={search_term_string}"},"query-input":{"@type":"PropertyValueSpecification","valueRequired":true,"valueName":"search_term_string"}}],"inLanguage":"fr-FR"},{"@type":"Person","@id":"https:\/\/www.jeannedarc-figeac.fr\/college-lycee\/#\/schema\/person\/29e5764f28e895dc8bf41d4468f99154","name":"le secr\u00e9tariat","image":{"@type":"ImageObject","inLanguage":"fr-FR","@id":"https:\/\/www.jeannedarc-figeac.fr\/college-lycee\/#\/schema\/person\/image\/","url":"https:\/\/www.jeannedarc-figeac.fr\/college-lycee\/wp-content\/litespeed\/avatar\/5\/b7e8da60f53ba4adc9e9e66d91d84580.jpg?ver=1776943645","contentUrl":"https:\/\/www.jeannedarc-figeac.fr\/college-lycee\/wp-content\/litespeed\/avatar\/5\/b7e8da60f53ba4adc9e9e66d91d84580.jpg?ver=1776943645","caption":"le secr\u00e9tariat"},"url":"https:\/\/www.jeannedarc-figeac.fr\/college-lycee\/author\/arlette\/"}]}},"jetpack_featured_media_url":"","jetpack_sharing_enabled":true,"jetpack_shortlink":"https:\/\/wp.me\/p5Qyb6-Gs","_links":{"self":[{"href":"https:\/\/www.jeannedarc-figeac.fr\/college-lycee\/wp-json\/wp\/v2\/posts\/2632","targetHints":{"allow":["GET"]}}],"collection":[{"href":"https:\/\/www.jeannedarc-figeac.fr\/college-lycee\/wp-json\/wp\/v2\/posts"}],"about":[{"href":"https:\/\/www.jeannedarc-figeac.fr\/college-lycee\/wp-json\/wp\/v2\/types\/post"}],"author":[{"embeddable":true,"href":"https:\/\/www.jeannedarc-figeac.fr\/college-lycee\/wp-json\/wp\/v2\/users\/12"}],"replies":[{"embeddable":true,"href":"https:\/\/www.jeannedarc-figeac.fr\/college-lycee\/wp-json\/wp\/v2\/comments?post=2632"}],"version-history":[{"count":1,"href":"https:\/\/www.jeannedarc-figeac.fr\/college-lycee\/wp-json\/wp\/v2\/posts\/2632\/revisions"}],"predecessor-version":[{"id":2636,"href":"https:\/\/www.jeannedarc-figeac.fr\/college-lycee\/wp-json\/wp\/v2\/posts\/2632\/revisions\/2636"}],"wp:attachment":[{"href":"https:\/\/www.jeannedarc-figeac.fr\/college-lycee\/wp-json\/wp\/v2\/media?parent=2632"}],"wp:term":[{"taxonomy":"category","embeddable":true,"href":"https:\/\/www.jeannedarc-figeac.fr\/college-lycee\/wp-json\/wp\/v2\/categories?post=2632"},{"taxonomy":"post_tag","embeddable":true,"href":"https:\/\/www.jeannedarc-figeac.fr\/college-lycee\/wp-json\/wp\/v2\/tags?post=2632"}],"curies":[{"name":"wp","href":"https:\/\/api.w.org\/{rel}","templated":true}]}}