{"id":2625,"date":"2017-10-19T10:28:20","date_gmt":"2017-10-19T10:28:20","guid":{"rendered":"http:\/\/www.jeannedarc-figeac.fr\/college-lycee\/?p=2625"},"modified":"2017-11-27T10:02:01","modified_gmt":"2017-11-27T10:02:01","slug":"echange-franco-allemand-11-20-octobre","status":"publish","type":"post","link":"https:\/\/www.jeannedarc-figeac.fr\/college-lycee\/echange-franco-allemand-11-20-octobre\/","title":{"rendered":"ECHANGE FRANCO-ALLEMAND DU 11 AU 20 OCTOBRE"},"content":{"rendered":"<p><strong><span style=\"color: #008080\">La derni\u00e8re semaine avant les vacances de Toussaint, les \u00e9l\u00e8ves germanistes de Jeanne d\u2019Arc ont pris la route pour se rendre \u00e0 Bielefeld en Westphalie et retrouver leur correspondant de la Marienschule.<\/span><\/strong><\/p>\n<p><strong><span style=\"color: #008080\">Pendant une semaine, les \u00e9l\u00e8ves fran\u00e7ais ont v\u00e9cu \u00e0 l\u2019heure allemande en s\u00e9journant chez leur correspondant et en assistant \u00e0 des cours dans l\u2019\u00e9tablissement partenaire.<\/span><\/strong><\/p>\n<p><strong><span style=\"color: #008080\">Visites, bowling, excursion d\u2019une journ\u00e9e \u00e0 Hambourg \u00e9taient \u00e9galement au programme.<\/span><\/strong><\/p>\n<p><strong><span style=\"color: #008080\">Comme \u00e0 l\u2019occasion de chaque rencontre, les Figeacois ont travaill\u00e9 avec leur correspondant autour d\u2019un projet commun \u2013 cette ann\u00e9e, les facettes de l\u2019amiti\u00e9 franco-allemande &#8211; qu\u2019ils ont pr\u00e9sent\u00e9es lors de la soir\u00e9e franco-allemande qui cl\u00f4t traditionnellement la semaine d\u2019\u00e9change. Sur le retour, le groupe a fait une halte \u00e0 Cologne avant de regagner Figeac. Ce s\u00e9jour Outre-Rhin fut une exp\u00e9rience intense et enrichissante pour les participants.<\/span><\/strong><\/p>\n<p><span style=\"color: #008080\"><strong>Photos de la journ\u00e9e \u00e0 Hambourg.<\/strong><\/span><\/p>\n<p><a href=\"https:\/\/i0.wp.com\/www.jeannedarc-figeac.fr\/college-lycee\/wp-content\/uploads\/sites\/5\/2017\/10\/WP_20171017_10_52_10_Pro-4.jpg\"><img data-recalc-dims=\"1\" loading=\"lazy\" decoding=\"async\" class=\"alignnone size-medium wp-image-2626\" src=\"https:\/\/i0.wp.com\/www.jeannedarc-figeac.fr\/college-lycee\/wp-content\/uploads\/sites\/5\/2017\/10\/WP_20171017_10_52_10_Pro-4.jpg?resize=300%2C169\" alt=\"\" width=\"300\" height=\"169\" srcset=\"https:\/\/i0.wp.com\/www.jeannedarc-figeac.fr\/college-lycee\/wp-content\/uploads\/sites\/5\/2017\/10\/WP_20171017_10_52_10_Pro-4.jpg?resize=300%2C169&amp;ssl=1 300w, https:\/\/i0.wp.com\/www.jeannedarc-figeac.fr\/college-lycee\/wp-content\/uploads\/sites\/5\/2017\/10\/WP_20171017_10_52_10_Pro-4.jpg?resize=768%2C433&amp;ssl=1 768w, https:\/\/i0.wp.com\/www.jeannedarc-figeac.fr\/college-lycee\/wp-content\/uploads\/sites\/5\/2017\/10\/WP_20171017_10_52_10_Pro-4.jpg?resize=1024%2C577&amp;ssl=1 1024w, https:\/\/i0.wp.com\/www.jeannedarc-figeac.fr\/college-lycee\/wp-content\/uploads\/sites\/5\/2017\/10\/WP_20171017_10_52_10_Pro-4.jpg?resize=1080%2C609&amp;ssl=1 1080w, https:\/\/i0.wp.com\/www.jeannedarc-figeac.fr\/college-lycee\/wp-content\/uploads\/sites\/5\/2017\/10\/WP_20171017_10_52_10_Pro-4.jpg?w=2160 2160w\" sizes=\"(max-width: 300px) 100vw, 300px\" \/><\/a><a href=\"https:\/\/i0.wp.com\/www.jeannedarc-figeac.fr\/college-lycee\/wp-content\/uploads\/sites\/5\/2017\/10\/WP_20171017_12_23_13_Pro.jpg\"><img data-recalc-dims=\"1\" loading=\"lazy\" decoding=\"async\" class=\"alignnone size-medium wp-image-2627\" src=\"https:\/\/i0.wp.com\/www.jeannedarc-figeac.fr\/college-lycee\/wp-content\/uploads\/sites\/5\/2017\/10\/WP_20171017_12_23_13_Pro.jpg?resize=300%2C169\" alt=\"\" width=\"300\" height=\"169\" srcset=\"https:\/\/i0.wp.com\/www.jeannedarc-figeac.fr\/college-lycee\/wp-content\/uploads\/sites\/5\/2017\/10\/WP_20171017_12_23_13_Pro.jpg?resize=300%2C169&amp;ssl=1 300w, https:\/\/i0.wp.com\/www.jeannedarc-figeac.fr\/college-lycee\/wp-content\/uploads\/sites\/5\/2017\/10\/WP_20171017_12_23_13_Pro.jpg?resize=768%2C433&amp;ssl=1 768w, https:\/\/i0.wp.com\/www.jeannedarc-figeac.fr\/college-lycee\/wp-content\/uploads\/sites\/5\/2017\/10\/WP_20171017_12_23_13_Pro.jpg?resize=1024%2C577&amp;ssl=1 1024w, https:\/\/i0.wp.com\/www.jeannedarc-figeac.fr\/college-lycee\/wp-content\/uploads\/sites\/5\/2017\/10\/WP_20171017_12_23_13_Pro.jpg?resize=1080%2C609&amp;ssl=1 1080w, https:\/\/i0.wp.com\/www.jeannedarc-figeac.fr\/college-lycee\/wp-content\/uploads\/sites\/5\/2017\/10\/WP_20171017_12_23_13_Pro.jpg?w=2160 2160w, https:\/\/i0.wp.com\/www.jeannedarc-figeac.fr\/college-lycee\/wp-content\/uploads\/sites\/5\/2017\/10\/WP_20171017_12_23_13_Pro.jpg?w=3240 3240w\" sizes=\"(max-width: 300px) 100vw, 300px\" \/><\/a><\/p>\n<p><a href=\"https:\/\/i0.wp.com\/www.jeannedarc-figeac.fr\/college-lycee\/wp-content\/uploads\/sites\/5\/2017\/10\/WP_20171017_12_24_45_Pro.jpg\"><img data-recalc-dims=\"1\" loading=\"lazy\" decoding=\"async\" class=\"alignnone size-medium wp-image-2628\" src=\"https:\/\/i0.wp.com\/www.jeannedarc-figeac.fr\/college-lycee\/wp-content\/uploads\/sites\/5\/2017\/10\/WP_20171017_12_24_45_Pro.jpg?resize=169%2C300\" alt=\"\" width=\"169\" height=\"300\" srcset=\"https:\/\/i0.wp.com\/www.jeannedarc-figeac.fr\/college-lycee\/wp-content\/uploads\/sites\/5\/2017\/10\/WP_20171017_12_24_45_Pro.jpg?resize=169%2C300&amp;ssl=1 169w, https:\/\/i0.wp.com\/www.jeannedarc-figeac.fr\/college-lycee\/wp-content\/uploads\/sites\/5\/2017\/10\/WP_20171017_12_24_45_Pro.jpg?resize=768%2C1362&amp;ssl=1 768w, https:\/\/i0.wp.com\/www.jeannedarc-figeac.fr\/college-lycee\/wp-content\/uploads\/sites\/5\/2017\/10\/WP_20171017_12_24_45_Pro.jpg?resize=577%2C1024&amp;ssl=1 577w, https:\/\/i0.wp.com\/www.jeannedarc-figeac.fr\/college-lycee\/wp-content\/uploads\/sites\/5\/2017\/10\/WP_20171017_12_24_45_Pro.jpg?resize=1080%2C1916&amp;ssl=1 1080w, https:\/\/i0.wp.com\/www.jeannedarc-figeac.fr\/college-lycee\/wp-content\/uploads\/sites\/5\/2017\/10\/WP_20171017_12_24_45_Pro.jpg?w=1840&amp;ssl=1 1840w\" sizes=\"(max-width: 169px) 100vw, 169px\" \/><\/a><\/p>\n","protected":false},"excerpt":{"rendered":"<p>La derni\u00e8re semaine avant les vacances de Toussaint, les \u00e9l\u00e8ves germanistes de Jeanne d\u2019Arc ont pris la route pour se rendre \u00e0 Bielefeld en Westphalie et retrouver leur correspondant de la Marienschule. Pendant une semaine, les \u00e9l\u00e8ves fran\u00e7ais ont v\u00e9cu \u00e0 l\u2019heure allemande en s\u00e9journant chez leur correspondant et en assistant \u00e0 des cours dans [&hellip;]<\/p>\n","protected":false},"author":12,"featured_media":0,"comment_status":"closed","ping_status":"open","sticky":false,"template":"","format":"standard","meta":{"_et_pb_use_builder":"","_et_pb_old_content":"","_et_gb_content_width":"","_jetpack_newsletter_access":"","_jetpack_dont_email_post_to_subs":false,"_jetpack_newsletter_tier_id":0,"_jetpack_memberships_contains_paywalled_content":false,"iawp_total_views":0,"_jetpack_memberships_contains_paid_content":false,"footnotes":""},"categories":[28],"tags":[],"class_list":["post-2625","post","type-post","status-publish","format-standard","hentry","category-actus"],"yoast_head":"<!-- This site is optimized with the Yoast SEO plugin v26.0 - https:\/\/yoast.com\/wordpress\/plugins\/seo\/ -->\n<title>ECHANGE FRANCO-ALLEMAND DU 11 AU 20 OCTOBRE<\/title>\n<meta name=\"description\" content=\"La derni\u00e8re semaine avant les vacances de Toussaint, les \u00e9l\u00e8ves germanistes de Jeanne d\u2019Arc ont pris la route pour se rendre \u00e0 Bielefeld en Westphalie et\" \/>\n<meta name=\"robots\" content=\"index, follow, max-snippet:-1, max-image-preview:large, max-video-preview:-1\" \/>\n<link rel=\"canonical\" href=\"http:\/\/www.jeannedarc-figeac.fr\/college-lycee\/echange-franco-allemand-11-20-octobre\/\" \/>\n<meta property=\"og:locale\" content=\"fr_FR\" \/>\n<meta property=\"og:type\" content=\"article\" \/>\n<meta property=\"og:title\" content=\"ECHANGE FRANCO-ALLEMAND DU 11 AU 20 OCTOBRE\" \/>\n<meta property=\"og:description\" content=\"La derni\u00e8re semaine avant les vacances de Toussaint, les \u00e9l\u00e8ves germanistes de Jeanne d\u2019Arc ont pris la route pour se rendre \u00e0 Bielefeld en Westphalie et\" \/>\n<meta property=\"og:url\" content=\"http:\/\/www.jeannedarc-figeac.fr\/college-lycee\/echange-franco-allemand-11-20-octobre\/\" \/>\n<meta property=\"og:site_name\" content=\"Coll\u00e8ge et Lyc\u00e9e Jeanne d&#039;Arc\" \/>\n<meta property=\"article:published_time\" content=\"2017-10-19T10:28:20+00:00\" \/>\n<meta property=\"article:modified_time\" content=\"2017-11-27T10:02:01+00:00\" \/>\n<meta property=\"og:image\" content=\"http:\/\/www.jeannedarc-figeac.fr\/college-lycee\/wp-content\/uploads\/sites\/5\/2017\/10\/WP_20171017_10_52_10_Pro-4-300x169.jpg\" \/>\n<meta name=\"author\" content=\"le secr\u00e9tariat\" \/>\n<script type=\"application\/ld+json\" class=\"yoast-schema-graph\">{\"@context\":\"https:\/\/schema.org\",\"@graph\":[{\"@type\":\"WebPage\",\"@id\":\"http:\/\/www.jeannedarc-figeac.fr\/college-lycee\/echange-franco-allemand-11-20-octobre\/\",\"url\":\"http:\/\/www.jeannedarc-figeac.fr\/college-lycee\/echange-franco-allemand-11-20-octobre\/\",\"name\":\"ECHANGE FRANCO-ALLEMAND DU 11 AU 20 OCTOBRE\",\"isPartOf\":{\"@id\":\"https:\/\/www.jeannedarc-figeac.fr\/college-lycee\/#website\"},\"primaryImageOfPage\":{\"@id\":\"http:\/\/www.jeannedarc-figeac.fr\/college-lycee\/echange-franco-allemand-11-20-octobre\/#primaryimage\"},\"image\":{\"@id\":\"http:\/\/www.jeannedarc-figeac.fr\/college-lycee\/echange-franco-allemand-11-20-octobre\/#primaryimage\"},\"thumbnailUrl\":\"http:\/\/www.jeannedarc-figeac.fr\/college-lycee\/wp-content\/uploads\/sites\/5\/2017\/10\/WP_20171017_10_52_10_Pro-4-300x169.jpg\",\"datePublished\":\"2017-10-19T10:28:20+00:00\",\"dateModified\":\"2017-11-27T10:02:01+00:00\",\"author\":{\"@id\":\"https:\/\/www.jeannedarc-figeac.fr\/college-lycee\/#\/schema\/person\/29e5764f28e895dc8bf41d4468f99154\"},\"description\":\"La derni\u00e8re semaine avant les vacances de Toussaint, les \u00e9l\u00e8ves germanistes de Jeanne d\u2019Arc ont pris la route pour se rendre \u00e0 Bielefeld en Westphalie et\",\"breadcrumb\":{\"@id\":\"http:\/\/www.jeannedarc-figeac.fr\/college-lycee\/echange-franco-allemand-11-20-octobre\/#breadcrumb\"},\"inLanguage\":\"fr-FR\",\"potentialAction\":[{\"@type\":\"ReadAction\",\"target\":[\"http:\/\/www.jeannedarc-figeac.fr\/college-lycee\/echange-franco-allemand-11-20-octobre\/\"]}]},{\"@type\":\"ImageObject\",\"inLanguage\":\"fr-FR\",\"@id\":\"http:\/\/www.jeannedarc-figeac.fr\/college-lycee\/echange-franco-allemand-11-20-octobre\/#primaryimage\",\"url\":\"https:\/\/i0.wp.com\/www.jeannedarc-figeac.fr\/college-lycee\/wp-content\/uploads\/sites\/5\/2017\/10\/WP_20171017_10_52_10_Pro-4.jpg?fit=3210%2C1810&ssl=1\",\"contentUrl\":\"https:\/\/i0.wp.com\/www.jeannedarc-figeac.fr\/college-lycee\/wp-content\/uploads\/sites\/5\/2017\/10\/WP_20171017_10_52_10_Pro-4.jpg?fit=3210%2C1810&ssl=1\",\"width\":3210,\"height\":1810},{\"@type\":\"BreadcrumbList\",\"@id\":\"http:\/\/www.jeannedarc-figeac.fr\/college-lycee\/echange-franco-allemand-11-20-octobre\/#breadcrumb\",\"itemListElement\":[{\"@type\":\"ListItem\",\"position\":1,\"name\":\"Accueil\",\"item\":\"https:\/\/www.jeannedarc-figeac.fr\/college-lycee\/\"},{\"@type\":\"ListItem\",\"position\":2,\"name\":\"Actus\",\"item\":\"http:\/\/www.jeannedarc-figeac.fr\/college-lycee\/cat\/actus\/\"},{\"@type\":\"ListItem\",\"position\":3,\"name\":\"ECHANGE FRANCO-ALLEMAND DU 11 AU 20 OCTOBRE\"}]},{\"@type\":\"WebSite\",\"@id\":\"https:\/\/www.jeannedarc-figeac.fr\/college-lycee\/#website\",\"url\":\"https:\/\/www.jeannedarc-figeac.fr\/college-lycee\/\",\"name\":\"Coll\u00e8ge et Lyc\u00e9e Jeanne d&#039;Arc\",\"description\":\"Jeanne d&#039;Arc Figeac\",\"potentialAction\":[{\"@type\":\"SearchAction\",\"target\":{\"@type\":\"EntryPoint\",\"urlTemplate\":\"https:\/\/www.jeannedarc-figeac.fr\/college-lycee\/?s={search_term_string}\"},\"query-input\":{\"@type\":\"PropertyValueSpecification\",\"valueRequired\":true,\"valueName\":\"search_term_string\"}}],\"inLanguage\":\"fr-FR\"},{\"@type\":\"Person\",\"@id\":\"https:\/\/www.jeannedarc-figeac.fr\/college-lycee\/#\/schema\/person\/29e5764f28e895dc8bf41d4468f99154\",\"name\":\"le secr\u00e9tariat\",\"image\":{\"@type\":\"ImageObject\",\"inLanguage\":\"fr-FR\",\"@id\":\"https:\/\/www.jeannedarc-figeac.fr\/college-lycee\/#\/schema\/person\/image\/\",\"url\":\"https:\/\/www.jeannedarc-figeac.fr\/college-lycee\/wp-content\/litespeed\/avatar\/5\/b7e8da60f53ba4adc9e9e66d91d84580.jpg?ver=1776943645\",\"contentUrl\":\"https:\/\/www.jeannedarc-figeac.fr\/college-lycee\/wp-content\/litespeed\/avatar\/5\/b7e8da60f53ba4adc9e9e66d91d84580.jpg?ver=1776943645\",\"caption\":\"le secr\u00e9tariat\"},\"url\":\"https:\/\/www.jeannedarc-figeac.fr\/college-lycee\/author\/arlette\/\"}]}<\/script>\n<!-- \/ Yoast SEO plugin. -->","yoast_head_json":{"title":"ECHANGE FRANCO-ALLEMAND DU 11 AU 20 OCTOBRE","description":"La derni\u00e8re semaine avant les vacances de Toussaint, les \u00e9l\u00e8ves germanistes de Jeanne d\u2019Arc ont pris la route pour se rendre \u00e0 Bielefeld en Westphalie et","robots":{"index":"index","follow":"follow","max-snippet":"max-snippet:-1","max-image-preview":"max-image-preview:large","max-video-preview":"max-video-preview:-1"},"canonical":"http:\/\/www.jeannedarc-figeac.fr\/college-lycee\/echange-franco-allemand-11-20-octobre\/","og_locale":"fr_FR","og_type":"article","og_title":"ECHANGE FRANCO-ALLEMAND DU 11 AU 20 OCTOBRE","og_description":"La derni\u00e8re semaine avant les vacances de Toussaint, les \u00e9l\u00e8ves germanistes de Jeanne d\u2019Arc ont pris la route pour se rendre \u00e0 Bielefeld en Westphalie et","og_url":"http:\/\/www.jeannedarc-figeac.fr\/college-lycee\/echange-franco-allemand-11-20-octobre\/","og_site_name":"Coll\u00e8ge et Lyc\u00e9e Jeanne d&#039;Arc","article_published_time":"2017-10-19T10:28:20+00:00","article_modified_time":"2017-11-27T10:02:01+00:00","og_image":[{"url":"http:\/\/www.jeannedarc-figeac.fr\/college-lycee\/wp-content\/uploads\/sites\/5\/2017\/10\/WP_20171017_10_52_10_Pro-4-300x169.jpg","type":"","width":"","height":""}],"author":"le secr\u00e9tariat","schema":{"@context":"https:\/\/schema.org","@graph":[{"@type":"WebPage","@id":"http:\/\/www.jeannedarc-figeac.fr\/college-lycee\/echange-franco-allemand-11-20-octobre\/","url":"http:\/\/www.jeannedarc-figeac.fr\/college-lycee\/echange-franco-allemand-11-20-octobre\/","name":"ECHANGE FRANCO-ALLEMAND DU 11 AU 20 OCTOBRE","isPartOf":{"@id":"https:\/\/www.jeannedarc-figeac.fr\/college-lycee\/#website"},"primaryImageOfPage":{"@id":"http:\/\/www.jeannedarc-figeac.fr\/college-lycee\/echange-franco-allemand-11-20-octobre\/#primaryimage"},"image":{"@id":"http:\/\/www.jeannedarc-figeac.fr\/college-lycee\/echange-franco-allemand-11-20-octobre\/#primaryimage"},"thumbnailUrl":"http:\/\/www.jeannedarc-figeac.fr\/college-lycee\/wp-content\/uploads\/sites\/5\/2017\/10\/WP_20171017_10_52_10_Pro-4-300x169.jpg","datePublished":"2017-10-19T10:28:20+00:00","dateModified":"2017-11-27T10:02:01+00:00","author":{"@id":"https:\/\/www.jeannedarc-figeac.fr\/college-lycee\/#\/schema\/person\/29e5764f28e895dc8bf41d4468f99154"},"description":"La derni\u00e8re semaine avant les vacances de Toussaint, les \u00e9l\u00e8ves germanistes de Jeanne d\u2019Arc ont pris la route pour se rendre \u00e0 Bielefeld en Westphalie et","breadcrumb":{"@id":"http:\/\/www.jeannedarc-figeac.fr\/college-lycee\/echange-franco-allemand-11-20-octobre\/#breadcrumb"},"inLanguage":"fr-FR","potentialAction":[{"@type":"ReadAction","target":["http:\/\/www.jeannedarc-figeac.fr\/college-lycee\/echange-franco-allemand-11-20-octobre\/"]}]},{"@type":"ImageObject","inLanguage":"fr-FR","@id":"http:\/\/www.jeannedarc-figeac.fr\/college-lycee\/echange-franco-allemand-11-20-octobre\/#primaryimage","url":"https:\/\/i0.wp.com\/www.jeannedarc-figeac.fr\/college-lycee\/wp-content\/uploads\/sites\/5\/2017\/10\/WP_20171017_10_52_10_Pro-4.jpg?fit=3210%2C1810&ssl=1","contentUrl":"https:\/\/i0.wp.com\/www.jeannedarc-figeac.fr\/college-lycee\/wp-content\/uploads\/sites\/5\/2017\/10\/WP_20171017_10_52_10_Pro-4.jpg?fit=3210%2C1810&ssl=1","width":3210,"height":1810},{"@type":"BreadcrumbList","@id":"http:\/\/www.jeannedarc-figeac.fr\/college-lycee\/echange-franco-allemand-11-20-octobre\/#breadcrumb","itemListElement":[{"@type":"ListItem","position":1,"name":"Accueil","item":"https:\/\/www.jeannedarc-figeac.fr\/college-lycee\/"},{"@type":"ListItem","position":2,"name":"Actus","item":"http:\/\/www.jeannedarc-figeac.fr\/college-lycee\/cat\/actus\/"},{"@type":"ListItem","position":3,"name":"ECHANGE FRANCO-ALLEMAND DU 11 AU 20 OCTOBRE"}]},{"@type":"WebSite","@id":"https:\/\/www.jeannedarc-figeac.fr\/college-lycee\/#website","url":"https:\/\/www.jeannedarc-figeac.fr\/college-lycee\/","name":"Coll\u00e8ge et Lyc\u00e9e Jeanne d&#039;Arc","description":"Jeanne d&#039;Arc Figeac","potentialAction":[{"@type":"SearchAction","target":{"@type":"EntryPoint","urlTemplate":"https:\/\/www.jeannedarc-figeac.fr\/college-lycee\/?s={search_term_string}"},"query-input":{"@type":"PropertyValueSpecification","valueRequired":true,"valueName":"search_term_string"}}],"inLanguage":"fr-FR"},{"@type":"Person","@id":"https:\/\/www.jeannedarc-figeac.fr\/college-lycee\/#\/schema\/person\/29e5764f28e895dc8bf41d4468f99154","name":"le secr\u00e9tariat","image":{"@type":"ImageObject","inLanguage":"fr-FR","@id":"https:\/\/www.jeannedarc-figeac.fr\/college-lycee\/#\/schema\/person\/image\/","url":"https:\/\/www.jeannedarc-figeac.fr\/college-lycee\/wp-content\/litespeed\/avatar\/5\/b7e8da60f53ba4adc9e9e66d91d84580.jpg?ver=1776943645","contentUrl":"https:\/\/www.jeannedarc-figeac.fr\/college-lycee\/wp-content\/litespeed\/avatar\/5\/b7e8da60f53ba4adc9e9e66d91d84580.jpg?ver=1776943645","caption":"le secr\u00e9tariat"},"url":"https:\/\/www.jeannedarc-figeac.fr\/college-lycee\/author\/arlette\/"}]}},"jetpack_featured_media_url":"","jetpack_sharing_enabled":true,"jetpack_shortlink":"https:\/\/wp.me\/p5Qyb6-Gl","_links":{"self":[{"href":"https:\/\/www.jeannedarc-figeac.fr\/college-lycee\/wp-json\/wp\/v2\/posts\/2625","targetHints":{"allow":["GET"]}}],"collection":[{"href":"https:\/\/www.jeannedarc-figeac.fr\/college-lycee\/wp-json\/wp\/v2\/posts"}],"about":[{"href":"https:\/\/www.jeannedarc-figeac.fr\/college-lycee\/wp-json\/wp\/v2\/types\/post"}],"author":[{"embeddable":true,"href":"https:\/\/www.jeannedarc-figeac.fr\/college-lycee\/wp-json\/wp\/v2\/users\/12"}],"replies":[{"embeddable":true,"href":"https:\/\/www.jeannedarc-figeac.fr\/college-lycee\/wp-json\/wp\/v2\/comments?post=2625"}],"version-history":[{"count":3,"href":"https:\/\/www.jeannedarc-figeac.fr\/college-lycee\/wp-json\/wp\/v2\/posts\/2625\/revisions"}],"predecessor-version":[{"id":2657,"href":"https:\/\/www.jeannedarc-figeac.fr\/college-lycee\/wp-json\/wp\/v2\/posts\/2625\/revisions\/2657"}],"wp:attachment":[{"href":"https:\/\/www.jeannedarc-figeac.fr\/college-lycee\/wp-json\/wp\/v2\/media?parent=2625"}],"wp:term":[{"taxonomy":"category","embeddable":true,"href":"https:\/\/www.jeannedarc-figeac.fr\/college-lycee\/wp-json\/wp\/v2\/categories?post=2625"},{"taxonomy":"post_tag","embeddable":true,"href":"https:\/\/www.jeannedarc-figeac.fr\/college-lycee\/wp-json\/wp\/v2\/tags?post=2625"}],"curies":[{"name":"wp","href":"https:\/\/api.w.org\/{rel}","templated":true}]}}