{"id":2591,"date":"2017-09-28T09:40:10","date_gmt":"2017-09-28T09:40:10","guid":{"rendered":"http:\/\/www.jeannedarc-figeac.fr\/college-lycee\/?p=2591"},"modified":"2017-09-28T09:40:10","modified_gmt":"2017-09-28T09:40:10","slug":"fete-de-sainte-emilie-de-rodat","status":"publish","type":"post","link":"https:\/\/www.jeannedarc-figeac.fr\/college-lycee\/fete-de-sainte-emilie-de-rodat\/","title":{"rendered":"FETE DE SAINTE EMILIE DE RODAT"},"content":{"rendered":"<p><a href=\"https:\/\/i0.wp.com\/www.jeannedarc-figeac.fr\/college-lycee\/wp-content\/uploads\/sites\/5\/2017\/09\/DSC00540-bis.jpg\"><img data-recalc-dims=\"1\" loading=\"lazy\" decoding=\"async\" class=\"alignnone size-medium wp-image-2592\" src=\"https:\/\/i0.wp.com\/www.jeannedarc-figeac.fr\/college-lycee\/wp-content\/uploads\/sites\/5\/2017\/09\/DSC00540-bis.jpg?resize=300%2C225\" alt=\"\" width=\"300\" height=\"225\" srcset=\"https:\/\/i0.wp.com\/www.jeannedarc-figeac.fr\/college-lycee\/wp-content\/uploads\/sites\/5\/2017\/09\/DSC00540-bis.jpg?resize=300%2C225&amp;ssl=1 300w, https:\/\/i0.wp.com\/www.jeannedarc-figeac.fr\/college-lycee\/wp-content\/uploads\/sites\/5\/2017\/09\/DSC00540-bis.jpg?resize=768%2C576&amp;ssl=1 768w, https:\/\/i0.wp.com\/www.jeannedarc-figeac.fr\/college-lycee\/wp-content\/uploads\/sites\/5\/2017\/09\/DSC00540-bis.jpg?resize=1024%2C768&amp;ssl=1 1024w, https:\/\/i0.wp.com\/www.jeannedarc-figeac.fr\/college-lycee\/wp-content\/uploads\/sites\/5\/2017\/09\/DSC00540-bis.jpg?resize=1080%2C810&amp;ssl=1 1080w, https:\/\/i0.wp.com\/www.jeannedarc-figeac.fr\/college-lycee\/wp-content\/uploads\/sites\/5\/2017\/09\/DSC00540-bis.jpg?w=1600&amp;ssl=1 1600w\" sizes=\"(max-width: 300px) 100vw, 300px\" \/><\/a><\/p>\n<p><span style=\"color: #3366ff\">Ce mardi matin 19 septembre, nous \u00e9tions attendus \u00e0 l\u2019\u00e9glise du Puy. D\u00e9j\u00e0, les enfants du Primaire \u00e9taient arriv\u00e9s. Quand les \u00e9l\u00e8ves du Coll\u00e8ge et du Lyc\u00e9e se sont install\u00e9s, le silence s\u2019est fait.<\/span><\/p>\n<p><span style=\"color: #3366ff\">Le pr\u00eatre nous a accueilli, c\u2019\u00e9tait le P\u00e8re Guillaume. Il nous a pr\u00e9sent\u00e9 les deux nouveaux pr\u00eatres arriv\u00e9s dans la paroisse juste cette semaine : le P\u00e8re Xavier et le P\u00e8re Jean-Pierre.<\/span><\/p>\n<p><span style=\"color: #3366ff\">Nous nous sommes r\u00e9unis ce jour en l\u2019honneur de notre sainte fondatrice de notre \u00e9cole.<\/span><\/p>\n<p><span style=\"color: #3366ff\">En ce jour de la f\u00eate de Sainte Emilie, P\u00e8re Guillaume a rappel\u00e9 notre vocation \u00e0 tous de devenir saint par nos actions comme S\u0153ur Emilie l\u2019a r\u00e9alis\u00e9 dans le pass\u00e9.<\/span><\/p>\n<p><span style=\"color: #3366ff\">Puis le P\u00e8re Xavier nous a guid\u00e9 pour vivre un temps privil\u00e9gi\u00e9 de recueillement et de pri\u00e8re avec J\u00e9sus.<\/span><\/p>\n<p><span style=\"color: #3366ff\">Nous avons ensuite lu tous ensemble la pri\u00e8re de l\u2019\u00e9l\u00e8ve pour que chacun essaie de donner le meilleur de lui-m\u00eame.<\/span><\/p>\n<p><span style=\"color: #3366ff\">Nous nous sommes ensuite dispers\u00e9s \u00e0 nouveau, heureux d\u2019avoir v\u00e9cu ce temps de pri\u00e8re avant de vivre cette nouvelle ann\u00e9e scolaire. Nous pla\u00e7ons tous nos projets de r\u00e9ussite sous le signe bienveillant de Sainte Emilie<\/span><\/p>\n<p><span style=\"color: #3366ff\">\u00ab\u00a0Que Sainte Emilie soutienne notre \u00e9lan missionnaire. Soyons des t\u00e9moins de l\u2019amour de Dieu l\u00e0 o\u00f9 nous sommes.\u00a0\u00bb<\/span><\/p>\n<p>&nbsp;<\/p>\n","protected":false},"excerpt":{"rendered":"<p>Ce mardi matin 19 septembre, nous \u00e9tions attendus \u00e0 l\u2019\u00e9glise du Puy. D\u00e9j\u00e0, les enfants du Primaire \u00e9taient arriv\u00e9s. Quand les \u00e9l\u00e8ves du Coll\u00e8ge et du Lyc\u00e9e se sont install\u00e9s, le silence s\u2019est fait. Le pr\u00eatre nous a accueilli, c\u2019\u00e9tait le P\u00e8re Guillaume. Il nous a pr\u00e9sent\u00e9 les deux nouveaux pr\u00eatres arriv\u00e9s dans la paroisse [&hellip;]<\/p>\n","protected":false},"author":12,"featured_media":0,"comment_status":"closed","ping_status":"open","sticky":false,"template":"","format":"standard","meta":{"_et_pb_use_builder":"","_et_pb_old_content":"","_et_gb_content_width":"","_jetpack_newsletter_access":"","_jetpack_dont_email_post_to_subs":false,"_jetpack_newsletter_tier_id":0,"_jetpack_memberships_contains_paywalled_content":false,"iawp_total_views":2,"_jetpack_memberships_contains_paid_content":false,"footnotes":""},"categories":[28],"tags":[],"class_list":["post-2591","post","type-post","status-publish","format-standard","hentry","category-actus"],"yoast_head":"<!-- This site is optimized with the Yoast SEO plugin v26.0 - https:\/\/yoast.com\/wordpress\/plugins\/seo\/ -->\n<title>FETE DE SAINTE EMILIE DE RODAT<\/title>\n<meta name=\"description\" content=\"Ce mardi matin 19 septembre, nous \u00e9tions attendus \u00e0 l\u2019\u00e9glise du Puy. D\u00e9j\u00e0, les enfants du Primaire \u00e9taient arriv\u00e9s. Quand les \u00e9l\u00e8ves du Coll\u00e8ge et du\" \/>\n<meta name=\"robots\" content=\"index, follow, max-snippet:-1, max-image-preview:large, max-video-preview:-1\" \/>\n<link rel=\"canonical\" href=\"http:\/\/www.jeannedarc-figeac.fr\/college-lycee\/fete-de-sainte-emilie-de-rodat\/\" \/>\n<meta property=\"og:locale\" content=\"fr_FR\" \/>\n<meta property=\"og:type\" content=\"article\" \/>\n<meta property=\"og:title\" content=\"FETE DE SAINTE EMILIE DE RODAT\" \/>\n<meta property=\"og:description\" content=\"Ce mardi matin 19 septembre, nous \u00e9tions attendus \u00e0 l\u2019\u00e9glise du Puy. D\u00e9j\u00e0, les enfants du Primaire \u00e9taient arriv\u00e9s. Quand les \u00e9l\u00e8ves du Coll\u00e8ge et du\" \/>\n<meta property=\"og:url\" content=\"http:\/\/www.jeannedarc-figeac.fr\/college-lycee\/fete-de-sainte-emilie-de-rodat\/\" \/>\n<meta property=\"og:site_name\" content=\"Coll\u00e8ge et Lyc\u00e9e Jeanne d&#039;Arc\" \/>\n<meta property=\"article:published_time\" content=\"2017-09-28T09:40:10+00:00\" \/>\n<meta property=\"og:image\" content=\"http:\/\/www.jeannedarc-figeac.fr\/college-lycee\/wp-content\/uploads\/sites\/5\/2017\/09\/DSC00540-bis-300x225.jpg\" \/>\n<meta name=\"author\" content=\"le secr\u00e9tariat\" \/>\n<script type=\"application\/ld+json\" class=\"yoast-schema-graph\">{\"@context\":\"https:\/\/schema.org\",\"@graph\":[{\"@type\":\"WebPage\",\"@id\":\"http:\/\/www.jeannedarc-figeac.fr\/college-lycee\/fete-de-sainte-emilie-de-rodat\/\",\"url\":\"http:\/\/www.jeannedarc-figeac.fr\/college-lycee\/fete-de-sainte-emilie-de-rodat\/\",\"name\":\"FETE DE SAINTE EMILIE DE RODAT\",\"isPartOf\":{\"@id\":\"https:\/\/www.jeannedarc-figeac.fr\/college-lycee\/#website\"},\"primaryImageOfPage\":{\"@id\":\"http:\/\/www.jeannedarc-figeac.fr\/college-lycee\/fete-de-sainte-emilie-de-rodat\/#primaryimage\"},\"image\":{\"@id\":\"http:\/\/www.jeannedarc-figeac.fr\/college-lycee\/fete-de-sainte-emilie-de-rodat\/#primaryimage\"},\"thumbnailUrl\":\"http:\/\/www.jeannedarc-figeac.fr\/college-lycee\/wp-content\/uploads\/sites\/5\/2017\/09\/DSC00540-bis-300x225.jpg\",\"datePublished\":\"2017-09-28T09:40:10+00:00\",\"author\":{\"@id\":\"https:\/\/www.jeannedarc-figeac.fr\/college-lycee\/#\/schema\/person\/29e5764f28e895dc8bf41d4468f99154\"},\"description\":\"Ce mardi matin 19 septembre, nous \u00e9tions attendus \u00e0 l\u2019\u00e9glise du Puy. D\u00e9j\u00e0, les enfants du Primaire \u00e9taient arriv\u00e9s. Quand les \u00e9l\u00e8ves du Coll\u00e8ge et du\",\"breadcrumb\":{\"@id\":\"http:\/\/www.jeannedarc-figeac.fr\/college-lycee\/fete-de-sainte-emilie-de-rodat\/#breadcrumb\"},\"inLanguage\":\"fr-FR\",\"potentialAction\":[{\"@type\":\"ReadAction\",\"target\":[\"http:\/\/www.jeannedarc-figeac.fr\/college-lycee\/fete-de-sainte-emilie-de-rodat\/\"]}]},{\"@type\":\"ImageObject\",\"inLanguage\":\"fr-FR\",\"@id\":\"http:\/\/www.jeannedarc-figeac.fr\/college-lycee\/fete-de-sainte-emilie-de-rodat\/#primaryimage\",\"url\":\"https:\/\/i0.wp.com\/www.jeannedarc-figeac.fr\/college-lycee\/wp-content\/uploads\/sites\/5\/2017\/09\/DSC00540-bis.jpg?fit=1600%2C1200&ssl=1\",\"contentUrl\":\"https:\/\/i0.wp.com\/www.jeannedarc-figeac.fr\/college-lycee\/wp-content\/uploads\/sites\/5\/2017\/09\/DSC00540-bis.jpg?fit=1600%2C1200&ssl=1\",\"width\":1600,\"height\":1200},{\"@type\":\"BreadcrumbList\",\"@id\":\"http:\/\/www.jeannedarc-figeac.fr\/college-lycee\/fete-de-sainte-emilie-de-rodat\/#breadcrumb\",\"itemListElement\":[{\"@type\":\"ListItem\",\"position\":1,\"name\":\"Accueil\",\"item\":\"https:\/\/www.jeannedarc-figeac.fr\/college-lycee\/\"},{\"@type\":\"ListItem\",\"position\":2,\"name\":\"Actus\",\"item\":\"http:\/\/www.jeannedarc-figeac.fr\/college-lycee\/cat\/actus\/\"},{\"@type\":\"ListItem\",\"position\":3,\"name\":\"FETE DE SAINTE EMILIE DE RODAT\"}]},{\"@type\":\"WebSite\",\"@id\":\"https:\/\/www.jeannedarc-figeac.fr\/college-lycee\/#website\",\"url\":\"https:\/\/www.jeannedarc-figeac.fr\/college-lycee\/\",\"name\":\"Coll\u00e8ge et Lyc\u00e9e Jeanne d&#039;Arc\",\"description\":\"Jeanne d&#039;Arc Figeac\",\"potentialAction\":[{\"@type\":\"SearchAction\",\"target\":{\"@type\":\"EntryPoint\",\"urlTemplate\":\"https:\/\/www.jeannedarc-figeac.fr\/college-lycee\/?s={search_term_string}\"},\"query-input\":{\"@type\":\"PropertyValueSpecification\",\"valueRequired\":true,\"valueName\":\"search_term_string\"}}],\"inLanguage\":\"fr-FR\"},{\"@type\":\"Person\",\"@id\":\"https:\/\/www.jeannedarc-figeac.fr\/college-lycee\/#\/schema\/person\/29e5764f28e895dc8bf41d4468f99154\",\"name\":\"le secr\u00e9tariat\",\"image\":{\"@type\":\"ImageObject\",\"inLanguage\":\"fr-FR\",\"@id\":\"https:\/\/www.jeannedarc-figeac.fr\/college-lycee\/#\/schema\/person\/image\/\",\"url\":\"https:\/\/www.jeannedarc-figeac.fr\/college-lycee\/wp-content\/litespeed\/avatar\/5\/b7e8da60f53ba4adc9e9e66d91d84580.jpg?ver=1776943645\",\"contentUrl\":\"https:\/\/www.jeannedarc-figeac.fr\/college-lycee\/wp-content\/litespeed\/avatar\/5\/b7e8da60f53ba4adc9e9e66d91d84580.jpg?ver=1776943645\",\"caption\":\"le secr\u00e9tariat\"},\"url\":\"https:\/\/www.jeannedarc-figeac.fr\/college-lycee\/author\/arlette\/\"}]}<\/script>\n<!-- \/ Yoast SEO plugin. -->","yoast_head_json":{"title":"FETE DE SAINTE EMILIE DE RODAT","description":"Ce mardi matin 19 septembre, nous \u00e9tions attendus \u00e0 l\u2019\u00e9glise du Puy. D\u00e9j\u00e0, les enfants du Primaire \u00e9taient arriv\u00e9s. Quand les \u00e9l\u00e8ves du Coll\u00e8ge et du","robots":{"index":"index","follow":"follow","max-snippet":"max-snippet:-1","max-image-preview":"max-image-preview:large","max-video-preview":"max-video-preview:-1"},"canonical":"http:\/\/www.jeannedarc-figeac.fr\/college-lycee\/fete-de-sainte-emilie-de-rodat\/","og_locale":"fr_FR","og_type":"article","og_title":"FETE DE SAINTE EMILIE DE RODAT","og_description":"Ce mardi matin 19 septembre, nous \u00e9tions attendus \u00e0 l\u2019\u00e9glise du Puy. D\u00e9j\u00e0, les enfants du Primaire \u00e9taient arriv\u00e9s. Quand les \u00e9l\u00e8ves du Coll\u00e8ge et du","og_url":"http:\/\/www.jeannedarc-figeac.fr\/college-lycee\/fete-de-sainte-emilie-de-rodat\/","og_site_name":"Coll\u00e8ge et Lyc\u00e9e Jeanne d&#039;Arc","article_published_time":"2017-09-28T09:40:10+00:00","og_image":[{"url":"http:\/\/www.jeannedarc-figeac.fr\/college-lycee\/wp-content\/uploads\/sites\/5\/2017\/09\/DSC00540-bis-300x225.jpg","type":"","width":"","height":""}],"author":"le secr\u00e9tariat","schema":{"@context":"https:\/\/schema.org","@graph":[{"@type":"WebPage","@id":"http:\/\/www.jeannedarc-figeac.fr\/college-lycee\/fete-de-sainte-emilie-de-rodat\/","url":"http:\/\/www.jeannedarc-figeac.fr\/college-lycee\/fete-de-sainte-emilie-de-rodat\/","name":"FETE DE SAINTE EMILIE DE RODAT","isPartOf":{"@id":"https:\/\/www.jeannedarc-figeac.fr\/college-lycee\/#website"},"primaryImageOfPage":{"@id":"http:\/\/www.jeannedarc-figeac.fr\/college-lycee\/fete-de-sainte-emilie-de-rodat\/#primaryimage"},"image":{"@id":"http:\/\/www.jeannedarc-figeac.fr\/college-lycee\/fete-de-sainte-emilie-de-rodat\/#primaryimage"},"thumbnailUrl":"http:\/\/www.jeannedarc-figeac.fr\/college-lycee\/wp-content\/uploads\/sites\/5\/2017\/09\/DSC00540-bis-300x225.jpg","datePublished":"2017-09-28T09:40:10+00:00","author":{"@id":"https:\/\/www.jeannedarc-figeac.fr\/college-lycee\/#\/schema\/person\/29e5764f28e895dc8bf41d4468f99154"},"description":"Ce mardi matin 19 septembre, nous \u00e9tions attendus \u00e0 l\u2019\u00e9glise du Puy. D\u00e9j\u00e0, les enfants du Primaire \u00e9taient arriv\u00e9s. Quand les \u00e9l\u00e8ves du Coll\u00e8ge et du","breadcrumb":{"@id":"http:\/\/www.jeannedarc-figeac.fr\/college-lycee\/fete-de-sainte-emilie-de-rodat\/#breadcrumb"},"inLanguage":"fr-FR","potentialAction":[{"@type":"ReadAction","target":["http:\/\/www.jeannedarc-figeac.fr\/college-lycee\/fete-de-sainte-emilie-de-rodat\/"]}]},{"@type":"ImageObject","inLanguage":"fr-FR","@id":"http:\/\/www.jeannedarc-figeac.fr\/college-lycee\/fete-de-sainte-emilie-de-rodat\/#primaryimage","url":"https:\/\/i0.wp.com\/www.jeannedarc-figeac.fr\/college-lycee\/wp-content\/uploads\/sites\/5\/2017\/09\/DSC00540-bis.jpg?fit=1600%2C1200&ssl=1","contentUrl":"https:\/\/i0.wp.com\/www.jeannedarc-figeac.fr\/college-lycee\/wp-content\/uploads\/sites\/5\/2017\/09\/DSC00540-bis.jpg?fit=1600%2C1200&ssl=1","width":1600,"height":1200},{"@type":"BreadcrumbList","@id":"http:\/\/www.jeannedarc-figeac.fr\/college-lycee\/fete-de-sainte-emilie-de-rodat\/#breadcrumb","itemListElement":[{"@type":"ListItem","position":1,"name":"Accueil","item":"https:\/\/www.jeannedarc-figeac.fr\/college-lycee\/"},{"@type":"ListItem","position":2,"name":"Actus","item":"http:\/\/www.jeannedarc-figeac.fr\/college-lycee\/cat\/actus\/"},{"@type":"ListItem","position":3,"name":"FETE DE SAINTE EMILIE DE RODAT"}]},{"@type":"WebSite","@id":"https:\/\/www.jeannedarc-figeac.fr\/college-lycee\/#website","url":"https:\/\/www.jeannedarc-figeac.fr\/college-lycee\/","name":"Coll\u00e8ge et Lyc\u00e9e Jeanne d&#039;Arc","description":"Jeanne d&#039;Arc Figeac","potentialAction":[{"@type":"SearchAction","target":{"@type":"EntryPoint","urlTemplate":"https:\/\/www.jeannedarc-figeac.fr\/college-lycee\/?s={search_term_string}"},"query-input":{"@type":"PropertyValueSpecification","valueRequired":true,"valueName":"search_term_string"}}],"inLanguage":"fr-FR"},{"@type":"Person","@id":"https:\/\/www.jeannedarc-figeac.fr\/college-lycee\/#\/schema\/person\/29e5764f28e895dc8bf41d4468f99154","name":"le secr\u00e9tariat","image":{"@type":"ImageObject","inLanguage":"fr-FR","@id":"https:\/\/www.jeannedarc-figeac.fr\/college-lycee\/#\/schema\/person\/image\/","url":"https:\/\/www.jeannedarc-figeac.fr\/college-lycee\/wp-content\/litespeed\/avatar\/5\/b7e8da60f53ba4adc9e9e66d91d84580.jpg?ver=1776943645","contentUrl":"https:\/\/www.jeannedarc-figeac.fr\/college-lycee\/wp-content\/litespeed\/avatar\/5\/b7e8da60f53ba4adc9e9e66d91d84580.jpg?ver=1776943645","caption":"le secr\u00e9tariat"},"url":"https:\/\/www.jeannedarc-figeac.fr\/college-lycee\/author\/arlette\/"}]}},"jetpack_featured_media_url":"","jetpack_sharing_enabled":true,"jetpack_shortlink":"https:\/\/wp.me\/p5Qyb6-FN","_links":{"self":[{"href":"https:\/\/www.jeannedarc-figeac.fr\/college-lycee\/wp-json\/wp\/v2\/posts\/2591","targetHints":{"allow":["GET"]}}],"collection":[{"href":"https:\/\/www.jeannedarc-figeac.fr\/college-lycee\/wp-json\/wp\/v2\/posts"}],"about":[{"href":"https:\/\/www.jeannedarc-figeac.fr\/college-lycee\/wp-json\/wp\/v2\/types\/post"}],"author":[{"embeddable":true,"href":"https:\/\/www.jeannedarc-figeac.fr\/college-lycee\/wp-json\/wp\/v2\/users\/12"}],"replies":[{"embeddable":true,"href":"https:\/\/www.jeannedarc-figeac.fr\/college-lycee\/wp-json\/wp\/v2\/comments?post=2591"}],"version-history":[{"count":1,"href":"https:\/\/www.jeannedarc-figeac.fr\/college-lycee\/wp-json\/wp\/v2\/posts\/2591\/revisions"}],"predecessor-version":[{"id":2593,"href":"https:\/\/www.jeannedarc-figeac.fr\/college-lycee\/wp-json\/wp\/v2\/posts\/2591\/revisions\/2593"}],"wp:attachment":[{"href":"https:\/\/www.jeannedarc-figeac.fr\/college-lycee\/wp-json\/wp\/v2\/media?parent=2591"}],"wp:term":[{"taxonomy":"category","embeddable":true,"href":"https:\/\/www.jeannedarc-figeac.fr\/college-lycee\/wp-json\/wp\/v2\/categories?post=2591"},{"taxonomy":"post_tag","embeddable":true,"href":"https:\/\/www.jeannedarc-figeac.fr\/college-lycee\/wp-json\/wp\/v2\/tags?post=2591"}],"curies":[{"name":"wp","href":"https:\/\/api.w.org\/{rel}","templated":true}]}}