{"id":2581,"date":"2017-09-21T09:10:48","date_gmt":"2017-09-21T09:10:48","guid":{"rendered":"http:\/\/www.jeannedarc-figeac.fr\/college-lycee\/?p=2581"},"modified":"2017-09-21T09:10:48","modified_gmt":"2017-09-21T09:10:48","slug":"journee-dintegration-nouveaux-lyceens-de-2nde","status":"publish","type":"post","link":"https:\/\/www.jeannedarc-figeac.fr\/college-lycee\/journee-dintegration-nouveaux-lyceens-de-2nde\/","title":{"rendered":"Une journ\u00e9e d\u2019int\u00e9gration pour les nouveaux lyc\u00e9ens de 2nde"},"content":{"rendered":"<p><a href=\"https:\/\/i0.wp.com\/www.jeannedarc-figeac.fr\/college-lycee\/wp-content\/uploads\/sites\/5\/2017\/09\/DSC00467-BIS.jpg\"><img data-recalc-dims=\"1\" loading=\"lazy\" decoding=\"async\" class=\"alignnone size-medium wp-image-2582\" src=\"https:\/\/i0.wp.com\/www.jeannedarc-figeac.fr\/college-lycee\/wp-content\/uploads\/sites\/5\/2017\/09\/DSC00467-BIS.jpg?resize=300%2C225\" alt=\"\" width=\"300\" height=\"225\" srcset=\"https:\/\/i0.wp.com\/www.jeannedarc-figeac.fr\/college-lycee\/wp-content\/uploads\/sites\/5\/2017\/09\/DSC00467-BIS.jpg?resize=300%2C225&amp;ssl=1 300w, https:\/\/i0.wp.com\/www.jeannedarc-figeac.fr\/college-lycee\/wp-content\/uploads\/sites\/5\/2017\/09\/DSC00467-BIS.jpg?resize=768%2C576&amp;ssl=1 768w, https:\/\/i0.wp.com\/www.jeannedarc-figeac.fr\/college-lycee\/wp-content\/uploads\/sites\/5\/2017\/09\/DSC00467-BIS.jpg?resize=1024%2C768&amp;ssl=1 1024w, https:\/\/i0.wp.com\/www.jeannedarc-figeac.fr\/college-lycee\/wp-content\/uploads\/sites\/5\/2017\/09\/DSC00467-BIS.jpg?resize=1080%2C810&amp;ssl=1 1080w, https:\/\/i0.wp.com\/www.jeannedarc-figeac.fr\/college-lycee\/wp-content\/uploads\/sites\/5\/2017\/09\/DSC00467-BIS.jpg?w=1600&amp;ssl=1 1600w\" sizes=\"(max-width: 300px) 100vw, 300px\" \/><\/a><\/p>\n<p><span style=\"color: #ff00ff\"><strong>Apr\u00e8s un accueil personnalis\u00e9 par leurs professeurs principaux, les \u00e9l\u00e8ves des classes de secondes g\u00e9n\u00e9rales, technologiques et professionnelles ASSP ainsi que les 1<sup>\u00e8re<\/sup> ann\u00e9e CAP ATMFC, ont quitt\u00e9 le lyc\u00e9e d\u00e8s ce jeudi 7 septembre 2017 pour participer \u00e0 une journ\u00e9e d\u2019int\u00e9gration.<\/strong><\/span><\/p>\n<p><span style=\"color: #ff00ff\"><strong>Au programme une randonn\u00e9e dans le magnifique cirque d\u2019Autoire suivie d\u2019un jeu de piste et d\u2019une visite de l\u2019atelier Mus\u00e9e Jean Lur\u00e7at \u00e0 Saint Laurent les Tours.<\/strong><\/span><\/p>\n<p><span style=\"color: #ff00ff\"><strong>L\u2019objectif de ce temps est de mieux se conna\u00eetre au sein de sa classe et entre lyc\u00e9ens.<\/strong><\/span><\/p>\n<p><span style=\"color: #ff00ff\"><strong>Il s\u2019agit \u00e9galement de lancer une dynamique de groupe qui devra se poursuivre tout au long de l\u2019ann\u00e9e au cours de diff\u00e9rents travaux\u00a0:<\/strong><\/span><\/p>\n<p><span style=\"color: #ff00ff\"><strong>-projets m\u00e9dias, patrimoine, langues et droit en 2<sup>nd<\/sup> g\u00e9n\u00e9rale<\/strong><\/span><\/p>\n<p><span style=\"color: #ff00ff\"><strong>-projet d\u2019animation en 2<sup>nd<\/sup> professionnelle<\/strong><\/span><\/p>\n<p><span style=\"color: #ff00ff\"><strong>-Projet Pluridisciplinaire \u00e0 Caract\u00e8re Professionnel en CAP<\/strong><\/span><\/p>\n<p><span style=\"color: #ff00ff\"><strong>Les jeunes et leurs accompagnateurs \u00e9taient tr\u00e8s satisfaits de cette journ\u00e9e qui permet de d\u00e9buter l\u2019ann\u00e9e scolaire sous de bons auspices.<\/strong><\/span><\/p>\n<p>&nbsp;<\/p>\n","protected":false},"excerpt":{"rendered":"<p>Apr\u00e8s un accueil personnalis\u00e9 par leurs professeurs principaux, les \u00e9l\u00e8ves des classes de secondes g\u00e9n\u00e9rales, technologiques et professionnelles ASSP ainsi que les 1\u00e8re ann\u00e9e CAP ATMFC, ont quitt\u00e9 le lyc\u00e9e d\u00e8s ce jeudi 7 septembre 2017 pour participer \u00e0 une journ\u00e9e d\u2019int\u00e9gration. Au programme une randonn\u00e9e dans le magnifique cirque d\u2019Autoire suivie d\u2019un jeu de [&hellip;]<\/p>\n","protected":false},"author":12,"featured_media":0,"comment_status":"closed","ping_status":"open","sticky":false,"template":"","format":"standard","meta":{"_et_pb_use_builder":"","_et_pb_old_content":"","_et_gb_content_width":"","_jetpack_newsletter_access":"","_jetpack_dont_email_post_to_subs":false,"_jetpack_newsletter_tier_id":0,"_jetpack_memberships_contains_paywalled_content":false,"iawp_total_views":0,"_jetpack_memberships_contains_paid_content":false,"footnotes":""},"categories":[28],"tags":[],"class_list":["post-2581","post","type-post","status-publish","format-standard","hentry","category-actus"],"yoast_head":"<!-- This site is optimized with the Yoast SEO plugin v26.0 - https:\/\/yoast.com\/wordpress\/plugins\/seo\/ -->\n<title>Une journ\u00e9e d\u2019int\u00e9gration pour les nouveaux lyc\u00e9ens de 2nde<\/title>\n<meta name=\"description\" content=\"Apr\u00e8s un accueil personnalis\u00e9 par leurs professeurs principaux, les \u00e9l\u00e8ves des classes de secondes g\u00e9n\u00e9rales, technologiques et professionnelles ASSP\" \/>\n<meta name=\"robots\" content=\"index, follow, max-snippet:-1, max-image-preview:large, max-video-preview:-1\" \/>\n<link rel=\"canonical\" href=\"http:\/\/www.jeannedarc-figeac.fr\/college-lycee\/journee-dintegration-nouveaux-lyceens-de-2nde\/\" \/>\n<meta property=\"og:locale\" content=\"fr_FR\" \/>\n<meta property=\"og:type\" content=\"article\" \/>\n<meta property=\"og:title\" content=\"Une journ\u00e9e d\u2019int\u00e9gration pour les nouveaux lyc\u00e9ens de 2nde\" \/>\n<meta property=\"og:description\" content=\"Apr\u00e8s un accueil personnalis\u00e9 par leurs professeurs principaux, les \u00e9l\u00e8ves des classes de secondes g\u00e9n\u00e9rales, technologiques et professionnelles ASSP\" \/>\n<meta property=\"og:url\" content=\"http:\/\/www.jeannedarc-figeac.fr\/college-lycee\/journee-dintegration-nouveaux-lyceens-de-2nde\/\" \/>\n<meta property=\"og:site_name\" content=\"Coll\u00e8ge et Lyc\u00e9e Jeanne d&#039;Arc\" \/>\n<meta property=\"article:published_time\" content=\"2017-09-21T09:10:48+00:00\" \/>\n<meta property=\"og:image\" content=\"http:\/\/www.jeannedarc-figeac.fr\/college-lycee\/wp-content\/uploads\/sites\/5\/2017\/09\/DSC00467-BIS-300x225.jpg\" \/>\n<meta name=\"author\" content=\"le secr\u00e9tariat\" \/>\n<script type=\"application\/ld+json\" class=\"yoast-schema-graph\">{\"@context\":\"https:\/\/schema.org\",\"@graph\":[{\"@type\":\"WebPage\",\"@id\":\"http:\/\/www.jeannedarc-figeac.fr\/college-lycee\/journee-dintegration-nouveaux-lyceens-de-2nde\/\",\"url\":\"http:\/\/www.jeannedarc-figeac.fr\/college-lycee\/journee-dintegration-nouveaux-lyceens-de-2nde\/\",\"name\":\"Une journ\u00e9e d\u2019int\u00e9gration pour les nouveaux lyc\u00e9ens de 2nde\",\"isPartOf\":{\"@id\":\"https:\/\/www.jeannedarc-figeac.fr\/college-lycee\/#website\"},\"primaryImageOfPage\":{\"@id\":\"http:\/\/www.jeannedarc-figeac.fr\/college-lycee\/journee-dintegration-nouveaux-lyceens-de-2nde\/#primaryimage\"},\"image\":{\"@id\":\"http:\/\/www.jeannedarc-figeac.fr\/college-lycee\/journee-dintegration-nouveaux-lyceens-de-2nde\/#primaryimage\"},\"thumbnailUrl\":\"http:\/\/www.jeannedarc-figeac.fr\/college-lycee\/wp-content\/uploads\/sites\/5\/2017\/09\/DSC00467-BIS-300x225.jpg\",\"datePublished\":\"2017-09-21T09:10:48+00:00\",\"author\":{\"@id\":\"https:\/\/www.jeannedarc-figeac.fr\/college-lycee\/#\/schema\/person\/29e5764f28e895dc8bf41d4468f99154\"},\"description\":\"Apr\u00e8s un accueil personnalis\u00e9 par leurs professeurs principaux, les \u00e9l\u00e8ves des classes de secondes g\u00e9n\u00e9rales, technologiques et professionnelles ASSP\",\"breadcrumb\":{\"@id\":\"http:\/\/www.jeannedarc-figeac.fr\/college-lycee\/journee-dintegration-nouveaux-lyceens-de-2nde\/#breadcrumb\"},\"inLanguage\":\"fr-FR\",\"potentialAction\":[{\"@type\":\"ReadAction\",\"target\":[\"http:\/\/www.jeannedarc-figeac.fr\/college-lycee\/journee-dintegration-nouveaux-lyceens-de-2nde\/\"]}]},{\"@type\":\"ImageObject\",\"inLanguage\":\"fr-FR\",\"@id\":\"http:\/\/www.jeannedarc-figeac.fr\/college-lycee\/journee-dintegration-nouveaux-lyceens-de-2nde\/#primaryimage\",\"url\":\"https:\/\/i0.wp.com\/www.jeannedarc-figeac.fr\/college-lycee\/wp-content\/uploads\/sites\/5\/2017\/09\/DSC00467-BIS.jpg?fit=1600%2C1200&ssl=1\",\"contentUrl\":\"https:\/\/i0.wp.com\/www.jeannedarc-figeac.fr\/college-lycee\/wp-content\/uploads\/sites\/5\/2017\/09\/DSC00467-BIS.jpg?fit=1600%2C1200&ssl=1\",\"width\":1600,\"height\":1200},{\"@type\":\"BreadcrumbList\",\"@id\":\"http:\/\/www.jeannedarc-figeac.fr\/college-lycee\/journee-dintegration-nouveaux-lyceens-de-2nde\/#breadcrumb\",\"itemListElement\":[{\"@type\":\"ListItem\",\"position\":1,\"name\":\"Accueil\",\"item\":\"https:\/\/www.jeannedarc-figeac.fr\/college-lycee\/\"},{\"@type\":\"ListItem\",\"position\":2,\"name\":\"Actus\",\"item\":\"http:\/\/www.jeannedarc-figeac.fr\/college-lycee\/cat\/actus\/\"},{\"@type\":\"ListItem\",\"position\":3,\"name\":\"Une journ\u00e9e d\u2019int\u00e9gration pour les nouveaux lyc\u00e9ens de 2nde\"}]},{\"@type\":\"WebSite\",\"@id\":\"https:\/\/www.jeannedarc-figeac.fr\/college-lycee\/#website\",\"url\":\"https:\/\/www.jeannedarc-figeac.fr\/college-lycee\/\",\"name\":\"Coll\u00e8ge et Lyc\u00e9e Jeanne d&#039;Arc\",\"description\":\"Jeanne d&#039;Arc Figeac\",\"potentialAction\":[{\"@type\":\"SearchAction\",\"target\":{\"@type\":\"EntryPoint\",\"urlTemplate\":\"https:\/\/www.jeannedarc-figeac.fr\/college-lycee\/?s={search_term_string}\"},\"query-input\":{\"@type\":\"PropertyValueSpecification\",\"valueRequired\":true,\"valueName\":\"search_term_string\"}}],\"inLanguage\":\"fr-FR\"},{\"@type\":\"Person\",\"@id\":\"https:\/\/www.jeannedarc-figeac.fr\/college-lycee\/#\/schema\/person\/29e5764f28e895dc8bf41d4468f99154\",\"name\":\"le secr\u00e9tariat\",\"image\":{\"@type\":\"ImageObject\",\"inLanguage\":\"fr-FR\",\"@id\":\"https:\/\/www.jeannedarc-figeac.fr\/college-lycee\/#\/schema\/person\/image\/\",\"url\":\"https:\/\/www.jeannedarc-figeac.fr\/college-lycee\/wp-content\/litespeed\/avatar\/5\/b7e8da60f53ba4adc9e9e66d91d84580.jpg?ver=1776943645\",\"contentUrl\":\"https:\/\/www.jeannedarc-figeac.fr\/college-lycee\/wp-content\/litespeed\/avatar\/5\/b7e8da60f53ba4adc9e9e66d91d84580.jpg?ver=1776943645\",\"caption\":\"le secr\u00e9tariat\"},\"url\":\"https:\/\/www.jeannedarc-figeac.fr\/college-lycee\/author\/arlette\/\"}]}<\/script>\n<!-- \/ Yoast SEO plugin. -->","yoast_head_json":{"title":"Une journ\u00e9e d\u2019int\u00e9gration pour les nouveaux lyc\u00e9ens de 2nde","description":"Apr\u00e8s un accueil personnalis\u00e9 par leurs professeurs principaux, les \u00e9l\u00e8ves des classes de secondes g\u00e9n\u00e9rales, technologiques et professionnelles ASSP","robots":{"index":"index","follow":"follow","max-snippet":"max-snippet:-1","max-image-preview":"max-image-preview:large","max-video-preview":"max-video-preview:-1"},"canonical":"http:\/\/www.jeannedarc-figeac.fr\/college-lycee\/journee-dintegration-nouveaux-lyceens-de-2nde\/","og_locale":"fr_FR","og_type":"article","og_title":"Une journ\u00e9e d\u2019int\u00e9gration pour les nouveaux lyc\u00e9ens de 2nde","og_description":"Apr\u00e8s un accueil personnalis\u00e9 par leurs professeurs principaux, les \u00e9l\u00e8ves des classes de secondes g\u00e9n\u00e9rales, technologiques et professionnelles ASSP","og_url":"http:\/\/www.jeannedarc-figeac.fr\/college-lycee\/journee-dintegration-nouveaux-lyceens-de-2nde\/","og_site_name":"Coll\u00e8ge et Lyc\u00e9e Jeanne d&#039;Arc","article_published_time":"2017-09-21T09:10:48+00:00","og_image":[{"url":"http:\/\/www.jeannedarc-figeac.fr\/college-lycee\/wp-content\/uploads\/sites\/5\/2017\/09\/DSC00467-BIS-300x225.jpg","type":"","width":"","height":""}],"author":"le secr\u00e9tariat","schema":{"@context":"https:\/\/schema.org","@graph":[{"@type":"WebPage","@id":"http:\/\/www.jeannedarc-figeac.fr\/college-lycee\/journee-dintegration-nouveaux-lyceens-de-2nde\/","url":"http:\/\/www.jeannedarc-figeac.fr\/college-lycee\/journee-dintegration-nouveaux-lyceens-de-2nde\/","name":"Une journ\u00e9e d\u2019int\u00e9gration pour les nouveaux lyc\u00e9ens de 2nde","isPartOf":{"@id":"https:\/\/www.jeannedarc-figeac.fr\/college-lycee\/#website"},"primaryImageOfPage":{"@id":"http:\/\/www.jeannedarc-figeac.fr\/college-lycee\/journee-dintegration-nouveaux-lyceens-de-2nde\/#primaryimage"},"image":{"@id":"http:\/\/www.jeannedarc-figeac.fr\/college-lycee\/journee-dintegration-nouveaux-lyceens-de-2nde\/#primaryimage"},"thumbnailUrl":"http:\/\/www.jeannedarc-figeac.fr\/college-lycee\/wp-content\/uploads\/sites\/5\/2017\/09\/DSC00467-BIS-300x225.jpg","datePublished":"2017-09-21T09:10:48+00:00","author":{"@id":"https:\/\/www.jeannedarc-figeac.fr\/college-lycee\/#\/schema\/person\/29e5764f28e895dc8bf41d4468f99154"},"description":"Apr\u00e8s un accueil personnalis\u00e9 par leurs professeurs principaux, les \u00e9l\u00e8ves des classes de secondes g\u00e9n\u00e9rales, technologiques et professionnelles ASSP","breadcrumb":{"@id":"http:\/\/www.jeannedarc-figeac.fr\/college-lycee\/journee-dintegration-nouveaux-lyceens-de-2nde\/#breadcrumb"},"inLanguage":"fr-FR","potentialAction":[{"@type":"ReadAction","target":["http:\/\/www.jeannedarc-figeac.fr\/college-lycee\/journee-dintegration-nouveaux-lyceens-de-2nde\/"]}]},{"@type":"ImageObject","inLanguage":"fr-FR","@id":"http:\/\/www.jeannedarc-figeac.fr\/college-lycee\/journee-dintegration-nouveaux-lyceens-de-2nde\/#primaryimage","url":"https:\/\/i0.wp.com\/www.jeannedarc-figeac.fr\/college-lycee\/wp-content\/uploads\/sites\/5\/2017\/09\/DSC00467-BIS.jpg?fit=1600%2C1200&ssl=1","contentUrl":"https:\/\/i0.wp.com\/www.jeannedarc-figeac.fr\/college-lycee\/wp-content\/uploads\/sites\/5\/2017\/09\/DSC00467-BIS.jpg?fit=1600%2C1200&ssl=1","width":1600,"height":1200},{"@type":"BreadcrumbList","@id":"http:\/\/www.jeannedarc-figeac.fr\/college-lycee\/journee-dintegration-nouveaux-lyceens-de-2nde\/#breadcrumb","itemListElement":[{"@type":"ListItem","position":1,"name":"Accueil","item":"https:\/\/www.jeannedarc-figeac.fr\/college-lycee\/"},{"@type":"ListItem","position":2,"name":"Actus","item":"http:\/\/www.jeannedarc-figeac.fr\/college-lycee\/cat\/actus\/"},{"@type":"ListItem","position":3,"name":"Une journ\u00e9e d\u2019int\u00e9gration pour les nouveaux lyc\u00e9ens de 2nde"}]},{"@type":"WebSite","@id":"https:\/\/www.jeannedarc-figeac.fr\/college-lycee\/#website","url":"https:\/\/www.jeannedarc-figeac.fr\/college-lycee\/","name":"Coll\u00e8ge et Lyc\u00e9e Jeanne d&#039;Arc","description":"Jeanne d&#039;Arc Figeac","potentialAction":[{"@type":"SearchAction","target":{"@type":"EntryPoint","urlTemplate":"https:\/\/www.jeannedarc-figeac.fr\/college-lycee\/?s={search_term_string}"},"query-input":{"@type":"PropertyValueSpecification","valueRequired":true,"valueName":"search_term_string"}}],"inLanguage":"fr-FR"},{"@type":"Person","@id":"https:\/\/www.jeannedarc-figeac.fr\/college-lycee\/#\/schema\/person\/29e5764f28e895dc8bf41d4468f99154","name":"le secr\u00e9tariat","image":{"@type":"ImageObject","inLanguage":"fr-FR","@id":"https:\/\/www.jeannedarc-figeac.fr\/college-lycee\/#\/schema\/person\/image\/","url":"https:\/\/www.jeannedarc-figeac.fr\/college-lycee\/wp-content\/litespeed\/avatar\/5\/b7e8da60f53ba4adc9e9e66d91d84580.jpg?ver=1776943645","contentUrl":"https:\/\/www.jeannedarc-figeac.fr\/college-lycee\/wp-content\/litespeed\/avatar\/5\/b7e8da60f53ba4adc9e9e66d91d84580.jpg?ver=1776943645","caption":"le secr\u00e9tariat"},"url":"https:\/\/www.jeannedarc-figeac.fr\/college-lycee\/author\/arlette\/"}]}},"jetpack_featured_media_url":"","jetpack_sharing_enabled":true,"jetpack_shortlink":"https:\/\/wp.me\/p5Qyb6-FD","_links":{"self":[{"href":"https:\/\/www.jeannedarc-figeac.fr\/college-lycee\/wp-json\/wp\/v2\/posts\/2581","targetHints":{"allow":["GET"]}}],"collection":[{"href":"https:\/\/www.jeannedarc-figeac.fr\/college-lycee\/wp-json\/wp\/v2\/posts"}],"about":[{"href":"https:\/\/www.jeannedarc-figeac.fr\/college-lycee\/wp-json\/wp\/v2\/types\/post"}],"author":[{"embeddable":true,"href":"https:\/\/www.jeannedarc-figeac.fr\/college-lycee\/wp-json\/wp\/v2\/users\/12"}],"replies":[{"embeddable":true,"href":"https:\/\/www.jeannedarc-figeac.fr\/college-lycee\/wp-json\/wp\/v2\/comments?post=2581"}],"version-history":[{"count":1,"href":"https:\/\/www.jeannedarc-figeac.fr\/college-lycee\/wp-json\/wp\/v2\/posts\/2581\/revisions"}],"predecessor-version":[{"id":2583,"href":"https:\/\/www.jeannedarc-figeac.fr\/college-lycee\/wp-json\/wp\/v2\/posts\/2581\/revisions\/2583"}],"wp:attachment":[{"href":"https:\/\/www.jeannedarc-figeac.fr\/college-lycee\/wp-json\/wp\/v2\/media?parent=2581"}],"wp:term":[{"taxonomy":"category","embeddable":true,"href":"https:\/\/www.jeannedarc-figeac.fr\/college-lycee\/wp-json\/wp\/v2\/categories?post=2581"},{"taxonomy":"post_tag","embeddable":true,"href":"https:\/\/www.jeannedarc-figeac.fr\/college-lycee\/wp-json\/wp\/v2\/tags?post=2581"}],"curies":[{"name":"wp","href":"https:\/\/api.w.org\/{rel}","templated":true}]}}