{"id":2571,"date":"2017-09-21T08:34:16","date_gmt":"2017-09-21T08:34:16","guid":{"rendered":"http:\/\/www.jeannedarc-figeac.fr\/college-lycee\/?p=2571"},"modified":"2017-09-21T08:34:16","modified_gmt":"2017-09-21T08:34:16","slug":"6eme-5eme-de-laumonerie-sortie-a-villefranche-de-rouergue","status":"publish","type":"post","link":"https:\/\/www.jeannedarc-figeac.fr\/college-lycee\/6eme-5eme-de-laumonerie-sortie-a-villefranche-de-rouergue\/","title":{"rendered":"Les 6\u00e8me et 5\u00e8me de l\u2019aum\u00f4nerie en sortie \u00e0 Villefranche de Rouergue"},"content":{"rendered":"<p><a href=\"https:\/\/i0.wp.com\/www.jeannedarc-figeac.fr\/college-lycee\/wp-content\/uploads\/sites\/5\/2017\/09\/Emilie-bis.jpg\"><img data-recalc-dims=\"1\" loading=\"lazy\" decoding=\"async\" class=\"alignnone size-medium wp-image-2572\" src=\"https:\/\/i0.wp.com\/www.jeannedarc-figeac.fr\/college-lycee\/wp-content\/uploads\/sites\/5\/2017\/09\/Emilie-bis.jpg?resize=300%2C225\" alt=\"\" width=\"300\" height=\"225\" srcset=\"https:\/\/i0.wp.com\/www.jeannedarc-figeac.fr\/college-lycee\/wp-content\/uploads\/sites\/5\/2017\/09\/Emilie-bis.jpg?resize=300%2C225&amp;ssl=1 300w, https:\/\/i0.wp.com\/www.jeannedarc-figeac.fr\/college-lycee\/wp-content\/uploads\/sites\/5\/2017\/09\/Emilie-bis.jpg?resize=768%2C576&amp;ssl=1 768w, https:\/\/i0.wp.com\/www.jeannedarc-figeac.fr\/college-lycee\/wp-content\/uploads\/sites\/5\/2017\/09\/Emilie-bis.jpg?resize=1024%2C768&amp;ssl=1 1024w, https:\/\/i0.wp.com\/www.jeannedarc-figeac.fr\/college-lycee\/wp-content\/uploads\/sites\/5\/2017\/09\/Emilie-bis.jpg?resize=1080%2C810&amp;ssl=1 1080w, https:\/\/i0.wp.com\/www.jeannedarc-figeac.fr\/college-lycee\/wp-content\/uploads\/sites\/5\/2017\/09\/Emilie-bis.jpg?w=1600&amp;ssl=1 1600w\" sizes=\"(max-width: 300px) 100vw, 300px\" \/><\/a><\/p>\n<p><strong><span style=\"color: #0000ff\">Jeudi 22 juin, nous sommes partis le P\u00e8re Guillaume, le P\u00e8re Jean Baptiste , Madame Vidal, accompagn\u00e9s par 26 \u00e9l\u00e8ves \u00e0 Villefranche sur les pas de Sainte Emilie de Rodat.<\/span><\/strong><\/p>\n<p><strong><span style=\"color: #0000ff\">Apr\u00e8s un trajet \u00e9prouvant dans un bus sans climatisation un jour de forte canicule, nous avons app\u00e9ci\u00e9 la fraicheur des jardins de la Congr\u00e9gation de la Sainte Famille lorsque nous nous sommes install\u00e9s pour pique-niquer.<\/span><\/strong><\/p>\n<p><strong><span style=\"color: #0000ff\">Cette ann\u00e9e, nous avons eu la chance d\u2019\u00eatre guid\u00e9 par un ancien \u00e9l\u00e8ve de Jeanne d\u2019Arc, Ludovic Lemercier, devenu guide-conf\u00e9rencier. La visite de la Bastide \u00e9tait orient\u00e9e sur la vie d\u2019Emilie de Rodat. Puis nous avons eu une explication d\u00e9taill\u00e9e de la fresque de l\u2019\u00e9glise de la Sainte Famille, avant de pouvoir admirer les dessins dans la galerie qui m\u00e8ne \u00e0 la chambre de la Sainte.<\/span><\/strong><\/p>\n<p><strong><span style=\"color: #0000ff\">Pour terminer notre visite, deux\u00a0 s\u0153urs sont venues \u00e0 notre rencontre pour nous parler de leur mission.<\/span><\/strong><\/p>\n<p><strong><span style=\"color: #0000ff\">Les \u00e9l\u00e8ves sont tous revenus heureux de conna\u00eetre et d\u2019avoir partager le message de Sainte Emilie, fondatrice de notre \u00e9cole.<\/span><\/strong><\/p>\n<p>&nbsp;<\/p>\n","protected":false},"excerpt":{"rendered":"<p>Jeudi 22 juin, nous sommes partis le P\u00e8re Guillaume, le P\u00e8re Jean Baptiste , Madame Vidal, accompagn\u00e9s par 26 \u00e9l\u00e8ves \u00e0 Villefranche sur les pas de Sainte Emilie de Rodat. Apr\u00e8s un trajet \u00e9prouvant dans un bus sans climatisation un jour de forte canicule, nous avons app\u00e9ci\u00e9 la fraicheur des jardins de la Congr\u00e9gation de [&hellip;]<\/p>\n","protected":false},"author":12,"featured_media":0,"comment_status":"closed","ping_status":"open","sticky":false,"template":"","format":"standard","meta":{"_et_pb_use_builder":"","_et_pb_old_content":"","_et_gb_content_width":"","_jetpack_newsletter_access":"","_jetpack_dont_email_post_to_subs":false,"_jetpack_newsletter_tier_id":0,"_jetpack_memberships_contains_paywalled_content":false,"iawp_total_views":0,"_jetpack_memberships_contains_paid_content":false,"footnotes":""},"categories":[28],"tags":[],"class_list":["post-2571","post","type-post","status-publish","format-standard","hentry","category-actus"],"yoast_head":"<!-- This site is optimized with the Yoast SEO plugin v26.0 - https:\/\/yoast.com\/wordpress\/plugins\/seo\/ -->\n<title>Les 6\u00e8me et 5\u00e8me de l\u2019aum\u00f4nerie en sortie \u00e0 Villefranche de Rouergue<\/title>\n<meta name=\"description\" content=\"Jeudi 22 juin, nous sommes partis le P\u00e8re Guillaume, le P\u00e8re Jean Baptiste , Madame Vidal, accompagn\u00e9s par 26 \u00e9l\u00e8ves \u00e0 Villefranche sur les pas de Sainte\" \/>\n<meta name=\"robots\" content=\"index, follow, max-snippet:-1, max-image-preview:large, max-video-preview:-1\" \/>\n<link rel=\"canonical\" href=\"http:\/\/www.jeannedarc-figeac.fr\/college-lycee\/6eme-5eme-de-laumonerie-sortie-a-villefranche-de-rouergue\/\" \/>\n<meta property=\"og:locale\" content=\"fr_FR\" \/>\n<meta property=\"og:type\" content=\"article\" \/>\n<meta property=\"og:title\" content=\"Les 6\u00e8me et 5\u00e8me de l\u2019aum\u00f4nerie en sortie \u00e0 Villefranche de Rouergue\" \/>\n<meta property=\"og:description\" content=\"Jeudi 22 juin, nous sommes partis le P\u00e8re Guillaume, le P\u00e8re Jean Baptiste , Madame Vidal, accompagn\u00e9s par 26 \u00e9l\u00e8ves \u00e0 Villefranche sur les pas de Sainte\" \/>\n<meta property=\"og:url\" content=\"http:\/\/www.jeannedarc-figeac.fr\/college-lycee\/6eme-5eme-de-laumonerie-sortie-a-villefranche-de-rouergue\/\" \/>\n<meta property=\"og:site_name\" content=\"Coll\u00e8ge et Lyc\u00e9e Jeanne d&#039;Arc\" \/>\n<meta property=\"article:published_time\" content=\"2017-09-21T08:34:16+00:00\" \/>\n<meta property=\"og:image\" content=\"http:\/\/www.jeannedarc-figeac.fr\/college-lycee\/wp-content\/uploads\/sites\/5\/2017\/09\/Emilie-bis-300x225.jpg\" \/>\n<meta name=\"author\" content=\"le secr\u00e9tariat\" \/>\n<script type=\"application\/ld+json\" class=\"yoast-schema-graph\">{\"@context\":\"https:\/\/schema.org\",\"@graph\":[{\"@type\":\"WebPage\",\"@id\":\"http:\/\/www.jeannedarc-figeac.fr\/college-lycee\/6eme-5eme-de-laumonerie-sortie-a-villefranche-de-rouergue\/\",\"url\":\"http:\/\/www.jeannedarc-figeac.fr\/college-lycee\/6eme-5eme-de-laumonerie-sortie-a-villefranche-de-rouergue\/\",\"name\":\"Les 6\u00e8me et 5\u00e8me de l\u2019aum\u00f4nerie en sortie \u00e0 Villefranche de Rouergue\",\"isPartOf\":{\"@id\":\"https:\/\/www.jeannedarc-figeac.fr\/college-lycee\/#website\"},\"primaryImageOfPage\":{\"@id\":\"http:\/\/www.jeannedarc-figeac.fr\/college-lycee\/6eme-5eme-de-laumonerie-sortie-a-villefranche-de-rouergue\/#primaryimage\"},\"image\":{\"@id\":\"http:\/\/www.jeannedarc-figeac.fr\/college-lycee\/6eme-5eme-de-laumonerie-sortie-a-villefranche-de-rouergue\/#primaryimage\"},\"thumbnailUrl\":\"http:\/\/www.jeannedarc-figeac.fr\/college-lycee\/wp-content\/uploads\/sites\/5\/2017\/09\/Emilie-bis-300x225.jpg\",\"datePublished\":\"2017-09-21T08:34:16+00:00\",\"author\":{\"@id\":\"https:\/\/www.jeannedarc-figeac.fr\/college-lycee\/#\/schema\/person\/29e5764f28e895dc8bf41d4468f99154\"},\"description\":\"Jeudi 22 juin, nous sommes partis le P\u00e8re Guillaume, le P\u00e8re Jean Baptiste , Madame Vidal, accompagn\u00e9s par 26 \u00e9l\u00e8ves \u00e0 Villefranche sur les pas de Sainte\",\"breadcrumb\":{\"@id\":\"http:\/\/www.jeannedarc-figeac.fr\/college-lycee\/6eme-5eme-de-laumonerie-sortie-a-villefranche-de-rouergue\/#breadcrumb\"},\"inLanguage\":\"fr-FR\",\"potentialAction\":[{\"@type\":\"ReadAction\",\"target\":[\"http:\/\/www.jeannedarc-figeac.fr\/college-lycee\/6eme-5eme-de-laumonerie-sortie-a-villefranche-de-rouergue\/\"]}]},{\"@type\":\"ImageObject\",\"inLanguage\":\"fr-FR\",\"@id\":\"http:\/\/www.jeannedarc-figeac.fr\/college-lycee\/6eme-5eme-de-laumonerie-sortie-a-villefranche-de-rouergue\/#primaryimage\",\"url\":\"https:\/\/i0.wp.com\/www.jeannedarc-figeac.fr\/college-lycee\/wp-content\/uploads\/sites\/5\/2017\/09\/Emilie-bis.jpg?fit=1600%2C1200&ssl=1\",\"contentUrl\":\"https:\/\/i0.wp.com\/www.jeannedarc-figeac.fr\/college-lycee\/wp-content\/uploads\/sites\/5\/2017\/09\/Emilie-bis.jpg?fit=1600%2C1200&ssl=1\",\"width\":1600,\"height\":1200},{\"@type\":\"BreadcrumbList\",\"@id\":\"http:\/\/www.jeannedarc-figeac.fr\/college-lycee\/6eme-5eme-de-laumonerie-sortie-a-villefranche-de-rouergue\/#breadcrumb\",\"itemListElement\":[{\"@type\":\"ListItem\",\"position\":1,\"name\":\"Accueil\",\"item\":\"https:\/\/www.jeannedarc-figeac.fr\/college-lycee\/\"},{\"@type\":\"ListItem\",\"position\":2,\"name\":\"Actus\",\"item\":\"http:\/\/www.jeannedarc-figeac.fr\/college-lycee\/cat\/actus\/\"},{\"@type\":\"ListItem\",\"position\":3,\"name\":\"Les 6\u00e8me et 5\u00e8me de l\u2019aum\u00f4nerie en sortie \u00e0 Villefranche de Rouergue\"}]},{\"@type\":\"WebSite\",\"@id\":\"https:\/\/www.jeannedarc-figeac.fr\/college-lycee\/#website\",\"url\":\"https:\/\/www.jeannedarc-figeac.fr\/college-lycee\/\",\"name\":\"Coll\u00e8ge et Lyc\u00e9e Jeanne d&#039;Arc\",\"description\":\"Jeanne d&#039;Arc Figeac\",\"potentialAction\":[{\"@type\":\"SearchAction\",\"target\":{\"@type\":\"EntryPoint\",\"urlTemplate\":\"https:\/\/www.jeannedarc-figeac.fr\/college-lycee\/?s={search_term_string}\"},\"query-input\":{\"@type\":\"PropertyValueSpecification\",\"valueRequired\":true,\"valueName\":\"search_term_string\"}}],\"inLanguage\":\"fr-FR\"},{\"@type\":\"Person\",\"@id\":\"https:\/\/www.jeannedarc-figeac.fr\/college-lycee\/#\/schema\/person\/29e5764f28e895dc8bf41d4468f99154\",\"name\":\"le secr\u00e9tariat\",\"image\":{\"@type\":\"ImageObject\",\"inLanguage\":\"fr-FR\",\"@id\":\"https:\/\/www.jeannedarc-figeac.fr\/college-lycee\/#\/schema\/person\/image\/\",\"url\":\"https:\/\/www.jeannedarc-figeac.fr\/college-lycee\/wp-content\/litespeed\/avatar\/5\/b7e8da60f53ba4adc9e9e66d91d84580.jpg?ver=1776943645\",\"contentUrl\":\"https:\/\/www.jeannedarc-figeac.fr\/college-lycee\/wp-content\/litespeed\/avatar\/5\/b7e8da60f53ba4adc9e9e66d91d84580.jpg?ver=1776943645\",\"caption\":\"le secr\u00e9tariat\"},\"url\":\"https:\/\/www.jeannedarc-figeac.fr\/college-lycee\/author\/arlette\/\"}]}<\/script>\n<!-- \/ Yoast SEO plugin. -->","yoast_head_json":{"title":"Les 6\u00e8me et 5\u00e8me de l\u2019aum\u00f4nerie en sortie \u00e0 Villefranche de Rouergue","description":"Jeudi 22 juin, nous sommes partis le P\u00e8re Guillaume, le P\u00e8re Jean Baptiste , Madame Vidal, accompagn\u00e9s par 26 \u00e9l\u00e8ves \u00e0 Villefranche sur les pas de Sainte","robots":{"index":"index","follow":"follow","max-snippet":"max-snippet:-1","max-image-preview":"max-image-preview:large","max-video-preview":"max-video-preview:-1"},"canonical":"http:\/\/www.jeannedarc-figeac.fr\/college-lycee\/6eme-5eme-de-laumonerie-sortie-a-villefranche-de-rouergue\/","og_locale":"fr_FR","og_type":"article","og_title":"Les 6\u00e8me et 5\u00e8me de l\u2019aum\u00f4nerie en sortie \u00e0 Villefranche de Rouergue","og_description":"Jeudi 22 juin, nous sommes partis le P\u00e8re Guillaume, le P\u00e8re Jean Baptiste , Madame Vidal, accompagn\u00e9s par 26 \u00e9l\u00e8ves \u00e0 Villefranche sur les pas de Sainte","og_url":"http:\/\/www.jeannedarc-figeac.fr\/college-lycee\/6eme-5eme-de-laumonerie-sortie-a-villefranche-de-rouergue\/","og_site_name":"Coll\u00e8ge et Lyc\u00e9e Jeanne d&#039;Arc","article_published_time":"2017-09-21T08:34:16+00:00","og_image":[{"url":"http:\/\/www.jeannedarc-figeac.fr\/college-lycee\/wp-content\/uploads\/sites\/5\/2017\/09\/Emilie-bis-300x225.jpg","type":"","width":"","height":""}],"author":"le secr\u00e9tariat","schema":{"@context":"https:\/\/schema.org","@graph":[{"@type":"WebPage","@id":"http:\/\/www.jeannedarc-figeac.fr\/college-lycee\/6eme-5eme-de-laumonerie-sortie-a-villefranche-de-rouergue\/","url":"http:\/\/www.jeannedarc-figeac.fr\/college-lycee\/6eme-5eme-de-laumonerie-sortie-a-villefranche-de-rouergue\/","name":"Les 6\u00e8me et 5\u00e8me de l\u2019aum\u00f4nerie en sortie \u00e0 Villefranche de Rouergue","isPartOf":{"@id":"https:\/\/www.jeannedarc-figeac.fr\/college-lycee\/#website"},"primaryImageOfPage":{"@id":"http:\/\/www.jeannedarc-figeac.fr\/college-lycee\/6eme-5eme-de-laumonerie-sortie-a-villefranche-de-rouergue\/#primaryimage"},"image":{"@id":"http:\/\/www.jeannedarc-figeac.fr\/college-lycee\/6eme-5eme-de-laumonerie-sortie-a-villefranche-de-rouergue\/#primaryimage"},"thumbnailUrl":"http:\/\/www.jeannedarc-figeac.fr\/college-lycee\/wp-content\/uploads\/sites\/5\/2017\/09\/Emilie-bis-300x225.jpg","datePublished":"2017-09-21T08:34:16+00:00","author":{"@id":"https:\/\/www.jeannedarc-figeac.fr\/college-lycee\/#\/schema\/person\/29e5764f28e895dc8bf41d4468f99154"},"description":"Jeudi 22 juin, nous sommes partis le P\u00e8re Guillaume, le P\u00e8re Jean Baptiste , Madame Vidal, accompagn\u00e9s par 26 \u00e9l\u00e8ves \u00e0 Villefranche sur les pas de Sainte","breadcrumb":{"@id":"http:\/\/www.jeannedarc-figeac.fr\/college-lycee\/6eme-5eme-de-laumonerie-sortie-a-villefranche-de-rouergue\/#breadcrumb"},"inLanguage":"fr-FR","potentialAction":[{"@type":"ReadAction","target":["http:\/\/www.jeannedarc-figeac.fr\/college-lycee\/6eme-5eme-de-laumonerie-sortie-a-villefranche-de-rouergue\/"]}]},{"@type":"ImageObject","inLanguage":"fr-FR","@id":"http:\/\/www.jeannedarc-figeac.fr\/college-lycee\/6eme-5eme-de-laumonerie-sortie-a-villefranche-de-rouergue\/#primaryimage","url":"https:\/\/i0.wp.com\/www.jeannedarc-figeac.fr\/college-lycee\/wp-content\/uploads\/sites\/5\/2017\/09\/Emilie-bis.jpg?fit=1600%2C1200&ssl=1","contentUrl":"https:\/\/i0.wp.com\/www.jeannedarc-figeac.fr\/college-lycee\/wp-content\/uploads\/sites\/5\/2017\/09\/Emilie-bis.jpg?fit=1600%2C1200&ssl=1","width":1600,"height":1200},{"@type":"BreadcrumbList","@id":"http:\/\/www.jeannedarc-figeac.fr\/college-lycee\/6eme-5eme-de-laumonerie-sortie-a-villefranche-de-rouergue\/#breadcrumb","itemListElement":[{"@type":"ListItem","position":1,"name":"Accueil","item":"https:\/\/www.jeannedarc-figeac.fr\/college-lycee\/"},{"@type":"ListItem","position":2,"name":"Actus","item":"http:\/\/www.jeannedarc-figeac.fr\/college-lycee\/cat\/actus\/"},{"@type":"ListItem","position":3,"name":"Les 6\u00e8me et 5\u00e8me de l\u2019aum\u00f4nerie en sortie \u00e0 Villefranche de Rouergue"}]},{"@type":"WebSite","@id":"https:\/\/www.jeannedarc-figeac.fr\/college-lycee\/#website","url":"https:\/\/www.jeannedarc-figeac.fr\/college-lycee\/","name":"Coll\u00e8ge et Lyc\u00e9e Jeanne d&#039;Arc","description":"Jeanne d&#039;Arc Figeac","potentialAction":[{"@type":"SearchAction","target":{"@type":"EntryPoint","urlTemplate":"https:\/\/www.jeannedarc-figeac.fr\/college-lycee\/?s={search_term_string}"},"query-input":{"@type":"PropertyValueSpecification","valueRequired":true,"valueName":"search_term_string"}}],"inLanguage":"fr-FR"},{"@type":"Person","@id":"https:\/\/www.jeannedarc-figeac.fr\/college-lycee\/#\/schema\/person\/29e5764f28e895dc8bf41d4468f99154","name":"le secr\u00e9tariat","image":{"@type":"ImageObject","inLanguage":"fr-FR","@id":"https:\/\/www.jeannedarc-figeac.fr\/college-lycee\/#\/schema\/person\/image\/","url":"https:\/\/www.jeannedarc-figeac.fr\/college-lycee\/wp-content\/litespeed\/avatar\/5\/b7e8da60f53ba4adc9e9e66d91d84580.jpg?ver=1776943645","contentUrl":"https:\/\/www.jeannedarc-figeac.fr\/college-lycee\/wp-content\/litespeed\/avatar\/5\/b7e8da60f53ba4adc9e9e66d91d84580.jpg?ver=1776943645","caption":"le secr\u00e9tariat"},"url":"https:\/\/www.jeannedarc-figeac.fr\/college-lycee\/author\/arlette\/"}]}},"jetpack_featured_media_url":"","jetpack_sharing_enabled":true,"jetpack_shortlink":"https:\/\/wp.me\/p5Qyb6-Ft","_links":{"self":[{"href":"https:\/\/www.jeannedarc-figeac.fr\/college-lycee\/wp-json\/wp\/v2\/posts\/2571","targetHints":{"allow":["GET"]}}],"collection":[{"href":"https:\/\/www.jeannedarc-figeac.fr\/college-lycee\/wp-json\/wp\/v2\/posts"}],"about":[{"href":"https:\/\/www.jeannedarc-figeac.fr\/college-lycee\/wp-json\/wp\/v2\/types\/post"}],"author":[{"embeddable":true,"href":"https:\/\/www.jeannedarc-figeac.fr\/college-lycee\/wp-json\/wp\/v2\/users\/12"}],"replies":[{"embeddable":true,"href":"https:\/\/www.jeannedarc-figeac.fr\/college-lycee\/wp-json\/wp\/v2\/comments?post=2571"}],"version-history":[{"count":1,"href":"https:\/\/www.jeannedarc-figeac.fr\/college-lycee\/wp-json\/wp\/v2\/posts\/2571\/revisions"}],"predecessor-version":[{"id":2573,"href":"https:\/\/www.jeannedarc-figeac.fr\/college-lycee\/wp-json\/wp\/v2\/posts\/2571\/revisions\/2573"}],"wp:attachment":[{"href":"https:\/\/www.jeannedarc-figeac.fr\/college-lycee\/wp-json\/wp\/v2\/media?parent=2571"}],"wp:term":[{"taxonomy":"category","embeddable":true,"href":"https:\/\/www.jeannedarc-figeac.fr\/college-lycee\/wp-json\/wp\/v2\/categories?post=2571"},{"taxonomy":"post_tag","embeddable":true,"href":"https:\/\/www.jeannedarc-figeac.fr\/college-lycee\/wp-json\/wp\/v2\/tags?post=2571"}],"curies":[{"name":"wp","href":"https:\/\/api.w.org\/{rel}","templated":true}]}}