{"id":2564,"date":"2017-07-12T07:09:47","date_gmt":"2017-07-12T07:09:47","guid":{"rendered":"http:\/\/www.jeannedarc-figeac.fr\/college-lycee\/?p=2564"},"modified":"2018-03-26T11:29:10","modified_gmt":"2018-03-26T11:29:10","slug":"dix-neuvieme-metait-conte-zapping-de-linfo-2017","status":"publish","type":"post","link":"https:\/\/www.jeannedarc-figeac.fr\/college-lycee\/dix-neuvieme-metait-conte-zapping-de-linfo-2017\/","title":{"rendered":"\u00ab\u00a0Si le dix-neuvi\u00e8me m&rsquo;\u00e9tait cont\u00e9\u00a0\u00bb &#8211; Le zapping de l&rsquo;info \u2013 2017"},"content":{"rendered":"<p>L&rsquo;interview de Marie Curie, celle de Ferdinand de Lesseps lors des fun\u00e9railles de Victor Hugo, un micro-trottoir sur les Impressionnistes, un t\u00e9moignage sur la premi\u00e8re d&rsquo;Hernani, les portraits de Jeanne Deroin, Hubertine Auclert, et Victor Schoelcher, un reportage sur les grands magasins, sur le travail des enfants, mais aussi le suicide d&rsquo;une certaine Emma Bovary, la fin brutale d&rsquo;un d\u00e9nomm\u00e9 Gavroche, l&rsquo;apparition remarqu\u00e9e au Minist\u00e8re d&rsquo;une Mme Loisel&#8230;. tout cela (et bien plus) figure dans ce \u00ab\u00a0Zapping de l&rsquo;info\u00a0\u00bb qui avait pour th\u00e8me le dix-neuvi\u00e8me si\u00e8cle, \u00e9crit et jou\u00e9 par des \u00e9l\u00e8ves de quatri\u00e8me du coll\u00e8ge Jeanne d&rsquo;Arc \u00e0 Figeac, dans le cadre des EPI (Enseignements Pratiques Interdisciplinaires, men\u00e9s conjointement en fran\u00e7ais et en histoire et g\u00e9ographie).<\/p>\n<p>&nbsp;<\/p>\n<p><iframe loading=\"lazy\" title=\"\u00ab\u00a0Si le dix-neuvi\u00e8me m&#039;\u00e9tait cont\u00e9\u00a0\u00bb Le zapping de l&#039;info \u2013 2017\" width=\"1080\" height=\"810\" src=\"https:\/\/www.youtube.com\/embed\/F0QA5dKt1Oc?feature=oembed\"  allow=\"accelerometer; autoplay; clipboard-write; encrypted-media; gyroscope; picture-in-picture; web-share\" referrerpolicy=\"strict-origin-when-cross-origin\" allowfullscreen><\/iframe><\/p>\n","protected":false},"excerpt":{"rendered":"<p>L&rsquo;interview de Marie Curie, celle de Ferdinand de Lesseps lors des fun\u00e9railles de Victor Hugo, un micro-trottoir sur les Impressionnistes, un t\u00e9moignage sur la premi\u00e8re d&rsquo;Hernani, les portraits de Jeanne Deroin, Hubertine Auclert, et Victor Schoelcher, un reportage sur les grands magasins, sur le travail des enfants, mais aussi le suicide d&rsquo;une certaine Emma Bovary, [&hellip;]<\/p>\n","protected":false},"author":10,"featured_media":0,"comment_status":"closed","ping_status":"open","sticky":false,"template":"","format":"standard","meta":{"_et_pb_use_builder":"","_et_pb_old_content":"","_et_gb_content_width":"","_jetpack_newsletter_access":"","_jetpack_dont_email_post_to_subs":false,"_jetpack_newsletter_tier_id":0,"_jetpack_memberships_contains_paywalled_content":false,"iawp_total_views":0,"_jetpack_memberships_contains_paid_content":false,"footnotes":""},"categories":[33],"tags":[39,40],"class_list":["post-2564","post","type-post","status-publish","format-standard","hentry","category-travaux_eleves","tag-epi-4eme","tag-video-zapping-de-linfo"],"yoast_head":"<!-- This site is optimized with the Yoast SEO plugin v26.0 - https:\/\/yoast.com\/wordpress\/plugins\/seo\/ -->\n<title>\u00ab\u00a0Si le dix-neuvi\u00e8me m&#039;\u00e9tait cont\u00e9\u00a0\u00bb - Le zapping de l&#039;info \u2013 2017<\/title>\n<meta name=\"description\" content=\"L&#039;interview de Marie Curie, celle de Ferdinand de Lesseps lors des fun\u00e9railles de Victor Hugo, un micro-trottoir sur les Impressionnistes, un t\u00e9moignage\" \/>\n<meta name=\"robots\" content=\"index, follow, max-snippet:-1, max-image-preview:large, max-video-preview:-1\" \/>\n<link rel=\"canonical\" href=\"http:\/\/www.jeannedarc-figeac.fr\/college-lycee\/dix-neuvieme-metait-conte-zapping-de-linfo-2017\/\" \/>\n<meta property=\"og:locale\" content=\"fr_FR\" \/>\n<meta property=\"og:type\" content=\"article\" \/>\n<meta property=\"og:title\" content=\"\u00ab\u00a0Si le dix-neuvi\u00e8me m&#039;\u00e9tait cont\u00e9\u00a0\u00bb - Le zapping de l&#039;info \u2013 2017\" \/>\n<meta property=\"og:description\" content=\"L&#039;interview de Marie Curie, celle de Ferdinand de Lesseps lors des fun\u00e9railles de Victor Hugo, un micro-trottoir sur les Impressionnistes, un t\u00e9moignage\" \/>\n<meta property=\"og:url\" content=\"http:\/\/www.jeannedarc-figeac.fr\/college-lycee\/dix-neuvieme-metait-conte-zapping-de-linfo-2017\/\" \/>\n<meta property=\"og:site_name\" content=\"Coll\u00e8ge et Lyc\u00e9e Jeanne d&#039;Arc\" \/>\n<meta property=\"article:published_time\" content=\"2017-07-12T07:09:47+00:00\" \/>\n<meta property=\"article:modified_time\" content=\"2018-03-26T11:29:10+00:00\" \/>\n<meta name=\"author\" content=\"lbodi\" \/>\n<script type=\"application\/ld+json\" class=\"yoast-schema-graph\">{\"@context\":\"https:\/\/schema.org\",\"@graph\":[{\"@type\":\"WebPage\",\"@id\":\"http:\/\/www.jeannedarc-figeac.fr\/college-lycee\/dix-neuvieme-metait-conte-zapping-de-linfo-2017\/\",\"url\":\"http:\/\/www.jeannedarc-figeac.fr\/college-lycee\/dix-neuvieme-metait-conte-zapping-de-linfo-2017\/\",\"name\":\"\u00ab\u00a0Si le dix-neuvi\u00e8me m'\u00e9tait cont\u00e9\u00a0\u00bb - Le zapping de l'info \u2013 2017\",\"isPartOf\":{\"@id\":\"https:\/\/www.jeannedarc-figeac.fr\/college-lycee\/#website\"},\"datePublished\":\"2017-07-12T07:09:47+00:00\",\"dateModified\":\"2018-03-26T11:29:10+00:00\",\"author\":{\"@id\":\"https:\/\/www.jeannedarc-figeac.fr\/college-lycee\/#\/schema\/person\/73c77ff8c704c2a97b0e1f3f5b764da8\"},\"description\":\"L'interview de Marie Curie, celle de Ferdinand de Lesseps lors des fun\u00e9railles de Victor Hugo, un micro-trottoir sur les Impressionnistes, un t\u00e9moignage\",\"breadcrumb\":{\"@id\":\"http:\/\/www.jeannedarc-figeac.fr\/college-lycee\/dix-neuvieme-metait-conte-zapping-de-linfo-2017\/#breadcrumb\"},\"inLanguage\":\"fr-FR\",\"potentialAction\":[{\"@type\":\"ReadAction\",\"target\":[\"http:\/\/www.jeannedarc-figeac.fr\/college-lycee\/dix-neuvieme-metait-conte-zapping-de-linfo-2017\/\"]}]},{\"@type\":\"BreadcrumbList\",\"@id\":\"http:\/\/www.jeannedarc-figeac.fr\/college-lycee\/dix-neuvieme-metait-conte-zapping-de-linfo-2017\/#breadcrumb\",\"itemListElement\":[{\"@type\":\"ListItem\",\"position\":1,\"name\":\"Accueil\",\"item\":\"https:\/\/www.jeannedarc-figeac.fr\/college-lycee\/\"},{\"@type\":\"ListItem\",\"position\":2,\"name\":\"Travaux des \u00e9l\u00e8ves\",\"item\":\"https:\/\/www.jeannedarc-figeac.fr\/college-lycee\/cat\/travaux_eleves\/\"},{\"@type\":\"ListItem\",\"position\":3,\"name\":\"\u00ab\u00a0Si le dix-neuvi\u00e8me m&rsquo;\u00e9tait cont\u00e9\u00a0\u00bb &#8211; Le zapping de l&rsquo;info \u2013 2017\"}]},{\"@type\":\"WebSite\",\"@id\":\"https:\/\/www.jeannedarc-figeac.fr\/college-lycee\/#website\",\"url\":\"https:\/\/www.jeannedarc-figeac.fr\/college-lycee\/\",\"name\":\"Coll\u00e8ge et Lyc\u00e9e Jeanne d&#039;Arc\",\"description\":\"Jeanne d&#039;Arc Figeac\",\"potentialAction\":[{\"@type\":\"SearchAction\",\"target\":{\"@type\":\"EntryPoint\",\"urlTemplate\":\"https:\/\/www.jeannedarc-figeac.fr\/college-lycee\/?s={search_term_string}\"},\"query-input\":{\"@type\":\"PropertyValueSpecification\",\"valueRequired\":true,\"valueName\":\"search_term_string\"}}],\"inLanguage\":\"fr-FR\"},{\"@type\":\"Person\",\"@id\":\"https:\/\/www.jeannedarc-figeac.fr\/college-lycee\/#\/schema\/person\/73c77ff8c704c2a97b0e1f3f5b764da8\",\"name\":\"lbodi\",\"image\":{\"@type\":\"ImageObject\",\"inLanguage\":\"fr-FR\",\"@id\":\"https:\/\/www.jeannedarc-figeac.fr\/college-lycee\/#\/schema\/person\/image\/\",\"url\":\"https:\/\/www.jeannedarc-figeac.fr\/college-lycee\/wp-content\/litespeed\/avatar\/5\/88f2c477d3cd582cfaf81093731fe5fb.jpg?ver=1777548713\",\"contentUrl\":\"https:\/\/www.jeannedarc-figeac.fr\/college-lycee\/wp-content\/litespeed\/avatar\/5\/88f2c477d3cd582cfaf81093731fe5fb.jpg?ver=1777548713\",\"caption\":\"lbodi\"},\"url\":\"https:\/\/www.jeannedarc-figeac.fr\/college-lycee\/author\/lbodi\/\"}]}<\/script>\n<!-- \/ Yoast SEO plugin. -->","yoast_head_json":{"title":"\u00ab\u00a0Si le dix-neuvi\u00e8me m'\u00e9tait cont\u00e9\u00a0\u00bb - Le zapping de l'info \u2013 2017","description":"L'interview de Marie Curie, celle de Ferdinand de Lesseps lors des fun\u00e9railles de Victor Hugo, un micro-trottoir sur les Impressionnistes, un t\u00e9moignage","robots":{"index":"index","follow":"follow","max-snippet":"max-snippet:-1","max-image-preview":"max-image-preview:large","max-video-preview":"max-video-preview:-1"},"canonical":"http:\/\/www.jeannedarc-figeac.fr\/college-lycee\/dix-neuvieme-metait-conte-zapping-de-linfo-2017\/","og_locale":"fr_FR","og_type":"article","og_title":"\u00ab\u00a0Si le dix-neuvi\u00e8me m'\u00e9tait cont\u00e9\u00a0\u00bb - Le zapping de l'info \u2013 2017","og_description":"L'interview de Marie Curie, celle de Ferdinand de Lesseps lors des fun\u00e9railles de Victor Hugo, un micro-trottoir sur les Impressionnistes, un t\u00e9moignage","og_url":"http:\/\/www.jeannedarc-figeac.fr\/college-lycee\/dix-neuvieme-metait-conte-zapping-de-linfo-2017\/","og_site_name":"Coll\u00e8ge et Lyc\u00e9e Jeanne d&#039;Arc","article_published_time":"2017-07-12T07:09:47+00:00","article_modified_time":"2018-03-26T11:29:10+00:00","author":"lbodi","schema":{"@context":"https:\/\/schema.org","@graph":[{"@type":"WebPage","@id":"http:\/\/www.jeannedarc-figeac.fr\/college-lycee\/dix-neuvieme-metait-conte-zapping-de-linfo-2017\/","url":"http:\/\/www.jeannedarc-figeac.fr\/college-lycee\/dix-neuvieme-metait-conte-zapping-de-linfo-2017\/","name":"\u00ab\u00a0Si le dix-neuvi\u00e8me m'\u00e9tait cont\u00e9\u00a0\u00bb - Le zapping de l'info \u2013 2017","isPartOf":{"@id":"https:\/\/www.jeannedarc-figeac.fr\/college-lycee\/#website"},"datePublished":"2017-07-12T07:09:47+00:00","dateModified":"2018-03-26T11:29:10+00:00","author":{"@id":"https:\/\/www.jeannedarc-figeac.fr\/college-lycee\/#\/schema\/person\/73c77ff8c704c2a97b0e1f3f5b764da8"},"description":"L'interview de Marie Curie, celle de Ferdinand de Lesseps lors des fun\u00e9railles de Victor Hugo, un micro-trottoir sur les Impressionnistes, un t\u00e9moignage","breadcrumb":{"@id":"http:\/\/www.jeannedarc-figeac.fr\/college-lycee\/dix-neuvieme-metait-conte-zapping-de-linfo-2017\/#breadcrumb"},"inLanguage":"fr-FR","potentialAction":[{"@type":"ReadAction","target":["http:\/\/www.jeannedarc-figeac.fr\/college-lycee\/dix-neuvieme-metait-conte-zapping-de-linfo-2017\/"]}]},{"@type":"BreadcrumbList","@id":"http:\/\/www.jeannedarc-figeac.fr\/college-lycee\/dix-neuvieme-metait-conte-zapping-de-linfo-2017\/#breadcrumb","itemListElement":[{"@type":"ListItem","position":1,"name":"Accueil","item":"https:\/\/www.jeannedarc-figeac.fr\/college-lycee\/"},{"@type":"ListItem","position":2,"name":"Travaux des \u00e9l\u00e8ves","item":"https:\/\/www.jeannedarc-figeac.fr\/college-lycee\/cat\/travaux_eleves\/"},{"@type":"ListItem","position":3,"name":"\u00ab\u00a0Si le dix-neuvi\u00e8me m&rsquo;\u00e9tait cont\u00e9\u00a0\u00bb &#8211; Le zapping de l&rsquo;info \u2013 2017"}]},{"@type":"WebSite","@id":"https:\/\/www.jeannedarc-figeac.fr\/college-lycee\/#website","url":"https:\/\/www.jeannedarc-figeac.fr\/college-lycee\/","name":"Coll\u00e8ge et Lyc\u00e9e Jeanne d&#039;Arc","description":"Jeanne d&#039;Arc Figeac","potentialAction":[{"@type":"SearchAction","target":{"@type":"EntryPoint","urlTemplate":"https:\/\/www.jeannedarc-figeac.fr\/college-lycee\/?s={search_term_string}"},"query-input":{"@type":"PropertyValueSpecification","valueRequired":true,"valueName":"search_term_string"}}],"inLanguage":"fr-FR"},{"@type":"Person","@id":"https:\/\/www.jeannedarc-figeac.fr\/college-lycee\/#\/schema\/person\/73c77ff8c704c2a97b0e1f3f5b764da8","name":"lbodi","image":{"@type":"ImageObject","inLanguage":"fr-FR","@id":"https:\/\/www.jeannedarc-figeac.fr\/college-lycee\/#\/schema\/person\/image\/","url":"https:\/\/www.jeannedarc-figeac.fr\/college-lycee\/wp-content\/litespeed\/avatar\/5\/88f2c477d3cd582cfaf81093731fe5fb.jpg?ver=1777548713","contentUrl":"https:\/\/www.jeannedarc-figeac.fr\/college-lycee\/wp-content\/litespeed\/avatar\/5\/88f2c477d3cd582cfaf81093731fe5fb.jpg?ver=1777548713","caption":"lbodi"},"url":"https:\/\/www.jeannedarc-figeac.fr\/college-lycee\/author\/lbodi\/"}]}},"jetpack_featured_media_url":"","jetpack_sharing_enabled":true,"jetpack_shortlink":"https:\/\/wp.me\/p5Qyb6-Fm","_links":{"self":[{"href":"https:\/\/www.jeannedarc-figeac.fr\/college-lycee\/wp-json\/wp\/v2\/posts\/2564","targetHints":{"allow":["GET"]}}],"collection":[{"href":"https:\/\/www.jeannedarc-figeac.fr\/college-lycee\/wp-json\/wp\/v2\/posts"}],"about":[{"href":"https:\/\/www.jeannedarc-figeac.fr\/college-lycee\/wp-json\/wp\/v2\/types\/post"}],"author":[{"embeddable":true,"href":"https:\/\/www.jeannedarc-figeac.fr\/college-lycee\/wp-json\/wp\/v2\/users\/10"}],"replies":[{"embeddable":true,"href":"https:\/\/www.jeannedarc-figeac.fr\/college-lycee\/wp-json\/wp\/v2\/comments?post=2564"}],"version-history":[{"count":2,"href":"https:\/\/www.jeannedarc-figeac.fr\/college-lycee\/wp-json\/wp\/v2\/posts\/2564\/revisions"}],"predecessor-version":[{"id":2740,"href":"https:\/\/www.jeannedarc-figeac.fr\/college-lycee\/wp-json\/wp\/v2\/posts\/2564\/revisions\/2740"}],"wp:attachment":[{"href":"https:\/\/www.jeannedarc-figeac.fr\/college-lycee\/wp-json\/wp\/v2\/media?parent=2564"}],"wp:term":[{"taxonomy":"category","embeddable":true,"href":"https:\/\/www.jeannedarc-figeac.fr\/college-lycee\/wp-json\/wp\/v2\/categories?post=2564"},{"taxonomy":"post_tag","embeddable":true,"href":"https:\/\/www.jeannedarc-figeac.fr\/college-lycee\/wp-json\/wp\/v2\/tags?post=2564"}],"curies":[{"name":"wp","href":"https:\/\/api.w.org\/{rel}","templated":true}]}}