{"id":2408,"date":"2017-05-30T09:34:50","date_gmt":"2017-05-30T09:34:50","guid":{"rendered":"http:\/\/www.jeannedarc-figeac.fr\/college-lycee\/?p=2408"},"modified":"2017-05-30T09:34:50","modified_gmt":"2017-05-30T09:34:50","slug":"chorale-cantadis-representation","status":"publish","type":"post","link":"https:\/\/www.jeannedarc-figeac.fr\/college-lycee\/chorale-cantadis-representation\/","title":{"rendered":"La chorale \u00ab\u00a0Les cantadis\u00a0\u00bb en repr\u00e9sentation"},"content":{"rendered":"<p><a href=\"https:\/\/i0.wp.com\/www.jeannedarc-figeac.fr\/college-lycee\/wp-content\/uploads\/sites\/5\/2017\/05\/CHORALE-site.jpg\"><img data-recalc-dims=\"1\" loading=\"lazy\" decoding=\"async\" class=\"alignnone size-medium wp-image-2409\" src=\"https:\/\/i0.wp.com\/www.jeannedarc-figeac.fr\/college-lycee\/wp-content\/uploads\/sites\/5\/2017\/05\/CHORALE-site.jpg?resize=300%2C225\" alt=\"\" width=\"300\" height=\"225\" srcset=\"https:\/\/i0.wp.com\/www.jeannedarc-figeac.fr\/college-lycee\/wp-content\/uploads\/sites\/5\/2017\/05\/CHORALE-site.jpg?resize=300%2C225&amp;ssl=1 300w, https:\/\/i0.wp.com\/www.jeannedarc-figeac.fr\/college-lycee\/wp-content\/uploads\/sites\/5\/2017\/05\/CHORALE-site.jpg?resize=768%2C576&amp;ssl=1 768w, https:\/\/i0.wp.com\/www.jeannedarc-figeac.fr\/college-lycee\/wp-content\/uploads\/sites\/5\/2017\/05\/CHORALE-site.jpg?resize=1024%2C768&amp;ssl=1 1024w, https:\/\/i0.wp.com\/www.jeannedarc-figeac.fr\/college-lycee\/wp-content\/uploads\/sites\/5\/2017\/05\/CHORALE-site.jpg?resize=1080%2C810&amp;ssl=1 1080w, https:\/\/i0.wp.com\/www.jeannedarc-figeac.fr\/college-lycee\/wp-content\/uploads\/sites\/5\/2017\/05\/CHORALE-site.jpg?w=1600&amp;ssl=1 1600w\" sizes=\"(max-width: 300px) 100vw, 300px\" \/><\/a><\/p>\n<p><span style=\"color: #0000ff\"><strong>Mardi 16 mai en soir\u00e9e, la salle Fran\u00e7ois Mitterrand \u00e9tait bond\u00e9e. La chorale du coll\u00e8ge et lyc\u00e9e Jeanne d\u2019Arc\u00a0<em>les CANTADIS<\/em>, avait invit\u00e9 parents et amis pour une grande soir\u00e9e \u00ab\u00a0musique\u00a0\u00bb sous la direction de leur chef de Ch\u0153ur S\u00e9bastien Fauvel.<\/strong><\/span><\/p>\n<p><span style=\"color: #0000ff\"><strong>Au cours de ce spectacle, le public venu nombreux (pr\u00e8s de 350 personnes), a pu appr\u00e9cier les voix des 50 choristes qui ont fait vibrer la salle, dans des partitions de chants d\u2019hier (<em>Hit the road Jack<\/em>, <em>l\u2019hymne \u00e0 l\u2019amour<\/em>, <em>Amsterdam<\/em>\u2026) et d\u2019aujourd\u2019hui (<em>Changer<\/em> de Maitre Gims, <em>Clown<\/em> de Soprano\u2026).<\/strong><\/span><\/p>\n<p><span style=\"color: #0000ff\"><strong>Cette ann\u00e9e, le groupe de l\u2019option musique du lyc\u00e9e a \u00e9galement particip\u00e9 et a ainsi d\u00e9voil\u00e9 au public de jeunes talents. La pr\u00e9sence des lyc\u00e9ens a aussi permis d\u2019apporter une touche instrumentale tr\u00e8s appr\u00e9ciable et de qualit\u00e9.<\/strong><\/span><\/p>\n<p><span style=\"color: #0000ff\"><strong>Ce fut une bien belle soir\u00e9e !<\/strong><\/span><\/p>\n","protected":false},"excerpt":{"rendered":"<p>Mardi 16 mai en soir\u00e9e, la salle Fran\u00e7ois Mitterrand \u00e9tait bond\u00e9e. La chorale du coll\u00e8ge et lyc\u00e9e Jeanne d\u2019Arc\u00a0les CANTADIS, avait invit\u00e9 parents et amis pour une grande soir\u00e9e \u00ab\u00a0musique\u00a0\u00bb sous la direction de leur chef de Ch\u0153ur S\u00e9bastien Fauvel. Au cours de ce spectacle, le public venu nombreux (pr\u00e8s de 350 personnes), a pu [&hellip;]<\/p>\n","protected":false},"author":12,"featured_media":0,"comment_status":"closed","ping_status":"open","sticky":false,"template":"","format":"standard","meta":{"_et_pb_use_builder":"","_et_pb_old_content":"","_et_gb_content_width":"","_jetpack_newsletter_access":"","_jetpack_dont_email_post_to_subs":false,"_jetpack_newsletter_tier_id":0,"_jetpack_memberships_contains_paywalled_content":false,"iawp_total_views":7,"_jetpack_memberships_contains_paid_content":false,"footnotes":""},"categories":[28],"tags":[],"class_list":["post-2408","post","type-post","status-publish","format-standard","hentry","category-actus"],"yoast_head":"<!-- This site is optimized with the Yoast SEO plugin v26.0 - https:\/\/yoast.com\/wordpress\/plugins\/seo\/ -->\n<title>La chorale &quot;Les cantadis&quot; en repr\u00e9sentation<\/title>\n<meta name=\"description\" content=\"Mardi 16 mai en soir\u00e9e, la salle Fran\u00e7ois Mitterrand \u00e9tait bond\u00e9e. La chorale du coll\u00e8ge et lyc\u00e9e Jeanne d\u2019Arc\u00a0les CANTADIS, avait invit\u00e9 parents et amis\" \/>\n<meta name=\"robots\" content=\"index, follow, max-snippet:-1, max-image-preview:large, max-video-preview:-1\" \/>\n<link rel=\"canonical\" href=\"http:\/\/www.jeannedarc-figeac.fr\/college-lycee\/chorale-cantadis-representation\/\" \/>\n<meta property=\"og:locale\" content=\"fr_FR\" \/>\n<meta property=\"og:type\" content=\"article\" \/>\n<meta property=\"og:title\" content=\"La chorale &quot;Les cantadis&quot; en repr\u00e9sentation\" \/>\n<meta property=\"og:description\" content=\"Mardi 16 mai en soir\u00e9e, la salle Fran\u00e7ois Mitterrand \u00e9tait bond\u00e9e. La chorale du coll\u00e8ge et lyc\u00e9e Jeanne d\u2019Arc\u00a0les CANTADIS, avait invit\u00e9 parents et amis\" \/>\n<meta property=\"og:url\" content=\"http:\/\/www.jeannedarc-figeac.fr\/college-lycee\/chorale-cantadis-representation\/\" \/>\n<meta property=\"og:site_name\" content=\"Coll\u00e8ge et Lyc\u00e9e Jeanne d&#039;Arc\" \/>\n<meta property=\"article:published_time\" content=\"2017-05-30T09:34:50+00:00\" \/>\n<meta property=\"og:image\" content=\"http:\/\/www.jeannedarc-figeac.fr\/college-lycee\/wp-content\/uploads\/sites\/5\/2017\/05\/CHORALE-site-300x225.jpg\" \/>\n<meta name=\"author\" content=\"le secr\u00e9tariat\" \/>\n<script type=\"application\/ld+json\" class=\"yoast-schema-graph\">{\"@context\":\"https:\/\/schema.org\",\"@graph\":[{\"@type\":\"WebPage\",\"@id\":\"http:\/\/www.jeannedarc-figeac.fr\/college-lycee\/chorale-cantadis-representation\/\",\"url\":\"http:\/\/www.jeannedarc-figeac.fr\/college-lycee\/chorale-cantadis-representation\/\",\"name\":\"La chorale \\\"Les cantadis\\\" en repr\u00e9sentation\",\"isPartOf\":{\"@id\":\"https:\/\/www.jeannedarc-figeac.fr\/college-lycee\/#website\"},\"primaryImageOfPage\":{\"@id\":\"http:\/\/www.jeannedarc-figeac.fr\/college-lycee\/chorale-cantadis-representation\/#primaryimage\"},\"image\":{\"@id\":\"http:\/\/www.jeannedarc-figeac.fr\/college-lycee\/chorale-cantadis-representation\/#primaryimage\"},\"thumbnailUrl\":\"http:\/\/www.jeannedarc-figeac.fr\/college-lycee\/wp-content\/uploads\/sites\/5\/2017\/05\/CHORALE-site-300x225.jpg\",\"datePublished\":\"2017-05-30T09:34:50+00:00\",\"author\":{\"@id\":\"https:\/\/www.jeannedarc-figeac.fr\/college-lycee\/#\/schema\/person\/29e5764f28e895dc8bf41d4468f99154\"},\"description\":\"Mardi 16 mai en soir\u00e9e, la salle Fran\u00e7ois Mitterrand \u00e9tait bond\u00e9e. La chorale du coll\u00e8ge et lyc\u00e9e Jeanne d\u2019Arc\u00a0les CANTADIS, avait invit\u00e9 parents et amis\",\"breadcrumb\":{\"@id\":\"http:\/\/www.jeannedarc-figeac.fr\/college-lycee\/chorale-cantadis-representation\/#breadcrumb\"},\"inLanguage\":\"fr-FR\",\"potentialAction\":[{\"@type\":\"ReadAction\",\"target\":[\"http:\/\/www.jeannedarc-figeac.fr\/college-lycee\/chorale-cantadis-representation\/\"]}]},{\"@type\":\"ImageObject\",\"inLanguage\":\"fr-FR\",\"@id\":\"http:\/\/www.jeannedarc-figeac.fr\/college-lycee\/chorale-cantadis-representation\/#primaryimage\",\"url\":\"https:\/\/i0.wp.com\/www.jeannedarc-figeac.fr\/college-lycee\/wp-content\/uploads\/sites\/5\/2017\/05\/CHORALE-site.jpg?fit=1600%2C1200&ssl=1\",\"contentUrl\":\"https:\/\/i0.wp.com\/www.jeannedarc-figeac.fr\/college-lycee\/wp-content\/uploads\/sites\/5\/2017\/05\/CHORALE-site.jpg?fit=1600%2C1200&ssl=1\",\"width\":1600,\"height\":1200},{\"@type\":\"BreadcrumbList\",\"@id\":\"http:\/\/www.jeannedarc-figeac.fr\/college-lycee\/chorale-cantadis-representation\/#breadcrumb\",\"itemListElement\":[{\"@type\":\"ListItem\",\"position\":1,\"name\":\"Accueil\",\"item\":\"https:\/\/www.jeannedarc-figeac.fr\/college-lycee\/\"},{\"@type\":\"ListItem\",\"position\":2,\"name\":\"Actus\",\"item\":\"http:\/\/www.jeannedarc-figeac.fr\/college-lycee\/cat\/actus\/\"},{\"@type\":\"ListItem\",\"position\":3,\"name\":\"La chorale \u00ab\u00a0Les cantadis\u00a0\u00bb en repr\u00e9sentation\"}]},{\"@type\":\"WebSite\",\"@id\":\"https:\/\/www.jeannedarc-figeac.fr\/college-lycee\/#website\",\"url\":\"https:\/\/www.jeannedarc-figeac.fr\/college-lycee\/\",\"name\":\"Coll\u00e8ge et Lyc\u00e9e Jeanne d&#039;Arc\",\"description\":\"Jeanne d&#039;Arc Figeac\",\"potentialAction\":[{\"@type\":\"SearchAction\",\"target\":{\"@type\":\"EntryPoint\",\"urlTemplate\":\"https:\/\/www.jeannedarc-figeac.fr\/college-lycee\/?s={search_term_string}\"},\"query-input\":{\"@type\":\"PropertyValueSpecification\",\"valueRequired\":true,\"valueName\":\"search_term_string\"}}],\"inLanguage\":\"fr-FR\"},{\"@type\":\"Person\",\"@id\":\"https:\/\/www.jeannedarc-figeac.fr\/college-lycee\/#\/schema\/person\/29e5764f28e895dc8bf41d4468f99154\",\"name\":\"le secr\u00e9tariat\",\"image\":{\"@type\":\"ImageObject\",\"inLanguage\":\"fr-FR\",\"@id\":\"https:\/\/www.jeannedarc-figeac.fr\/college-lycee\/#\/schema\/person\/image\/\",\"url\":\"https:\/\/www.jeannedarc-figeac.fr\/college-lycee\/wp-content\/litespeed\/avatar\/5\/b7e8da60f53ba4adc9e9e66d91d84580.jpg?ver=1776943645\",\"contentUrl\":\"https:\/\/www.jeannedarc-figeac.fr\/college-lycee\/wp-content\/litespeed\/avatar\/5\/b7e8da60f53ba4adc9e9e66d91d84580.jpg?ver=1776943645\",\"caption\":\"le secr\u00e9tariat\"},\"url\":\"https:\/\/www.jeannedarc-figeac.fr\/college-lycee\/author\/arlette\/\"}]}<\/script>\n<!-- \/ Yoast SEO plugin. -->","yoast_head_json":{"title":"La chorale \"Les cantadis\" en repr\u00e9sentation","description":"Mardi 16 mai en soir\u00e9e, la salle Fran\u00e7ois Mitterrand \u00e9tait bond\u00e9e. La chorale du coll\u00e8ge et lyc\u00e9e Jeanne d\u2019Arc\u00a0les CANTADIS, avait invit\u00e9 parents et amis","robots":{"index":"index","follow":"follow","max-snippet":"max-snippet:-1","max-image-preview":"max-image-preview:large","max-video-preview":"max-video-preview:-1"},"canonical":"http:\/\/www.jeannedarc-figeac.fr\/college-lycee\/chorale-cantadis-representation\/","og_locale":"fr_FR","og_type":"article","og_title":"La chorale \"Les cantadis\" en repr\u00e9sentation","og_description":"Mardi 16 mai en soir\u00e9e, la salle Fran\u00e7ois Mitterrand \u00e9tait bond\u00e9e. La chorale du coll\u00e8ge et lyc\u00e9e Jeanne d\u2019Arc\u00a0les CANTADIS, avait invit\u00e9 parents et amis","og_url":"http:\/\/www.jeannedarc-figeac.fr\/college-lycee\/chorale-cantadis-representation\/","og_site_name":"Coll\u00e8ge et Lyc\u00e9e Jeanne d&#039;Arc","article_published_time":"2017-05-30T09:34:50+00:00","og_image":[{"url":"http:\/\/www.jeannedarc-figeac.fr\/college-lycee\/wp-content\/uploads\/sites\/5\/2017\/05\/CHORALE-site-300x225.jpg","type":"","width":"","height":""}],"author":"le secr\u00e9tariat","schema":{"@context":"https:\/\/schema.org","@graph":[{"@type":"WebPage","@id":"http:\/\/www.jeannedarc-figeac.fr\/college-lycee\/chorale-cantadis-representation\/","url":"http:\/\/www.jeannedarc-figeac.fr\/college-lycee\/chorale-cantadis-representation\/","name":"La chorale \"Les cantadis\" en repr\u00e9sentation","isPartOf":{"@id":"https:\/\/www.jeannedarc-figeac.fr\/college-lycee\/#website"},"primaryImageOfPage":{"@id":"http:\/\/www.jeannedarc-figeac.fr\/college-lycee\/chorale-cantadis-representation\/#primaryimage"},"image":{"@id":"http:\/\/www.jeannedarc-figeac.fr\/college-lycee\/chorale-cantadis-representation\/#primaryimage"},"thumbnailUrl":"http:\/\/www.jeannedarc-figeac.fr\/college-lycee\/wp-content\/uploads\/sites\/5\/2017\/05\/CHORALE-site-300x225.jpg","datePublished":"2017-05-30T09:34:50+00:00","author":{"@id":"https:\/\/www.jeannedarc-figeac.fr\/college-lycee\/#\/schema\/person\/29e5764f28e895dc8bf41d4468f99154"},"description":"Mardi 16 mai en soir\u00e9e, la salle Fran\u00e7ois Mitterrand \u00e9tait bond\u00e9e. La chorale du coll\u00e8ge et lyc\u00e9e Jeanne d\u2019Arc\u00a0les CANTADIS, avait invit\u00e9 parents et amis","breadcrumb":{"@id":"http:\/\/www.jeannedarc-figeac.fr\/college-lycee\/chorale-cantadis-representation\/#breadcrumb"},"inLanguage":"fr-FR","potentialAction":[{"@type":"ReadAction","target":["http:\/\/www.jeannedarc-figeac.fr\/college-lycee\/chorale-cantadis-representation\/"]}]},{"@type":"ImageObject","inLanguage":"fr-FR","@id":"http:\/\/www.jeannedarc-figeac.fr\/college-lycee\/chorale-cantadis-representation\/#primaryimage","url":"https:\/\/i0.wp.com\/www.jeannedarc-figeac.fr\/college-lycee\/wp-content\/uploads\/sites\/5\/2017\/05\/CHORALE-site.jpg?fit=1600%2C1200&ssl=1","contentUrl":"https:\/\/i0.wp.com\/www.jeannedarc-figeac.fr\/college-lycee\/wp-content\/uploads\/sites\/5\/2017\/05\/CHORALE-site.jpg?fit=1600%2C1200&ssl=1","width":1600,"height":1200},{"@type":"BreadcrumbList","@id":"http:\/\/www.jeannedarc-figeac.fr\/college-lycee\/chorale-cantadis-representation\/#breadcrumb","itemListElement":[{"@type":"ListItem","position":1,"name":"Accueil","item":"https:\/\/www.jeannedarc-figeac.fr\/college-lycee\/"},{"@type":"ListItem","position":2,"name":"Actus","item":"http:\/\/www.jeannedarc-figeac.fr\/college-lycee\/cat\/actus\/"},{"@type":"ListItem","position":3,"name":"La chorale \u00ab\u00a0Les cantadis\u00a0\u00bb en repr\u00e9sentation"}]},{"@type":"WebSite","@id":"https:\/\/www.jeannedarc-figeac.fr\/college-lycee\/#website","url":"https:\/\/www.jeannedarc-figeac.fr\/college-lycee\/","name":"Coll\u00e8ge et Lyc\u00e9e Jeanne d&#039;Arc","description":"Jeanne d&#039;Arc Figeac","potentialAction":[{"@type":"SearchAction","target":{"@type":"EntryPoint","urlTemplate":"https:\/\/www.jeannedarc-figeac.fr\/college-lycee\/?s={search_term_string}"},"query-input":{"@type":"PropertyValueSpecification","valueRequired":true,"valueName":"search_term_string"}}],"inLanguage":"fr-FR"},{"@type":"Person","@id":"https:\/\/www.jeannedarc-figeac.fr\/college-lycee\/#\/schema\/person\/29e5764f28e895dc8bf41d4468f99154","name":"le secr\u00e9tariat","image":{"@type":"ImageObject","inLanguage":"fr-FR","@id":"https:\/\/www.jeannedarc-figeac.fr\/college-lycee\/#\/schema\/person\/image\/","url":"https:\/\/www.jeannedarc-figeac.fr\/college-lycee\/wp-content\/litespeed\/avatar\/5\/b7e8da60f53ba4adc9e9e66d91d84580.jpg?ver=1776943645","contentUrl":"https:\/\/www.jeannedarc-figeac.fr\/college-lycee\/wp-content\/litespeed\/avatar\/5\/b7e8da60f53ba4adc9e9e66d91d84580.jpg?ver=1776943645","caption":"le secr\u00e9tariat"},"url":"https:\/\/www.jeannedarc-figeac.fr\/college-lycee\/author\/arlette\/"}]}},"jetpack_featured_media_url":"","jetpack_sharing_enabled":true,"jetpack_shortlink":"https:\/\/wp.me\/p5Qyb6-CQ","_links":{"self":[{"href":"https:\/\/www.jeannedarc-figeac.fr\/college-lycee\/wp-json\/wp\/v2\/posts\/2408","targetHints":{"allow":["GET"]}}],"collection":[{"href":"https:\/\/www.jeannedarc-figeac.fr\/college-lycee\/wp-json\/wp\/v2\/posts"}],"about":[{"href":"https:\/\/www.jeannedarc-figeac.fr\/college-lycee\/wp-json\/wp\/v2\/types\/post"}],"author":[{"embeddable":true,"href":"https:\/\/www.jeannedarc-figeac.fr\/college-lycee\/wp-json\/wp\/v2\/users\/12"}],"replies":[{"embeddable":true,"href":"https:\/\/www.jeannedarc-figeac.fr\/college-lycee\/wp-json\/wp\/v2\/comments?post=2408"}],"version-history":[{"count":1,"href":"https:\/\/www.jeannedarc-figeac.fr\/college-lycee\/wp-json\/wp\/v2\/posts\/2408\/revisions"}],"predecessor-version":[{"id":2410,"href":"https:\/\/www.jeannedarc-figeac.fr\/college-lycee\/wp-json\/wp\/v2\/posts\/2408\/revisions\/2410"}],"wp:attachment":[{"href":"https:\/\/www.jeannedarc-figeac.fr\/college-lycee\/wp-json\/wp\/v2\/media?parent=2408"}],"wp:term":[{"taxonomy":"category","embeddable":true,"href":"https:\/\/www.jeannedarc-figeac.fr\/college-lycee\/wp-json\/wp\/v2\/categories?post=2408"},{"taxonomy":"post_tag","embeddable":true,"href":"https:\/\/www.jeannedarc-figeac.fr\/college-lycee\/wp-json\/wp\/v2\/tags?post=2408"}],"curies":[{"name":"wp","href":"https:\/\/api.w.org\/{rel}","templated":true}]}}