{"id":2405,"date":"2017-05-30T09:27:42","date_gmt":"2017-05-30T09:27:42","guid":{"rendered":"http:\/\/www.jeannedarc-figeac.fr\/college-lycee\/?p=2405"},"modified":"2017-05-30T09:27:42","modified_gmt":"2017-05-30T09:27:42","slug":"attention-college-on-y-va-meme","status":"publish","type":"post","link":"https:\/\/www.jeannedarc-figeac.fr\/college-lycee\/attention-college-on-y-va-meme\/","title":{"rendered":"Attention : coll\u00e8ge ! On y va quand m\u00eame ?"},"content":{"rendered":"<p><strong><a href=\"https:\/\/i0.wp.com\/www.jeannedarc-figeac.fr\/college-lycee\/wp-content\/uploads\/sites\/5\/2017\/05\/Photo-CM2-site.jpg\"><img data-recalc-dims=\"1\" loading=\"lazy\" decoding=\"async\" class=\"alignnone size-medium wp-image-2406\" src=\"https:\/\/i0.wp.com\/www.jeannedarc-figeac.fr\/college-lycee\/wp-content\/uploads\/sites\/5\/2017\/05\/Photo-CM2-site.jpg?resize=169%2C300\" alt=\"\" width=\"169\" height=\"300\" srcset=\"https:\/\/i0.wp.com\/www.jeannedarc-figeac.fr\/college-lycee\/wp-content\/uploads\/sites\/5\/2017\/05\/Photo-CM2-site.jpg?resize=169%2C300&amp;ssl=1 169w, https:\/\/i0.wp.com\/www.jeannedarc-figeac.fr\/college-lycee\/wp-content\/uploads\/sites\/5\/2017\/05\/Photo-CM2-site.jpg?resize=768%2C1365&amp;ssl=1 768w, https:\/\/i0.wp.com\/www.jeannedarc-figeac.fr\/college-lycee\/wp-content\/uploads\/sites\/5\/2017\/05\/Photo-CM2-site.jpg?resize=576%2C1024&amp;ssl=1 576w, https:\/\/i0.wp.com\/www.jeannedarc-figeac.fr\/college-lycee\/wp-content\/uploads\/sites\/5\/2017\/05\/Photo-CM2-site.jpg?resize=1080%2C1920&amp;ssl=1 1080w, https:\/\/i0.wp.com\/www.jeannedarc-figeac.fr\/college-lycee\/wp-content\/uploads\/sites\/5\/2017\/05\/Photo-CM2-site.jpg?w=1600&amp;ssl=1 1600w\" sizes=\"(max-width: 169px) 100vw, 169px\" \/><\/a><br \/>\n<span style=\"color: #ff00ff\">C\u2019est certainement la question que se sont pos\u00e9s, en franchissant le portail,\u00a0 les 70 \u00e9l\u00e8ves de CM2 accueillis jeudi 4 mai\u00a0 pour la traditionnelle journ\u00e9e de d\u00e9couverte du coll\u00e8ge.<\/span><\/strong><\/p>\n<p><span style=\"color: #ff00ff\"><strong>Cette ann\u00e9e, outre le TBI, les livres num\u00e9riques, l\u2019introduction des deux LV2 et la musique, quelques variantes ont \u00e9t\u00e9 int\u00e9gr\u00e9es au programme\u00a0:<\/strong><\/span><\/p>\n<p><span style=\"color: #ff00ff\"><strong>Tout d\u2019abord, un temps pour chaque groupe (rep\u00e9r\u00e9 par un foulard de couleur) avec les professeurs principaux permettant \u00e0 ces derniers de pr\u00e9senter la nouvelle 6<sup>e<\/sup> suite \u00e0 la r\u00e9forme et aux futurs 6<sup>e<\/sup> de poser les questions qui les tracassaient\u2026\u00a0!<\/strong><\/span><\/p>\n<p><span style=\"color: #ff00ff\"><strong>Puis, sur la pause m\u00e9ridienne, deux activit\u00e9s ont \u00e9t\u00e9 propos\u00e9es\u00a0: basket, saut en longueur et lancer de vortex avec le professeur d&rsquo; E.P.S., \u00e0 la R\u00e9sidence,\u00a0 ou bien jeux en bois, \u00e0 la salle de jeux, avec la F\u00e9d\u00e9ration Partir qui avait accept\u00e9 de venir pour\u00a0l\u2019occasion.\u00a0\u00a0\u00a0\u00a0\u00a0\u00a0\u00a0\u00a0\u00a0\u00a0\u00a0\u00a0\u00a0\u00a0\u00a0\u00a0\u00a0\u00a0\u00a0\u00a0\u00a0\u00a0\u00a0\u00a0\u00a0\u00a0<\/strong><\/span><\/p>\n<p><span style=\"color: #ff00ff\"><strong>La journ\u00e9e s\u2019est cl\u00f4tur\u00e9e avec un go\u00fbter au petit jardin et beaucoup de sourires que l\u2019on pourrait interpr\u00e9ter comme des \u00ab\u00a0oui, on y va quand m\u00eame\u00a0!\u00a0\u00bb\u2026<\/strong><\/span><\/p>\n<p><span style=\"color: #ff00ff\"><strong>Merci \u00e0 tous les intervenants et plus particuli\u00e8rement \u00e0 ceux qui ont donn\u00e9 de leur temps, permettant la r\u00e9ussite de cette journ\u00e9e.<\/strong><\/span><\/p>\n","protected":false},"excerpt":{"rendered":"<p>C\u2019est certainement la question que se sont pos\u00e9s, en franchissant le portail,\u00a0 les 70 \u00e9l\u00e8ves de CM2 accueillis jeudi 4 mai\u00a0 pour la traditionnelle journ\u00e9e de d\u00e9couverte du coll\u00e8ge. Cette ann\u00e9e, outre le TBI, les livres num\u00e9riques, l\u2019introduction des deux LV2 et la musique, quelques variantes ont \u00e9t\u00e9 int\u00e9gr\u00e9es au programme\u00a0: Tout d\u2019abord, un temps [&hellip;]<\/p>\n","protected":false},"author":12,"featured_media":0,"comment_status":"closed","ping_status":"open","sticky":false,"template":"","format":"standard","meta":{"_et_pb_use_builder":"","_et_pb_old_content":"","_et_gb_content_width":"","_jetpack_newsletter_access":"","_jetpack_dont_email_post_to_subs":false,"_jetpack_newsletter_tier_id":0,"_jetpack_memberships_contains_paywalled_content":false,"iawp_total_views":0,"_jetpack_memberships_contains_paid_content":false,"footnotes":""},"categories":[28],"tags":[],"class_list":["post-2405","post","type-post","status-publish","format-standard","hentry","category-actus"],"yoast_head":"<!-- This site is optimized with the Yoast SEO plugin v26.0 - https:\/\/yoast.com\/wordpress\/plugins\/seo\/ -->\n<title>Attention : coll\u00e8ge ! On y va quand m\u00eame ?<\/title>\n<meta name=\"description\" content=\"C\u2019est certainement la question que se sont pos\u00e9s, en franchissant le portail,\u00a0 les 70 \u00e9l\u00e8ves de CM2 accueillis jeudi 4 mai\u00a0 pour la traditionnelle journ\u00e9e\" \/>\n<meta name=\"robots\" content=\"index, follow, max-snippet:-1, max-image-preview:large, max-video-preview:-1\" \/>\n<link rel=\"canonical\" href=\"http:\/\/www.jeannedarc-figeac.fr\/college-lycee\/attention-college-on-y-va-meme\/\" \/>\n<meta property=\"og:locale\" content=\"fr_FR\" \/>\n<meta property=\"og:type\" content=\"article\" \/>\n<meta property=\"og:title\" content=\"Attention : coll\u00e8ge ! On y va quand m\u00eame ?\" \/>\n<meta property=\"og:description\" content=\"C\u2019est certainement la question que se sont pos\u00e9s, en franchissant le portail,\u00a0 les 70 \u00e9l\u00e8ves de CM2 accueillis jeudi 4 mai\u00a0 pour la traditionnelle journ\u00e9e\" \/>\n<meta property=\"og:url\" content=\"http:\/\/www.jeannedarc-figeac.fr\/college-lycee\/attention-college-on-y-va-meme\/\" \/>\n<meta property=\"og:site_name\" content=\"Coll\u00e8ge et Lyc\u00e9e Jeanne d&#039;Arc\" \/>\n<meta property=\"article:published_time\" content=\"2017-05-30T09:27:42+00:00\" \/>\n<meta property=\"og:image\" content=\"http:\/\/www.jeannedarc-figeac.fr\/college-lycee\/wp-content\/uploads\/sites\/5\/2017\/05\/Photo-CM2-site-169x300.jpg\" \/>\n<meta name=\"author\" content=\"le secr\u00e9tariat\" \/>\n<script type=\"application\/ld+json\" class=\"yoast-schema-graph\">{\"@context\":\"https:\/\/schema.org\",\"@graph\":[{\"@type\":\"WebPage\",\"@id\":\"http:\/\/www.jeannedarc-figeac.fr\/college-lycee\/attention-college-on-y-va-meme\/\",\"url\":\"http:\/\/www.jeannedarc-figeac.fr\/college-lycee\/attention-college-on-y-va-meme\/\",\"name\":\"Attention : coll\u00e8ge ! On y va quand m\u00eame ?\",\"isPartOf\":{\"@id\":\"https:\/\/www.jeannedarc-figeac.fr\/college-lycee\/#website\"},\"primaryImageOfPage\":{\"@id\":\"http:\/\/www.jeannedarc-figeac.fr\/college-lycee\/attention-college-on-y-va-meme\/#primaryimage\"},\"image\":{\"@id\":\"http:\/\/www.jeannedarc-figeac.fr\/college-lycee\/attention-college-on-y-va-meme\/#primaryimage\"},\"thumbnailUrl\":\"http:\/\/www.jeannedarc-figeac.fr\/college-lycee\/wp-content\/uploads\/sites\/5\/2017\/05\/Photo-CM2-site-169x300.jpg\",\"datePublished\":\"2017-05-30T09:27:42+00:00\",\"author\":{\"@id\":\"https:\/\/www.jeannedarc-figeac.fr\/college-lycee\/#\/schema\/person\/29e5764f28e895dc8bf41d4468f99154\"},\"description\":\"C\u2019est certainement la question que se sont pos\u00e9s, en franchissant le portail,\u00a0 les 70 \u00e9l\u00e8ves de CM2 accueillis jeudi 4 mai\u00a0 pour la traditionnelle journ\u00e9e\",\"breadcrumb\":{\"@id\":\"http:\/\/www.jeannedarc-figeac.fr\/college-lycee\/attention-college-on-y-va-meme\/#breadcrumb\"},\"inLanguage\":\"fr-FR\",\"potentialAction\":[{\"@type\":\"ReadAction\",\"target\":[\"http:\/\/www.jeannedarc-figeac.fr\/college-lycee\/attention-college-on-y-va-meme\/\"]}]},{\"@type\":\"ImageObject\",\"inLanguage\":\"fr-FR\",\"@id\":\"http:\/\/www.jeannedarc-figeac.fr\/college-lycee\/attention-college-on-y-va-meme\/#primaryimage\",\"url\":\"https:\/\/i0.wp.com\/www.jeannedarc-figeac.fr\/college-lycee\/wp-content\/uploads\/sites\/5\/2017\/05\/Photo-CM2-site.jpg?fit=1600%2C2844&ssl=1\",\"contentUrl\":\"https:\/\/i0.wp.com\/www.jeannedarc-figeac.fr\/college-lycee\/wp-content\/uploads\/sites\/5\/2017\/05\/Photo-CM2-site.jpg?fit=1600%2C2844&ssl=1\",\"width\":1600,\"height\":2844},{\"@type\":\"BreadcrumbList\",\"@id\":\"http:\/\/www.jeannedarc-figeac.fr\/college-lycee\/attention-college-on-y-va-meme\/#breadcrumb\",\"itemListElement\":[{\"@type\":\"ListItem\",\"position\":1,\"name\":\"Accueil\",\"item\":\"https:\/\/www.jeannedarc-figeac.fr\/college-lycee\/\"},{\"@type\":\"ListItem\",\"position\":2,\"name\":\"Actus\",\"item\":\"http:\/\/www.jeannedarc-figeac.fr\/college-lycee\/cat\/actus\/\"},{\"@type\":\"ListItem\",\"position\":3,\"name\":\"Attention : coll\u00e8ge ! On y va quand m\u00eame ?\"}]},{\"@type\":\"WebSite\",\"@id\":\"https:\/\/www.jeannedarc-figeac.fr\/college-lycee\/#website\",\"url\":\"https:\/\/www.jeannedarc-figeac.fr\/college-lycee\/\",\"name\":\"Coll\u00e8ge et Lyc\u00e9e Jeanne d&#039;Arc\",\"description\":\"Jeanne d&#039;Arc Figeac\",\"potentialAction\":[{\"@type\":\"SearchAction\",\"target\":{\"@type\":\"EntryPoint\",\"urlTemplate\":\"https:\/\/www.jeannedarc-figeac.fr\/college-lycee\/?s={search_term_string}\"},\"query-input\":{\"@type\":\"PropertyValueSpecification\",\"valueRequired\":true,\"valueName\":\"search_term_string\"}}],\"inLanguage\":\"fr-FR\"},{\"@type\":\"Person\",\"@id\":\"https:\/\/www.jeannedarc-figeac.fr\/college-lycee\/#\/schema\/person\/29e5764f28e895dc8bf41d4468f99154\",\"name\":\"le secr\u00e9tariat\",\"image\":{\"@type\":\"ImageObject\",\"inLanguage\":\"fr-FR\",\"@id\":\"https:\/\/www.jeannedarc-figeac.fr\/college-lycee\/#\/schema\/person\/image\/\",\"url\":\"https:\/\/www.jeannedarc-figeac.fr\/college-lycee\/wp-content\/litespeed\/avatar\/5\/b7e8da60f53ba4adc9e9e66d91d84580.jpg?ver=1776943645\",\"contentUrl\":\"https:\/\/www.jeannedarc-figeac.fr\/college-lycee\/wp-content\/litespeed\/avatar\/5\/b7e8da60f53ba4adc9e9e66d91d84580.jpg?ver=1776943645\",\"caption\":\"le secr\u00e9tariat\"},\"url\":\"https:\/\/www.jeannedarc-figeac.fr\/college-lycee\/author\/arlette\/\"}]}<\/script>\n<!-- \/ Yoast SEO plugin. -->","yoast_head_json":{"title":"Attention : coll\u00e8ge ! On y va quand m\u00eame ?","description":"C\u2019est certainement la question que se sont pos\u00e9s, en franchissant le portail,\u00a0 les 70 \u00e9l\u00e8ves de CM2 accueillis jeudi 4 mai\u00a0 pour la traditionnelle journ\u00e9e","robots":{"index":"index","follow":"follow","max-snippet":"max-snippet:-1","max-image-preview":"max-image-preview:large","max-video-preview":"max-video-preview:-1"},"canonical":"http:\/\/www.jeannedarc-figeac.fr\/college-lycee\/attention-college-on-y-va-meme\/","og_locale":"fr_FR","og_type":"article","og_title":"Attention : coll\u00e8ge ! On y va quand m\u00eame ?","og_description":"C\u2019est certainement la question que se sont pos\u00e9s, en franchissant le portail,\u00a0 les 70 \u00e9l\u00e8ves de CM2 accueillis jeudi 4 mai\u00a0 pour la traditionnelle journ\u00e9e","og_url":"http:\/\/www.jeannedarc-figeac.fr\/college-lycee\/attention-college-on-y-va-meme\/","og_site_name":"Coll\u00e8ge et Lyc\u00e9e Jeanne d&#039;Arc","article_published_time":"2017-05-30T09:27:42+00:00","og_image":[{"url":"http:\/\/www.jeannedarc-figeac.fr\/college-lycee\/wp-content\/uploads\/sites\/5\/2017\/05\/Photo-CM2-site-169x300.jpg","type":"","width":"","height":""}],"author":"le secr\u00e9tariat","schema":{"@context":"https:\/\/schema.org","@graph":[{"@type":"WebPage","@id":"http:\/\/www.jeannedarc-figeac.fr\/college-lycee\/attention-college-on-y-va-meme\/","url":"http:\/\/www.jeannedarc-figeac.fr\/college-lycee\/attention-college-on-y-va-meme\/","name":"Attention : coll\u00e8ge ! On y va quand m\u00eame ?","isPartOf":{"@id":"https:\/\/www.jeannedarc-figeac.fr\/college-lycee\/#website"},"primaryImageOfPage":{"@id":"http:\/\/www.jeannedarc-figeac.fr\/college-lycee\/attention-college-on-y-va-meme\/#primaryimage"},"image":{"@id":"http:\/\/www.jeannedarc-figeac.fr\/college-lycee\/attention-college-on-y-va-meme\/#primaryimage"},"thumbnailUrl":"http:\/\/www.jeannedarc-figeac.fr\/college-lycee\/wp-content\/uploads\/sites\/5\/2017\/05\/Photo-CM2-site-169x300.jpg","datePublished":"2017-05-30T09:27:42+00:00","author":{"@id":"https:\/\/www.jeannedarc-figeac.fr\/college-lycee\/#\/schema\/person\/29e5764f28e895dc8bf41d4468f99154"},"description":"C\u2019est certainement la question que se sont pos\u00e9s, en franchissant le portail,\u00a0 les 70 \u00e9l\u00e8ves de CM2 accueillis jeudi 4 mai\u00a0 pour la traditionnelle journ\u00e9e","breadcrumb":{"@id":"http:\/\/www.jeannedarc-figeac.fr\/college-lycee\/attention-college-on-y-va-meme\/#breadcrumb"},"inLanguage":"fr-FR","potentialAction":[{"@type":"ReadAction","target":["http:\/\/www.jeannedarc-figeac.fr\/college-lycee\/attention-college-on-y-va-meme\/"]}]},{"@type":"ImageObject","inLanguage":"fr-FR","@id":"http:\/\/www.jeannedarc-figeac.fr\/college-lycee\/attention-college-on-y-va-meme\/#primaryimage","url":"https:\/\/i0.wp.com\/www.jeannedarc-figeac.fr\/college-lycee\/wp-content\/uploads\/sites\/5\/2017\/05\/Photo-CM2-site.jpg?fit=1600%2C2844&ssl=1","contentUrl":"https:\/\/i0.wp.com\/www.jeannedarc-figeac.fr\/college-lycee\/wp-content\/uploads\/sites\/5\/2017\/05\/Photo-CM2-site.jpg?fit=1600%2C2844&ssl=1","width":1600,"height":2844},{"@type":"BreadcrumbList","@id":"http:\/\/www.jeannedarc-figeac.fr\/college-lycee\/attention-college-on-y-va-meme\/#breadcrumb","itemListElement":[{"@type":"ListItem","position":1,"name":"Accueil","item":"https:\/\/www.jeannedarc-figeac.fr\/college-lycee\/"},{"@type":"ListItem","position":2,"name":"Actus","item":"http:\/\/www.jeannedarc-figeac.fr\/college-lycee\/cat\/actus\/"},{"@type":"ListItem","position":3,"name":"Attention : coll\u00e8ge ! On y va quand m\u00eame ?"}]},{"@type":"WebSite","@id":"https:\/\/www.jeannedarc-figeac.fr\/college-lycee\/#website","url":"https:\/\/www.jeannedarc-figeac.fr\/college-lycee\/","name":"Coll\u00e8ge et Lyc\u00e9e Jeanne d&#039;Arc","description":"Jeanne d&#039;Arc Figeac","potentialAction":[{"@type":"SearchAction","target":{"@type":"EntryPoint","urlTemplate":"https:\/\/www.jeannedarc-figeac.fr\/college-lycee\/?s={search_term_string}"},"query-input":{"@type":"PropertyValueSpecification","valueRequired":true,"valueName":"search_term_string"}}],"inLanguage":"fr-FR"},{"@type":"Person","@id":"https:\/\/www.jeannedarc-figeac.fr\/college-lycee\/#\/schema\/person\/29e5764f28e895dc8bf41d4468f99154","name":"le secr\u00e9tariat","image":{"@type":"ImageObject","inLanguage":"fr-FR","@id":"https:\/\/www.jeannedarc-figeac.fr\/college-lycee\/#\/schema\/person\/image\/","url":"https:\/\/www.jeannedarc-figeac.fr\/college-lycee\/wp-content\/litespeed\/avatar\/5\/b7e8da60f53ba4adc9e9e66d91d84580.jpg?ver=1776943645","contentUrl":"https:\/\/www.jeannedarc-figeac.fr\/college-lycee\/wp-content\/litespeed\/avatar\/5\/b7e8da60f53ba4adc9e9e66d91d84580.jpg?ver=1776943645","caption":"le secr\u00e9tariat"},"url":"https:\/\/www.jeannedarc-figeac.fr\/college-lycee\/author\/arlette\/"}]}},"jetpack_featured_media_url":"","jetpack_sharing_enabled":true,"jetpack_shortlink":"https:\/\/wp.me\/p5Qyb6-CN","_links":{"self":[{"href":"https:\/\/www.jeannedarc-figeac.fr\/college-lycee\/wp-json\/wp\/v2\/posts\/2405","targetHints":{"allow":["GET"]}}],"collection":[{"href":"https:\/\/www.jeannedarc-figeac.fr\/college-lycee\/wp-json\/wp\/v2\/posts"}],"about":[{"href":"https:\/\/www.jeannedarc-figeac.fr\/college-lycee\/wp-json\/wp\/v2\/types\/post"}],"author":[{"embeddable":true,"href":"https:\/\/www.jeannedarc-figeac.fr\/college-lycee\/wp-json\/wp\/v2\/users\/12"}],"replies":[{"embeddable":true,"href":"https:\/\/www.jeannedarc-figeac.fr\/college-lycee\/wp-json\/wp\/v2\/comments?post=2405"}],"version-history":[{"count":1,"href":"https:\/\/www.jeannedarc-figeac.fr\/college-lycee\/wp-json\/wp\/v2\/posts\/2405\/revisions"}],"predecessor-version":[{"id":2407,"href":"https:\/\/www.jeannedarc-figeac.fr\/college-lycee\/wp-json\/wp\/v2\/posts\/2405\/revisions\/2407"}],"wp:attachment":[{"href":"https:\/\/www.jeannedarc-figeac.fr\/college-lycee\/wp-json\/wp\/v2\/media?parent=2405"}],"wp:term":[{"taxonomy":"category","embeddable":true,"href":"https:\/\/www.jeannedarc-figeac.fr\/college-lycee\/wp-json\/wp\/v2\/categories?post=2405"},{"taxonomy":"post_tag","embeddable":true,"href":"https:\/\/www.jeannedarc-figeac.fr\/college-lycee\/wp-json\/wp\/v2\/tags?post=2405"}],"curies":[{"name":"wp","href":"https:\/\/api.w.org\/{rel}","templated":true}]}}