{"id":2380,"date":"2017-04-06T08:59:36","date_gmt":"2017-04-06T08:59:36","guid":{"rendered":"http:\/\/www.jeannedarc-figeac.fr\/college-lycee\/?p=2380"},"modified":"2017-04-06T08:59:36","modified_gmt":"2017-04-06T08:59:36","slug":"howre-you-going","status":"publish","type":"post","link":"https:\/\/www.jeannedarc-figeac.fr\/college-lycee\/howre-you-going\/","title":{"rendered":"\u00ab How\u2019re you going ? \u00bb"},"content":{"rendered":"<p><a href=\"https:\/\/i0.wp.com\/www.jeannedarc-figeac.fr\/college-lycee\/wp-content\/uploads\/sites\/5\/2017\/04\/Photo-La-Dep%C3%AAche-bis.jpg\"><img data-recalc-dims=\"1\" loading=\"lazy\" decoding=\"async\" class=\"alignnone size-medium wp-image-2381\" src=\"https:\/\/i0.wp.com\/www.jeannedarc-figeac.fr\/college-lycee\/wp-content\/uploads\/sites\/5\/2017\/04\/Photo-La-Dep%C3%AAche-bis.jpg?resize=300%2C162\" alt=\"\" width=\"300\" height=\"162\" srcset=\"https:\/\/i0.wp.com\/www.jeannedarc-figeac.fr\/college-lycee\/wp-content\/uploads\/sites\/5\/2017\/04\/Photo-La-Dep%C3%AAche-bis.jpg?resize=300%2C162&amp;ssl=1 300w, https:\/\/i0.wp.com\/www.jeannedarc-figeac.fr\/college-lycee\/wp-content\/uploads\/sites\/5\/2017\/04\/Photo-La-Dep%C3%AAche-bis.jpg?resize=768%2C414&amp;ssl=1 768w, https:\/\/i0.wp.com\/www.jeannedarc-figeac.fr\/college-lycee\/wp-content\/uploads\/sites\/5\/2017\/04\/Photo-La-Dep%C3%AAche-bis.jpg?resize=1024%2C552&amp;ssl=1 1024w, https:\/\/i0.wp.com\/www.jeannedarc-figeac.fr\/college-lycee\/wp-content\/uploads\/sites\/5\/2017\/04\/Photo-La-Dep%C3%AAche-bis.jpg?resize=1080%2C582&amp;ssl=1 1080w, https:\/\/i0.wp.com\/www.jeannedarc-figeac.fr\/college-lycee\/wp-content\/uploads\/sites\/5\/2017\/04\/Photo-La-Dep%C3%AAche-bis.jpg?w=1600&amp;ssl=1 1600w\" sizes=\"(max-width: 300px) 100vw, 300px\" \/><\/a><a href=\"https:\/\/i0.wp.com\/www.jeannedarc-figeac.fr\/college-lycee\/wp-content\/uploads\/sites\/5\/2017\/04\/Photo6-21-mars-2017-bis.jpg\"><img data-recalc-dims=\"1\" loading=\"lazy\" decoding=\"async\" class=\"alignnone size-medium wp-image-2382\" src=\"https:\/\/i0.wp.com\/www.jeannedarc-figeac.fr\/college-lycee\/wp-content\/uploads\/sites\/5\/2017\/04\/Photo6-21-mars-2017-bis.jpg?resize=225%2C300\" alt=\"\" width=\"225\" height=\"300\" srcset=\"https:\/\/i0.wp.com\/www.jeannedarc-figeac.fr\/college-lycee\/wp-content\/uploads\/sites\/5\/2017\/04\/Photo6-21-mars-2017-bis.jpg?resize=225%2C300&amp;ssl=1 225w, https:\/\/i0.wp.com\/www.jeannedarc-figeac.fr\/college-lycee\/wp-content\/uploads\/sites\/5\/2017\/04\/Photo6-21-mars-2017-bis.jpg?resize=768%2C1024&amp;ssl=1 768w, https:\/\/i0.wp.com\/www.jeannedarc-figeac.fr\/college-lycee\/wp-content\/uploads\/sites\/5\/2017\/04\/Photo6-21-mars-2017-bis.jpg?resize=1080%2C1440&amp;ssl=1 1080w, https:\/\/i0.wp.com\/www.jeannedarc-figeac.fr\/college-lycee\/wp-content\/uploads\/sites\/5\/2017\/04\/Photo6-21-mars-2017-bis.jpg?w=1600&amp;ssl=1 1600w\" sizes=\"(max-width: 225px) 100vw, 225px\" \/><\/a><\/p>\n<p><strong><span style=\"color: #008000\">\u00ab\u00a0How\u2019re you going\u00a0?\u00a0\u00bb C\u2019est avec cette question\u00a0 que Peter MAY, c\u00e9l\u00e8bre \u00e9crivain (et sc\u00e9nariste) \u00e9cossais, a commenc\u00e9 \u00e0 s\u2019adresser aux \u00e9l\u00e8ves de 4<sup>e<\/sup>, mardi 21 mars. En effet, il nous a fait l\u2019honneur de r\u00e9pondre positivement \u00e0 la demande que nous lui avions faite, en lien avec l\u2019EPI intitul\u00e9 \u00ab\u00a0Voyage en Ecosse\u00a0\u00bb et de venir jusqu\u2019\u00e0 nous, accompagn\u00e9 de son \u00e9pouse.<\/span><\/strong><\/p>\n<p><strong><span style=\"color: #008000\">Pendant environ une heure, prise sur un timing tr\u00e8s serr\u00e9 (il repart dans les H\u00e9brides ext\u00e9rieures la semaine prochaine pour son prochain livre), Peter MAY, naturalis\u00e9 fran\u00e7ais en 2016, nous a parl\u00e9 de son pays natal, des incontournables en Ecosse\u00a0tels que le kilt, la cornemuse, les highland games et le haggis mais aussi de ses m\u00e9tiers, faisant ainsi un clin d\u2019\u0153il au Parcours Avenir.<\/span><\/strong><\/p>\n<p><strong><span style=\"color: #008000\">Les \u00e9l\u00e8ves, tr\u00e8s enthousiasm\u00e9s, ont pu obtenir des autographes ou d\u00e9dicaces et lui poser toutes les questions qu\u2019ils souhaitaient\u00a0 mais ce qu\u2019il y a sous le kilt restera, comme il l\u2019a dit \u00ab\u00a0secret national\u00a0\u00bb\u00a0!<\/span><\/strong><\/p>\n<p>&nbsp;<\/p>\n","protected":false},"excerpt":{"rendered":"<p>\u00ab\u00a0How\u2019re you going\u00a0?\u00a0\u00bb C\u2019est avec cette question\u00a0 que Peter MAY, c\u00e9l\u00e8bre \u00e9crivain (et sc\u00e9nariste) \u00e9cossais, a commenc\u00e9 \u00e0 s\u2019adresser aux \u00e9l\u00e8ves de 4e, mardi 21 mars. En effet, il nous a fait l\u2019honneur de r\u00e9pondre positivement \u00e0 la demande que nous lui avions faite, en lien avec l\u2019EPI intitul\u00e9 \u00ab\u00a0Voyage en Ecosse\u00a0\u00bb et de venir [&hellip;]<\/p>\n","protected":false},"author":12,"featured_media":0,"comment_status":"closed","ping_status":"open","sticky":false,"template":"","format":"standard","meta":{"_et_pb_use_builder":"","_et_pb_old_content":"","_et_gb_content_width":"","_jetpack_newsletter_access":"","_jetpack_dont_email_post_to_subs":false,"_jetpack_newsletter_tier_id":0,"_jetpack_memberships_contains_paywalled_content":false,"iawp_total_views":1,"_jetpack_memberships_contains_paid_content":false,"footnotes":""},"categories":[28],"tags":[],"class_list":["post-2380","post","type-post","status-publish","format-standard","hentry","category-actus"],"yoast_head":"<!-- This site is optimized with the Yoast SEO plugin v26.0 - https:\/\/yoast.com\/wordpress\/plugins\/seo\/ -->\n<title>\u00ab How\u2019re you going ? \u00bb<\/title>\n<meta name=\"description\" content=\"\u00ab\u00a0How\u2019re you going\u00a0?\u00a0\u00bb C\u2019est avec cette question\u00a0 que Peter MAY, c\u00e9l\u00e8bre \u00e9crivain (et sc\u00e9nariste) \u00e9cossais, a commenc\u00e9 \u00e0 s\u2019adresser aux \u00e9l\u00e8ves de 4e,\" \/>\n<meta name=\"robots\" content=\"index, follow, max-snippet:-1, max-image-preview:large, max-video-preview:-1\" \/>\n<link rel=\"canonical\" href=\"https:\/\/www.jeannedarc-figeac.fr\/college-lycee\/howre-you-going\/\" \/>\n<meta property=\"og:locale\" content=\"fr_FR\" \/>\n<meta property=\"og:type\" content=\"article\" \/>\n<meta property=\"og:title\" content=\"\u00ab How\u2019re you going ? \u00bb\" \/>\n<meta property=\"og:description\" content=\"\u00ab\u00a0How\u2019re you going\u00a0?\u00a0\u00bb C\u2019est avec cette question\u00a0 que Peter MAY, c\u00e9l\u00e8bre \u00e9crivain (et sc\u00e9nariste) \u00e9cossais, a commenc\u00e9 \u00e0 s\u2019adresser aux \u00e9l\u00e8ves de 4e,\" \/>\n<meta property=\"og:url\" content=\"https:\/\/www.jeannedarc-figeac.fr\/college-lycee\/howre-you-going\/\" \/>\n<meta property=\"og:site_name\" content=\"Coll\u00e8ge et Lyc\u00e9e Jeanne d&#039;Arc\" \/>\n<meta property=\"article:published_time\" content=\"2017-04-06T08:59:36+00:00\" \/>\n<meta property=\"og:image\" content=\"http:\/\/www.jeannedarc-figeac.fr\/college-lycee\/wp-content\/uploads\/sites\/5\/2017\/04\/Photo6-21-mars-2017-bis-225x300.jpg\" \/>\n<meta name=\"author\" content=\"le secr\u00e9tariat\" \/>\n<script type=\"application\/ld+json\" class=\"yoast-schema-graph\">{\"@context\":\"https:\/\/schema.org\",\"@graph\":[{\"@type\":\"WebPage\",\"@id\":\"https:\/\/www.jeannedarc-figeac.fr\/college-lycee\/howre-you-going\/\",\"url\":\"https:\/\/www.jeannedarc-figeac.fr\/college-lycee\/howre-you-going\/\",\"name\":\"\u00ab How\u2019re you going ? \u00bb\",\"isPartOf\":{\"@id\":\"https:\/\/www.jeannedarc-figeac.fr\/college-lycee\/#website\"},\"primaryImageOfPage\":{\"@id\":\"https:\/\/www.jeannedarc-figeac.fr\/college-lycee\/howre-you-going\/#primaryimage\"},\"image\":{\"@id\":\"https:\/\/www.jeannedarc-figeac.fr\/college-lycee\/howre-you-going\/#primaryimage\"},\"thumbnailUrl\":\"http:\/\/www.jeannedarc-figeac.fr\/college-lycee\/wp-content\/uploads\/sites\/5\/2017\/04\/Photo6-21-mars-2017-bis-225x300.jpg\",\"datePublished\":\"2017-04-06T08:59:36+00:00\",\"author\":{\"@id\":\"https:\/\/www.jeannedarc-figeac.fr\/college-lycee\/#\/schema\/person\/29e5764f28e895dc8bf41d4468f99154\"},\"description\":\"\u00ab\u00a0How\u2019re you going\u00a0?\u00a0\u00bb C\u2019est avec cette question\u00a0 que Peter MAY, c\u00e9l\u00e8bre \u00e9crivain (et sc\u00e9nariste) \u00e9cossais, a commenc\u00e9 \u00e0 s\u2019adresser aux \u00e9l\u00e8ves de 4e,\",\"breadcrumb\":{\"@id\":\"https:\/\/www.jeannedarc-figeac.fr\/college-lycee\/howre-you-going\/#breadcrumb\"},\"inLanguage\":\"fr-FR\",\"potentialAction\":[{\"@type\":\"ReadAction\",\"target\":[\"https:\/\/www.jeannedarc-figeac.fr\/college-lycee\/howre-you-going\/\"]}]},{\"@type\":\"ImageObject\",\"inLanguage\":\"fr-FR\",\"@id\":\"https:\/\/www.jeannedarc-figeac.fr\/college-lycee\/howre-you-going\/#primaryimage\",\"url\":\"https:\/\/i0.wp.com\/www.jeannedarc-figeac.fr\/college-lycee\/wp-content\/uploads\/sites\/5\/2017\/04\/Photo6-21-mars-2017-bis.jpg?fit=1600%2C2133&ssl=1\",\"contentUrl\":\"https:\/\/i0.wp.com\/www.jeannedarc-figeac.fr\/college-lycee\/wp-content\/uploads\/sites\/5\/2017\/04\/Photo6-21-mars-2017-bis.jpg?fit=1600%2C2133&ssl=1\",\"width\":1600,\"height\":2133},{\"@type\":\"BreadcrumbList\",\"@id\":\"https:\/\/www.jeannedarc-figeac.fr\/college-lycee\/howre-you-going\/#breadcrumb\",\"itemListElement\":[{\"@type\":\"ListItem\",\"position\":1,\"name\":\"Accueil\",\"item\":\"https:\/\/www.jeannedarc-figeac.fr\/college-lycee\/\"},{\"@type\":\"ListItem\",\"position\":2,\"name\":\"Actus\",\"item\":\"http:\/\/www.jeannedarc-figeac.fr\/college-lycee\/cat\/actus\/\"},{\"@type\":\"ListItem\",\"position\":3,\"name\":\"\u00ab How\u2019re you going ? \u00bb\"}]},{\"@type\":\"WebSite\",\"@id\":\"https:\/\/www.jeannedarc-figeac.fr\/college-lycee\/#website\",\"url\":\"https:\/\/www.jeannedarc-figeac.fr\/college-lycee\/\",\"name\":\"Coll\u00e8ge et Lyc\u00e9e Jeanne d&#039;Arc\",\"description\":\"Jeanne d&#039;Arc Figeac\",\"potentialAction\":[{\"@type\":\"SearchAction\",\"target\":{\"@type\":\"EntryPoint\",\"urlTemplate\":\"https:\/\/www.jeannedarc-figeac.fr\/college-lycee\/?s={search_term_string}\"},\"query-input\":{\"@type\":\"PropertyValueSpecification\",\"valueRequired\":true,\"valueName\":\"search_term_string\"}}],\"inLanguage\":\"fr-FR\"},{\"@type\":\"Person\",\"@id\":\"https:\/\/www.jeannedarc-figeac.fr\/college-lycee\/#\/schema\/person\/29e5764f28e895dc8bf41d4468f99154\",\"name\":\"le secr\u00e9tariat\",\"image\":{\"@type\":\"ImageObject\",\"inLanguage\":\"fr-FR\",\"@id\":\"https:\/\/www.jeannedarc-figeac.fr\/college-lycee\/#\/schema\/person\/image\/\",\"url\":\"https:\/\/www.jeannedarc-figeac.fr\/college-lycee\/wp-content\/litespeed\/avatar\/5\/b7e8da60f53ba4adc9e9e66d91d84580.jpg?ver=1776943645\",\"contentUrl\":\"https:\/\/www.jeannedarc-figeac.fr\/college-lycee\/wp-content\/litespeed\/avatar\/5\/b7e8da60f53ba4adc9e9e66d91d84580.jpg?ver=1776943645\",\"caption\":\"le secr\u00e9tariat\"},\"url\":\"https:\/\/www.jeannedarc-figeac.fr\/college-lycee\/author\/arlette\/\"}]}<\/script>\n<!-- \/ Yoast SEO plugin. -->","yoast_head_json":{"title":"\u00ab How\u2019re you going ? \u00bb","description":"\u00ab\u00a0How\u2019re you going\u00a0?\u00a0\u00bb C\u2019est avec cette question\u00a0 que Peter MAY, c\u00e9l\u00e8bre \u00e9crivain (et sc\u00e9nariste) \u00e9cossais, a commenc\u00e9 \u00e0 s\u2019adresser aux \u00e9l\u00e8ves de 4e,","robots":{"index":"index","follow":"follow","max-snippet":"max-snippet:-1","max-image-preview":"max-image-preview:large","max-video-preview":"max-video-preview:-1"},"canonical":"https:\/\/www.jeannedarc-figeac.fr\/college-lycee\/howre-you-going\/","og_locale":"fr_FR","og_type":"article","og_title":"\u00ab How\u2019re you going ? \u00bb","og_description":"\u00ab\u00a0How\u2019re you going\u00a0?\u00a0\u00bb C\u2019est avec cette question\u00a0 que Peter MAY, c\u00e9l\u00e8bre \u00e9crivain (et sc\u00e9nariste) \u00e9cossais, a commenc\u00e9 \u00e0 s\u2019adresser aux \u00e9l\u00e8ves de 4e,","og_url":"https:\/\/www.jeannedarc-figeac.fr\/college-lycee\/howre-you-going\/","og_site_name":"Coll\u00e8ge et Lyc\u00e9e Jeanne d&#039;Arc","article_published_time":"2017-04-06T08:59:36+00:00","og_image":[{"url":"http:\/\/www.jeannedarc-figeac.fr\/college-lycee\/wp-content\/uploads\/sites\/5\/2017\/04\/Photo6-21-mars-2017-bis-225x300.jpg","type":"","width":"","height":""}],"author":"le secr\u00e9tariat","schema":{"@context":"https:\/\/schema.org","@graph":[{"@type":"WebPage","@id":"https:\/\/www.jeannedarc-figeac.fr\/college-lycee\/howre-you-going\/","url":"https:\/\/www.jeannedarc-figeac.fr\/college-lycee\/howre-you-going\/","name":"\u00ab How\u2019re you going ? \u00bb","isPartOf":{"@id":"https:\/\/www.jeannedarc-figeac.fr\/college-lycee\/#website"},"primaryImageOfPage":{"@id":"https:\/\/www.jeannedarc-figeac.fr\/college-lycee\/howre-you-going\/#primaryimage"},"image":{"@id":"https:\/\/www.jeannedarc-figeac.fr\/college-lycee\/howre-you-going\/#primaryimage"},"thumbnailUrl":"http:\/\/www.jeannedarc-figeac.fr\/college-lycee\/wp-content\/uploads\/sites\/5\/2017\/04\/Photo6-21-mars-2017-bis-225x300.jpg","datePublished":"2017-04-06T08:59:36+00:00","author":{"@id":"https:\/\/www.jeannedarc-figeac.fr\/college-lycee\/#\/schema\/person\/29e5764f28e895dc8bf41d4468f99154"},"description":"\u00ab\u00a0How\u2019re you going\u00a0?\u00a0\u00bb C\u2019est avec cette question\u00a0 que Peter MAY, c\u00e9l\u00e8bre \u00e9crivain (et sc\u00e9nariste) \u00e9cossais, a commenc\u00e9 \u00e0 s\u2019adresser aux \u00e9l\u00e8ves de 4e,","breadcrumb":{"@id":"https:\/\/www.jeannedarc-figeac.fr\/college-lycee\/howre-you-going\/#breadcrumb"},"inLanguage":"fr-FR","potentialAction":[{"@type":"ReadAction","target":["https:\/\/www.jeannedarc-figeac.fr\/college-lycee\/howre-you-going\/"]}]},{"@type":"ImageObject","inLanguage":"fr-FR","@id":"https:\/\/www.jeannedarc-figeac.fr\/college-lycee\/howre-you-going\/#primaryimage","url":"https:\/\/i0.wp.com\/www.jeannedarc-figeac.fr\/college-lycee\/wp-content\/uploads\/sites\/5\/2017\/04\/Photo6-21-mars-2017-bis.jpg?fit=1600%2C2133&ssl=1","contentUrl":"https:\/\/i0.wp.com\/www.jeannedarc-figeac.fr\/college-lycee\/wp-content\/uploads\/sites\/5\/2017\/04\/Photo6-21-mars-2017-bis.jpg?fit=1600%2C2133&ssl=1","width":1600,"height":2133},{"@type":"BreadcrumbList","@id":"https:\/\/www.jeannedarc-figeac.fr\/college-lycee\/howre-you-going\/#breadcrumb","itemListElement":[{"@type":"ListItem","position":1,"name":"Accueil","item":"https:\/\/www.jeannedarc-figeac.fr\/college-lycee\/"},{"@type":"ListItem","position":2,"name":"Actus","item":"http:\/\/www.jeannedarc-figeac.fr\/college-lycee\/cat\/actus\/"},{"@type":"ListItem","position":3,"name":"\u00ab How\u2019re you going ? \u00bb"}]},{"@type":"WebSite","@id":"https:\/\/www.jeannedarc-figeac.fr\/college-lycee\/#website","url":"https:\/\/www.jeannedarc-figeac.fr\/college-lycee\/","name":"Coll\u00e8ge et Lyc\u00e9e Jeanne d&#039;Arc","description":"Jeanne d&#039;Arc Figeac","potentialAction":[{"@type":"SearchAction","target":{"@type":"EntryPoint","urlTemplate":"https:\/\/www.jeannedarc-figeac.fr\/college-lycee\/?s={search_term_string}"},"query-input":{"@type":"PropertyValueSpecification","valueRequired":true,"valueName":"search_term_string"}}],"inLanguage":"fr-FR"},{"@type":"Person","@id":"https:\/\/www.jeannedarc-figeac.fr\/college-lycee\/#\/schema\/person\/29e5764f28e895dc8bf41d4468f99154","name":"le secr\u00e9tariat","image":{"@type":"ImageObject","inLanguage":"fr-FR","@id":"https:\/\/www.jeannedarc-figeac.fr\/college-lycee\/#\/schema\/person\/image\/","url":"https:\/\/www.jeannedarc-figeac.fr\/college-lycee\/wp-content\/litespeed\/avatar\/5\/b7e8da60f53ba4adc9e9e66d91d84580.jpg?ver=1776943645","contentUrl":"https:\/\/www.jeannedarc-figeac.fr\/college-lycee\/wp-content\/litespeed\/avatar\/5\/b7e8da60f53ba4adc9e9e66d91d84580.jpg?ver=1776943645","caption":"le secr\u00e9tariat"},"url":"https:\/\/www.jeannedarc-figeac.fr\/college-lycee\/author\/arlette\/"}]}},"jetpack_featured_media_url":"","jetpack_sharing_enabled":true,"jetpack_shortlink":"https:\/\/wp.me\/p5Qyb6-Co","_links":{"self":[{"href":"https:\/\/www.jeannedarc-figeac.fr\/college-lycee\/wp-json\/wp\/v2\/posts\/2380","targetHints":{"allow":["GET"]}}],"collection":[{"href":"https:\/\/www.jeannedarc-figeac.fr\/college-lycee\/wp-json\/wp\/v2\/posts"}],"about":[{"href":"https:\/\/www.jeannedarc-figeac.fr\/college-lycee\/wp-json\/wp\/v2\/types\/post"}],"author":[{"embeddable":true,"href":"https:\/\/www.jeannedarc-figeac.fr\/college-lycee\/wp-json\/wp\/v2\/users\/12"}],"replies":[{"embeddable":true,"href":"https:\/\/www.jeannedarc-figeac.fr\/college-lycee\/wp-json\/wp\/v2\/comments?post=2380"}],"version-history":[{"count":1,"href":"https:\/\/www.jeannedarc-figeac.fr\/college-lycee\/wp-json\/wp\/v2\/posts\/2380\/revisions"}],"predecessor-version":[{"id":2383,"href":"https:\/\/www.jeannedarc-figeac.fr\/college-lycee\/wp-json\/wp\/v2\/posts\/2380\/revisions\/2383"}],"wp:attachment":[{"href":"https:\/\/www.jeannedarc-figeac.fr\/college-lycee\/wp-json\/wp\/v2\/media?parent=2380"}],"wp:term":[{"taxonomy":"category","embeddable":true,"href":"https:\/\/www.jeannedarc-figeac.fr\/college-lycee\/wp-json\/wp\/v2\/categories?post=2380"},{"taxonomy":"post_tag","embeddable":true,"href":"https:\/\/www.jeannedarc-figeac.fr\/college-lycee\/wp-json\/wp\/v2\/tags?post=2380"}],"curies":[{"name":"wp","href":"https:\/\/api.w.org\/{rel}","templated":true}]}}