{"id":2368,"date":"2017-04-03T09:43:23","date_gmt":"2017-04-03T09:43:23","guid":{"rendered":"http:\/\/www.jeannedarc-figeac.fr\/college-lycee\/?p=2368"},"modified":"2017-04-03T09:43:23","modified_gmt":"2017-04-03T09:43:23","slug":"echange-franco-espagnol-entre-college-lycee-jeanne-darc-college-ieso-cuatro-villas-de-berlanga-extremadure","status":"publish","type":"post","link":"https:\/\/www.jeannedarc-figeac.fr\/college-lycee\/echange-franco-espagnol-entre-college-lycee-jeanne-darc-college-ieso-cuatro-villas-de-berlanga-extremadure\/","title":{"rendered":"Echange franco-espagnol entre le coll\u00e8ge lyc\u00e9e Jeanne d&rsquo;Arc  et le coll\u00e8ge IESO  Cuatro villas de Berlanga en Extr\u00e9madure."},"content":{"rendered":"<p><a href=\"https:\/\/i0.wp.com\/www.jeannedarc-figeac.fr\/college-lycee\/wp-content\/uploads\/sites\/5\/2017\/04\/espagnols-6.jpg\"><img data-recalc-dims=\"1\" loading=\"lazy\" decoding=\"async\" class=\"alignnone size-medium wp-image-2369\" src=\"https:\/\/i0.wp.com\/www.jeannedarc-figeac.fr\/college-lycee\/wp-content\/uploads\/sites\/5\/2017\/04\/espagnols-6.jpg?resize=300%2C169\" alt=\"\" width=\"300\" height=\"169\" srcset=\"https:\/\/i0.wp.com\/www.jeannedarc-figeac.fr\/college-lycee\/wp-content\/uploads\/sites\/5\/2017\/04\/espagnols-6.jpg?resize=300%2C169&amp;ssl=1 300w, https:\/\/i0.wp.com\/www.jeannedarc-figeac.fr\/college-lycee\/wp-content\/uploads\/sites\/5\/2017\/04\/espagnols-6.jpg?resize=768%2C432&amp;ssl=1 768w, https:\/\/i0.wp.com\/www.jeannedarc-figeac.fr\/college-lycee\/wp-content\/uploads\/sites\/5\/2017\/04\/espagnols-6.jpg?resize=1024%2C576&amp;ssl=1 1024w, https:\/\/i0.wp.com\/www.jeannedarc-figeac.fr\/college-lycee\/wp-content\/uploads\/sites\/5\/2017\/04\/espagnols-6.jpg?resize=1080%2C607&amp;ssl=1 1080w, https:\/\/i0.wp.com\/www.jeannedarc-figeac.fr\/college-lycee\/wp-content\/uploads\/sites\/5\/2017\/04\/espagnols-6.jpg?w=1599&amp;ssl=1 1599w\" sizes=\"(max-width: 300px) 100vw, 300px\" \/><\/a><a href=\"https:\/\/i0.wp.com\/www.jeannedarc-figeac.fr\/college-lycee\/wp-content\/uploads\/sites\/5\/2017\/04\/espagnols-4.jpg\"><img data-recalc-dims=\"1\" loading=\"lazy\" decoding=\"async\" class=\"alignnone size-medium wp-image-2370\" src=\"https:\/\/i0.wp.com\/www.jeannedarc-figeac.fr\/college-lycee\/wp-content\/uploads\/sites\/5\/2017\/04\/espagnols-4.jpg?resize=300%2C169\" alt=\"\" width=\"300\" height=\"169\" srcset=\"https:\/\/i0.wp.com\/www.jeannedarc-figeac.fr\/college-lycee\/wp-content\/uploads\/sites\/5\/2017\/04\/espagnols-4.jpg?resize=300%2C169&amp;ssl=1 300w, https:\/\/i0.wp.com\/www.jeannedarc-figeac.fr\/college-lycee\/wp-content\/uploads\/sites\/5\/2017\/04\/espagnols-4.jpg?resize=768%2C432&amp;ssl=1 768w, https:\/\/i0.wp.com\/www.jeannedarc-figeac.fr\/college-lycee\/wp-content\/uploads\/sites\/5\/2017\/04\/espagnols-4.jpg?resize=1024%2C576&amp;ssl=1 1024w, https:\/\/i0.wp.com\/www.jeannedarc-figeac.fr\/college-lycee\/wp-content\/uploads\/sites\/5\/2017\/04\/espagnols-4.jpg?resize=1080%2C608&amp;ssl=1 1080w, https:\/\/i0.wp.com\/www.jeannedarc-figeac.fr\/college-lycee\/wp-content\/uploads\/sites\/5\/2017\/04\/espagnols-4.jpg?w=1600&amp;ssl=1 1600w\" sizes=\"(max-width: 300px) 100vw, 300px\" \/><\/a><\/p>\n<p>Le jeudi 16 mars, 25 \u00e9l\u00e8ves de 3\u00e8me et de 2nde accueillaient, chez eux, leurs correspondants espagnols du coll\u00e8ge Cuatro Villas de Berlanga en Extr\u00e9madure. Ces derniers ont assist\u00e9 aux cours de leurs camarades fran\u00e7ais et ont \u00e9galement d\u00e9couvert Figeac et ses environs comme le Gouffre de Padirac, Rocamadour et la For\u00eat des Singes, Saint-Cirq-Lapopie et les grottes de Pech Merle.<\/p>\n<p>La semaine s&rsquo;est cl\u00f4tur\u00e9e par une soir\u00e9e espagnole o\u00f9 les correspondants et leurs familles d&rsquo;accueil ont \u00e9chang\u00e9 leurs impressions sur ce s\u00e9jour. Les enseignantes extr\u00e9m\u00e8gnes ont pr\u00e9par\u00e9 pour l&rsquo;occasion des sp\u00e9cialit\u00e9s espagnoles comme la tortilla ou le salmorejo andaloux et en retour ont go\u00fbt\u00e9 des plats pr\u00e9par\u00e9s par les parents fran\u00e7ais.<\/p>\n<p>C&rsquo;est donc le c\u0153ur serr\u00e9 que les correspondants espagnols ont repris la route le jeudi 23 mars pour Berlanga en faisant une halte \u00e0 Toulouse.<\/p>\n<p>Au mois de mai, se d\u00e9roulera la 2\u00e8me phase de l&rsquo;\u00e9change et ce sont les figeacois qui vont se rendre en Extr\u00e9madure o\u00f9, \u00e0 leur tour, ils d\u00e9couvriront le rythme de vie espagnol, assisteront aux cours de leurs correspondants, visiteront M\u00e9rida, S\u00e9ville et Cordoue et prendront part aux Romer\u00edas de Berlanga.<\/p>\n<p>&nbsp;<\/p>\n","protected":false},"excerpt":{"rendered":"<p>Le jeudi 16 mars, 25 \u00e9l\u00e8ves de 3\u00e8me et de 2nde accueillaient, chez eux, leurs correspondants espagnols du coll\u00e8ge Cuatro Villas de Berlanga en Extr\u00e9madure. Ces derniers ont assist\u00e9 aux cours de leurs camarades fran\u00e7ais et ont \u00e9galement d\u00e9couvert Figeac et ses environs comme le Gouffre de Padirac, Rocamadour et la For\u00eat des Singes, Saint-Cirq-Lapopie [&hellip;]<\/p>\n","protected":false},"author":12,"featured_media":0,"comment_status":"closed","ping_status":"open","sticky":false,"template":"","format":"standard","meta":{"_et_pb_use_builder":"","_et_pb_old_content":"","_et_gb_content_width":"","_jetpack_newsletter_access":"","_jetpack_dont_email_post_to_subs":false,"_jetpack_newsletter_tier_id":0,"_jetpack_memberships_contains_paywalled_content":false,"iawp_total_views":6,"_jetpack_memberships_contains_paid_content":false,"footnotes":""},"categories":[28],"tags":[],"class_list":["post-2368","post","type-post","status-publish","format-standard","hentry","category-actus"],"yoast_head":"<!-- This site is optimized with the Yoast SEO plugin v26.0 - https:\/\/yoast.com\/wordpress\/plugins\/seo\/ -->\n<title>Echange franco-espagnol entre le coll\u00e8ge lyc\u00e9e Jeanne d&#039;Arc et le coll\u00e8ge IESO Cuatro villas de Berlanga en Extr\u00e9madure.<\/title>\n<meta name=\"description\" content=\"Le jeudi 16 mars, 25 \u00e9l\u00e8ves de 3\u00e8me et de 2nde accueillaient, chez eux, leurs correspondants espagnols du coll\u00e8ge Cuatro Villas de Berlanga en\" \/>\n<meta name=\"robots\" content=\"index, follow, max-snippet:-1, max-image-preview:large, max-video-preview:-1\" \/>\n<link rel=\"canonical\" href=\"https:\/\/www.jeannedarc-figeac.fr\/college-lycee\/echange-franco-espagnol-entre-college-lycee-jeanne-darc-college-ieso-cuatro-villas-de-berlanga-extremadure\/\" \/>\n<meta property=\"og:locale\" content=\"fr_FR\" \/>\n<meta property=\"og:type\" content=\"article\" \/>\n<meta property=\"og:title\" content=\"Echange franco-espagnol entre le coll\u00e8ge lyc\u00e9e Jeanne d&#039;Arc et le coll\u00e8ge IESO Cuatro villas de Berlanga en Extr\u00e9madure.\" \/>\n<meta property=\"og:description\" content=\"Le jeudi 16 mars, 25 \u00e9l\u00e8ves de 3\u00e8me et de 2nde accueillaient, chez eux, leurs correspondants espagnols du coll\u00e8ge Cuatro Villas de Berlanga en\" \/>\n<meta property=\"og:url\" content=\"https:\/\/www.jeannedarc-figeac.fr\/college-lycee\/echange-franco-espagnol-entre-college-lycee-jeanne-darc-college-ieso-cuatro-villas-de-berlanga-extremadure\/\" \/>\n<meta property=\"og:site_name\" content=\"Coll\u00e8ge et Lyc\u00e9e Jeanne d&#039;Arc\" \/>\n<meta property=\"article:published_time\" content=\"2017-04-03T09:43:23+00:00\" \/>\n<meta property=\"og:image\" content=\"http:\/\/www.jeannedarc-figeac.fr\/college-lycee\/wp-content\/uploads\/sites\/5\/2017\/04\/espagnols-6-300x169.jpg\" \/>\n<meta name=\"author\" content=\"le secr\u00e9tariat\" \/>\n<script type=\"application\/ld+json\" class=\"yoast-schema-graph\">{\"@context\":\"https:\/\/schema.org\",\"@graph\":[{\"@type\":\"WebPage\",\"@id\":\"https:\/\/www.jeannedarc-figeac.fr\/college-lycee\/echange-franco-espagnol-entre-college-lycee-jeanne-darc-college-ieso-cuatro-villas-de-berlanga-extremadure\/\",\"url\":\"https:\/\/www.jeannedarc-figeac.fr\/college-lycee\/echange-franco-espagnol-entre-college-lycee-jeanne-darc-college-ieso-cuatro-villas-de-berlanga-extremadure\/\",\"name\":\"Echange franco-espagnol entre le coll\u00e8ge lyc\u00e9e Jeanne d'Arc et le coll\u00e8ge IESO Cuatro villas de Berlanga en Extr\u00e9madure.\",\"isPartOf\":{\"@id\":\"https:\/\/www.jeannedarc-figeac.fr\/college-lycee\/#website\"},\"primaryImageOfPage\":{\"@id\":\"https:\/\/www.jeannedarc-figeac.fr\/college-lycee\/echange-franco-espagnol-entre-college-lycee-jeanne-darc-college-ieso-cuatro-villas-de-berlanga-extremadure\/#primaryimage\"},\"image\":{\"@id\":\"https:\/\/www.jeannedarc-figeac.fr\/college-lycee\/echange-franco-espagnol-entre-college-lycee-jeanne-darc-college-ieso-cuatro-villas-de-berlanga-extremadure\/#primaryimage\"},\"thumbnailUrl\":\"http:\/\/www.jeannedarc-figeac.fr\/college-lycee\/wp-content\/uploads\/sites\/5\/2017\/04\/espagnols-6-300x169.jpg\",\"datePublished\":\"2017-04-03T09:43:23+00:00\",\"author\":{\"@id\":\"https:\/\/www.jeannedarc-figeac.fr\/college-lycee\/#\/schema\/person\/29e5764f28e895dc8bf41d4468f99154\"},\"description\":\"Le jeudi 16 mars, 25 \u00e9l\u00e8ves de 3\u00e8me et de 2nde accueillaient, chez eux, leurs correspondants espagnols du coll\u00e8ge Cuatro Villas de Berlanga en\",\"breadcrumb\":{\"@id\":\"https:\/\/www.jeannedarc-figeac.fr\/college-lycee\/echange-franco-espagnol-entre-college-lycee-jeanne-darc-college-ieso-cuatro-villas-de-berlanga-extremadure\/#breadcrumb\"},\"inLanguage\":\"fr-FR\",\"potentialAction\":[{\"@type\":\"ReadAction\",\"target\":[\"https:\/\/www.jeannedarc-figeac.fr\/college-lycee\/echange-franco-espagnol-entre-college-lycee-jeanne-darc-college-ieso-cuatro-villas-de-berlanga-extremadure\/\"]}]},{\"@type\":\"ImageObject\",\"inLanguage\":\"fr-FR\",\"@id\":\"https:\/\/www.jeannedarc-figeac.fr\/college-lycee\/echange-franco-espagnol-entre-college-lycee-jeanne-darc-college-ieso-cuatro-villas-de-berlanga-extremadure\/#primaryimage\",\"url\":\"https:\/\/i0.wp.com\/www.jeannedarc-figeac.fr\/college-lycee\/wp-content\/uploads\/sites\/5\/2017\/04\/espagnols-6.jpg?fit=1599%2C899&ssl=1\",\"contentUrl\":\"https:\/\/i0.wp.com\/www.jeannedarc-figeac.fr\/college-lycee\/wp-content\/uploads\/sites\/5\/2017\/04\/espagnols-6.jpg?fit=1599%2C899&ssl=1\",\"width\":1599,\"height\":899},{\"@type\":\"BreadcrumbList\",\"@id\":\"https:\/\/www.jeannedarc-figeac.fr\/college-lycee\/echange-franco-espagnol-entre-college-lycee-jeanne-darc-college-ieso-cuatro-villas-de-berlanga-extremadure\/#breadcrumb\",\"itemListElement\":[{\"@type\":\"ListItem\",\"position\":1,\"name\":\"Accueil\",\"item\":\"https:\/\/www.jeannedarc-figeac.fr\/college-lycee\/\"},{\"@type\":\"ListItem\",\"position\":2,\"name\":\"Actus\",\"item\":\"http:\/\/www.jeannedarc-figeac.fr\/college-lycee\/cat\/actus\/\"},{\"@type\":\"ListItem\",\"position\":3,\"name\":\"Echange franco-espagnol entre le coll\u00e8ge lyc\u00e9e Jeanne d&rsquo;Arc et le coll\u00e8ge IESO Cuatro villas de Berlanga en Extr\u00e9madure.\"}]},{\"@type\":\"WebSite\",\"@id\":\"https:\/\/www.jeannedarc-figeac.fr\/college-lycee\/#website\",\"url\":\"https:\/\/www.jeannedarc-figeac.fr\/college-lycee\/\",\"name\":\"Coll\u00e8ge et Lyc\u00e9e Jeanne d&#039;Arc\",\"description\":\"Jeanne d&#039;Arc Figeac\",\"potentialAction\":[{\"@type\":\"SearchAction\",\"target\":{\"@type\":\"EntryPoint\",\"urlTemplate\":\"https:\/\/www.jeannedarc-figeac.fr\/college-lycee\/?s={search_term_string}\"},\"query-input\":{\"@type\":\"PropertyValueSpecification\",\"valueRequired\":true,\"valueName\":\"search_term_string\"}}],\"inLanguage\":\"fr-FR\"},{\"@type\":\"Person\",\"@id\":\"https:\/\/www.jeannedarc-figeac.fr\/college-lycee\/#\/schema\/person\/29e5764f28e895dc8bf41d4468f99154\",\"name\":\"le secr\u00e9tariat\",\"image\":{\"@type\":\"ImageObject\",\"inLanguage\":\"fr-FR\",\"@id\":\"https:\/\/www.jeannedarc-figeac.fr\/college-lycee\/#\/schema\/person\/image\/\",\"url\":\"https:\/\/www.jeannedarc-figeac.fr\/college-lycee\/wp-content\/litespeed\/avatar\/5\/b7e8da60f53ba4adc9e9e66d91d84580.jpg?ver=1777548714\",\"contentUrl\":\"https:\/\/www.jeannedarc-figeac.fr\/college-lycee\/wp-content\/litespeed\/avatar\/5\/b7e8da60f53ba4adc9e9e66d91d84580.jpg?ver=1777548714\",\"caption\":\"le secr\u00e9tariat\"},\"url\":\"https:\/\/www.jeannedarc-figeac.fr\/college-lycee\/author\/arlette\/\"}]}<\/script>\n<!-- \/ Yoast SEO plugin. -->","yoast_head_json":{"title":"Echange franco-espagnol entre le coll\u00e8ge lyc\u00e9e Jeanne d'Arc et le coll\u00e8ge IESO Cuatro villas de Berlanga en Extr\u00e9madure.","description":"Le jeudi 16 mars, 25 \u00e9l\u00e8ves de 3\u00e8me et de 2nde accueillaient, chez eux, leurs correspondants espagnols du coll\u00e8ge Cuatro Villas de Berlanga en","robots":{"index":"index","follow":"follow","max-snippet":"max-snippet:-1","max-image-preview":"max-image-preview:large","max-video-preview":"max-video-preview:-1"},"canonical":"https:\/\/www.jeannedarc-figeac.fr\/college-lycee\/echange-franco-espagnol-entre-college-lycee-jeanne-darc-college-ieso-cuatro-villas-de-berlanga-extremadure\/","og_locale":"fr_FR","og_type":"article","og_title":"Echange franco-espagnol entre le coll\u00e8ge lyc\u00e9e Jeanne d'Arc et le coll\u00e8ge IESO Cuatro villas de Berlanga en Extr\u00e9madure.","og_description":"Le jeudi 16 mars, 25 \u00e9l\u00e8ves de 3\u00e8me et de 2nde accueillaient, chez eux, leurs correspondants espagnols du coll\u00e8ge Cuatro Villas de Berlanga en","og_url":"https:\/\/www.jeannedarc-figeac.fr\/college-lycee\/echange-franco-espagnol-entre-college-lycee-jeanne-darc-college-ieso-cuatro-villas-de-berlanga-extremadure\/","og_site_name":"Coll\u00e8ge et Lyc\u00e9e Jeanne d&#039;Arc","article_published_time":"2017-04-03T09:43:23+00:00","og_image":[{"url":"http:\/\/www.jeannedarc-figeac.fr\/college-lycee\/wp-content\/uploads\/sites\/5\/2017\/04\/espagnols-6-300x169.jpg","type":"","width":"","height":""}],"author":"le secr\u00e9tariat","schema":{"@context":"https:\/\/schema.org","@graph":[{"@type":"WebPage","@id":"https:\/\/www.jeannedarc-figeac.fr\/college-lycee\/echange-franco-espagnol-entre-college-lycee-jeanne-darc-college-ieso-cuatro-villas-de-berlanga-extremadure\/","url":"https:\/\/www.jeannedarc-figeac.fr\/college-lycee\/echange-franco-espagnol-entre-college-lycee-jeanne-darc-college-ieso-cuatro-villas-de-berlanga-extremadure\/","name":"Echange franco-espagnol entre le coll\u00e8ge lyc\u00e9e Jeanne d'Arc et le coll\u00e8ge IESO Cuatro villas de Berlanga en Extr\u00e9madure.","isPartOf":{"@id":"https:\/\/www.jeannedarc-figeac.fr\/college-lycee\/#website"},"primaryImageOfPage":{"@id":"https:\/\/www.jeannedarc-figeac.fr\/college-lycee\/echange-franco-espagnol-entre-college-lycee-jeanne-darc-college-ieso-cuatro-villas-de-berlanga-extremadure\/#primaryimage"},"image":{"@id":"https:\/\/www.jeannedarc-figeac.fr\/college-lycee\/echange-franco-espagnol-entre-college-lycee-jeanne-darc-college-ieso-cuatro-villas-de-berlanga-extremadure\/#primaryimage"},"thumbnailUrl":"http:\/\/www.jeannedarc-figeac.fr\/college-lycee\/wp-content\/uploads\/sites\/5\/2017\/04\/espagnols-6-300x169.jpg","datePublished":"2017-04-03T09:43:23+00:00","author":{"@id":"https:\/\/www.jeannedarc-figeac.fr\/college-lycee\/#\/schema\/person\/29e5764f28e895dc8bf41d4468f99154"},"description":"Le jeudi 16 mars, 25 \u00e9l\u00e8ves de 3\u00e8me et de 2nde accueillaient, chez eux, leurs correspondants espagnols du coll\u00e8ge Cuatro Villas de Berlanga en","breadcrumb":{"@id":"https:\/\/www.jeannedarc-figeac.fr\/college-lycee\/echange-franco-espagnol-entre-college-lycee-jeanne-darc-college-ieso-cuatro-villas-de-berlanga-extremadure\/#breadcrumb"},"inLanguage":"fr-FR","potentialAction":[{"@type":"ReadAction","target":["https:\/\/www.jeannedarc-figeac.fr\/college-lycee\/echange-franco-espagnol-entre-college-lycee-jeanne-darc-college-ieso-cuatro-villas-de-berlanga-extremadure\/"]}]},{"@type":"ImageObject","inLanguage":"fr-FR","@id":"https:\/\/www.jeannedarc-figeac.fr\/college-lycee\/echange-franco-espagnol-entre-college-lycee-jeanne-darc-college-ieso-cuatro-villas-de-berlanga-extremadure\/#primaryimage","url":"https:\/\/i0.wp.com\/www.jeannedarc-figeac.fr\/college-lycee\/wp-content\/uploads\/sites\/5\/2017\/04\/espagnols-6.jpg?fit=1599%2C899&ssl=1","contentUrl":"https:\/\/i0.wp.com\/www.jeannedarc-figeac.fr\/college-lycee\/wp-content\/uploads\/sites\/5\/2017\/04\/espagnols-6.jpg?fit=1599%2C899&ssl=1","width":1599,"height":899},{"@type":"BreadcrumbList","@id":"https:\/\/www.jeannedarc-figeac.fr\/college-lycee\/echange-franco-espagnol-entre-college-lycee-jeanne-darc-college-ieso-cuatro-villas-de-berlanga-extremadure\/#breadcrumb","itemListElement":[{"@type":"ListItem","position":1,"name":"Accueil","item":"https:\/\/www.jeannedarc-figeac.fr\/college-lycee\/"},{"@type":"ListItem","position":2,"name":"Actus","item":"http:\/\/www.jeannedarc-figeac.fr\/college-lycee\/cat\/actus\/"},{"@type":"ListItem","position":3,"name":"Echange franco-espagnol entre le coll\u00e8ge lyc\u00e9e Jeanne d&rsquo;Arc et le coll\u00e8ge IESO Cuatro villas de Berlanga en Extr\u00e9madure."}]},{"@type":"WebSite","@id":"https:\/\/www.jeannedarc-figeac.fr\/college-lycee\/#website","url":"https:\/\/www.jeannedarc-figeac.fr\/college-lycee\/","name":"Coll\u00e8ge et Lyc\u00e9e Jeanne d&#039;Arc","description":"Jeanne d&#039;Arc Figeac","potentialAction":[{"@type":"SearchAction","target":{"@type":"EntryPoint","urlTemplate":"https:\/\/www.jeannedarc-figeac.fr\/college-lycee\/?s={search_term_string}"},"query-input":{"@type":"PropertyValueSpecification","valueRequired":true,"valueName":"search_term_string"}}],"inLanguage":"fr-FR"},{"@type":"Person","@id":"https:\/\/www.jeannedarc-figeac.fr\/college-lycee\/#\/schema\/person\/29e5764f28e895dc8bf41d4468f99154","name":"le secr\u00e9tariat","image":{"@type":"ImageObject","inLanguage":"fr-FR","@id":"https:\/\/www.jeannedarc-figeac.fr\/college-lycee\/#\/schema\/person\/image\/","url":"https:\/\/www.jeannedarc-figeac.fr\/college-lycee\/wp-content\/litespeed\/avatar\/5\/b7e8da60f53ba4adc9e9e66d91d84580.jpg?ver=1777548714","contentUrl":"https:\/\/www.jeannedarc-figeac.fr\/college-lycee\/wp-content\/litespeed\/avatar\/5\/b7e8da60f53ba4adc9e9e66d91d84580.jpg?ver=1777548714","caption":"le secr\u00e9tariat"},"url":"https:\/\/www.jeannedarc-figeac.fr\/college-lycee\/author\/arlette\/"}]}},"jetpack_featured_media_url":"","jetpack_sharing_enabled":true,"jetpack_shortlink":"https:\/\/wp.me\/p5Qyb6-Cc","_links":{"self":[{"href":"https:\/\/www.jeannedarc-figeac.fr\/college-lycee\/wp-json\/wp\/v2\/posts\/2368","targetHints":{"allow":["GET"]}}],"collection":[{"href":"https:\/\/www.jeannedarc-figeac.fr\/college-lycee\/wp-json\/wp\/v2\/posts"}],"about":[{"href":"https:\/\/www.jeannedarc-figeac.fr\/college-lycee\/wp-json\/wp\/v2\/types\/post"}],"author":[{"embeddable":true,"href":"https:\/\/www.jeannedarc-figeac.fr\/college-lycee\/wp-json\/wp\/v2\/users\/12"}],"replies":[{"embeddable":true,"href":"https:\/\/www.jeannedarc-figeac.fr\/college-lycee\/wp-json\/wp\/v2\/comments?post=2368"}],"version-history":[{"count":1,"href":"https:\/\/www.jeannedarc-figeac.fr\/college-lycee\/wp-json\/wp\/v2\/posts\/2368\/revisions"}],"predecessor-version":[{"id":2371,"href":"https:\/\/www.jeannedarc-figeac.fr\/college-lycee\/wp-json\/wp\/v2\/posts\/2368\/revisions\/2371"}],"wp:attachment":[{"href":"https:\/\/www.jeannedarc-figeac.fr\/college-lycee\/wp-json\/wp\/v2\/media?parent=2368"}],"wp:term":[{"taxonomy":"category","embeddable":true,"href":"https:\/\/www.jeannedarc-figeac.fr\/college-lycee\/wp-json\/wp\/v2\/categories?post=2368"},{"taxonomy":"post_tag","embeddable":true,"href":"https:\/\/www.jeannedarc-figeac.fr\/college-lycee\/wp-json\/wp\/v2\/tags?post=2368"}],"curies":[{"name":"wp","href":"https:\/\/api.w.org\/{rel}","templated":true}]}}