{"id":2334,"date":"2017-03-07T09:27:36","date_gmt":"2017-03-07T09:27:36","guid":{"rendered":"http:\/\/www.jeannedarc-figeac.fr\/college-lycee\/?p=2334"},"modified":"2017-03-07T09:27:36","modified_gmt":"2017-03-07T09:27:36","slug":"mediateurs-collegiens-action-pendant-recreations","status":"publish","type":"post","link":"https:\/\/www.jeannedarc-figeac.fr\/college-lycee\/mediateurs-collegiens-action-pendant-recreations\/","title":{"rendered":"Les m\u00e9diateurs coll\u00e9giens en action pendant les r\u00e9cr\u00e9ations"},"content":{"rendered":"<p><a href=\"https:\/\/i0.wp.com\/www.jeannedarc-figeac.fr\/college-lycee\/wp-content\/uploads\/sites\/5\/2017\/03\/DSC05474-bis.jpg\"><img data-recalc-dims=\"1\" loading=\"lazy\" decoding=\"async\" class=\"alignnone size-medium wp-image-2335\" src=\"https:\/\/i0.wp.com\/www.jeannedarc-figeac.fr\/college-lycee\/wp-content\/uploads\/sites\/5\/2017\/03\/DSC05474-bis.jpg?resize=300%2C225\" alt=\"\" width=\"300\" height=\"225\" srcset=\"https:\/\/i0.wp.com\/www.jeannedarc-figeac.fr\/college-lycee\/wp-content\/uploads\/sites\/5\/2017\/03\/DSC05474-bis.jpg?resize=300%2C225&amp;ssl=1 300w, https:\/\/i0.wp.com\/www.jeannedarc-figeac.fr\/college-lycee\/wp-content\/uploads\/sites\/5\/2017\/03\/DSC05474-bis.jpg?resize=768%2C576&amp;ssl=1 768w, https:\/\/i0.wp.com\/www.jeannedarc-figeac.fr\/college-lycee\/wp-content\/uploads\/sites\/5\/2017\/03\/DSC05474-bis.jpg?resize=1024%2C768&amp;ssl=1 1024w, https:\/\/i0.wp.com\/www.jeannedarc-figeac.fr\/college-lycee\/wp-content\/uploads\/sites\/5\/2017\/03\/DSC05474-bis.jpg?resize=1080%2C810&amp;ssl=1 1080w, https:\/\/i0.wp.com\/www.jeannedarc-figeac.fr\/college-lycee\/wp-content\/uploads\/sites\/5\/2017\/03\/DSC05474-bis.jpg?w=1600&amp;ssl=1 1600w\" sizes=\"(max-width: 300px) 100vw, 300px\" \/><\/a><\/p>\n<p>L\u2019IFAC est intervenu pour une dizaine d\u2019\u00e9l\u00e8ves volontaires, afin de mettre en place une formation sur la m\u00e9diation par les pairs. Cela fait une semaine que ces \u00e9l\u00e8ves de 5\u00b0 et 4\u00b0 sont pr\u00e9sents \u00e0 chaque r\u00e9cr\u00e9ation, tous les jours de la semaine, pour aider leurs camarades \u00e0 r\u00e9soudre leurs probl\u00e8mes et \u00e0 avoir un \u0153il et une oreille attentive sur les personnes isol\u00e9es. Ils sont reconnaissables \u00e0 leur brassard jaune fluo. Il est bien entendu que si un probl\u00e8me grave est d\u00e9cel\u00e9 par ces m\u00e9diateurs, l\u2019information sera imm\u00e9diatement transmise \u00e0 un assistant d\u2019\u00e9ducation qui fera le lien avec la vie scolaire et l\u2019infirmerie. Souhaitons bon courage \u00e0 cette \u00e9quipe tr\u00e8s motiv\u00e9e et d\u00e9sireuse de mener \u00e0 bien sa mission.<\/p>\n<p>&nbsp;<\/p>\n","protected":false},"excerpt":{"rendered":"<p>L\u2019IFAC est intervenu pour une dizaine d\u2019\u00e9l\u00e8ves volontaires, afin de mettre en place une formation sur la m\u00e9diation par les pairs. Cela fait une semaine que ces \u00e9l\u00e8ves de 5\u00b0 et 4\u00b0 sont pr\u00e9sents \u00e0 chaque r\u00e9cr\u00e9ation, tous les jours de la semaine, pour aider leurs camarades \u00e0 r\u00e9soudre leurs probl\u00e8mes et \u00e0 avoir un [&hellip;]<\/p>\n","protected":false},"author":12,"featured_media":0,"comment_status":"closed","ping_status":"open","sticky":false,"template":"","format":"standard","meta":{"_et_pb_use_builder":"","_et_pb_old_content":"","_et_gb_content_width":"","_jetpack_newsletter_access":"","_jetpack_dont_email_post_to_subs":false,"_jetpack_newsletter_tier_id":0,"_jetpack_memberships_contains_paywalled_content":false,"iawp_total_views":0,"_jetpack_memberships_contains_paid_content":false,"footnotes":""},"categories":[28],"tags":[],"class_list":["post-2334","post","type-post","status-publish","format-standard","hentry","category-actus"],"yoast_head":"<!-- This site is optimized with the Yoast SEO plugin v26.0 - https:\/\/yoast.com\/wordpress\/plugins\/seo\/ -->\n<title>Les m\u00e9diateurs coll\u00e9giens en action pendant les r\u00e9cr\u00e9ations<\/title>\n<meta name=\"description\" content=\"L\u2019IFAC est intervenu pour une dizaine d\u2019\u00e9l\u00e8ves volontaires, afin de mettre en place une formation sur la m\u00e9diation par les pairs. Cela fait une semaine\" \/>\n<meta name=\"robots\" content=\"index, follow, max-snippet:-1, max-image-preview:large, max-video-preview:-1\" \/>\n<link rel=\"canonical\" href=\"https:\/\/www.jeannedarc-figeac.fr\/college-lycee\/mediateurs-collegiens-action-pendant-recreations\/\" \/>\n<meta property=\"og:locale\" content=\"fr_FR\" \/>\n<meta property=\"og:type\" content=\"article\" \/>\n<meta property=\"og:title\" content=\"Les m\u00e9diateurs coll\u00e9giens en action pendant les r\u00e9cr\u00e9ations\" \/>\n<meta property=\"og:description\" content=\"L\u2019IFAC est intervenu pour une dizaine d\u2019\u00e9l\u00e8ves volontaires, afin de mettre en place une formation sur la m\u00e9diation par les pairs. Cela fait une semaine\" \/>\n<meta property=\"og:url\" content=\"https:\/\/www.jeannedarc-figeac.fr\/college-lycee\/mediateurs-collegiens-action-pendant-recreations\/\" \/>\n<meta property=\"og:site_name\" content=\"Coll\u00e8ge et Lyc\u00e9e Jeanne d&#039;Arc\" \/>\n<meta property=\"article:published_time\" content=\"2017-03-07T09:27:36+00:00\" \/>\n<meta property=\"og:image\" content=\"http:\/\/www.jeannedarc-figeac.fr\/college-lycee\/wp-content\/uploads\/sites\/5\/2017\/03\/DSC05474-bis-300x225.jpg\" \/>\n<meta name=\"author\" content=\"le secr\u00e9tariat\" \/>\n<script type=\"application\/ld+json\" class=\"yoast-schema-graph\">{\"@context\":\"https:\/\/schema.org\",\"@graph\":[{\"@type\":\"WebPage\",\"@id\":\"https:\/\/www.jeannedarc-figeac.fr\/college-lycee\/mediateurs-collegiens-action-pendant-recreations\/\",\"url\":\"https:\/\/www.jeannedarc-figeac.fr\/college-lycee\/mediateurs-collegiens-action-pendant-recreations\/\",\"name\":\"Les m\u00e9diateurs coll\u00e9giens en action pendant les r\u00e9cr\u00e9ations\",\"isPartOf\":{\"@id\":\"https:\/\/www.jeannedarc-figeac.fr\/college-lycee\/#website\"},\"primaryImageOfPage\":{\"@id\":\"https:\/\/www.jeannedarc-figeac.fr\/college-lycee\/mediateurs-collegiens-action-pendant-recreations\/#primaryimage\"},\"image\":{\"@id\":\"https:\/\/www.jeannedarc-figeac.fr\/college-lycee\/mediateurs-collegiens-action-pendant-recreations\/#primaryimage\"},\"thumbnailUrl\":\"http:\/\/www.jeannedarc-figeac.fr\/college-lycee\/wp-content\/uploads\/sites\/5\/2017\/03\/DSC05474-bis-300x225.jpg\",\"datePublished\":\"2017-03-07T09:27:36+00:00\",\"author\":{\"@id\":\"https:\/\/www.jeannedarc-figeac.fr\/college-lycee\/#\/schema\/person\/29e5764f28e895dc8bf41d4468f99154\"},\"description\":\"L\u2019IFAC est intervenu pour une dizaine d\u2019\u00e9l\u00e8ves volontaires, afin de mettre en place une formation sur la m\u00e9diation par les pairs. Cela fait une semaine\",\"breadcrumb\":{\"@id\":\"https:\/\/www.jeannedarc-figeac.fr\/college-lycee\/mediateurs-collegiens-action-pendant-recreations\/#breadcrumb\"},\"inLanguage\":\"fr-FR\",\"potentialAction\":[{\"@type\":\"ReadAction\",\"target\":[\"https:\/\/www.jeannedarc-figeac.fr\/college-lycee\/mediateurs-collegiens-action-pendant-recreations\/\"]}]},{\"@type\":\"ImageObject\",\"inLanguage\":\"fr-FR\",\"@id\":\"https:\/\/www.jeannedarc-figeac.fr\/college-lycee\/mediateurs-collegiens-action-pendant-recreations\/#primaryimage\",\"url\":\"https:\/\/i0.wp.com\/www.jeannedarc-figeac.fr\/college-lycee\/wp-content\/uploads\/sites\/5\/2017\/03\/DSC05474-bis.jpg?fit=1600%2C1200&ssl=1\",\"contentUrl\":\"https:\/\/i0.wp.com\/www.jeannedarc-figeac.fr\/college-lycee\/wp-content\/uploads\/sites\/5\/2017\/03\/DSC05474-bis.jpg?fit=1600%2C1200&ssl=1\",\"width\":1600,\"height\":1200},{\"@type\":\"BreadcrumbList\",\"@id\":\"https:\/\/www.jeannedarc-figeac.fr\/college-lycee\/mediateurs-collegiens-action-pendant-recreations\/#breadcrumb\",\"itemListElement\":[{\"@type\":\"ListItem\",\"position\":1,\"name\":\"Accueil\",\"item\":\"https:\/\/www.jeannedarc-figeac.fr\/college-lycee\/\"},{\"@type\":\"ListItem\",\"position\":2,\"name\":\"Actus\",\"item\":\"http:\/\/www.jeannedarc-figeac.fr\/college-lycee\/cat\/actus\/\"},{\"@type\":\"ListItem\",\"position\":3,\"name\":\"Les m\u00e9diateurs coll\u00e9giens en action pendant les r\u00e9cr\u00e9ations\"}]},{\"@type\":\"WebSite\",\"@id\":\"https:\/\/www.jeannedarc-figeac.fr\/college-lycee\/#website\",\"url\":\"https:\/\/www.jeannedarc-figeac.fr\/college-lycee\/\",\"name\":\"Coll\u00e8ge et Lyc\u00e9e Jeanne d&#039;Arc\",\"description\":\"Jeanne d&#039;Arc Figeac\",\"potentialAction\":[{\"@type\":\"SearchAction\",\"target\":{\"@type\":\"EntryPoint\",\"urlTemplate\":\"https:\/\/www.jeannedarc-figeac.fr\/college-lycee\/?s={search_term_string}\"},\"query-input\":{\"@type\":\"PropertyValueSpecification\",\"valueRequired\":true,\"valueName\":\"search_term_string\"}}],\"inLanguage\":\"fr-FR\"},{\"@type\":\"Person\",\"@id\":\"https:\/\/www.jeannedarc-figeac.fr\/college-lycee\/#\/schema\/person\/29e5764f28e895dc8bf41d4468f99154\",\"name\":\"le secr\u00e9tariat\",\"image\":{\"@type\":\"ImageObject\",\"inLanguage\":\"fr-FR\",\"@id\":\"https:\/\/www.jeannedarc-figeac.fr\/college-lycee\/#\/schema\/person\/image\/\",\"url\":\"https:\/\/www.jeannedarc-figeac.fr\/college-lycee\/wp-content\/litespeed\/avatar\/5\/b7e8da60f53ba4adc9e9e66d91d84580.jpg?ver=1776943645\",\"contentUrl\":\"https:\/\/www.jeannedarc-figeac.fr\/college-lycee\/wp-content\/litespeed\/avatar\/5\/b7e8da60f53ba4adc9e9e66d91d84580.jpg?ver=1776943645\",\"caption\":\"le secr\u00e9tariat\"},\"url\":\"https:\/\/www.jeannedarc-figeac.fr\/college-lycee\/author\/arlette\/\"}]}<\/script>\n<!-- \/ Yoast SEO plugin. -->","yoast_head_json":{"title":"Les m\u00e9diateurs coll\u00e9giens en action pendant les r\u00e9cr\u00e9ations","description":"L\u2019IFAC est intervenu pour une dizaine d\u2019\u00e9l\u00e8ves volontaires, afin de mettre en place une formation sur la m\u00e9diation par les pairs. Cela fait une semaine","robots":{"index":"index","follow":"follow","max-snippet":"max-snippet:-1","max-image-preview":"max-image-preview:large","max-video-preview":"max-video-preview:-1"},"canonical":"https:\/\/www.jeannedarc-figeac.fr\/college-lycee\/mediateurs-collegiens-action-pendant-recreations\/","og_locale":"fr_FR","og_type":"article","og_title":"Les m\u00e9diateurs coll\u00e9giens en action pendant les r\u00e9cr\u00e9ations","og_description":"L\u2019IFAC est intervenu pour une dizaine d\u2019\u00e9l\u00e8ves volontaires, afin de mettre en place une formation sur la m\u00e9diation par les pairs. Cela fait une semaine","og_url":"https:\/\/www.jeannedarc-figeac.fr\/college-lycee\/mediateurs-collegiens-action-pendant-recreations\/","og_site_name":"Coll\u00e8ge et Lyc\u00e9e Jeanne d&#039;Arc","article_published_time":"2017-03-07T09:27:36+00:00","og_image":[{"url":"http:\/\/www.jeannedarc-figeac.fr\/college-lycee\/wp-content\/uploads\/sites\/5\/2017\/03\/DSC05474-bis-300x225.jpg","type":"","width":"","height":""}],"author":"le secr\u00e9tariat","schema":{"@context":"https:\/\/schema.org","@graph":[{"@type":"WebPage","@id":"https:\/\/www.jeannedarc-figeac.fr\/college-lycee\/mediateurs-collegiens-action-pendant-recreations\/","url":"https:\/\/www.jeannedarc-figeac.fr\/college-lycee\/mediateurs-collegiens-action-pendant-recreations\/","name":"Les m\u00e9diateurs coll\u00e9giens en action pendant les r\u00e9cr\u00e9ations","isPartOf":{"@id":"https:\/\/www.jeannedarc-figeac.fr\/college-lycee\/#website"},"primaryImageOfPage":{"@id":"https:\/\/www.jeannedarc-figeac.fr\/college-lycee\/mediateurs-collegiens-action-pendant-recreations\/#primaryimage"},"image":{"@id":"https:\/\/www.jeannedarc-figeac.fr\/college-lycee\/mediateurs-collegiens-action-pendant-recreations\/#primaryimage"},"thumbnailUrl":"http:\/\/www.jeannedarc-figeac.fr\/college-lycee\/wp-content\/uploads\/sites\/5\/2017\/03\/DSC05474-bis-300x225.jpg","datePublished":"2017-03-07T09:27:36+00:00","author":{"@id":"https:\/\/www.jeannedarc-figeac.fr\/college-lycee\/#\/schema\/person\/29e5764f28e895dc8bf41d4468f99154"},"description":"L\u2019IFAC est intervenu pour une dizaine d\u2019\u00e9l\u00e8ves volontaires, afin de mettre en place une formation sur la m\u00e9diation par les pairs. Cela fait une semaine","breadcrumb":{"@id":"https:\/\/www.jeannedarc-figeac.fr\/college-lycee\/mediateurs-collegiens-action-pendant-recreations\/#breadcrumb"},"inLanguage":"fr-FR","potentialAction":[{"@type":"ReadAction","target":["https:\/\/www.jeannedarc-figeac.fr\/college-lycee\/mediateurs-collegiens-action-pendant-recreations\/"]}]},{"@type":"ImageObject","inLanguage":"fr-FR","@id":"https:\/\/www.jeannedarc-figeac.fr\/college-lycee\/mediateurs-collegiens-action-pendant-recreations\/#primaryimage","url":"https:\/\/i0.wp.com\/www.jeannedarc-figeac.fr\/college-lycee\/wp-content\/uploads\/sites\/5\/2017\/03\/DSC05474-bis.jpg?fit=1600%2C1200&ssl=1","contentUrl":"https:\/\/i0.wp.com\/www.jeannedarc-figeac.fr\/college-lycee\/wp-content\/uploads\/sites\/5\/2017\/03\/DSC05474-bis.jpg?fit=1600%2C1200&ssl=1","width":1600,"height":1200},{"@type":"BreadcrumbList","@id":"https:\/\/www.jeannedarc-figeac.fr\/college-lycee\/mediateurs-collegiens-action-pendant-recreations\/#breadcrumb","itemListElement":[{"@type":"ListItem","position":1,"name":"Accueil","item":"https:\/\/www.jeannedarc-figeac.fr\/college-lycee\/"},{"@type":"ListItem","position":2,"name":"Actus","item":"http:\/\/www.jeannedarc-figeac.fr\/college-lycee\/cat\/actus\/"},{"@type":"ListItem","position":3,"name":"Les m\u00e9diateurs coll\u00e9giens en action pendant les r\u00e9cr\u00e9ations"}]},{"@type":"WebSite","@id":"https:\/\/www.jeannedarc-figeac.fr\/college-lycee\/#website","url":"https:\/\/www.jeannedarc-figeac.fr\/college-lycee\/","name":"Coll\u00e8ge et Lyc\u00e9e Jeanne d&#039;Arc","description":"Jeanne d&#039;Arc Figeac","potentialAction":[{"@type":"SearchAction","target":{"@type":"EntryPoint","urlTemplate":"https:\/\/www.jeannedarc-figeac.fr\/college-lycee\/?s={search_term_string}"},"query-input":{"@type":"PropertyValueSpecification","valueRequired":true,"valueName":"search_term_string"}}],"inLanguage":"fr-FR"},{"@type":"Person","@id":"https:\/\/www.jeannedarc-figeac.fr\/college-lycee\/#\/schema\/person\/29e5764f28e895dc8bf41d4468f99154","name":"le secr\u00e9tariat","image":{"@type":"ImageObject","inLanguage":"fr-FR","@id":"https:\/\/www.jeannedarc-figeac.fr\/college-lycee\/#\/schema\/person\/image\/","url":"https:\/\/www.jeannedarc-figeac.fr\/college-lycee\/wp-content\/litespeed\/avatar\/5\/b7e8da60f53ba4adc9e9e66d91d84580.jpg?ver=1776943645","contentUrl":"https:\/\/www.jeannedarc-figeac.fr\/college-lycee\/wp-content\/litespeed\/avatar\/5\/b7e8da60f53ba4adc9e9e66d91d84580.jpg?ver=1776943645","caption":"le secr\u00e9tariat"},"url":"https:\/\/www.jeannedarc-figeac.fr\/college-lycee\/author\/arlette\/"}]}},"jetpack_featured_media_url":"","jetpack_sharing_enabled":true,"jetpack_shortlink":"https:\/\/wp.me\/p5Qyb6-BE","_links":{"self":[{"href":"https:\/\/www.jeannedarc-figeac.fr\/college-lycee\/wp-json\/wp\/v2\/posts\/2334","targetHints":{"allow":["GET"]}}],"collection":[{"href":"https:\/\/www.jeannedarc-figeac.fr\/college-lycee\/wp-json\/wp\/v2\/posts"}],"about":[{"href":"https:\/\/www.jeannedarc-figeac.fr\/college-lycee\/wp-json\/wp\/v2\/types\/post"}],"author":[{"embeddable":true,"href":"https:\/\/www.jeannedarc-figeac.fr\/college-lycee\/wp-json\/wp\/v2\/users\/12"}],"replies":[{"embeddable":true,"href":"https:\/\/www.jeannedarc-figeac.fr\/college-lycee\/wp-json\/wp\/v2\/comments?post=2334"}],"version-history":[{"count":1,"href":"https:\/\/www.jeannedarc-figeac.fr\/college-lycee\/wp-json\/wp\/v2\/posts\/2334\/revisions"}],"predecessor-version":[{"id":2336,"href":"https:\/\/www.jeannedarc-figeac.fr\/college-lycee\/wp-json\/wp\/v2\/posts\/2334\/revisions\/2336"}],"wp:attachment":[{"href":"https:\/\/www.jeannedarc-figeac.fr\/college-lycee\/wp-json\/wp\/v2\/media?parent=2334"}],"wp:term":[{"taxonomy":"category","embeddable":true,"href":"https:\/\/www.jeannedarc-figeac.fr\/college-lycee\/wp-json\/wp\/v2\/categories?post=2334"},{"taxonomy":"post_tag","embeddable":true,"href":"https:\/\/www.jeannedarc-figeac.fr\/college-lycee\/wp-json\/wp\/v2\/tags?post=2334"}],"curies":[{"name":"wp","href":"https:\/\/api.w.org\/{rel}","templated":true}]}}