{"id":2331,"date":"2017-03-07T08:34:16","date_gmt":"2017-03-07T08:34:16","guid":{"rendered":"http:\/\/www.jeannedarc-figeac.fr\/college-lycee\/?p=2331"},"modified":"2017-03-07T08:34:16","modified_gmt":"2017-03-07T08:34:16","slug":"lhistoire-en-pratique","status":"publish","type":"post","link":"https:\/\/www.jeannedarc-figeac.fr\/college-lycee\/lhistoire-en-pratique\/","title":{"rendered":"L&rsquo;Histoire en  pratique !"},"content":{"rendered":"<p><a href=\"https:\/\/i0.wp.com\/www.jeannedarc-figeac.fr\/college-lycee\/wp-content\/uploads\/sites\/5\/2017\/03\/P1320205.jpg\"><img data-recalc-dims=\"1\" loading=\"lazy\" decoding=\"async\" class=\"alignnone size-medium wp-image-2332\" src=\"https:\/\/i0.wp.com\/www.jeannedarc-figeac.fr\/college-lycee\/wp-content\/uploads\/sites\/5\/2017\/03\/P1320205.jpg?resize=300%2C148\" alt=\"\" width=\"300\" height=\"148\" srcset=\"https:\/\/i0.wp.com\/www.jeannedarc-figeac.fr\/college-lycee\/wp-content\/uploads\/sites\/5\/2017\/03\/P1320205.jpg?resize=300%2C148&amp;ssl=1 300w, https:\/\/i0.wp.com\/www.jeannedarc-figeac.fr\/college-lycee\/wp-content\/uploads\/sites\/5\/2017\/03\/P1320205.jpg?resize=768%2C380&amp;ssl=1 768w, https:\/\/i0.wp.com\/www.jeannedarc-figeac.fr\/college-lycee\/wp-content\/uploads\/sites\/5\/2017\/03\/P1320205.jpg?resize=1024%2C506&amp;ssl=1 1024w, https:\/\/i0.wp.com\/www.jeannedarc-figeac.fr\/college-lycee\/wp-content\/uploads\/sites\/5\/2017\/03\/P1320205.jpg?resize=1080%2C534&amp;ssl=1 1080w, https:\/\/i0.wp.com\/www.jeannedarc-figeac.fr\/college-lycee\/wp-content\/uploads\/sites\/5\/2017\/03\/P1320205.jpg?w=2160 2160w, https:\/\/i0.wp.com\/www.jeannedarc-figeac.fr\/college-lycee\/wp-content\/uploads\/sites\/5\/2017\/03\/P1320205.jpg?w=3240 3240w\" sizes=\"(max-width: 300px) 100vw, 300px\" \/><\/a><\/p>\n<p>A Figeac, l&rsquo;\u00e9vocation de la rafle du 12 mai 1944 par la division Das Reich fait souvent \u00e9tat de la pr\u00e9sence d&rsquo;un enfant cach\u00e9 dans le clocher de l&rsquo;\u00e9glise Notre-Dame-du-Puy. Pour beaucoup et pendant longtemps, cette histoire cachait un myst\u00e8re ou une l\u00e9gende.<\/p>\n<p>Gis\u00e8le Polya-Somogyi du groupe Amnesty International d&rsquo;Auch est venue \u00e0 la rencontre des \u00e9l\u00e8ves de 2nde et de leur professeur d&rsquo;histoire fin novembre pour faire part de ses recherches et lever le voile sur l&rsquo;itin\u00e9raire incroyable de ce jeune gar\u00e7on pendant les ann\u00e9es de guerre. D&rsquo;origine juive et n\u00e9 \u00e0 Berlin, Peter Feigl est parti \u00e0 Vienne avec sa famille avant de continuer vers Bruxelles. Apr\u00e8s un internement au camp de G\u00fcrs, il se retrouve \u00e0 Auch o\u00f9 ses parents sont arr\u00eat\u00e9s et d\u00e9port\u00e9s en ao\u00fbt 1942. Ensuite, pour lui le chemin passe par Marseille, Le-Chambon-sur-Lignon, Figeac, la Suisse. A Figeac, il se cache effectivement dans le clocher de l&rsquo;\u00e9glise, voisine du lyc\u00e9e et \u00e9chappe ainsi \u00e0 la rafle. Il a \u00e9crit dans des carnets toutes ces \u00e9tapes. Depuis 1946, Mr Feigl vit aux Etats-Unis: menant un travail historique et citoyen avec <strong>les \u00e9l\u00e8ves de Litt\u00e9rature &amp; Soci\u00e9t\u00e9 en 2ndes<\/strong>, leur professeur d&rsquo;histoire a pu organiser, le 21 f\u00e9vrier, un \u00e9change t\u00e9l\u00e9phonique par skype en pr\u00e9sence de Mr Tainturier, d&rsquo;Amnesty International-Figeac, de Mme Pujol et Mr Estanteau, responsables du Mus\u00e9e de la R\u00e9sistance de Figeac et de Mme Bruel, ancienne professeur qui avait rencontr\u00e9 Mr Feigl lorsqu&rsquo;il \u00e9tait revenu \u00e0 Figeac en 1994.<\/p>\n<p>Moment d&rsquo;\u00e9motions et de transmission important: Pierre Feigl a r\u00e9pondu avec pr\u00e9cision, humour et lucidit\u00e9 aux \u00e9l\u00e8ves qui l&rsquo;ont interrog\u00e9 sur ses 15 ans \u00e0 Figeac, le m\u00eame \u00e2ge qu&rsquo;eux, sur ses espoirs, ses peurs, la perte de ses parents&#8230; Prochainement, d&rsquo;autres interventions sur le parcours de Pierre Feigl et le contexte historique sont envisag\u00e9es \u00e0 la M\u00e9diath\u00e8que de Figeac avec Gis\u00e8le Polya-Somogyi; les \u00e9l\u00e8ves, quant \u00e0 eux, terminent un beau travail <strong>\u00ab\u00a0L&rsquo;Histoire par les mots: les maux qui font l&rsquo;Histoire\u00a0\u00bb participant ainsi au Concours de la R\u00e9sistance et de la D\u00e9portation 2017.<\/strong><\/p>\n<p>&nbsp;<\/p>\n","protected":false},"excerpt":{"rendered":"<p>A Figeac, l&rsquo;\u00e9vocation de la rafle du 12 mai 1944 par la division Das Reich fait souvent \u00e9tat de la pr\u00e9sence d&rsquo;un enfant cach\u00e9 dans le clocher de l&rsquo;\u00e9glise Notre-Dame-du-Puy. Pour beaucoup et pendant longtemps, cette histoire cachait un myst\u00e8re ou une l\u00e9gende. Gis\u00e8le Polya-Somogyi du groupe Amnesty International d&rsquo;Auch est venue \u00e0 la rencontre [&hellip;]<\/p>\n","protected":false},"author":12,"featured_media":0,"comment_status":"closed","ping_status":"open","sticky":false,"template":"","format":"standard","meta":{"_et_pb_use_builder":"","_et_pb_old_content":"","_et_gb_content_width":"","_jetpack_newsletter_access":"","_jetpack_dont_email_post_to_subs":false,"_jetpack_newsletter_tier_id":0,"_jetpack_memberships_contains_paywalled_content":false,"iawp_total_views":7,"_jetpack_memberships_contains_paid_content":false,"footnotes":""},"categories":[28],"tags":[],"class_list":["post-2331","post","type-post","status-publish","format-standard","hentry","category-actus"],"yoast_head":"<!-- This site is optimized with the Yoast SEO plugin v26.0 - https:\/\/yoast.com\/wordpress\/plugins\/seo\/ -->\n<title>L&#039;Histoire en pratique !<\/title>\n<meta name=\"description\" content=\"A Figeac, l&#039;\u00e9vocation de la rafle du 12 mai 1944 par la division Das Reich fait souvent \u00e9tat de la pr\u00e9sence d&#039;un enfant cach\u00e9 dans le clocher de l&#039;\u00e9glise\" \/>\n<meta name=\"robots\" content=\"index, follow, max-snippet:-1, max-image-preview:large, max-video-preview:-1\" \/>\n<link rel=\"canonical\" href=\"http:\/\/www.jeannedarc-figeac.fr\/college-lycee\/lhistoire-en-pratique\/\" \/>\n<meta property=\"og:locale\" content=\"fr_FR\" \/>\n<meta property=\"og:type\" content=\"article\" \/>\n<meta property=\"og:title\" content=\"L&#039;Histoire en pratique !\" \/>\n<meta property=\"og:description\" content=\"A Figeac, l&#039;\u00e9vocation de la rafle du 12 mai 1944 par la division Das Reich fait souvent \u00e9tat de la pr\u00e9sence d&#039;un enfant cach\u00e9 dans le clocher de l&#039;\u00e9glise\" \/>\n<meta property=\"og:url\" content=\"http:\/\/www.jeannedarc-figeac.fr\/college-lycee\/lhistoire-en-pratique\/\" \/>\n<meta property=\"og:site_name\" content=\"Coll\u00e8ge et Lyc\u00e9e Jeanne d&#039;Arc\" \/>\n<meta property=\"article:published_time\" content=\"2017-03-07T08:34:16+00:00\" \/>\n<meta property=\"og:image\" content=\"http:\/\/www.jeannedarc-figeac.fr\/college-lycee\/wp-content\/uploads\/sites\/5\/2017\/03\/P1320205-300x148.jpg\" \/>\n<meta name=\"author\" content=\"le secr\u00e9tariat\" \/>\n<script type=\"application\/ld+json\" class=\"yoast-schema-graph\">{\"@context\":\"https:\/\/schema.org\",\"@graph\":[{\"@type\":\"WebPage\",\"@id\":\"http:\/\/www.jeannedarc-figeac.fr\/college-lycee\/lhistoire-en-pratique\/\",\"url\":\"http:\/\/www.jeannedarc-figeac.fr\/college-lycee\/lhistoire-en-pratique\/\",\"name\":\"L'Histoire en pratique !\",\"isPartOf\":{\"@id\":\"https:\/\/www.jeannedarc-figeac.fr\/college-lycee\/#website\"},\"primaryImageOfPage\":{\"@id\":\"http:\/\/www.jeannedarc-figeac.fr\/college-lycee\/lhistoire-en-pratique\/#primaryimage\"},\"image\":{\"@id\":\"http:\/\/www.jeannedarc-figeac.fr\/college-lycee\/lhistoire-en-pratique\/#primaryimage\"},\"thumbnailUrl\":\"http:\/\/www.jeannedarc-figeac.fr\/college-lycee\/wp-content\/uploads\/sites\/5\/2017\/03\/P1320205-300x148.jpg\",\"datePublished\":\"2017-03-07T08:34:16+00:00\",\"author\":{\"@id\":\"https:\/\/www.jeannedarc-figeac.fr\/college-lycee\/#\/schema\/person\/29e5764f28e895dc8bf41d4468f99154\"},\"description\":\"A Figeac, l'\u00e9vocation de la rafle du 12 mai 1944 par la division Das Reich fait souvent \u00e9tat de la pr\u00e9sence d'un enfant cach\u00e9 dans le clocher de l'\u00e9glise\",\"breadcrumb\":{\"@id\":\"http:\/\/www.jeannedarc-figeac.fr\/college-lycee\/lhistoire-en-pratique\/#breadcrumb\"},\"inLanguage\":\"fr-FR\",\"potentialAction\":[{\"@type\":\"ReadAction\",\"target\":[\"http:\/\/www.jeannedarc-figeac.fr\/college-lycee\/lhistoire-en-pratique\/\"]}]},{\"@type\":\"ImageObject\",\"inLanguage\":\"fr-FR\",\"@id\":\"http:\/\/www.jeannedarc-figeac.fr\/college-lycee\/lhistoire-en-pratique\/#primaryimage\",\"url\":\"https:\/\/i0.wp.com\/www.jeannedarc-figeac.fr\/college-lycee\/wp-content\/uploads\/sites\/5\/2017\/03\/P1320205.jpg?fit=3627%2C1793&ssl=1\",\"contentUrl\":\"https:\/\/i0.wp.com\/www.jeannedarc-figeac.fr\/college-lycee\/wp-content\/uploads\/sites\/5\/2017\/03\/P1320205.jpg?fit=3627%2C1793&ssl=1\",\"width\":3627,\"height\":1793},{\"@type\":\"BreadcrumbList\",\"@id\":\"http:\/\/www.jeannedarc-figeac.fr\/college-lycee\/lhistoire-en-pratique\/#breadcrumb\",\"itemListElement\":[{\"@type\":\"ListItem\",\"position\":1,\"name\":\"Accueil\",\"item\":\"https:\/\/www.jeannedarc-figeac.fr\/college-lycee\/\"},{\"@type\":\"ListItem\",\"position\":2,\"name\":\"Actus\",\"item\":\"http:\/\/www.jeannedarc-figeac.fr\/college-lycee\/cat\/actus\/\"},{\"@type\":\"ListItem\",\"position\":3,\"name\":\"L&rsquo;Histoire en pratique !\"}]},{\"@type\":\"WebSite\",\"@id\":\"https:\/\/www.jeannedarc-figeac.fr\/college-lycee\/#website\",\"url\":\"https:\/\/www.jeannedarc-figeac.fr\/college-lycee\/\",\"name\":\"Coll\u00e8ge et Lyc\u00e9e Jeanne d&#039;Arc\",\"description\":\"Jeanne d&#039;Arc Figeac\",\"potentialAction\":[{\"@type\":\"SearchAction\",\"target\":{\"@type\":\"EntryPoint\",\"urlTemplate\":\"https:\/\/www.jeannedarc-figeac.fr\/college-lycee\/?s={search_term_string}\"},\"query-input\":{\"@type\":\"PropertyValueSpecification\",\"valueRequired\":true,\"valueName\":\"search_term_string\"}}],\"inLanguage\":\"fr-FR\"},{\"@type\":\"Person\",\"@id\":\"https:\/\/www.jeannedarc-figeac.fr\/college-lycee\/#\/schema\/person\/29e5764f28e895dc8bf41d4468f99154\",\"name\":\"le secr\u00e9tariat\",\"image\":{\"@type\":\"ImageObject\",\"inLanguage\":\"fr-FR\",\"@id\":\"https:\/\/www.jeannedarc-figeac.fr\/college-lycee\/#\/schema\/person\/image\/\",\"url\":\"https:\/\/www.jeannedarc-figeac.fr\/college-lycee\/wp-content\/litespeed\/avatar\/5\/b7e8da60f53ba4adc9e9e66d91d84580.jpg?ver=1776943645\",\"contentUrl\":\"https:\/\/www.jeannedarc-figeac.fr\/college-lycee\/wp-content\/litespeed\/avatar\/5\/b7e8da60f53ba4adc9e9e66d91d84580.jpg?ver=1776943645\",\"caption\":\"le secr\u00e9tariat\"},\"url\":\"https:\/\/www.jeannedarc-figeac.fr\/college-lycee\/author\/arlette\/\"}]}<\/script>\n<!-- \/ Yoast SEO plugin. -->","yoast_head_json":{"title":"L'Histoire en pratique !","description":"A Figeac, l'\u00e9vocation de la rafle du 12 mai 1944 par la division Das Reich fait souvent \u00e9tat de la pr\u00e9sence d'un enfant cach\u00e9 dans le clocher de l'\u00e9glise","robots":{"index":"index","follow":"follow","max-snippet":"max-snippet:-1","max-image-preview":"max-image-preview:large","max-video-preview":"max-video-preview:-1"},"canonical":"http:\/\/www.jeannedarc-figeac.fr\/college-lycee\/lhistoire-en-pratique\/","og_locale":"fr_FR","og_type":"article","og_title":"L'Histoire en pratique !","og_description":"A Figeac, l'\u00e9vocation de la rafle du 12 mai 1944 par la division Das Reich fait souvent \u00e9tat de la pr\u00e9sence d'un enfant cach\u00e9 dans le clocher de l'\u00e9glise","og_url":"http:\/\/www.jeannedarc-figeac.fr\/college-lycee\/lhistoire-en-pratique\/","og_site_name":"Coll\u00e8ge et Lyc\u00e9e Jeanne d&#039;Arc","article_published_time":"2017-03-07T08:34:16+00:00","og_image":[{"url":"http:\/\/www.jeannedarc-figeac.fr\/college-lycee\/wp-content\/uploads\/sites\/5\/2017\/03\/P1320205-300x148.jpg","type":"","width":"","height":""}],"author":"le secr\u00e9tariat","schema":{"@context":"https:\/\/schema.org","@graph":[{"@type":"WebPage","@id":"http:\/\/www.jeannedarc-figeac.fr\/college-lycee\/lhistoire-en-pratique\/","url":"http:\/\/www.jeannedarc-figeac.fr\/college-lycee\/lhistoire-en-pratique\/","name":"L'Histoire en pratique !","isPartOf":{"@id":"https:\/\/www.jeannedarc-figeac.fr\/college-lycee\/#website"},"primaryImageOfPage":{"@id":"http:\/\/www.jeannedarc-figeac.fr\/college-lycee\/lhistoire-en-pratique\/#primaryimage"},"image":{"@id":"http:\/\/www.jeannedarc-figeac.fr\/college-lycee\/lhistoire-en-pratique\/#primaryimage"},"thumbnailUrl":"http:\/\/www.jeannedarc-figeac.fr\/college-lycee\/wp-content\/uploads\/sites\/5\/2017\/03\/P1320205-300x148.jpg","datePublished":"2017-03-07T08:34:16+00:00","author":{"@id":"https:\/\/www.jeannedarc-figeac.fr\/college-lycee\/#\/schema\/person\/29e5764f28e895dc8bf41d4468f99154"},"description":"A Figeac, l'\u00e9vocation de la rafle du 12 mai 1944 par la division Das Reich fait souvent \u00e9tat de la pr\u00e9sence d'un enfant cach\u00e9 dans le clocher de l'\u00e9glise","breadcrumb":{"@id":"http:\/\/www.jeannedarc-figeac.fr\/college-lycee\/lhistoire-en-pratique\/#breadcrumb"},"inLanguage":"fr-FR","potentialAction":[{"@type":"ReadAction","target":["http:\/\/www.jeannedarc-figeac.fr\/college-lycee\/lhistoire-en-pratique\/"]}]},{"@type":"ImageObject","inLanguage":"fr-FR","@id":"http:\/\/www.jeannedarc-figeac.fr\/college-lycee\/lhistoire-en-pratique\/#primaryimage","url":"https:\/\/i0.wp.com\/www.jeannedarc-figeac.fr\/college-lycee\/wp-content\/uploads\/sites\/5\/2017\/03\/P1320205.jpg?fit=3627%2C1793&ssl=1","contentUrl":"https:\/\/i0.wp.com\/www.jeannedarc-figeac.fr\/college-lycee\/wp-content\/uploads\/sites\/5\/2017\/03\/P1320205.jpg?fit=3627%2C1793&ssl=1","width":3627,"height":1793},{"@type":"BreadcrumbList","@id":"http:\/\/www.jeannedarc-figeac.fr\/college-lycee\/lhistoire-en-pratique\/#breadcrumb","itemListElement":[{"@type":"ListItem","position":1,"name":"Accueil","item":"https:\/\/www.jeannedarc-figeac.fr\/college-lycee\/"},{"@type":"ListItem","position":2,"name":"Actus","item":"http:\/\/www.jeannedarc-figeac.fr\/college-lycee\/cat\/actus\/"},{"@type":"ListItem","position":3,"name":"L&rsquo;Histoire en pratique !"}]},{"@type":"WebSite","@id":"https:\/\/www.jeannedarc-figeac.fr\/college-lycee\/#website","url":"https:\/\/www.jeannedarc-figeac.fr\/college-lycee\/","name":"Coll\u00e8ge et Lyc\u00e9e Jeanne d&#039;Arc","description":"Jeanne d&#039;Arc Figeac","potentialAction":[{"@type":"SearchAction","target":{"@type":"EntryPoint","urlTemplate":"https:\/\/www.jeannedarc-figeac.fr\/college-lycee\/?s={search_term_string}"},"query-input":{"@type":"PropertyValueSpecification","valueRequired":true,"valueName":"search_term_string"}}],"inLanguage":"fr-FR"},{"@type":"Person","@id":"https:\/\/www.jeannedarc-figeac.fr\/college-lycee\/#\/schema\/person\/29e5764f28e895dc8bf41d4468f99154","name":"le secr\u00e9tariat","image":{"@type":"ImageObject","inLanguage":"fr-FR","@id":"https:\/\/www.jeannedarc-figeac.fr\/college-lycee\/#\/schema\/person\/image\/","url":"https:\/\/www.jeannedarc-figeac.fr\/college-lycee\/wp-content\/litespeed\/avatar\/5\/b7e8da60f53ba4adc9e9e66d91d84580.jpg?ver=1776943645","contentUrl":"https:\/\/www.jeannedarc-figeac.fr\/college-lycee\/wp-content\/litespeed\/avatar\/5\/b7e8da60f53ba4adc9e9e66d91d84580.jpg?ver=1776943645","caption":"le secr\u00e9tariat"},"url":"https:\/\/www.jeannedarc-figeac.fr\/college-lycee\/author\/arlette\/"}]}},"jetpack_featured_media_url":"","jetpack_sharing_enabled":true,"jetpack_shortlink":"https:\/\/wp.me\/p5Qyb6-BB","_links":{"self":[{"href":"https:\/\/www.jeannedarc-figeac.fr\/college-lycee\/wp-json\/wp\/v2\/posts\/2331","targetHints":{"allow":["GET"]}}],"collection":[{"href":"https:\/\/www.jeannedarc-figeac.fr\/college-lycee\/wp-json\/wp\/v2\/posts"}],"about":[{"href":"https:\/\/www.jeannedarc-figeac.fr\/college-lycee\/wp-json\/wp\/v2\/types\/post"}],"author":[{"embeddable":true,"href":"https:\/\/www.jeannedarc-figeac.fr\/college-lycee\/wp-json\/wp\/v2\/users\/12"}],"replies":[{"embeddable":true,"href":"https:\/\/www.jeannedarc-figeac.fr\/college-lycee\/wp-json\/wp\/v2\/comments?post=2331"}],"version-history":[{"count":1,"href":"https:\/\/www.jeannedarc-figeac.fr\/college-lycee\/wp-json\/wp\/v2\/posts\/2331\/revisions"}],"predecessor-version":[{"id":2333,"href":"https:\/\/www.jeannedarc-figeac.fr\/college-lycee\/wp-json\/wp\/v2\/posts\/2331\/revisions\/2333"}],"wp:attachment":[{"href":"https:\/\/www.jeannedarc-figeac.fr\/college-lycee\/wp-json\/wp\/v2\/media?parent=2331"}],"wp:term":[{"taxonomy":"category","embeddable":true,"href":"https:\/\/www.jeannedarc-figeac.fr\/college-lycee\/wp-json\/wp\/v2\/categories?post=2331"},{"taxonomy":"post_tag","embeddable":true,"href":"https:\/\/www.jeannedarc-figeac.fr\/college-lycee\/wp-json\/wp\/v2\/tags?post=2331"}],"curies":[{"name":"wp","href":"https:\/\/api.w.org\/{rel}","templated":true}]}}