{"id":2259,"date":"2016-12-19T10:48:08","date_gmt":"2016-12-19T10:48:08","guid":{"rendered":"http:\/\/www.jeannedarc-figeac.fr\/college-lycee\/?p=2259"},"modified":"2016-12-19T10:48:08","modified_gmt":"2016-12-19T10:48:08","slug":"jeanne-darc-donne-main-telethon","status":"publish","type":"post","link":"https:\/\/www.jeannedarc-figeac.fr\/college-lycee\/jeanne-darc-donne-main-telethon\/","title":{"rendered":"Jeanne d&rsquo;Arc donne la main pour le T\u00e9l\u00e9thon."},"content":{"rendered":"<p style=\"margin-bottom: 0.0001pt;text-align: left\" align=\"center\"><span style=\"font-size: 15.0pt;font-family: 'Arial','sans-serif'\"><a href=\"https:\/\/i0.wp.com\/www.jeannedarc-figeac.fr\/college-lycee\/wp-content\/uploads\/sites\/5\/2016\/12\/telethon-006.jpg\"><img data-recalc-dims=\"1\" loading=\"lazy\" decoding=\"async\" class=\"alignnone size-medium wp-image-2260\" src=\"https:\/\/i0.wp.com\/www.jeannedarc-figeac.fr\/college-lycee\/wp-content\/uploads\/sites\/5\/2016\/12\/telethon-006.jpg?resize=300%2C225\" alt=\"\" width=\"300\" height=\"225\" srcset=\"https:\/\/i0.wp.com\/www.jeannedarc-figeac.fr\/college-lycee\/wp-content\/uploads\/sites\/5\/2016\/12\/telethon-006.jpg?resize=300%2C225&amp;ssl=1 300w, https:\/\/i0.wp.com\/www.jeannedarc-figeac.fr\/college-lycee\/wp-content\/uploads\/sites\/5\/2016\/12\/telethon-006.jpg?resize=768%2C576&amp;ssl=1 768w, https:\/\/i0.wp.com\/www.jeannedarc-figeac.fr\/college-lycee\/wp-content\/uploads\/sites\/5\/2016\/12\/telethon-006.jpg?resize=1024%2C768&amp;ssl=1 1024w, https:\/\/i0.wp.com\/www.jeannedarc-figeac.fr\/college-lycee\/wp-content\/uploads\/sites\/5\/2016\/12\/telethon-006.jpg?resize=1080%2C810&amp;ssl=1 1080w, https:\/\/i0.wp.com\/www.jeannedarc-figeac.fr\/college-lycee\/wp-content\/uploads\/sites\/5\/2016\/12\/telethon-006.jpg?w=2160 2160w, https:\/\/i0.wp.com\/www.jeannedarc-figeac.fr\/college-lycee\/wp-content\/uploads\/sites\/5\/2016\/12\/telethon-006.jpg?w=3240 3240w\" sizes=\"(max-width: 300px) 100vw, 300px\" \/><\/a><\/span><\/p>\n<p style=\"margin-bottom: .0001pt\"><span style=\"font-family: 'Arial','sans-serif'\">Les Jeunes de l&rsquo;Ensemble scolaire Jeanne d&rsquo;Arc Figeac et du Centre de Formation Arc en ciel ont \u00e9t\u00e9 sollicit\u00e9s pour r\u00e9aliser une fresque. Le principe \u00e9tant de laisser son empreinte de main en \u00e9change d&rsquo;un don de 1 \u20ac minimum pour T\u00e9l\u00e9thon.<\/span><\/p>\n<p style=\"margin-bottom: .0001pt\"><span style=\"font-family: 'Arial','sans-serif'\">En amont, Monsieur Daniel Courbeyrette, coordinateur du T\u00e9l\u00e9thon sur le secteur de Figeac \u00e9tait venu faire une intervention aux lyc\u00e9ens des fili\u00e8res sanitaires et sociales pour expliquer le but du T\u00e9l\u00e9thon, les maladies combattues et les avances et recherches en 30 ans. <\/span><\/p>\n<p style=\"margin-bottom: .0001pt\"><span style=\"font-family: 'Arial','sans-serif'\">Gr\u00e2ce \u00e0 l&rsquo;implication des \u00e9l\u00e8ves et de tout le personnel de l&rsquo;ensemble scolaire Jeanne d&rsquo;Arc Figeac, la somme de 700 \u20ac a \u00e9t\u00e9 collect\u00e9e et remise ce mardi 29 novembre \u00e0 Mr Courbeyrette.<\/span><\/p>\n<p style=\"margin-bottom: .0001pt\"><span style=\"font-family: 'Arial','sans-serif'\">Le triptyque r\u00e9alis\u00e9 a \u00e9t\u00e9 expos\u00e9 \u00e0 l&rsquo;Espace F. Mitterrand au cours du week-end d\u00e9di\u00e9 au T\u00e9l\u00e9thon.<\/span><\/p>\n","protected":false},"excerpt":{"rendered":"<p>Les Jeunes de l&rsquo;Ensemble scolaire Jeanne d&rsquo;Arc Figeac et du Centre de Formation Arc en ciel ont \u00e9t\u00e9 sollicit\u00e9s pour r\u00e9aliser une fresque. Le principe \u00e9tant de laisser son empreinte de main en \u00e9change d&rsquo;un don de 1 \u20ac minimum pour T\u00e9l\u00e9thon. En amont, Monsieur Daniel Courbeyrette, coordinateur du T\u00e9l\u00e9thon sur le secteur de Figeac [&hellip;]<\/p>\n","protected":false},"author":12,"featured_media":0,"comment_status":"closed","ping_status":"open","sticky":false,"template":"","format":"standard","meta":{"_et_pb_use_builder":"","_et_pb_old_content":"","_et_gb_content_width":"","_jetpack_newsletter_access":"","_jetpack_dont_email_post_to_subs":false,"_jetpack_newsletter_tier_id":0,"_jetpack_memberships_contains_paywalled_content":false,"iawp_total_views":0,"_jetpack_memberships_contains_paid_content":false,"footnotes":""},"categories":[28],"tags":[],"class_list":["post-2259","post","type-post","status-publish","format-standard","hentry","category-actus"],"yoast_head":"<!-- This site is optimized with the Yoast SEO plugin v26.0 - https:\/\/yoast.com\/wordpress\/plugins\/seo\/ -->\n<title>Jeanne d&#039;Arc donne la main pour le T\u00e9l\u00e9thon.<\/title>\n<meta name=\"description\" content=\"Les Jeunes de l&#039;Ensemble scolaire Jeanne d&#039;Arc Figeac et du Centre de Formation Arc en ciel ont \u00e9t\u00e9 sollicit\u00e9s pour r\u00e9aliser une fresque. Le principe\" \/>\n<meta name=\"robots\" content=\"index, follow, max-snippet:-1, max-image-preview:large, max-video-preview:-1\" \/>\n<link rel=\"canonical\" href=\"http:\/\/www.jeannedarc-figeac.fr\/college-lycee\/jeanne-darc-donne-main-telethon\/\" \/>\n<meta property=\"og:locale\" content=\"fr_FR\" \/>\n<meta property=\"og:type\" content=\"article\" \/>\n<meta property=\"og:title\" content=\"Jeanne d&#039;Arc donne la main pour le T\u00e9l\u00e9thon.\" \/>\n<meta property=\"og:description\" content=\"Les Jeunes de l&#039;Ensemble scolaire Jeanne d&#039;Arc Figeac et du Centre de Formation Arc en ciel ont \u00e9t\u00e9 sollicit\u00e9s pour r\u00e9aliser une fresque. Le principe\" \/>\n<meta property=\"og:url\" content=\"http:\/\/www.jeannedarc-figeac.fr\/college-lycee\/jeanne-darc-donne-main-telethon\/\" \/>\n<meta property=\"og:site_name\" content=\"Coll\u00e8ge et Lyc\u00e9e Jeanne d&#039;Arc\" \/>\n<meta property=\"article:published_time\" content=\"2016-12-19T10:48:08+00:00\" \/>\n<meta property=\"og:image\" content=\"http:\/\/www.jeannedarc-figeac.fr\/college-lycee\/wp-content\/uploads\/sites\/5\/2016\/12\/telethon-006-300x225.jpg\" \/>\n<meta name=\"author\" content=\"le secr\u00e9tariat\" \/>\n<script type=\"application\/ld+json\" class=\"yoast-schema-graph\">{\"@context\":\"https:\/\/schema.org\",\"@graph\":[{\"@type\":\"WebPage\",\"@id\":\"http:\/\/www.jeannedarc-figeac.fr\/college-lycee\/jeanne-darc-donne-main-telethon\/\",\"url\":\"http:\/\/www.jeannedarc-figeac.fr\/college-lycee\/jeanne-darc-donne-main-telethon\/\",\"name\":\"Jeanne d'Arc donne la main pour le T\u00e9l\u00e9thon.\",\"isPartOf\":{\"@id\":\"https:\/\/www.jeannedarc-figeac.fr\/college-lycee\/#website\"},\"primaryImageOfPage\":{\"@id\":\"http:\/\/www.jeannedarc-figeac.fr\/college-lycee\/jeanne-darc-donne-main-telethon\/#primaryimage\"},\"image\":{\"@id\":\"http:\/\/www.jeannedarc-figeac.fr\/college-lycee\/jeanne-darc-donne-main-telethon\/#primaryimage\"},\"thumbnailUrl\":\"http:\/\/www.jeannedarc-figeac.fr\/college-lycee\/wp-content\/uploads\/sites\/5\/2016\/12\/telethon-006-300x225.jpg\",\"datePublished\":\"2016-12-19T10:48:08+00:00\",\"author\":{\"@id\":\"https:\/\/www.jeannedarc-figeac.fr\/college-lycee\/#\/schema\/person\/29e5764f28e895dc8bf41d4468f99154\"},\"description\":\"Les Jeunes de l'Ensemble scolaire Jeanne d'Arc Figeac et du Centre de Formation Arc en ciel ont \u00e9t\u00e9 sollicit\u00e9s pour r\u00e9aliser une fresque. Le principe\",\"breadcrumb\":{\"@id\":\"http:\/\/www.jeannedarc-figeac.fr\/college-lycee\/jeanne-darc-donne-main-telethon\/#breadcrumb\"},\"inLanguage\":\"fr-FR\",\"potentialAction\":[{\"@type\":\"ReadAction\",\"target\":[\"http:\/\/www.jeannedarc-figeac.fr\/college-lycee\/jeanne-darc-donne-main-telethon\/\"]}]},{\"@type\":\"ImageObject\",\"inLanguage\":\"fr-FR\",\"@id\":\"http:\/\/www.jeannedarc-figeac.fr\/college-lycee\/jeanne-darc-donne-main-telethon\/#primaryimage\",\"url\":\"https:\/\/i0.wp.com\/www.jeannedarc-figeac.fr\/college-lycee\/wp-content\/uploads\/sites\/5\/2016\/12\/telethon-006.jpg?fit=3648%2C2736&ssl=1\",\"contentUrl\":\"https:\/\/i0.wp.com\/www.jeannedarc-figeac.fr\/college-lycee\/wp-content\/uploads\/sites\/5\/2016\/12\/telethon-006.jpg?fit=3648%2C2736&ssl=1\",\"width\":3648,\"height\":2736},{\"@type\":\"BreadcrumbList\",\"@id\":\"http:\/\/www.jeannedarc-figeac.fr\/college-lycee\/jeanne-darc-donne-main-telethon\/#breadcrumb\",\"itemListElement\":[{\"@type\":\"ListItem\",\"position\":1,\"name\":\"Accueil\",\"item\":\"https:\/\/www.jeannedarc-figeac.fr\/college-lycee\/\"},{\"@type\":\"ListItem\",\"position\":2,\"name\":\"Actus\",\"item\":\"http:\/\/www.jeannedarc-figeac.fr\/college-lycee\/cat\/actus\/\"},{\"@type\":\"ListItem\",\"position\":3,\"name\":\"Jeanne d&rsquo;Arc donne la main pour le T\u00e9l\u00e9thon.\"}]},{\"@type\":\"WebSite\",\"@id\":\"https:\/\/www.jeannedarc-figeac.fr\/college-lycee\/#website\",\"url\":\"https:\/\/www.jeannedarc-figeac.fr\/college-lycee\/\",\"name\":\"Coll\u00e8ge et Lyc\u00e9e Jeanne d&#039;Arc\",\"description\":\"Jeanne d&#039;Arc Figeac\",\"potentialAction\":[{\"@type\":\"SearchAction\",\"target\":{\"@type\":\"EntryPoint\",\"urlTemplate\":\"https:\/\/www.jeannedarc-figeac.fr\/college-lycee\/?s={search_term_string}\"},\"query-input\":{\"@type\":\"PropertyValueSpecification\",\"valueRequired\":true,\"valueName\":\"search_term_string\"}}],\"inLanguage\":\"fr-FR\"},{\"@type\":\"Person\",\"@id\":\"https:\/\/www.jeannedarc-figeac.fr\/college-lycee\/#\/schema\/person\/29e5764f28e895dc8bf41d4468f99154\",\"name\":\"le secr\u00e9tariat\",\"image\":{\"@type\":\"ImageObject\",\"inLanguage\":\"fr-FR\",\"@id\":\"https:\/\/www.jeannedarc-figeac.fr\/college-lycee\/#\/schema\/person\/image\/\",\"url\":\"https:\/\/www.jeannedarc-figeac.fr\/college-lycee\/wp-content\/litespeed\/avatar\/5\/b7e8da60f53ba4adc9e9e66d91d84580.jpg?ver=1777548714\",\"contentUrl\":\"https:\/\/www.jeannedarc-figeac.fr\/college-lycee\/wp-content\/litespeed\/avatar\/5\/b7e8da60f53ba4adc9e9e66d91d84580.jpg?ver=1777548714\",\"caption\":\"le secr\u00e9tariat\"},\"url\":\"https:\/\/www.jeannedarc-figeac.fr\/college-lycee\/author\/arlette\/\"}]}<\/script>\n<!-- \/ Yoast SEO plugin. -->","yoast_head_json":{"title":"Jeanne d'Arc donne la main pour le T\u00e9l\u00e9thon.","description":"Les Jeunes de l'Ensemble scolaire Jeanne d'Arc Figeac et du Centre de Formation Arc en ciel ont \u00e9t\u00e9 sollicit\u00e9s pour r\u00e9aliser une fresque. Le principe","robots":{"index":"index","follow":"follow","max-snippet":"max-snippet:-1","max-image-preview":"max-image-preview:large","max-video-preview":"max-video-preview:-1"},"canonical":"http:\/\/www.jeannedarc-figeac.fr\/college-lycee\/jeanne-darc-donne-main-telethon\/","og_locale":"fr_FR","og_type":"article","og_title":"Jeanne d'Arc donne la main pour le T\u00e9l\u00e9thon.","og_description":"Les Jeunes de l'Ensemble scolaire Jeanne d'Arc Figeac et du Centre de Formation Arc en ciel ont \u00e9t\u00e9 sollicit\u00e9s pour r\u00e9aliser une fresque. Le principe","og_url":"http:\/\/www.jeannedarc-figeac.fr\/college-lycee\/jeanne-darc-donne-main-telethon\/","og_site_name":"Coll\u00e8ge et Lyc\u00e9e Jeanne d&#039;Arc","article_published_time":"2016-12-19T10:48:08+00:00","og_image":[{"url":"http:\/\/www.jeannedarc-figeac.fr\/college-lycee\/wp-content\/uploads\/sites\/5\/2016\/12\/telethon-006-300x225.jpg","type":"","width":"","height":""}],"author":"le secr\u00e9tariat","schema":{"@context":"https:\/\/schema.org","@graph":[{"@type":"WebPage","@id":"http:\/\/www.jeannedarc-figeac.fr\/college-lycee\/jeanne-darc-donne-main-telethon\/","url":"http:\/\/www.jeannedarc-figeac.fr\/college-lycee\/jeanne-darc-donne-main-telethon\/","name":"Jeanne d'Arc donne la main pour le T\u00e9l\u00e9thon.","isPartOf":{"@id":"https:\/\/www.jeannedarc-figeac.fr\/college-lycee\/#website"},"primaryImageOfPage":{"@id":"http:\/\/www.jeannedarc-figeac.fr\/college-lycee\/jeanne-darc-donne-main-telethon\/#primaryimage"},"image":{"@id":"http:\/\/www.jeannedarc-figeac.fr\/college-lycee\/jeanne-darc-donne-main-telethon\/#primaryimage"},"thumbnailUrl":"http:\/\/www.jeannedarc-figeac.fr\/college-lycee\/wp-content\/uploads\/sites\/5\/2016\/12\/telethon-006-300x225.jpg","datePublished":"2016-12-19T10:48:08+00:00","author":{"@id":"https:\/\/www.jeannedarc-figeac.fr\/college-lycee\/#\/schema\/person\/29e5764f28e895dc8bf41d4468f99154"},"description":"Les Jeunes de l'Ensemble scolaire Jeanne d'Arc Figeac et du Centre de Formation Arc en ciel ont \u00e9t\u00e9 sollicit\u00e9s pour r\u00e9aliser une fresque. Le principe","breadcrumb":{"@id":"http:\/\/www.jeannedarc-figeac.fr\/college-lycee\/jeanne-darc-donne-main-telethon\/#breadcrumb"},"inLanguage":"fr-FR","potentialAction":[{"@type":"ReadAction","target":["http:\/\/www.jeannedarc-figeac.fr\/college-lycee\/jeanne-darc-donne-main-telethon\/"]}]},{"@type":"ImageObject","inLanguage":"fr-FR","@id":"http:\/\/www.jeannedarc-figeac.fr\/college-lycee\/jeanne-darc-donne-main-telethon\/#primaryimage","url":"https:\/\/i0.wp.com\/www.jeannedarc-figeac.fr\/college-lycee\/wp-content\/uploads\/sites\/5\/2016\/12\/telethon-006.jpg?fit=3648%2C2736&ssl=1","contentUrl":"https:\/\/i0.wp.com\/www.jeannedarc-figeac.fr\/college-lycee\/wp-content\/uploads\/sites\/5\/2016\/12\/telethon-006.jpg?fit=3648%2C2736&ssl=1","width":3648,"height":2736},{"@type":"BreadcrumbList","@id":"http:\/\/www.jeannedarc-figeac.fr\/college-lycee\/jeanne-darc-donne-main-telethon\/#breadcrumb","itemListElement":[{"@type":"ListItem","position":1,"name":"Accueil","item":"https:\/\/www.jeannedarc-figeac.fr\/college-lycee\/"},{"@type":"ListItem","position":2,"name":"Actus","item":"http:\/\/www.jeannedarc-figeac.fr\/college-lycee\/cat\/actus\/"},{"@type":"ListItem","position":3,"name":"Jeanne d&rsquo;Arc donne la main pour le T\u00e9l\u00e9thon."}]},{"@type":"WebSite","@id":"https:\/\/www.jeannedarc-figeac.fr\/college-lycee\/#website","url":"https:\/\/www.jeannedarc-figeac.fr\/college-lycee\/","name":"Coll\u00e8ge et Lyc\u00e9e Jeanne d&#039;Arc","description":"Jeanne d&#039;Arc Figeac","potentialAction":[{"@type":"SearchAction","target":{"@type":"EntryPoint","urlTemplate":"https:\/\/www.jeannedarc-figeac.fr\/college-lycee\/?s={search_term_string}"},"query-input":{"@type":"PropertyValueSpecification","valueRequired":true,"valueName":"search_term_string"}}],"inLanguage":"fr-FR"},{"@type":"Person","@id":"https:\/\/www.jeannedarc-figeac.fr\/college-lycee\/#\/schema\/person\/29e5764f28e895dc8bf41d4468f99154","name":"le secr\u00e9tariat","image":{"@type":"ImageObject","inLanguage":"fr-FR","@id":"https:\/\/www.jeannedarc-figeac.fr\/college-lycee\/#\/schema\/person\/image\/","url":"https:\/\/www.jeannedarc-figeac.fr\/college-lycee\/wp-content\/litespeed\/avatar\/5\/b7e8da60f53ba4adc9e9e66d91d84580.jpg?ver=1777548714","contentUrl":"https:\/\/www.jeannedarc-figeac.fr\/college-lycee\/wp-content\/litespeed\/avatar\/5\/b7e8da60f53ba4adc9e9e66d91d84580.jpg?ver=1777548714","caption":"le secr\u00e9tariat"},"url":"https:\/\/www.jeannedarc-figeac.fr\/college-lycee\/author\/arlette\/"}]}},"jetpack_featured_media_url":"","jetpack_sharing_enabled":true,"jetpack_shortlink":"https:\/\/wp.me\/p5Qyb6-Ar","_links":{"self":[{"href":"https:\/\/www.jeannedarc-figeac.fr\/college-lycee\/wp-json\/wp\/v2\/posts\/2259","targetHints":{"allow":["GET"]}}],"collection":[{"href":"https:\/\/www.jeannedarc-figeac.fr\/college-lycee\/wp-json\/wp\/v2\/posts"}],"about":[{"href":"https:\/\/www.jeannedarc-figeac.fr\/college-lycee\/wp-json\/wp\/v2\/types\/post"}],"author":[{"embeddable":true,"href":"https:\/\/www.jeannedarc-figeac.fr\/college-lycee\/wp-json\/wp\/v2\/users\/12"}],"replies":[{"embeddable":true,"href":"https:\/\/www.jeannedarc-figeac.fr\/college-lycee\/wp-json\/wp\/v2\/comments?post=2259"}],"version-history":[{"count":1,"href":"https:\/\/www.jeannedarc-figeac.fr\/college-lycee\/wp-json\/wp\/v2\/posts\/2259\/revisions"}],"predecessor-version":[{"id":2261,"href":"https:\/\/www.jeannedarc-figeac.fr\/college-lycee\/wp-json\/wp\/v2\/posts\/2259\/revisions\/2261"}],"wp:attachment":[{"href":"https:\/\/www.jeannedarc-figeac.fr\/college-lycee\/wp-json\/wp\/v2\/media?parent=2259"}],"wp:term":[{"taxonomy":"category","embeddable":true,"href":"https:\/\/www.jeannedarc-figeac.fr\/college-lycee\/wp-json\/wp\/v2\/categories?post=2259"},{"taxonomy":"post_tag","embeddable":true,"href":"https:\/\/www.jeannedarc-figeac.fr\/college-lycee\/wp-json\/wp\/v2\/tags?post=2259"}],"curies":[{"name":"wp","href":"https:\/\/api.w.org\/{rel}","templated":true}]}}