{"id":2256,"date":"2016-12-19T10:44:26","date_gmt":"2016-12-19T10:44:26","guid":{"rendered":"http:\/\/www.jeannedarc-figeac.fr\/college-lycee\/?p=2256"},"modified":"2016-12-19T10:44:26","modified_gmt":"2016-12-19T10:44:26","slug":"petite-surprise-theatrale-collegiens-de-jeanne-darc","status":"publish","type":"post","link":"https:\/\/www.jeannedarc-figeac.fr\/college-lycee\/petite-surprise-theatrale-collegiens-de-jeanne-darc\/","title":{"rendered":"Une petite surprise th\u00e9\u00e2trale pour les coll\u00e9giens de Jeanne d\u2019Arc"},"content":{"rendered":"<p><a href=\"https:\/\/i0.wp.com\/www.jeannedarc-figeac.fr\/college-lycee\/wp-content\/uploads\/sites\/5\/2016\/12\/pig-004.jpg\"><img data-recalc-dims=\"1\" loading=\"lazy\" decoding=\"async\" class=\"alignnone size-medium wp-image-2257\" src=\"https:\/\/i0.wp.com\/www.jeannedarc-figeac.fr\/college-lycee\/wp-content\/uploads\/sites\/5\/2016\/12\/pig-004.jpg?resize=300%2C225\" alt=\"\" width=\"300\" height=\"225\" srcset=\"https:\/\/i0.wp.com\/www.jeannedarc-figeac.fr\/college-lycee\/wp-content\/uploads\/sites\/5\/2016\/12\/pig-004.jpg?resize=300%2C225&amp;ssl=1 300w, https:\/\/i0.wp.com\/www.jeannedarc-figeac.fr\/college-lycee\/wp-content\/uploads\/sites\/5\/2016\/12\/pig-004.jpg?resize=768%2C576&amp;ssl=1 768w, https:\/\/i0.wp.com\/www.jeannedarc-figeac.fr\/college-lycee\/wp-content\/uploads\/sites\/5\/2016\/12\/pig-004.jpg?resize=1024%2C768&amp;ssl=1 1024w, https:\/\/i0.wp.com\/www.jeannedarc-figeac.fr\/college-lycee\/wp-content\/uploads\/sites\/5\/2016\/12\/pig-004.jpg?resize=1080%2C810&amp;ssl=1 1080w, https:\/\/i0.wp.com\/www.jeannedarc-figeac.fr\/college-lycee\/wp-content\/uploads\/sites\/5\/2016\/12\/pig-004.jpg?w=2160 2160w, https:\/\/i0.wp.com\/www.jeannedarc-figeac.fr\/college-lycee\/wp-content\/uploads\/sites\/5\/2016\/12\/pig-004.jpg?w=3240 3240w\" sizes=\"(max-width: 300px) 100vw, 300px\" \/><\/a><\/p>\n<p><strong>Mercredi 30 novembre au matin, dans les couloirs du coll\u00e8ge Jeanne d\u2019Arc a sillonn\u00e9 la BIP\u00a0:<\/strong><\/p>\n<p><strong>B comme BRIGADE<\/strong><\/p>\n<p><strong>I comme INTERVENTION<\/strong><\/p>\n<p><strong>P comme POETIQUE<\/strong><\/p>\n<p><strong>Sans pr\u00e9venir, la BIP, repr\u00e9sent\u00e9e par la Compagnie ARTAEM, a surgi dans les douze classes, venant surprendre les coll\u00e9giens et les enseignants en plein cours, pour leur offrir un court instant th\u00e9\u00e2tral. Ces derniers ont pu entendre des textes extraits des <em><u>Histoires press\u00e9es<\/u><\/em> de Bernard FRIOT (qui sera tr\u00e8s bient\u00f4t \u00e0 Figeac pour une lecture) et d\u2019<em><u>Autrefois, Aujourd\u2019hui, Demain <\/u><\/em>de Fran\u00e7oise de CHAXEL. <\/strong><\/p>\n<p><strong>\u00a0<\/strong><\/p>\n<p><strong>C\u2019est ainsi que les \u00e9l\u00e8ves ont appris qu\u2019il fallait se m\u00e9fier des professeurs de math\u00e9matiques car ces derniers n\u2019h\u00e9sitaient pas \u00e0 \u00a0transformer une jolie princesse en vache si elle ne savait pas faire l\u2019exercice demand\u00e9 ou encore que les lettres de la soupe aux \u00ab\u00a0p\u00e2tes lettres\u00a0\u00bb de notre enfance pouvaient s\u2019assembler pour former des messages inqui\u00e9tants et grimper le long de la jambe de notre grand-m\u00e8re\u2026<\/strong><\/p>\n<p><strong>A l\u2019issue de ce temps de surprise, un petit temps d\u2019\u00e9change avec les com\u00e9diens a \u00e9t\u00e9 propos\u00e9 aux coll\u00e9giens.<\/strong><\/p>\n<p><strong>Ce moment impromptu avait pour but de cr\u00e9er un \u00e9v\u00e8nement artistique au sein du coll\u00e8ge et de sensibiliser les \u00e9l\u00e8ves \u00e0 des formes th\u00e9\u00e2trales peu connues. <\/strong><\/p>\n<p><strong>L\u2019organisateur \u00a0de cette intervention artistique est L\u2019ADDA (Association D\u00e9partementale pour le D\u00e9veloppement des Arts) du Lot, en partenariat avec le D\u00e9partement du Lot et la DRAC Occitanie.<\/strong><\/p>\n<p>&nbsp;<\/p>\n","protected":false},"excerpt":{"rendered":"<p>Mercredi 30 novembre au matin, dans les couloirs du coll\u00e8ge Jeanne d\u2019Arc a sillonn\u00e9 la BIP\u00a0: B comme BRIGADE I comme INTERVENTION P comme POETIQUE Sans pr\u00e9venir, la BIP, repr\u00e9sent\u00e9e par la Compagnie ARTAEM, a surgi dans les douze classes, venant surprendre les coll\u00e9giens et les enseignants en plein cours, pour leur offrir un court [&hellip;]<\/p>\n","protected":false},"author":12,"featured_media":0,"comment_status":"closed","ping_status":"open","sticky":false,"template":"","format":"standard","meta":{"_et_pb_use_builder":"","_et_pb_old_content":"","_et_gb_content_width":"","_jetpack_newsletter_access":"","_jetpack_dont_email_post_to_subs":false,"_jetpack_newsletter_tier_id":0,"_jetpack_memberships_contains_paywalled_content":false,"iawp_total_views":0,"_jetpack_memberships_contains_paid_content":false,"footnotes":""},"categories":[28],"tags":[],"class_list":["post-2256","post","type-post","status-publish","format-standard","hentry","category-actus"],"yoast_head":"<!-- This site is optimized with the Yoast SEO plugin v26.0 - https:\/\/yoast.com\/wordpress\/plugins\/seo\/ -->\n<title>Une petite surprise th\u00e9\u00e2trale pour les coll\u00e9giens de Jeanne d\u2019Arc<\/title>\n<meta name=\"description\" content=\"Mercredi 30 novembre au matin, dans les couloirs du coll\u00e8ge Jeanne d\u2019Arc a sillonn\u00e9 la BIP\u00a0: B comme BRIGADE I comme INTERVENTION P comme POETIQUE Sans\" \/>\n<meta name=\"robots\" content=\"index, follow, max-snippet:-1, max-image-preview:large, max-video-preview:-1\" \/>\n<link rel=\"canonical\" href=\"https:\/\/www.jeannedarc-figeac.fr\/college-lycee\/petite-surprise-theatrale-collegiens-de-jeanne-darc\/\" \/>\n<meta property=\"og:locale\" content=\"fr_FR\" \/>\n<meta property=\"og:type\" content=\"article\" \/>\n<meta property=\"og:title\" content=\"Une petite surprise th\u00e9\u00e2trale pour les coll\u00e9giens de Jeanne d\u2019Arc\" \/>\n<meta property=\"og:description\" content=\"Mercredi 30 novembre au matin, dans les couloirs du coll\u00e8ge Jeanne d\u2019Arc a sillonn\u00e9 la BIP\u00a0: B comme BRIGADE I comme INTERVENTION P comme POETIQUE Sans\" \/>\n<meta property=\"og:url\" content=\"https:\/\/www.jeannedarc-figeac.fr\/college-lycee\/petite-surprise-theatrale-collegiens-de-jeanne-darc\/\" \/>\n<meta property=\"og:site_name\" content=\"Coll\u00e8ge et Lyc\u00e9e Jeanne d&#039;Arc\" \/>\n<meta property=\"article:published_time\" content=\"2016-12-19T10:44:26+00:00\" \/>\n<meta property=\"og:image\" content=\"http:\/\/www.jeannedarc-figeac.fr\/college-lycee\/wp-content\/uploads\/sites\/5\/2016\/12\/pig-004-300x225.jpg\" \/>\n<meta name=\"author\" content=\"le secr\u00e9tariat\" \/>\n<script type=\"application\/ld+json\" class=\"yoast-schema-graph\">{\"@context\":\"https:\/\/schema.org\",\"@graph\":[{\"@type\":\"WebPage\",\"@id\":\"https:\/\/www.jeannedarc-figeac.fr\/college-lycee\/petite-surprise-theatrale-collegiens-de-jeanne-darc\/\",\"url\":\"https:\/\/www.jeannedarc-figeac.fr\/college-lycee\/petite-surprise-theatrale-collegiens-de-jeanne-darc\/\",\"name\":\"Une petite surprise th\u00e9\u00e2trale pour les coll\u00e9giens de Jeanne d\u2019Arc\",\"isPartOf\":{\"@id\":\"https:\/\/www.jeannedarc-figeac.fr\/college-lycee\/#website\"},\"primaryImageOfPage\":{\"@id\":\"https:\/\/www.jeannedarc-figeac.fr\/college-lycee\/petite-surprise-theatrale-collegiens-de-jeanne-darc\/#primaryimage\"},\"image\":{\"@id\":\"https:\/\/www.jeannedarc-figeac.fr\/college-lycee\/petite-surprise-theatrale-collegiens-de-jeanne-darc\/#primaryimage\"},\"thumbnailUrl\":\"http:\/\/www.jeannedarc-figeac.fr\/college-lycee\/wp-content\/uploads\/sites\/5\/2016\/12\/pig-004-300x225.jpg\",\"datePublished\":\"2016-12-19T10:44:26+00:00\",\"author\":{\"@id\":\"https:\/\/www.jeannedarc-figeac.fr\/college-lycee\/#\/schema\/person\/29e5764f28e895dc8bf41d4468f99154\"},\"description\":\"Mercredi 30 novembre au matin, dans les couloirs du coll\u00e8ge Jeanne d\u2019Arc a sillonn\u00e9 la BIP\u00a0: B comme BRIGADE I comme INTERVENTION P comme POETIQUE Sans\",\"breadcrumb\":{\"@id\":\"https:\/\/www.jeannedarc-figeac.fr\/college-lycee\/petite-surprise-theatrale-collegiens-de-jeanne-darc\/#breadcrumb\"},\"inLanguage\":\"fr-FR\",\"potentialAction\":[{\"@type\":\"ReadAction\",\"target\":[\"https:\/\/www.jeannedarc-figeac.fr\/college-lycee\/petite-surprise-theatrale-collegiens-de-jeanne-darc\/\"]}]},{\"@type\":\"ImageObject\",\"inLanguage\":\"fr-FR\",\"@id\":\"https:\/\/www.jeannedarc-figeac.fr\/college-lycee\/petite-surprise-theatrale-collegiens-de-jeanne-darc\/#primaryimage\",\"url\":\"https:\/\/i0.wp.com\/www.jeannedarc-figeac.fr\/college-lycee\/wp-content\/uploads\/sites\/5\/2016\/12\/pig-004.jpg?fit=3648%2C2736&ssl=1\",\"contentUrl\":\"https:\/\/i0.wp.com\/www.jeannedarc-figeac.fr\/college-lycee\/wp-content\/uploads\/sites\/5\/2016\/12\/pig-004.jpg?fit=3648%2C2736&ssl=1\",\"width\":3648,\"height\":2736},{\"@type\":\"BreadcrumbList\",\"@id\":\"https:\/\/www.jeannedarc-figeac.fr\/college-lycee\/petite-surprise-theatrale-collegiens-de-jeanne-darc\/#breadcrumb\",\"itemListElement\":[{\"@type\":\"ListItem\",\"position\":1,\"name\":\"Accueil\",\"item\":\"https:\/\/www.jeannedarc-figeac.fr\/college-lycee\/\"},{\"@type\":\"ListItem\",\"position\":2,\"name\":\"Actus\",\"item\":\"http:\/\/www.jeannedarc-figeac.fr\/college-lycee\/cat\/actus\/\"},{\"@type\":\"ListItem\",\"position\":3,\"name\":\"Une petite surprise th\u00e9\u00e2trale pour les coll\u00e9giens de Jeanne d\u2019Arc\"}]},{\"@type\":\"WebSite\",\"@id\":\"https:\/\/www.jeannedarc-figeac.fr\/college-lycee\/#website\",\"url\":\"https:\/\/www.jeannedarc-figeac.fr\/college-lycee\/\",\"name\":\"Coll\u00e8ge et Lyc\u00e9e Jeanne d&#039;Arc\",\"description\":\"Jeanne d&#039;Arc Figeac\",\"potentialAction\":[{\"@type\":\"SearchAction\",\"target\":{\"@type\":\"EntryPoint\",\"urlTemplate\":\"https:\/\/www.jeannedarc-figeac.fr\/college-lycee\/?s={search_term_string}\"},\"query-input\":{\"@type\":\"PropertyValueSpecification\",\"valueRequired\":true,\"valueName\":\"search_term_string\"}}],\"inLanguage\":\"fr-FR\"},{\"@type\":\"Person\",\"@id\":\"https:\/\/www.jeannedarc-figeac.fr\/college-lycee\/#\/schema\/person\/29e5764f28e895dc8bf41d4468f99154\",\"name\":\"le secr\u00e9tariat\",\"image\":{\"@type\":\"ImageObject\",\"inLanguage\":\"fr-FR\",\"@id\":\"https:\/\/www.jeannedarc-figeac.fr\/college-lycee\/#\/schema\/person\/image\/\",\"url\":\"https:\/\/www.jeannedarc-figeac.fr\/college-lycee\/wp-content\/litespeed\/avatar\/5\/b7e8da60f53ba4adc9e9e66d91d84580.jpg?ver=1777548714\",\"contentUrl\":\"https:\/\/www.jeannedarc-figeac.fr\/college-lycee\/wp-content\/litespeed\/avatar\/5\/b7e8da60f53ba4adc9e9e66d91d84580.jpg?ver=1777548714\",\"caption\":\"le secr\u00e9tariat\"},\"url\":\"https:\/\/www.jeannedarc-figeac.fr\/college-lycee\/author\/arlette\/\"}]}<\/script>\n<!-- \/ Yoast SEO plugin. -->","yoast_head_json":{"title":"Une petite surprise th\u00e9\u00e2trale pour les coll\u00e9giens de Jeanne d\u2019Arc","description":"Mercredi 30 novembre au matin, dans les couloirs du coll\u00e8ge Jeanne d\u2019Arc a sillonn\u00e9 la BIP\u00a0: B comme BRIGADE I comme INTERVENTION P comme POETIQUE Sans","robots":{"index":"index","follow":"follow","max-snippet":"max-snippet:-1","max-image-preview":"max-image-preview:large","max-video-preview":"max-video-preview:-1"},"canonical":"https:\/\/www.jeannedarc-figeac.fr\/college-lycee\/petite-surprise-theatrale-collegiens-de-jeanne-darc\/","og_locale":"fr_FR","og_type":"article","og_title":"Une petite surprise th\u00e9\u00e2trale pour les coll\u00e9giens de Jeanne d\u2019Arc","og_description":"Mercredi 30 novembre au matin, dans les couloirs du coll\u00e8ge Jeanne d\u2019Arc a sillonn\u00e9 la BIP\u00a0: B comme BRIGADE I comme INTERVENTION P comme POETIQUE Sans","og_url":"https:\/\/www.jeannedarc-figeac.fr\/college-lycee\/petite-surprise-theatrale-collegiens-de-jeanne-darc\/","og_site_name":"Coll\u00e8ge et Lyc\u00e9e Jeanne d&#039;Arc","article_published_time":"2016-12-19T10:44:26+00:00","og_image":[{"url":"http:\/\/www.jeannedarc-figeac.fr\/college-lycee\/wp-content\/uploads\/sites\/5\/2016\/12\/pig-004-300x225.jpg","type":"","width":"","height":""}],"author":"le secr\u00e9tariat","schema":{"@context":"https:\/\/schema.org","@graph":[{"@type":"WebPage","@id":"https:\/\/www.jeannedarc-figeac.fr\/college-lycee\/petite-surprise-theatrale-collegiens-de-jeanne-darc\/","url":"https:\/\/www.jeannedarc-figeac.fr\/college-lycee\/petite-surprise-theatrale-collegiens-de-jeanne-darc\/","name":"Une petite surprise th\u00e9\u00e2trale pour les coll\u00e9giens de Jeanne d\u2019Arc","isPartOf":{"@id":"https:\/\/www.jeannedarc-figeac.fr\/college-lycee\/#website"},"primaryImageOfPage":{"@id":"https:\/\/www.jeannedarc-figeac.fr\/college-lycee\/petite-surprise-theatrale-collegiens-de-jeanne-darc\/#primaryimage"},"image":{"@id":"https:\/\/www.jeannedarc-figeac.fr\/college-lycee\/petite-surprise-theatrale-collegiens-de-jeanne-darc\/#primaryimage"},"thumbnailUrl":"http:\/\/www.jeannedarc-figeac.fr\/college-lycee\/wp-content\/uploads\/sites\/5\/2016\/12\/pig-004-300x225.jpg","datePublished":"2016-12-19T10:44:26+00:00","author":{"@id":"https:\/\/www.jeannedarc-figeac.fr\/college-lycee\/#\/schema\/person\/29e5764f28e895dc8bf41d4468f99154"},"description":"Mercredi 30 novembre au matin, dans les couloirs du coll\u00e8ge Jeanne d\u2019Arc a sillonn\u00e9 la BIP\u00a0: B comme BRIGADE I comme INTERVENTION P comme POETIQUE Sans","breadcrumb":{"@id":"https:\/\/www.jeannedarc-figeac.fr\/college-lycee\/petite-surprise-theatrale-collegiens-de-jeanne-darc\/#breadcrumb"},"inLanguage":"fr-FR","potentialAction":[{"@type":"ReadAction","target":["https:\/\/www.jeannedarc-figeac.fr\/college-lycee\/petite-surprise-theatrale-collegiens-de-jeanne-darc\/"]}]},{"@type":"ImageObject","inLanguage":"fr-FR","@id":"https:\/\/www.jeannedarc-figeac.fr\/college-lycee\/petite-surprise-theatrale-collegiens-de-jeanne-darc\/#primaryimage","url":"https:\/\/i0.wp.com\/www.jeannedarc-figeac.fr\/college-lycee\/wp-content\/uploads\/sites\/5\/2016\/12\/pig-004.jpg?fit=3648%2C2736&ssl=1","contentUrl":"https:\/\/i0.wp.com\/www.jeannedarc-figeac.fr\/college-lycee\/wp-content\/uploads\/sites\/5\/2016\/12\/pig-004.jpg?fit=3648%2C2736&ssl=1","width":3648,"height":2736},{"@type":"BreadcrumbList","@id":"https:\/\/www.jeannedarc-figeac.fr\/college-lycee\/petite-surprise-theatrale-collegiens-de-jeanne-darc\/#breadcrumb","itemListElement":[{"@type":"ListItem","position":1,"name":"Accueil","item":"https:\/\/www.jeannedarc-figeac.fr\/college-lycee\/"},{"@type":"ListItem","position":2,"name":"Actus","item":"http:\/\/www.jeannedarc-figeac.fr\/college-lycee\/cat\/actus\/"},{"@type":"ListItem","position":3,"name":"Une petite surprise th\u00e9\u00e2trale pour les coll\u00e9giens de Jeanne d\u2019Arc"}]},{"@type":"WebSite","@id":"https:\/\/www.jeannedarc-figeac.fr\/college-lycee\/#website","url":"https:\/\/www.jeannedarc-figeac.fr\/college-lycee\/","name":"Coll\u00e8ge et Lyc\u00e9e Jeanne d&#039;Arc","description":"Jeanne d&#039;Arc Figeac","potentialAction":[{"@type":"SearchAction","target":{"@type":"EntryPoint","urlTemplate":"https:\/\/www.jeannedarc-figeac.fr\/college-lycee\/?s={search_term_string}"},"query-input":{"@type":"PropertyValueSpecification","valueRequired":true,"valueName":"search_term_string"}}],"inLanguage":"fr-FR"},{"@type":"Person","@id":"https:\/\/www.jeannedarc-figeac.fr\/college-lycee\/#\/schema\/person\/29e5764f28e895dc8bf41d4468f99154","name":"le secr\u00e9tariat","image":{"@type":"ImageObject","inLanguage":"fr-FR","@id":"https:\/\/www.jeannedarc-figeac.fr\/college-lycee\/#\/schema\/person\/image\/","url":"https:\/\/www.jeannedarc-figeac.fr\/college-lycee\/wp-content\/litespeed\/avatar\/5\/b7e8da60f53ba4adc9e9e66d91d84580.jpg?ver=1777548714","contentUrl":"https:\/\/www.jeannedarc-figeac.fr\/college-lycee\/wp-content\/litespeed\/avatar\/5\/b7e8da60f53ba4adc9e9e66d91d84580.jpg?ver=1777548714","caption":"le secr\u00e9tariat"},"url":"https:\/\/www.jeannedarc-figeac.fr\/college-lycee\/author\/arlette\/"}]}},"jetpack_featured_media_url":"","jetpack_sharing_enabled":true,"jetpack_shortlink":"https:\/\/wp.me\/p5Qyb6-Ao","_links":{"self":[{"href":"https:\/\/www.jeannedarc-figeac.fr\/college-lycee\/wp-json\/wp\/v2\/posts\/2256","targetHints":{"allow":["GET"]}}],"collection":[{"href":"https:\/\/www.jeannedarc-figeac.fr\/college-lycee\/wp-json\/wp\/v2\/posts"}],"about":[{"href":"https:\/\/www.jeannedarc-figeac.fr\/college-lycee\/wp-json\/wp\/v2\/types\/post"}],"author":[{"embeddable":true,"href":"https:\/\/www.jeannedarc-figeac.fr\/college-lycee\/wp-json\/wp\/v2\/users\/12"}],"replies":[{"embeddable":true,"href":"https:\/\/www.jeannedarc-figeac.fr\/college-lycee\/wp-json\/wp\/v2\/comments?post=2256"}],"version-history":[{"count":1,"href":"https:\/\/www.jeannedarc-figeac.fr\/college-lycee\/wp-json\/wp\/v2\/posts\/2256\/revisions"}],"predecessor-version":[{"id":2258,"href":"https:\/\/www.jeannedarc-figeac.fr\/college-lycee\/wp-json\/wp\/v2\/posts\/2256\/revisions\/2258"}],"wp:attachment":[{"href":"https:\/\/www.jeannedarc-figeac.fr\/college-lycee\/wp-json\/wp\/v2\/media?parent=2256"}],"wp:term":[{"taxonomy":"category","embeddable":true,"href":"https:\/\/www.jeannedarc-figeac.fr\/college-lycee\/wp-json\/wp\/v2\/categories?post=2256"},{"taxonomy":"post_tag","embeddable":true,"href":"https:\/\/www.jeannedarc-figeac.fr\/college-lycee\/wp-json\/wp\/v2\/tags?post=2256"}],"curies":[{"name":"wp","href":"https:\/\/api.w.org\/{rel}","templated":true}]}}