{"id":2232,"date":"2016-11-30T10:38:58","date_gmt":"2016-11-30T10:38:58","guid":{"rendered":"http:\/\/www.jeannedarc-figeac.fr\/college-lycee\/?p=2232"},"modified":"2016-11-30T10:38:58","modified_gmt":"2016-11-30T10:38:58","slug":"visite-centre-hospitalier","status":"publish","type":"post","link":"https:\/\/www.jeannedarc-figeac.fr\/college-lycee\/visite-centre-hospitalier\/","title":{"rendered":"VISITE AU CENTRE HOSPITALIER"},"content":{"rendered":"<p>Mercredi 28 novembre, les 2nde E.D.E. Sant\u00e9 Social se sont rendus au centre hospitalier de Figeac dans le cadre de la semaine de la s\u00e9curit\u00e9 du patient. Les \u00e9l\u00e8ves accompagn\u00e9s de leur professeur de Sciences et Techniques Sanitaires et Sociales, Mich\u00e8le Malaterre ont \u00e9t\u00e9 accueillis par 3 professionnels et 2 b\u00e9n\u00e9voles.<\/p>\n<p>Dans un premier temps, Monsieur Teulier, directeur a pr\u00e9sent\u00e9 le centre hospitalier<\/p>\n<ul>\n<li>le nombre de lits, d\u2019agents, de patients<\/li>\n<li>-les m\u00e9tiers pr\u00e9sents \u00e0 l\u2019h\u00f4pital<\/li>\n<li>Les services.<\/li>\n<\/ul>\n<p>Dans une deuxi\u00e8me partie, la responsable qualit\u00e9, la cadre de sant\u00e9 de chirurgie et les 2 repr\u00e9sentants des usagers se sont relay\u00e9s pour \u00e9voquer les droits des patients.<\/p>\n<p>Ex : &#8211; droit \u00e0 l\u2019information<\/p>\n<ul>\n<li>droit d\u2019acc\u00e8s au dossier m\u00e9dical<\/li>\n<li>Droit de prise en charge de la douleur<\/li>\n<li>Directives anticip\u00e9es\u2026.<\/li>\n<\/ul>\n<p>Cette pr\u00e9sentation tr\u00e8s riche a permis d\u2019amorcer une r\u00e9flexion sur des sujets difficiles tels que le respect des choix des patients en fin de vie.<\/p>\n","protected":false},"excerpt":{"rendered":"<p>Mercredi 28 novembre, les 2nde E.D.E. Sant\u00e9 Social se sont rendus au centre hospitalier de Figeac dans le cadre de la semaine de la s\u00e9curit\u00e9 du patient. Les \u00e9l\u00e8ves accompagn\u00e9s de leur professeur de Sciences et Techniques Sanitaires et Sociales, Mich\u00e8le Malaterre ont \u00e9t\u00e9 accueillis par 3 professionnels et 2 b\u00e9n\u00e9voles. Dans un premier temps, [&hellip;]<\/p>\n","protected":false},"author":12,"featured_media":0,"comment_status":"closed","ping_status":"open","sticky":false,"template":"","format":"standard","meta":{"_et_pb_use_builder":"","_et_pb_old_content":"","_et_gb_content_width":"","_jetpack_newsletter_access":"","_jetpack_dont_email_post_to_subs":false,"_jetpack_newsletter_tier_id":0,"_jetpack_memberships_contains_paywalled_content":false,"iawp_total_views":0,"_jetpack_memberships_contains_paid_content":false,"footnotes":""},"categories":[28],"tags":[],"class_list":["post-2232","post","type-post","status-publish","format-standard","hentry","category-actus"],"yoast_head":"<!-- This site is optimized with the Yoast SEO plugin v26.0 - https:\/\/yoast.com\/wordpress\/plugins\/seo\/ -->\n<title>VISITE AU CENTRE HOSPITALIER<\/title>\n<meta name=\"description\" content=\"Mercredi 28 novembre, les 2nde E.D.E. Sant\u00e9 Social se sont rendus au centre hospitalier de Figeac dans le cadre de la semaine de la s\u00e9curit\u00e9 du patient.\" \/>\n<meta name=\"robots\" content=\"index, follow, max-snippet:-1, max-image-preview:large, max-video-preview:-1\" \/>\n<link rel=\"canonical\" href=\"http:\/\/www.jeannedarc-figeac.fr\/college-lycee\/visite-centre-hospitalier\/\" \/>\n<meta property=\"og:locale\" content=\"fr_FR\" \/>\n<meta property=\"og:type\" content=\"article\" \/>\n<meta property=\"og:title\" content=\"VISITE AU CENTRE HOSPITALIER\" \/>\n<meta property=\"og:description\" content=\"Mercredi 28 novembre, les 2nde E.D.E. Sant\u00e9 Social se sont rendus au centre hospitalier de Figeac dans le cadre de la semaine de la s\u00e9curit\u00e9 du patient.\" \/>\n<meta property=\"og:url\" content=\"http:\/\/www.jeannedarc-figeac.fr\/college-lycee\/visite-centre-hospitalier\/\" \/>\n<meta property=\"og:site_name\" content=\"Coll\u00e8ge et Lyc\u00e9e Jeanne d&#039;Arc\" \/>\n<meta property=\"article:published_time\" content=\"2016-11-30T10:38:58+00:00\" \/>\n<meta name=\"author\" content=\"le secr\u00e9tariat\" \/>\n<script type=\"application\/ld+json\" class=\"yoast-schema-graph\">{\"@context\":\"https:\/\/schema.org\",\"@graph\":[{\"@type\":\"WebPage\",\"@id\":\"http:\/\/www.jeannedarc-figeac.fr\/college-lycee\/visite-centre-hospitalier\/\",\"url\":\"http:\/\/www.jeannedarc-figeac.fr\/college-lycee\/visite-centre-hospitalier\/\",\"name\":\"VISITE AU CENTRE HOSPITALIER\",\"isPartOf\":{\"@id\":\"https:\/\/www.jeannedarc-figeac.fr\/college-lycee\/#website\"},\"datePublished\":\"2016-11-30T10:38:58+00:00\",\"author\":{\"@id\":\"https:\/\/www.jeannedarc-figeac.fr\/college-lycee\/#\/schema\/person\/29e5764f28e895dc8bf41d4468f99154\"},\"description\":\"Mercredi 28 novembre, les 2nde E.D.E. Sant\u00e9 Social se sont rendus au centre hospitalier de Figeac dans le cadre de la semaine de la s\u00e9curit\u00e9 du patient.\",\"breadcrumb\":{\"@id\":\"http:\/\/www.jeannedarc-figeac.fr\/college-lycee\/visite-centre-hospitalier\/#breadcrumb\"},\"inLanguage\":\"fr-FR\",\"potentialAction\":[{\"@type\":\"ReadAction\",\"target\":[\"http:\/\/www.jeannedarc-figeac.fr\/college-lycee\/visite-centre-hospitalier\/\"]}]},{\"@type\":\"BreadcrumbList\",\"@id\":\"http:\/\/www.jeannedarc-figeac.fr\/college-lycee\/visite-centre-hospitalier\/#breadcrumb\",\"itemListElement\":[{\"@type\":\"ListItem\",\"position\":1,\"name\":\"Accueil\",\"item\":\"https:\/\/www.jeannedarc-figeac.fr\/college-lycee\/\"},{\"@type\":\"ListItem\",\"position\":2,\"name\":\"Actus\",\"item\":\"http:\/\/www.jeannedarc-figeac.fr\/college-lycee\/cat\/actus\/\"},{\"@type\":\"ListItem\",\"position\":3,\"name\":\"VISITE AU CENTRE HOSPITALIER\"}]},{\"@type\":\"WebSite\",\"@id\":\"https:\/\/www.jeannedarc-figeac.fr\/college-lycee\/#website\",\"url\":\"https:\/\/www.jeannedarc-figeac.fr\/college-lycee\/\",\"name\":\"Coll\u00e8ge et Lyc\u00e9e Jeanne d&#039;Arc\",\"description\":\"Jeanne d&#039;Arc Figeac\",\"potentialAction\":[{\"@type\":\"SearchAction\",\"target\":{\"@type\":\"EntryPoint\",\"urlTemplate\":\"https:\/\/www.jeannedarc-figeac.fr\/college-lycee\/?s={search_term_string}\"},\"query-input\":{\"@type\":\"PropertyValueSpecification\",\"valueRequired\":true,\"valueName\":\"search_term_string\"}}],\"inLanguage\":\"fr-FR\"},{\"@type\":\"Person\",\"@id\":\"https:\/\/www.jeannedarc-figeac.fr\/college-lycee\/#\/schema\/person\/29e5764f28e895dc8bf41d4468f99154\",\"name\":\"le secr\u00e9tariat\",\"image\":{\"@type\":\"ImageObject\",\"inLanguage\":\"fr-FR\",\"@id\":\"https:\/\/www.jeannedarc-figeac.fr\/college-lycee\/#\/schema\/person\/image\/\",\"url\":\"https:\/\/www.jeannedarc-figeac.fr\/college-lycee\/wp-content\/litespeed\/avatar\/5\/b7e8da60f53ba4adc9e9e66d91d84580.jpg?ver=1776943645\",\"contentUrl\":\"https:\/\/www.jeannedarc-figeac.fr\/college-lycee\/wp-content\/litespeed\/avatar\/5\/b7e8da60f53ba4adc9e9e66d91d84580.jpg?ver=1776943645\",\"caption\":\"le secr\u00e9tariat\"},\"url\":\"https:\/\/www.jeannedarc-figeac.fr\/college-lycee\/author\/arlette\/\"}]}<\/script>\n<!-- \/ Yoast SEO plugin. -->","yoast_head_json":{"title":"VISITE AU CENTRE HOSPITALIER","description":"Mercredi 28 novembre, les 2nde E.D.E. Sant\u00e9 Social se sont rendus au centre hospitalier de Figeac dans le cadre de la semaine de la s\u00e9curit\u00e9 du patient.","robots":{"index":"index","follow":"follow","max-snippet":"max-snippet:-1","max-image-preview":"max-image-preview:large","max-video-preview":"max-video-preview:-1"},"canonical":"http:\/\/www.jeannedarc-figeac.fr\/college-lycee\/visite-centre-hospitalier\/","og_locale":"fr_FR","og_type":"article","og_title":"VISITE AU CENTRE HOSPITALIER","og_description":"Mercredi 28 novembre, les 2nde E.D.E. Sant\u00e9 Social se sont rendus au centre hospitalier de Figeac dans le cadre de la semaine de la s\u00e9curit\u00e9 du patient.","og_url":"http:\/\/www.jeannedarc-figeac.fr\/college-lycee\/visite-centre-hospitalier\/","og_site_name":"Coll\u00e8ge et Lyc\u00e9e Jeanne d&#039;Arc","article_published_time":"2016-11-30T10:38:58+00:00","author":"le secr\u00e9tariat","schema":{"@context":"https:\/\/schema.org","@graph":[{"@type":"WebPage","@id":"http:\/\/www.jeannedarc-figeac.fr\/college-lycee\/visite-centre-hospitalier\/","url":"http:\/\/www.jeannedarc-figeac.fr\/college-lycee\/visite-centre-hospitalier\/","name":"VISITE AU CENTRE HOSPITALIER","isPartOf":{"@id":"https:\/\/www.jeannedarc-figeac.fr\/college-lycee\/#website"},"datePublished":"2016-11-30T10:38:58+00:00","author":{"@id":"https:\/\/www.jeannedarc-figeac.fr\/college-lycee\/#\/schema\/person\/29e5764f28e895dc8bf41d4468f99154"},"description":"Mercredi 28 novembre, les 2nde E.D.E. Sant\u00e9 Social se sont rendus au centre hospitalier de Figeac dans le cadre de la semaine de la s\u00e9curit\u00e9 du patient.","breadcrumb":{"@id":"http:\/\/www.jeannedarc-figeac.fr\/college-lycee\/visite-centre-hospitalier\/#breadcrumb"},"inLanguage":"fr-FR","potentialAction":[{"@type":"ReadAction","target":["http:\/\/www.jeannedarc-figeac.fr\/college-lycee\/visite-centre-hospitalier\/"]}]},{"@type":"BreadcrumbList","@id":"http:\/\/www.jeannedarc-figeac.fr\/college-lycee\/visite-centre-hospitalier\/#breadcrumb","itemListElement":[{"@type":"ListItem","position":1,"name":"Accueil","item":"https:\/\/www.jeannedarc-figeac.fr\/college-lycee\/"},{"@type":"ListItem","position":2,"name":"Actus","item":"http:\/\/www.jeannedarc-figeac.fr\/college-lycee\/cat\/actus\/"},{"@type":"ListItem","position":3,"name":"VISITE AU CENTRE HOSPITALIER"}]},{"@type":"WebSite","@id":"https:\/\/www.jeannedarc-figeac.fr\/college-lycee\/#website","url":"https:\/\/www.jeannedarc-figeac.fr\/college-lycee\/","name":"Coll\u00e8ge et Lyc\u00e9e Jeanne d&#039;Arc","description":"Jeanne d&#039;Arc Figeac","potentialAction":[{"@type":"SearchAction","target":{"@type":"EntryPoint","urlTemplate":"https:\/\/www.jeannedarc-figeac.fr\/college-lycee\/?s={search_term_string}"},"query-input":{"@type":"PropertyValueSpecification","valueRequired":true,"valueName":"search_term_string"}}],"inLanguage":"fr-FR"},{"@type":"Person","@id":"https:\/\/www.jeannedarc-figeac.fr\/college-lycee\/#\/schema\/person\/29e5764f28e895dc8bf41d4468f99154","name":"le secr\u00e9tariat","image":{"@type":"ImageObject","inLanguage":"fr-FR","@id":"https:\/\/www.jeannedarc-figeac.fr\/college-lycee\/#\/schema\/person\/image\/","url":"https:\/\/www.jeannedarc-figeac.fr\/college-lycee\/wp-content\/litespeed\/avatar\/5\/b7e8da60f53ba4adc9e9e66d91d84580.jpg?ver=1776943645","contentUrl":"https:\/\/www.jeannedarc-figeac.fr\/college-lycee\/wp-content\/litespeed\/avatar\/5\/b7e8da60f53ba4adc9e9e66d91d84580.jpg?ver=1776943645","caption":"le secr\u00e9tariat"},"url":"https:\/\/www.jeannedarc-figeac.fr\/college-lycee\/author\/arlette\/"}]}},"jetpack_featured_media_url":"","jetpack_sharing_enabled":true,"jetpack_shortlink":"https:\/\/wp.me\/p5Qyb6-A0","_links":{"self":[{"href":"https:\/\/www.jeannedarc-figeac.fr\/college-lycee\/wp-json\/wp\/v2\/posts\/2232","targetHints":{"allow":["GET"]}}],"collection":[{"href":"https:\/\/www.jeannedarc-figeac.fr\/college-lycee\/wp-json\/wp\/v2\/posts"}],"about":[{"href":"https:\/\/www.jeannedarc-figeac.fr\/college-lycee\/wp-json\/wp\/v2\/types\/post"}],"author":[{"embeddable":true,"href":"https:\/\/www.jeannedarc-figeac.fr\/college-lycee\/wp-json\/wp\/v2\/users\/12"}],"replies":[{"embeddable":true,"href":"https:\/\/www.jeannedarc-figeac.fr\/college-lycee\/wp-json\/wp\/v2\/comments?post=2232"}],"version-history":[{"count":1,"href":"https:\/\/www.jeannedarc-figeac.fr\/college-lycee\/wp-json\/wp\/v2\/posts\/2232\/revisions"}],"predecessor-version":[{"id":2233,"href":"https:\/\/www.jeannedarc-figeac.fr\/college-lycee\/wp-json\/wp\/v2\/posts\/2232\/revisions\/2233"}],"wp:attachment":[{"href":"https:\/\/www.jeannedarc-figeac.fr\/college-lycee\/wp-json\/wp\/v2\/media?parent=2232"}],"wp:term":[{"taxonomy":"category","embeddable":true,"href":"https:\/\/www.jeannedarc-figeac.fr\/college-lycee\/wp-json\/wp\/v2\/categories?post=2232"},{"taxonomy":"post_tag","embeddable":true,"href":"https:\/\/www.jeannedarc-figeac.fr\/college-lycee\/wp-json\/wp\/v2\/tags?post=2232"}],"curies":[{"name":"wp","href":"https:\/\/api.w.org\/{rel}","templated":true}]}}