{"id":2168,"date":"2016-11-07T10:02:18","date_gmt":"2016-11-07T10:02:18","guid":{"rendered":"http:\/\/www.jeannedarc-figeac.fr\/college-lycee\/?p=2168"},"modified":"2016-11-07T10:02:18","modified_gmt":"2016-11-07T10:02:18","slug":"cross-detablissement-ela","status":"publish","type":"post","link":"https:\/\/www.jeannedarc-figeac.fr\/college-lycee\/cross-detablissement-ela\/","title":{"rendered":"CROSS d\u2019\u00e9tablissement avec ELA"},"content":{"rendered":"<p><strong>\u00a0<\/strong><\/p>\n<p><strong><a href=\"https:\/\/i0.wp.com\/www.jeannedarc-figeac.fr\/college-lycee\/wp-content\/uploads\/sites\/5\/2016\/11\/cross-bis.jpg\"><img data-recalc-dims=\"1\" loading=\"lazy\" decoding=\"async\" class=\"alignnone size-medium wp-image-2170\" src=\"https:\/\/i0.wp.com\/www.jeannedarc-figeac.fr\/college-lycee\/wp-content\/uploads\/sites\/5\/2016\/11\/cross-bis.jpg?resize=300%2C169\" alt=\"cross-bis\" width=\"300\" height=\"169\" srcset=\"https:\/\/i0.wp.com\/www.jeannedarc-figeac.fr\/college-lycee\/wp-content\/uploads\/sites\/5\/2016\/11\/cross-bis.jpg?resize=300%2C169&amp;ssl=1 300w, https:\/\/i0.wp.com\/www.jeannedarc-figeac.fr\/college-lycee\/wp-content\/uploads\/sites\/5\/2016\/11\/cross-bis.jpg?resize=768%2C432&amp;ssl=1 768w, https:\/\/i0.wp.com\/www.jeannedarc-figeac.fr\/college-lycee\/wp-content\/uploads\/sites\/5\/2016\/11\/cross-bis.jpg?resize=1024%2C576&amp;ssl=1 1024w, https:\/\/i0.wp.com\/www.jeannedarc-figeac.fr\/college-lycee\/wp-content\/uploads\/sites\/5\/2016\/11\/cross-bis.jpg?resize=1080%2C608&amp;ssl=1 1080w, https:\/\/i0.wp.com\/www.jeannedarc-figeac.fr\/college-lycee\/wp-content\/uploads\/sites\/5\/2016\/11\/cross-bis.jpg?w=1600&amp;ssl=1 1600w\" sizes=\"(max-width: 300px) 100vw, 300px\" \/><\/a><\/strong><\/p>\n<p>Comme chaque ann\u00e9e, l\u2019Ensemble scolaire Jeanne d\u2019Arc a particip\u00e9 \u00e0 l\u2019op\u00e9ration\u00a0 \u00ab\u00a0Mets tes baskets et bats la maladie\u00a0\u00bb lanc\u00e9e par l\u2019association europ\u00e9enne contre les leucodystrophies ELA dont le parrain est Zin\u00e9dine Zidane.<\/p>\n<p>Les \u00e9l\u00e8ves passent \u00e0 l\u2019action et pr\u00eatent leurs jambes \u00e0 leurs camarades qui ne peuvent plus s\u2019en servir. Ce cross rend compte de la volont\u00e9 des \u00e9l\u00e8ves d\u2019agir pour les enfants atteints de leucodystrophies.<\/p>\n<p>Dans un premier temps, les \u00e9l\u00e8ves du cycle 3 (CM et 6<sup>\u00e8me<\/sup>) ont \u00e9t\u00e9 inform\u00e9s de l\u2019action d\u2019ELA par le biais d\u2019une vid\u00e9o qui relate la mobilisation d\u2019une \u00e9quipe d\u00e9termin\u00e9e \u00e0 se battre contre les leucodystrophies, des maladies neurologiques tr\u00e8s graves touchant essentiellement les enfants. Les \u00e9l\u00e8ves ont \u00e9galement particip\u00e9 \u00e0 la dict\u00e9e d\u2019ELA. Ce temps a permis un \u00e9change sur la solidarit\u00e9, le respect et le handicap.<\/p>\n<p>Et enfin le point culminant de cette op\u00e9ration\u00a0: le cross qui s\u2019est d\u00e9roul\u00e9 mardi 18 octobre sur un circuit adapt\u00e9 aux diff\u00e9rentes cat\u00e9gories d\u2019\u00e2ge, au sein de l\u2019\u00e9tablissement.<\/p>\n<p>Primaires, coll\u00e9giens, lyc\u00e9ens et certains adultes de Jeanne d\u2019Arc y ont particip\u00e9.<\/p>\n<p>Tous ensemble, ils ont couru vaillamment et ont r\u00e9colt\u00e9 une belle somme d\u2019argent pour ELA.<\/p>\n<p>Merci \u00e0 tous, pour avoir particip\u00e9 \u00e0 la r\u00e9ussite de cette belle matin\u00e9e qui s\u2019est conclue par un go\u00fbter et la remise des m\u00e9dailles.<\/p>\n","protected":false},"excerpt":{"rendered":"<p>\u00a0 Comme chaque ann\u00e9e, l\u2019Ensemble scolaire Jeanne d\u2019Arc a particip\u00e9 \u00e0 l\u2019op\u00e9ration\u00a0 \u00ab\u00a0Mets tes baskets et bats la maladie\u00a0\u00bb lanc\u00e9e par l\u2019association europ\u00e9enne contre les leucodystrophies ELA dont le parrain est Zin\u00e9dine Zidane. Les \u00e9l\u00e8ves passent \u00e0 l\u2019action et pr\u00eatent leurs jambes \u00e0 leurs camarades qui ne peuvent plus s\u2019en servir. Ce cross rend compte [&hellip;]<\/p>\n","protected":false},"author":12,"featured_media":0,"comment_status":"closed","ping_status":"open","sticky":false,"template":"","format":"standard","meta":{"_et_pb_use_builder":"","_et_pb_old_content":"","_et_gb_content_width":"","_jetpack_newsletter_access":"","_jetpack_dont_email_post_to_subs":false,"_jetpack_newsletter_tier_id":0,"_jetpack_memberships_contains_paywalled_content":false,"iawp_total_views":4,"_jetpack_memberships_contains_paid_content":false,"footnotes":""},"categories":[28],"tags":[],"class_list":["post-2168","post","type-post","status-publish","format-standard","hentry","category-actus"],"yoast_head":"<!-- This site is optimized with the Yoast SEO plugin v26.0 - https:\/\/yoast.com\/wordpress\/plugins\/seo\/ -->\n<title>CROSS d\u2019\u00e9tablissement avec ELA<\/title>\n<meta name=\"description\" content=\"\u00a0 Comme chaque ann\u00e9e, l\u2019Ensemble scolaire Jeanne d\u2019Arc a particip\u00e9 \u00e0 l\u2019op\u00e9ration\u00a0 \u00ab\u00a0Mets tes baskets et bats la maladie\u00a0\u00bb lanc\u00e9e par l\u2019association\" \/>\n<meta name=\"robots\" content=\"index, follow, max-snippet:-1, max-image-preview:large, max-video-preview:-1\" \/>\n<link rel=\"canonical\" href=\"http:\/\/www.jeannedarc-figeac.fr\/college-lycee\/cross-detablissement-ela\/\" \/>\n<meta property=\"og:locale\" content=\"fr_FR\" \/>\n<meta property=\"og:type\" content=\"article\" \/>\n<meta property=\"og:title\" content=\"CROSS d\u2019\u00e9tablissement avec ELA\" \/>\n<meta property=\"og:description\" content=\"\u00a0 Comme chaque ann\u00e9e, l\u2019Ensemble scolaire Jeanne d\u2019Arc a particip\u00e9 \u00e0 l\u2019op\u00e9ration\u00a0 \u00ab\u00a0Mets tes baskets et bats la maladie\u00a0\u00bb lanc\u00e9e par l\u2019association\" \/>\n<meta property=\"og:url\" content=\"http:\/\/www.jeannedarc-figeac.fr\/college-lycee\/cross-detablissement-ela\/\" \/>\n<meta property=\"og:site_name\" content=\"Coll\u00e8ge et Lyc\u00e9e Jeanne d&#039;Arc\" \/>\n<meta property=\"article:published_time\" content=\"2016-11-07T10:02:18+00:00\" \/>\n<meta property=\"og:image\" content=\"http:\/\/www.jeannedarc-figeac.fr\/college-lycee\/wp-content\/uploads\/sites\/5\/2016\/11\/cross-bis-300x169.jpg\" \/>\n<meta name=\"author\" content=\"le secr\u00e9tariat\" \/>\n<script type=\"application\/ld+json\" class=\"yoast-schema-graph\">{\"@context\":\"https:\/\/schema.org\",\"@graph\":[{\"@type\":\"WebPage\",\"@id\":\"http:\/\/www.jeannedarc-figeac.fr\/college-lycee\/cross-detablissement-ela\/\",\"url\":\"http:\/\/www.jeannedarc-figeac.fr\/college-lycee\/cross-detablissement-ela\/\",\"name\":\"CROSS d\u2019\u00e9tablissement avec ELA\",\"isPartOf\":{\"@id\":\"https:\/\/www.jeannedarc-figeac.fr\/college-lycee\/#website\"},\"primaryImageOfPage\":{\"@id\":\"http:\/\/www.jeannedarc-figeac.fr\/college-lycee\/cross-detablissement-ela\/#primaryimage\"},\"image\":{\"@id\":\"http:\/\/www.jeannedarc-figeac.fr\/college-lycee\/cross-detablissement-ela\/#primaryimage\"},\"thumbnailUrl\":\"http:\/\/www.jeannedarc-figeac.fr\/college-lycee\/wp-content\/uploads\/sites\/5\/2016\/11\/cross-bis-300x169.jpg\",\"datePublished\":\"2016-11-07T10:02:18+00:00\",\"author\":{\"@id\":\"https:\/\/www.jeannedarc-figeac.fr\/college-lycee\/#\/schema\/person\/29e5764f28e895dc8bf41d4468f99154\"},\"description\":\"\u00a0 Comme chaque ann\u00e9e, l\u2019Ensemble scolaire Jeanne d\u2019Arc a particip\u00e9 \u00e0 l\u2019op\u00e9ration\u00a0 \u00ab\u00a0Mets tes baskets et bats la maladie\u00a0\u00bb lanc\u00e9e par l\u2019association\",\"breadcrumb\":{\"@id\":\"http:\/\/www.jeannedarc-figeac.fr\/college-lycee\/cross-detablissement-ela\/#breadcrumb\"},\"inLanguage\":\"fr-FR\",\"potentialAction\":[{\"@type\":\"ReadAction\",\"target\":[\"http:\/\/www.jeannedarc-figeac.fr\/college-lycee\/cross-detablissement-ela\/\"]}]},{\"@type\":\"ImageObject\",\"inLanguage\":\"fr-FR\",\"@id\":\"http:\/\/www.jeannedarc-figeac.fr\/college-lycee\/cross-detablissement-ela\/#primaryimage\",\"url\":\"https:\/\/i0.wp.com\/www.jeannedarc-figeac.fr\/college-lycee\/wp-content\/uploads\/sites\/5\/2016\/11\/cross-bis.jpg?fit=1600%2C900&ssl=1\",\"contentUrl\":\"https:\/\/i0.wp.com\/www.jeannedarc-figeac.fr\/college-lycee\/wp-content\/uploads\/sites\/5\/2016\/11\/cross-bis.jpg?fit=1600%2C900&ssl=1\",\"width\":1600,\"height\":900},{\"@type\":\"BreadcrumbList\",\"@id\":\"http:\/\/www.jeannedarc-figeac.fr\/college-lycee\/cross-detablissement-ela\/#breadcrumb\",\"itemListElement\":[{\"@type\":\"ListItem\",\"position\":1,\"name\":\"Accueil\",\"item\":\"https:\/\/www.jeannedarc-figeac.fr\/college-lycee\/\"},{\"@type\":\"ListItem\",\"position\":2,\"name\":\"Actus\",\"item\":\"http:\/\/www.jeannedarc-figeac.fr\/college-lycee\/cat\/actus\/\"},{\"@type\":\"ListItem\",\"position\":3,\"name\":\"CROSS d\u2019\u00e9tablissement avec ELA\"}]},{\"@type\":\"WebSite\",\"@id\":\"https:\/\/www.jeannedarc-figeac.fr\/college-lycee\/#website\",\"url\":\"https:\/\/www.jeannedarc-figeac.fr\/college-lycee\/\",\"name\":\"Coll\u00e8ge et Lyc\u00e9e Jeanne d&#039;Arc\",\"description\":\"Jeanne d&#039;Arc Figeac\",\"potentialAction\":[{\"@type\":\"SearchAction\",\"target\":{\"@type\":\"EntryPoint\",\"urlTemplate\":\"https:\/\/www.jeannedarc-figeac.fr\/college-lycee\/?s={search_term_string}\"},\"query-input\":{\"@type\":\"PropertyValueSpecification\",\"valueRequired\":true,\"valueName\":\"search_term_string\"}}],\"inLanguage\":\"fr-FR\"},{\"@type\":\"Person\",\"@id\":\"https:\/\/www.jeannedarc-figeac.fr\/college-lycee\/#\/schema\/person\/29e5764f28e895dc8bf41d4468f99154\",\"name\":\"le secr\u00e9tariat\",\"image\":{\"@type\":\"ImageObject\",\"inLanguage\":\"fr-FR\",\"@id\":\"https:\/\/www.jeannedarc-figeac.fr\/college-lycee\/#\/schema\/person\/image\/\",\"url\":\"https:\/\/www.jeannedarc-figeac.fr\/college-lycee\/wp-content\/litespeed\/avatar\/5\/b7e8da60f53ba4adc9e9e66d91d84580.jpg?ver=1777548714\",\"contentUrl\":\"https:\/\/www.jeannedarc-figeac.fr\/college-lycee\/wp-content\/litespeed\/avatar\/5\/b7e8da60f53ba4adc9e9e66d91d84580.jpg?ver=1777548714\",\"caption\":\"le secr\u00e9tariat\"},\"url\":\"https:\/\/www.jeannedarc-figeac.fr\/college-lycee\/author\/arlette\/\"}]}<\/script>\n<!-- \/ Yoast SEO plugin. -->","yoast_head_json":{"title":"CROSS d\u2019\u00e9tablissement avec ELA","description":"\u00a0 Comme chaque ann\u00e9e, l\u2019Ensemble scolaire Jeanne d\u2019Arc a particip\u00e9 \u00e0 l\u2019op\u00e9ration\u00a0 \u00ab\u00a0Mets tes baskets et bats la maladie\u00a0\u00bb lanc\u00e9e par l\u2019association","robots":{"index":"index","follow":"follow","max-snippet":"max-snippet:-1","max-image-preview":"max-image-preview:large","max-video-preview":"max-video-preview:-1"},"canonical":"http:\/\/www.jeannedarc-figeac.fr\/college-lycee\/cross-detablissement-ela\/","og_locale":"fr_FR","og_type":"article","og_title":"CROSS d\u2019\u00e9tablissement avec ELA","og_description":"\u00a0 Comme chaque ann\u00e9e, l\u2019Ensemble scolaire Jeanne d\u2019Arc a particip\u00e9 \u00e0 l\u2019op\u00e9ration\u00a0 \u00ab\u00a0Mets tes baskets et bats la maladie\u00a0\u00bb lanc\u00e9e par l\u2019association","og_url":"http:\/\/www.jeannedarc-figeac.fr\/college-lycee\/cross-detablissement-ela\/","og_site_name":"Coll\u00e8ge et Lyc\u00e9e Jeanne d&#039;Arc","article_published_time":"2016-11-07T10:02:18+00:00","og_image":[{"url":"http:\/\/www.jeannedarc-figeac.fr\/college-lycee\/wp-content\/uploads\/sites\/5\/2016\/11\/cross-bis-300x169.jpg","type":"","width":"","height":""}],"author":"le secr\u00e9tariat","schema":{"@context":"https:\/\/schema.org","@graph":[{"@type":"WebPage","@id":"http:\/\/www.jeannedarc-figeac.fr\/college-lycee\/cross-detablissement-ela\/","url":"http:\/\/www.jeannedarc-figeac.fr\/college-lycee\/cross-detablissement-ela\/","name":"CROSS d\u2019\u00e9tablissement avec ELA","isPartOf":{"@id":"https:\/\/www.jeannedarc-figeac.fr\/college-lycee\/#website"},"primaryImageOfPage":{"@id":"http:\/\/www.jeannedarc-figeac.fr\/college-lycee\/cross-detablissement-ela\/#primaryimage"},"image":{"@id":"http:\/\/www.jeannedarc-figeac.fr\/college-lycee\/cross-detablissement-ela\/#primaryimage"},"thumbnailUrl":"http:\/\/www.jeannedarc-figeac.fr\/college-lycee\/wp-content\/uploads\/sites\/5\/2016\/11\/cross-bis-300x169.jpg","datePublished":"2016-11-07T10:02:18+00:00","author":{"@id":"https:\/\/www.jeannedarc-figeac.fr\/college-lycee\/#\/schema\/person\/29e5764f28e895dc8bf41d4468f99154"},"description":"\u00a0 Comme chaque ann\u00e9e, l\u2019Ensemble scolaire Jeanne d\u2019Arc a particip\u00e9 \u00e0 l\u2019op\u00e9ration\u00a0 \u00ab\u00a0Mets tes baskets et bats la maladie\u00a0\u00bb lanc\u00e9e par l\u2019association","breadcrumb":{"@id":"http:\/\/www.jeannedarc-figeac.fr\/college-lycee\/cross-detablissement-ela\/#breadcrumb"},"inLanguage":"fr-FR","potentialAction":[{"@type":"ReadAction","target":["http:\/\/www.jeannedarc-figeac.fr\/college-lycee\/cross-detablissement-ela\/"]}]},{"@type":"ImageObject","inLanguage":"fr-FR","@id":"http:\/\/www.jeannedarc-figeac.fr\/college-lycee\/cross-detablissement-ela\/#primaryimage","url":"https:\/\/i0.wp.com\/www.jeannedarc-figeac.fr\/college-lycee\/wp-content\/uploads\/sites\/5\/2016\/11\/cross-bis.jpg?fit=1600%2C900&ssl=1","contentUrl":"https:\/\/i0.wp.com\/www.jeannedarc-figeac.fr\/college-lycee\/wp-content\/uploads\/sites\/5\/2016\/11\/cross-bis.jpg?fit=1600%2C900&ssl=1","width":1600,"height":900},{"@type":"BreadcrumbList","@id":"http:\/\/www.jeannedarc-figeac.fr\/college-lycee\/cross-detablissement-ela\/#breadcrumb","itemListElement":[{"@type":"ListItem","position":1,"name":"Accueil","item":"https:\/\/www.jeannedarc-figeac.fr\/college-lycee\/"},{"@type":"ListItem","position":2,"name":"Actus","item":"http:\/\/www.jeannedarc-figeac.fr\/college-lycee\/cat\/actus\/"},{"@type":"ListItem","position":3,"name":"CROSS d\u2019\u00e9tablissement avec ELA"}]},{"@type":"WebSite","@id":"https:\/\/www.jeannedarc-figeac.fr\/college-lycee\/#website","url":"https:\/\/www.jeannedarc-figeac.fr\/college-lycee\/","name":"Coll\u00e8ge et Lyc\u00e9e Jeanne d&#039;Arc","description":"Jeanne d&#039;Arc Figeac","potentialAction":[{"@type":"SearchAction","target":{"@type":"EntryPoint","urlTemplate":"https:\/\/www.jeannedarc-figeac.fr\/college-lycee\/?s={search_term_string}"},"query-input":{"@type":"PropertyValueSpecification","valueRequired":true,"valueName":"search_term_string"}}],"inLanguage":"fr-FR"},{"@type":"Person","@id":"https:\/\/www.jeannedarc-figeac.fr\/college-lycee\/#\/schema\/person\/29e5764f28e895dc8bf41d4468f99154","name":"le secr\u00e9tariat","image":{"@type":"ImageObject","inLanguage":"fr-FR","@id":"https:\/\/www.jeannedarc-figeac.fr\/college-lycee\/#\/schema\/person\/image\/","url":"https:\/\/www.jeannedarc-figeac.fr\/college-lycee\/wp-content\/litespeed\/avatar\/5\/b7e8da60f53ba4adc9e9e66d91d84580.jpg?ver=1777548714","contentUrl":"https:\/\/www.jeannedarc-figeac.fr\/college-lycee\/wp-content\/litespeed\/avatar\/5\/b7e8da60f53ba4adc9e9e66d91d84580.jpg?ver=1777548714","caption":"le secr\u00e9tariat"},"url":"https:\/\/www.jeannedarc-figeac.fr\/college-lycee\/author\/arlette\/"}]}},"jetpack_featured_media_url":"","jetpack_sharing_enabled":true,"jetpack_shortlink":"https:\/\/wp.me\/p5Qyb6-yY","_links":{"self":[{"href":"https:\/\/www.jeannedarc-figeac.fr\/college-lycee\/wp-json\/wp\/v2\/posts\/2168","targetHints":{"allow":["GET"]}}],"collection":[{"href":"https:\/\/www.jeannedarc-figeac.fr\/college-lycee\/wp-json\/wp\/v2\/posts"}],"about":[{"href":"https:\/\/www.jeannedarc-figeac.fr\/college-lycee\/wp-json\/wp\/v2\/types\/post"}],"author":[{"embeddable":true,"href":"https:\/\/www.jeannedarc-figeac.fr\/college-lycee\/wp-json\/wp\/v2\/users\/12"}],"replies":[{"embeddable":true,"href":"https:\/\/www.jeannedarc-figeac.fr\/college-lycee\/wp-json\/wp\/v2\/comments?post=2168"}],"version-history":[{"count":1,"href":"https:\/\/www.jeannedarc-figeac.fr\/college-lycee\/wp-json\/wp\/v2\/posts\/2168\/revisions"}],"predecessor-version":[{"id":2171,"href":"https:\/\/www.jeannedarc-figeac.fr\/college-lycee\/wp-json\/wp\/v2\/posts\/2168\/revisions\/2171"}],"wp:attachment":[{"href":"https:\/\/www.jeannedarc-figeac.fr\/college-lycee\/wp-json\/wp\/v2\/media?parent=2168"}],"wp:term":[{"taxonomy":"category","embeddable":true,"href":"https:\/\/www.jeannedarc-figeac.fr\/college-lycee\/wp-json\/wp\/v2\/categories?post=2168"},{"taxonomy":"post_tag","embeddable":true,"href":"https:\/\/www.jeannedarc-figeac.fr\/college-lycee\/wp-json\/wp\/v2\/tags?post=2168"}],"curies":[{"name":"wp","href":"https:\/\/api.w.org\/{rel}","templated":true}]}}