{"id":2145,"date":"2016-09-26T14:26:27","date_gmt":"2016-09-26T14:26:27","guid":{"rendered":"http:\/\/www.jeannedarc-figeac.fr\/college-lycee\/?p=2145"},"modified":"2016-09-26T14:26:27","modified_gmt":"2016-09-26T14:26:27","slug":"celebration-de-rentree-cloture-festivites-bicentenaire-de-sainte-famille","status":"publish","type":"post","link":"https:\/\/www.jeannedarc-figeac.fr\/college-lycee\/celebration-de-rentree-cloture-festivites-bicentenaire-de-sainte-famille\/","title":{"rendered":"C\u00e9l\u00e9bration de rentr\u00e9e  et cl\u00f4ture des festivit\u00e9s du bicentenaire de la Sainte Famille"},"content":{"rendered":"<p><a href=\"https:\/\/i0.wp.com\/www.jeannedarc-figeac.fr\/college-lycee\/wp-content\/uploads\/sites\/5\/2016\/09\/100_3837-modifie.jpg\"><img data-recalc-dims=\"1\" loading=\"lazy\" decoding=\"async\" class=\"alignnone size-medium wp-image-2148\" src=\"https:\/\/i0.wp.com\/www.jeannedarc-figeac.fr\/college-lycee\/wp-content\/uploads\/sites\/5\/2016\/09\/100_3837-modifie.jpg?resize=300%2C225\" alt=\"100_3837-modifie\" width=\"300\" height=\"225\" srcset=\"https:\/\/i0.wp.com\/www.jeannedarc-figeac.fr\/college-lycee\/wp-content\/uploads\/sites\/5\/2016\/09\/100_3837-modifie.jpg?resize=300%2C225&amp;ssl=1 300w, https:\/\/i0.wp.com\/www.jeannedarc-figeac.fr\/college-lycee\/wp-content\/uploads\/sites\/5\/2016\/09\/100_3837-modifie.jpg?resize=768%2C576&amp;ssl=1 768w, https:\/\/i0.wp.com\/www.jeannedarc-figeac.fr\/college-lycee\/wp-content\/uploads\/sites\/5\/2016\/09\/100_3837-modifie.jpg?resize=1024%2C768&amp;ssl=1 1024w, https:\/\/i0.wp.com\/www.jeannedarc-figeac.fr\/college-lycee\/wp-content\/uploads\/sites\/5\/2016\/09\/100_3837-modifie.jpg?resize=1080%2C810&amp;ssl=1 1080w, https:\/\/i0.wp.com\/www.jeannedarc-figeac.fr\/college-lycee\/wp-content\/uploads\/sites\/5\/2016\/09\/100_3837-modifie.jpg?w=1600&amp;ssl=1 1600w\" sizes=\"(max-width: 300px) 100vw, 300px\" \/><\/a><\/p>\n<p>Enfants du primaire, coll\u00e9giens, lyc\u00e9ens, accompagn\u00e9s des enseignants \u00e9taient nombreux \u00e0 se r\u00e9unir ce lundi 19 septembre pour c\u00e9l\u00e9brer Sainte Emilie de Rodat.<\/p>\n<p>Nous \u00e9tions environ 230\u00a0 autour du P\u00e8re Jean Baptiste et du P\u00e8re Guillaume pour ce temps de pri\u00e8re commune.<\/p>\n<p>D\u00e8s l\u2019entr\u00e9e dans l\u2019\u00e9glise, le P\u00e8re Guillaume nous a accueilli au son de sa guitare et faisant reprendre \u00e0 toute l\u2019assembl\u00e9e le chant d\u2019entr\u00e9e \u00ab\u00a0Que ta bouche chante ta louange\u00a0\u00bb<\/p>\n<p>Ensuite pendant que nous \u00e9coutions le chant d\u00e9di\u00e9 \u00e0 Sainte Emilie, les \u00e9l\u00e8ves de CM1 se sont lev\u00e9s et sont venus en procession pour offrir une fleur \u00e0 la fondatrice de notre \u00e9cole. Le message de Sainte Emilie doit rester pr\u00e9sent dans notre \u00e9tablissement, veillons \u00e0 suivre le th\u00e8me du bicentenaire \u00ab\u00a0Emilie, un chemin pour demain\u00a0\u00bb<\/p>\n<p>De nombreux \u00e9l\u00e8ves s\u2019\u00e9taient mobilis\u00e9s pour la r\u00e9ussite de cette c\u00e9l\u00e9bration. En effet, les jeunes volontaires allemandes avec l\u2019aide des \u00e9l\u00e8ves internes avaient confectionn\u00e9 les fleurs.<\/p>\n<p>Souhaitons que ce premier temps ensemble nous permettra d\u2019attendre d\u2019autres moments de partage, porteurs de bonheur et de fraternit\u00e9<\/p>\n","protected":false},"excerpt":{"rendered":"<p>Enfants du primaire, coll\u00e9giens, lyc\u00e9ens, accompagn\u00e9s des enseignants \u00e9taient nombreux \u00e0 se r\u00e9unir ce lundi 19 septembre pour c\u00e9l\u00e9brer Sainte Emilie de Rodat. Nous \u00e9tions environ 230\u00a0 autour du P\u00e8re Jean Baptiste et du P\u00e8re Guillaume pour ce temps de pri\u00e8re commune. D\u00e8s l\u2019entr\u00e9e dans l\u2019\u00e9glise, le P\u00e8re Guillaume nous a accueilli au son de [&hellip;]<\/p>\n","protected":false},"author":12,"featured_media":0,"comment_status":"closed","ping_status":"open","sticky":false,"template":"","format":"standard","meta":{"_et_pb_use_builder":"","_et_pb_old_content":"","_et_gb_content_width":"","_jetpack_newsletter_access":"","_jetpack_dont_email_post_to_subs":false,"_jetpack_newsletter_tier_id":0,"_jetpack_memberships_contains_paywalled_content":false,"iawp_total_views":0,"_jetpack_memberships_contains_paid_content":false,"footnotes":""},"categories":[28],"tags":[],"class_list":["post-2145","post","type-post","status-publish","format-standard","hentry","category-actus"],"yoast_head":"<!-- This site is optimized with the Yoast SEO plugin v26.0 - https:\/\/yoast.com\/wordpress\/plugins\/seo\/ -->\n<title>C\u00e9l\u00e9bration de rentr\u00e9e et cl\u00f4ture des festivit\u00e9s du bicentenaire de la Sainte Famille<\/title>\n<meta name=\"description\" content=\"Enfants du primaire, coll\u00e9giens, lyc\u00e9ens, accompagn\u00e9s des enseignants \u00e9taient nombreux \u00e0 se r\u00e9unir ce lundi 19 septembre pour c\u00e9l\u00e9brer Sainte Emilie de\" \/>\n<meta name=\"robots\" content=\"index, follow, max-snippet:-1, max-image-preview:large, max-video-preview:-1\" \/>\n<link rel=\"canonical\" href=\"https:\/\/www.jeannedarc-figeac.fr\/college-lycee\/celebration-de-rentree-cloture-festivites-bicentenaire-de-sainte-famille\/\" \/>\n<meta property=\"og:locale\" content=\"fr_FR\" \/>\n<meta property=\"og:type\" content=\"article\" \/>\n<meta property=\"og:title\" content=\"C\u00e9l\u00e9bration de rentr\u00e9e et cl\u00f4ture des festivit\u00e9s du bicentenaire de la Sainte Famille\" \/>\n<meta property=\"og:description\" content=\"Enfants du primaire, coll\u00e9giens, lyc\u00e9ens, accompagn\u00e9s des enseignants \u00e9taient nombreux \u00e0 se r\u00e9unir ce lundi 19 septembre pour c\u00e9l\u00e9brer Sainte Emilie de\" \/>\n<meta property=\"og:url\" content=\"https:\/\/www.jeannedarc-figeac.fr\/college-lycee\/celebration-de-rentree-cloture-festivites-bicentenaire-de-sainte-famille\/\" \/>\n<meta property=\"og:site_name\" content=\"Coll\u00e8ge et Lyc\u00e9e Jeanne d&#039;Arc\" \/>\n<meta property=\"article:published_time\" content=\"2016-09-26T14:26:27+00:00\" \/>\n<meta property=\"og:image\" content=\"http:\/\/www.jeannedarc-figeac.fr\/college-lycee\/wp-content\/uploads\/sites\/5\/2016\/09\/100_3837-modifie-300x225.jpg\" \/>\n<meta name=\"author\" content=\"le secr\u00e9tariat\" \/>\n<script type=\"application\/ld+json\" class=\"yoast-schema-graph\">{\"@context\":\"https:\/\/schema.org\",\"@graph\":[{\"@type\":\"WebPage\",\"@id\":\"https:\/\/www.jeannedarc-figeac.fr\/college-lycee\/celebration-de-rentree-cloture-festivites-bicentenaire-de-sainte-famille\/\",\"url\":\"https:\/\/www.jeannedarc-figeac.fr\/college-lycee\/celebration-de-rentree-cloture-festivites-bicentenaire-de-sainte-famille\/\",\"name\":\"C\u00e9l\u00e9bration de rentr\u00e9e et cl\u00f4ture des festivit\u00e9s du bicentenaire de la Sainte Famille\",\"isPartOf\":{\"@id\":\"https:\/\/www.jeannedarc-figeac.fr\/college-lycee\/#website\"},\"primaryImageOfPage\":{\"@id\":\"https:\/\/www.jeannedarc-figeac.fr\/college-lycee\/celebration-de-rentree-cloture-festivites-bicentenaire-de-sainte-famille\/#primaryimage\"},\"image\":{\"@id\":\"https:\/\/www.jeannedarc-figeac.fr\/college-lycee\/celebration-de-rentree-cloture-festivites-bicentenaire-de-sainte-famille\/#primaryimage\"},\"thumbnailUrl\":\"http:\/\/www.jeannedarc-figeac.fr\/college-lycee\/wp-content\/uploads\/sites\/5\/2016\/09\/100_3837-modifie-300x225.jpg\",\"datePublished\":\"2016-09-26T14:26:27+00:00\",\"author\":{\"@id\":\"https:\/\/www.jeannedarc-figeac.fr\/college-lycee\/#\/schema\/person\/29e5764f28e895dc8bf41d4468f99154\"},\"description\":\"Enfants du primaire, coll\u00e9giens, lyc\u00e9ens, accompagn\u00e9s des enseignants \u00e9taient nombreux \u00e0 se r\u00e9unir ce lundi 19 septembre pour c\u00e9l\u00e9brer Sainte Emilie de\",\"breadcrumb\":{\"@id\":\"https:\/\/www.jeannedarc-figeac.fr\/college-lycee\/celebration-de-rentree-cloture-festivites-bicentenaire-de-sainte-famille\/#breadcrumb\"},\"inLanguage\":\"fr-FR\",\"potentialAction\":[{\"@type\":\"ReadAction\",\"target\":[\"https:\/\/www.jeannedarc-figeac.fr\/college-lycee\/celebration-de-rentree-cloture-festivites-bicentenaire-de-sainte-famille\/\"]}]},{\"@type\":\"ImageObject\",\"inLanguage\":\"fr-FR\",\"@id\":\"https:\/\/www.jeannedarc-figeac.fr\/college-lycee\/celebration-de-rentree-cloture-festivites-bicentenaire-de-sainte-famille\/#primaryimage\",\"url\":\"https:\/\/i0.wp.com\/www.jeannedarc-figeac.fr\/college-lycee\/wp-content\/uploads\/sites\/5\/2016\/09\/100_3837-modifie.jpg?fit=1600%2C1200&ssl=1\",\"contentUrl\":\"https:\/\/i0.wp.com\/www.jeannedarc-figeac.fr\/college-lycee\/wp-content\/uploads\/sites\/5\/2016\/09\/100_3837-modifie.jpg?fit=1600%2C1200&ssl=1\",\"width\":1600,\"height\":1200},{\"@type\":\"BreadcrumbList\",\"@id\":\"https:\/\/www.jeannedarc-figeac.fr\/college-lycee\/celebration-de-rentree-cloture-festivites-bicentenaire-de-sainte-famille\/#breadcrumb\",\"itemListElement\":[{\"@type\":\"ListItem\",\"position\":1,\"name\":\"Accueil\",\"item\":\"https:\/\/www.jeannedarc-figeac.fr\/college-lycee\/\"},{\"@type\":\"ListItem\",\"position\":2,\"name\":\"Actus\",\"item\":\"http:\/\/www.jeannedarc-figeac.fr\/college-lycee\/cat\/actus\/\"},{\"@type\":\"ListItem\",\"position\":3,\"name\":\"C\u00e9l\u00e9bration de rentr\u00e9e et cl\u00f4ture des festivit\u00e9s du bicentenaire de la Sainte Famille\"}]},{\"@type\":\"WebSite\",\"@id\":\"https:\/\/www.jeannedarc-figeac.fr\/college-lycee\/#website\",\"url\":\"https:\/\/www.jeannedarc-figeac.fr\/college-lycee\/\",\"name\":\"Coll\u00e8ge et Lyc\u00e9e Jeanne d&#039;Arc\",\"description\":\"Jeanne d&#039;Arc Figeac\",\"potentialAction\":[{\"@type\":\"SearchAction\",\"target\":{\"@type\":\"EntryPoint\",\"urlTemplate\":\"https:\/\/www.jeannedarc-figeac.fr\/college-lycee\/?s={search_term_string}\"},\"query-input\":{\"@type\":\"PropertyValueSpecification\",\"valueRequired\":true,\"valueName\":\"search_term_string\"}}],\"inLanguage\":\"fr-FR\"},{\"@type\":\"Person\",\"@id\":\"https:\/\/www.jeannedarc-figeac.fr\/college-lycee\/#\/schema\/person\/29e5764f28e895dc8bf41d4468f99154\",\"name\":\"le secr\u00e9tariat\",\"image\":{\"@type\":\"ImageObject\",\"inLanguage\":\"fr-FR\",\"@id\":\"https:\/\/www.jeannedarc-figeac.fr\/college-lycee\/#\/schema\/person\/image\/\",\"url\":\"https:\/\/www.jeannedarc-figeac.fr\/college-lycee\/wp-content\/litespeed\/avatar\/5\/b7e8da60f53ba4adc9e9e66d91d84580.jpg?ver=1776943645\",\"contentUrl\":\"https:\/\/www.jeannedarc-figeac.fr\/college-lycee\/wp-content\/litespeed\/avatar\/5\/b7e8da60f53ba4adc9e9e66d91d84580.jpg?ver=1776943645\",\"caption\":\"le secr\u00e9tariat\"},\"url\":\"https:\/\/www.jeannedarc-figeac.fr\/college-lycee\/author\/arlette\/\"}]}<\/script>\n<!-- \/ Yoast SEO plugin. -->","yoast_head_json":{"title":"C\u00e9l\u00e9bration de rentr\u00e9e et cl\u00f4ture des festivit\u00e9s du bicentenaire de la Sainte Famille","description":"Enfants du primaire, coll\u00e9giens, lyc\u00e9ens, accompagn\u00e9s des enseignants \u00e9taient nombreux \u00e0 se r\u00e9unir ce lundi 19 septembre pour c\u00e9l\u00e9brer Sainte Emilie de","robots":{"index":"index","follow":"follow","max-snippet":"max-snippet:-1","max-image-preview":"max-image-preview:large","max-video-preview":"max-video-preview:-1"},"canonical":"https:\/\/www.jeannedarc-figeac.fr\/college-lycee\/celebration-de-rentree-cloture-festivites-bicentenaire-de-sainte-famille\/","og_locale":"fr_FR","og_type":"article","og_title":"C\u00e9l\u00e9bration de rentr\u00e9e et cl\u00f4ture des festivit\u00e9s du bicentenaire de la Sainte Famille","og_description":"Enfants du primaire, coll\u00e9giens, lyc\u00e9ens, accompagn\u00e9s des enseignants \u00e9taient nombreux \u00e0 se r\u00e9unir ce lundi 19 septembre pour c\u00e9l\u00e9brer Sainte Emilie de","og_url":"https:\/\/www.jeannedarc-figeac.fr\/college-lycee\/celebration-de-rentree-cloture-festivites-bicentenaire-de-sainte-famille\/","og_site_name":"Coll\u00e8ge et Lyc\u00e9e Jeanne d&#039;Arc","article_published_time":"2016-09-26T14:26:27+00:00","og_image":[{"url":"http:\/\/www.jeannedarc-figeac.fr\/college-lycee\/wp-content\/uploads\/sites\/5\/2016\/09\/100_3837-modifie-300x225.jpg","type":"","width":"","height":""}],"author":"le secr\u00e9tariat","schema":{"@context":"https:\/\/schema.org","@graph":[{"@type":"WebPage","@id":"https:\/\/www.jeannedarc-figeac.fr\/college-lycee\/celebration-de-rentree-cloture-festivites-bicentenaire-de-sainte-famille\/","url":"https:\/\/www.jeannedarc-figeac.fr\/college-lycee\/celebration-de-rentree-cloture-festivites-bicentenaire-de-sainte-famille\/","name":"C\u00e9l\u00e9bration de rentr\u00e9e et cl\u00f4ture des festivit\u00e9s du bicentenaire de la Sainte Famille","isPartOf":{"@id":"https:\/\/www.jeannedarc-figeac.fr\/college-lycee\/#website"},"primaryImageOfPage":{"@id":"https:\/\/www.jeannedarc-figeac.fr\/college-lycee\/celebration-de-rentree-cloture-festivites-bicentenaire-de-sainte-famille\/#primaryimage"},"image":{"@id":"https:\/\/www.jeannedarc-figeac.fr\/college-lycee\/celebration-de-rentree-cloture-festivites-bicentenaire-de-sainte-famille\/#primaryimage"},"thumbnailUrl":"http:\/\/www.jeannedarc-figeac.fr\/college-lycee\/wp-content\/uploads\/sites\/5\/2016\/09\/100_3837-modifie-300x225.jpg","datePublished":"2016-09-26T14:26:27+00:00","author":{"@id":"https:\/\/www.jeannedarc-figeac.fr\/college-lycee\/#\/schema\/person\/29e5764f28e895dc8bf41d4468f99154"},"description":"Enfants du primaire, coll\u00e9giens, lyc\u00e9ens, accompagn\u00e9s des enseignants \u00e9taient nombreux \u00e0 se r\u00e9unir ce lundi 19 septembre pour c\u00e9l\u00e9brer Sainte Emilie de","breadcrumb":{"@id":"https:\/\/www.jeannedarc-figeac.fr\/college-lycee\/celebration-de-rentree-cloture-festivites-bicentenaire-de-sainte-famille\/#breadcrumb"},"inLanguage":"fr-FR","potentialAction":[{"@type":"ReadAction","target":["https:\/\/www.jeannedarc-figeac.fr\/college-lycee\/celebration-de-rentree-cloture-festivites-bicentenaire-de-sainte-famille\/"]}]},{"@type":"ImageObject","inLanguage":"fr-FR","@id":"https:\/\/www.jeannedarc-figeac.fr\/college-lycee\/celebration-de-rentree-cloture-festivites-bicentenaire-de-sainte-famille\/#primaryimage","url":"https:\/\/i0.wp.com\/www.jeannedarc-figeac.fr\/college-lycee\/wp-content\/uploads\/sites\/5\/2016\/09\/100_3837-modifie.jpg?fit=1600%2C1200&ssl=1","contentUrl":"https:\/\/i0.wp.com\/www.jeannedarc-figeac.fr\/college-lycee\/wp-content\/uploads\/sites\/5\/2016\/09\/100_3837-modifie.jpg?fit=1600%2C1200&ssl=1","width":1600,"height":1200},{"@type":"BreadcrumbList","@id":"https:\/\/www.jeannedarc-figeac.fr\/college-lycee\/celebration-de-rentree-cloture-festivites-bicentenaire-de-sainte-famille\/#breadcrumb","itemListElement":[{"@type":"ListItem","position":1,"name":"Accueil","item":"https:\/\/www.jeannedarc-figeac.fr\/college-lycee\/"},{"@type":"ListItem","position":2,"name":"Actus","item":"http:\/\/www.jeannedarc-figeac.fr\/college-lycee\/cat\/actus\/"},{"@type":"ListItem","position":3,"name":"C\u00e9l\u00e9bration de rentr\u00e9e et cl\u00f4ture des festivit\u00e9s du bicentenaire de la Sainte Famille"}]},{"@type":"WebSite","@id":"https:\/\/www.jeannedarc-figeac.fr\/college-lycee\/#website","url":"https:\/\/www.jeannedarc-figeac.fr\/college-lycee\/","name":"Coll\u00e8ge et Lyc\u00e9e Jeanne d&#039;Arc","description":"Jeanne d&#039;Arc Figeac","potentialAction":[{"@type":"SearchAction","target":{"@type":"EntryPoint","urlTemplate":"https:\/\/www.jeannedarc-figeac.fr\/college-lycee\/?s={search_term_string}"},"query-input":{"@type":"PropertyValueSpecification","valueRequired":true,"valueName":"search_term_string"}}],"inLanguage":"fr-FR"},{"@type":"Person","@id":"https:\/\/www.jeannedarc-figeac.fr\/college-lycee\/#\/schema\/person\/29e5764f28e895dc8bf41d4468f99154","name":"le secr\u00e9tariat","image":{"@type":"ImageObject","inLanguage":"fr-FR","@id":"https:\/\/www.jeannedarc-figeac.fr\/college-lycee\/#\/schema\/person\/image\/","url":"https:\/\/www.jeannedarc-figeac.fr\/college-lycee\/wp-content\/litespeed\/avatar\/5\/b7e8da60f53ba4adc9e9e66d91d84580.jpg?ver=1776943645","contentUrl":"https:\/\/www.jeannedarc-figeac.fr\/college-lycee\/wp-content\/litespeed\/avatar\/5\/b7e8da60f53ba4adc9e9e66d91d84580.jpg?ver=1776943645","caption":"le secr\u00e9tariat"},"url":"https:\/\/www.jeannedarc-figeac.fr\/college-lycee\/author\/arlette\/"}]}},"jetpack_featured_media_url":"","jetpack_sharing_enabled":true,"jetpack_shortlink":"https:\/\/wp.me\/p5Qyb6-yB","_links":{"self":[{"href":"https:\/\/www.jeannedarc-figeac.fr\/college-lycee\/wp-json\/wp\/v2\/posts\/2145","targetHints":{"allow":["GET"]}}],"collection":[{"href":"https:\/\/www.jeannedarc-figeac.fr\/college-lycee\/wp-json\/wp\/v2\/posts"}],"about":[{"href":"https:\/\/www.jeannedarc-figeac.fr\/college-lycee\/wp-json\/wp\/v2\/types\/post"}],"author":[{"embeddable":true,"href":"https:\/\/www.jeannedarc-figeac.fr\/college-lycee\/wp-json\/wp\/v2\/users\/12"}],"replies":[{"embeddable":true,"href":"https:\/\/www.jeannedarc-figeac.fr\/college-lycee\/wp-json\/wp\/v2\/comments?post=2145"}],"version-history":[{"count":1,"href":"https:\/\/www.jeannedarc-figeac.fr\/college-lycee\/wp-json\/wp\/v2\/posts\/2145\/revisions"}],"predecessor-version":[{"id":2149,"href":"https:\/\/www.jeannedarc-figeac.fr\/college-lycee\/wp-json\/wp\/v2\/posts\/2145\/revisions\/2149"}],"wp:attachment":[{"href":"https:\/\/www.jeannedarc-figeac.fr\/college-lycee\/wp-json\/wp\/v2\/media?parent=2145"}],"wp:term":[{"taxonomy":"category","embeddable":true,"href":"https:\/\/www.jeannedarc-figeac.fr\/college-lycee\/wp-json\/wp\/v2\/categories?post=2145"},{"taxonomy":"post_tag","embeddable":true,"href":"https:\/\/www.jeannedarc-figeac.fr\/college-lycee\/wp-json\/wp\/v2\/tags?post=2145"}],"curies":[{"name":"wp","href":"https:\/\/api.w.org\/{rel}","templated":true}]}}