{"id":2141,"date":"2016-09-26T14:21:48","date_gmt":"2016-09-26T14:21:48","guid":{"rendered":"http:\/\/www.jeannedarc-figeac.fr\/college-lycee\/?p=2141"},"modified":"2016-09-26T14:21:48","modified_gmt":"2016-09-26T14:21:48","slug":"lassociation-sportive-de-jeanne-darc-a-presente-panel-dactivites","status":"publish","type":"post","link":"https:\/\/www.jeannedarc-figeac.fr\/college-lycee\/lassociation-sportive-de-jeanne-darc-a-presente-panel-dactivites\/","title":{"rendered":"L&rsquo;association sportive de Jeanne d&rsquo;Arc a pr\u00e9sent\u00e9 son panel d&rsquo;activit\u00e9s."},"content":{"rendered":"<p><a href=\"https:\/\/i0.wp.com\/www.jeannedarc-figeac.fr\/college-lycee\/wp-content\/uploads\/sites\/5\/2016\/09\/escalade-modifie.jpg\"><img data-recalc-dims=\"1\" loading=\"lazy\" decoding=\"async\" class=\"size-medium wp-image-2142\" src=\"https:\/\/i0.wp.com\/www.jeannedarc-figeac.fr\/college-lycee\/wp-content\/uploads\/sites\/5\/2016\/09\/escalade-modifie.jpg?resize=300%2C225\" alt=\"SAMSUNG CAMERA PICTURES\" width=\"300\" height=\"225\" srcset=\"https:\/\/i0.wp.com\/www.jeannedarc-figeac.fr\/college-lycee\/wp-content\/uploads\/sites\/5\/2016\/09\/escalade-modifie.jpg?resize=300%2C225&amp;ssl=1 300w, https:\/\/i0.wp.com\/www.jeannedarc-figeac.fr\/college-lycee\/wp-content\/uploads\/sites\/5\/2016\/09\/escalade-modifie.jpg?resize=768%2C576&amp;ssl=1 768w, https:\/\/i0.wp.com\/www.jeannedarc-figeac.fr\/college-lycee\/wp-content\/uploads\/sites\/5\/2016\/09\/escalade-modifie.jpg?resize=1024%2C768&amp;ssl=1 1024w, https:\/\/i0.wp.com\/www.jeannedarc-figeac.fr\/college-lycee\/wp-content\/uploads\/sites\/5\/2016\/09\/escalade-modifie.jpg?resize=1080%2C810&amp;ssl=1 1080w, https:\/\/i0.wp.com\/www.jeannedarc-figeac.fr\/college-lycee\/wp-content\/uploads\/sites\/5\/2016\/09\/escalade-modifie.jpg?w=1600&amp;ssl=1 1600w\" sizes=\"(max-width: 300px) 100vw, 300px\" \/><\/a><\/p>\n<p><a href=\"https:\/\/i0.wp.com\/www.jeannedarc-figeac.fr\/college-lycee\/wp-content\/uploads\/sites\/5\/2016\/09\/bad-modifie.jpg\"><img data-recalc-dims=\"1\" loading=\"lazy\" decoding=\"async\" class=\"size-medium wp-image-2143\" src=\"https:\/\/i0.wp.com\/www.jeannedarc-figeac.fr\/college-lycee\/wp-content\/uploads\/sites\/5\/2016\/09\/bad-modifie.jpg?resize=300%2C225\" alt=\"SAMSUNG CAMERA PICTURES\" width=\"300\" height=\"225\" srcset=\"https:\/\/i0.wp.com\/www.jeannedarc-figeac.fr\/college-lycee\/wp-content\/uploads\/sites\/5\/2016\/09\/bad-modifie.jpg?resize=300%2C225&amp;ssl=1 300w, https:\/\/i0.wp.com\/www.jeannedarc-figeac.fr\/college-lycee\/wp-content\/uploads\/sites\/5\/2016\/09\/bad-modifie.jpg?resize=768%2C576&amp;ssl=1 768w, https:\/\/i0.wp.com\/www.jeannedarc-figeac.fr\/college-lycee\/wp-content\/uploads\/sites\/5\/2016\/09\/bad-modifie.jpg?resize=1024%2C768&amp;ssl=1 1024w, https:\/\/i0.wp.com\/www.jeannedarc-figeac.fr\/college-lycee\/wp-content\/uploads\/sites\/5\/2016\/09\/bad-modifie.jpg?resize=1080%2C810&amp;ssl=1 1080w, https:\/\/i0.wp.com\/www.jeannedarc-figeac.fr\/college-lycee\/wp-content\/uploads\/sites\/5\/2016\/09\/bad-modifie.jpg?w=1600&amp;ssl=1 1600w\" sizes=\"(max-width: 300px) 100vw, 300px\" \/><\/a><\/p>\n<p style=\"margin: 0cm;margin-bottom: .0001pt\">Durant toute la matin\u00e9e de mercredi, tous les \u00e9l\u00e8ves de 6\u00b0 ont test\u00e9 4 activit\u00e9s propos\u00e9es par l&rsquo;Association sportive de l&rsquo;\u00e9tablissement \u00e0 l&rsquo;occasion de la journ\u00e9e du sport scolaire. Outre les traditionnels hanball et badminton, ils ont pu s&rsquo;initier \u00e0 l&rsquo;escalade et au bike&amp;run avec un certain succ\u00e8s, dans la salle et sur le stade de Londieu. Convivialit\u00e9, fair-play \u00e9taient \u00e0 l&rsquo;ordre du jour. A 10 heures les \u00e9l\u00e8ves ont pu profiter d&rsquo;un go\u00fbter bien m\u00e9rit\u00e9.<\/p>\n<p style=\"margin: 0cm;margin-bottom: .0001pt\">\n<p style=\"margin: 0cm;margin-bottom: .0001pt\">Cette ann\u00e9e, 3 \u00e9l\u00e8ves volontaires (L\u00e9na S., Romane V., et Alicia R.) licenci\u00e9es \u00e0 l&rsquo;Association Sportive ont jou\u00e9 le r\u00f4le de photographes et d&rsquo;animateurs en escalade, ceci \u00e9tant un des objectifs du projet de l&rsquo;Association Sportive qui est de responsabiliser et d&rsquo;impliquer davantage les \u00e9l\u00e8ves.<\/p>\n<p style=\"margin: 0cm;margin-bottom: .0001pt\">Ceci sera poursuivi lors du cross au profit d\u2019ELA (association europ\u00e9enne contre les leucodystrophies) o\u00f9 des \u00e9l\u00e8ves volontaires de l&rsquo;Association Sportive seront choisis en tant qu&rsquo;ambassadeurs et participeront \u00e0 l&rsquo;organisation.<\/p>\n","protected":false},"excerpt":{"rendered":"<p>Durant toute la matin\u00e9e de mercredi, tous les \u00e9l\u00e8ves de 6\u00b0 ont test\u00e9 4 activit\u00e9s propos\u00e9es par l&rsquo;Association sportive de l&rsquo;\u00e9tablissement \u00e0 l&rsquo;occasion de la journ\u00e9e du sport scolaire. Outre les traditionnels hanball et badminton, ils ont pu s&rsquo;initier \u00e0 l&rsquo;escalade et au bike&amp;run avec un certain succ\u00e8s, dans la salle et sur le stade [&hellip;]<\/p>\n","protected":false},"author":12,"featured_media":0,"comment_status":"closed","ping_status":"open","sticky":false,"template":"","format":"standard","meta":{"_et_pb_use_builder":"","_et_pb_old_content":"","_et_gb_content_width":"","_jetpack_newsletter_access":"","_jetpack_dont_email_post_to_subs":false,"_jetpack_newsletter_tier_id":0,"_jetpack_memberships_contains_paywalled_content":false,"iawp_total_views":1,"_jetpack_memberships_contains_paid_content":false,"footnotes":""},"categories":[28],"tags":[],"class_list":["post-2141","post","type-post","status-publish","format-standard","hentry","category-actus"],"yoast_head":"<!-- This site is optimized with the Yoast SEO plugin v26.0 - https:\/\/yoast.com\/wordpress\/plugins\/seo\/ -->\n<title>L&#039;association sportive de Jeanne d&#039;Arc a pr\u00e9sent\u00e9 son panel d&#039;activit\u00e9s.<\/title>\n<meta name=\"description\" content=\"Durant toute la matin\u00e9e de mercredi, tous les \u00e9l\u00e8ves de 6\u00b0 ont test\u00e9 4 activit\u00e9s propos\u00e9es par l&#039;Association sportive de l&#039;\u00e9tablissement \u00e0 l&#039;occasion de\" \/>\n<meta name=\"robots\" content=\"index, follow, max-snippet:-1, max-image-preview:large, max-video-preview:-1\" \/>\n<link rel=\"canonical\" href=\"http:\/\/www.jeannedarc-figeac.fr\/college-lycee\/lassociation-sportive-de-jeanne-darc-a-presente-panel-dactivites\/\" \/>\n<meta property=\"og:locale\" content=\"fr_FR\" \/>\n<meta property=\"og:type\" content=\"article\" \/>\n<meta property=\"og:title\" content=\"L&#039;association sportive de Jeanne d&#039;Arc a pr\u00e9sent\u00e9 son panel d&#039;activit\u00e9s.\" \/>\n<meta property=\"og:description\" content=\"Durant toute la matin\u00e9e de mercredi, tous les \u00e9l\u00e8ves de 6\u00b0 ont test\u00e9 4 activit\u00e9s propos\u00e9es par l&#039;Association sportive de l&#039;\u00e9tablissement \u00e0 l&#039;occasion de\" \/>\n<meta property=\"og:url\" content=\"http:\/\/www.jeannedarc-figeac.fr\/college-lycee\/lassociation-sportive-de-jeanne-darc-a-presente-panel-dactivites\/\" \/>\n<meta property=\"og:site_name\" content=\"Coll\u00e8ge et Lyc\u00e9e Jeanne d&#039;Arc\" \/>\n<meta property=\"article:published_time\" content=\"2016-09-26T14:21:48+00:00\" \/>\n<meta property=\"og:image\" content=\"http:\/\/www.jeannedarc-figeac.fr\/college-lycee\/wp-content\/uploads\/sites\/5\/2016\/09\/escalade-modifie-300x225.jpg\" \/>\n<meta name=\"author\" content=\"le secr\u00e9tariat\" \/>\n<script type=\"application\/ld+json\" class=\"yoast-schema-graph\">{\"@context\":\"https:\/\/schema.org\",\"@graph\":[{\"@type\":\"WebPage\",\"@id\":\"http:\/\/www.jeannedarc-figeac.fr\/college-lycee\/lassociation-sportive-de-jeanne-darc-a-presente-panel-dactivites\/\",\"url\":\"http:\/\/www.jeannedarc-figeac.fr\/college-lycee\/lassociation-sportive-de-jeanne-darc-a-presente-panel-dactivites\/\",\"name\":\"L'association sportive de Jeanne d'Arc a pr\u00e9sent\u00e9 son panel d'activit\u00e9s.\",\"isPartOf\":{\"@id\":\"https:\/\/www.jeannedarc-figeac.fr\/college-lycee\/#website\"},\"primaryImageOfPage\":{\"@id\":\"http:\/\/www.jeannedarc-figeac.fr\/college-lycee\/lassociation-sportive-de-jeanne-darc-a-presente-panel-dactivites\/#primaryimage\"},\"image\":{\"@id\":\"http:\/\/www.jeannedarc-figeac.fr\/college-lycee\/lassociation-sportive-de-jeanne-darc-a-presente-panel-dactivites\/#primaryimage\"},\"thumbnailUrl\":\"http:\/\/www.jeannedarc-figeac.fr\/college-lycee\/wp-content\/uploads\/sites\/5\/2016\/09\/escalade-modifie-300x225.jpg\",\"datePublished\":\"2016-09-26T14:21:48+00:00\",\"author\":{\"@id\":\"https:\/\/www.jeannedarc-figeac.fr\/college-lycee\/#\/schema\/person\/29e5764f28e895dc8bf41d4468f99154\"},\"description\":\"Durant toute la matin\u00e9e de mercredi, tous les \u00e9l\u00e8ves de 6\u00b0 ont test\u00e9 4 activit\u00e9s propos\u00e9es par l'Association sportive de l'\u00e9tablissement \u00e0 l'occasion de\",\"breadcrumb\":{\"@id\":\"http:\/\/www.jeannedarc-figeac.fr\/college-lycee\/lassociation-sportive-de-jeanne-darc-a-presente-panel-dactivites\/#breadcrumb\"},\"inLanguage\":\"fr-FR\",\"potentialAction\":[{\"@type\":\"ReadAction\",\"target\":[\"http:\/\/www.jeannedarc-figeac.fr\/college-lycee\/lassociation-sportive-de-jeanne-darc-a-presente-panel-dactivites\/\"]}]},{\"@type\":\"ImageObject\",\"inLanguage\":\"fr-FR\",\"@id\":\"http:\/\/www.jeannedarc-figeac.fr\/college-lycee\/lassociation-sportive-de-jeanne-darc-a-presente-panel-dactivites\/#primaryimage\",\"url\":\"https:\/\/i0.wp.com\/www.jeannedarc-figeac.fr\/college-lycee\/wp-content\/uploads\/sites\/5\/2016\/09\/escalade-modifie.jpg?fit=1600%2C1200&ssl=1\",\"contentUrl\":\"https:\/\/i0.wp.com\/www.jeannedarc-figeac.fr\/college-lycee\/wp-content\/uploads\/sites\/5\/2016\/09\/escalade-modifie.jpg?fit=1600%2C1200&ssl=1\",\"width\":1600,\"height\":1200,\"caption\":\"SAMSUNG CAMERA PICTURES\"},{\"@type\":\"BreadcrumbList\",\"@id\":\"http:\/\/www.jeannedarc-figeac.fr\/college-lycee\/lassociation-sportive-de-jeanne-darc-a-presente-panel-dactivites\/#breadcrumb\",\"itemListElement\":[{\"@type\":\"ListItem\",\"position\":1,\"name\":\"Accueil\",\"item\":\"https:\/\/www.jeannedarc-figeac.fr\/college-lycee\/\"},{\"@type\":\"ListItem\",\"position\":2,\"name\":\"Actus\",\"item\":\"http:\/\/www.jeannedarc-figeac.fr\/college-lycee\/cat\/actus\/\"},{\"@type\":\"ListItem\",\"position\":3,\"name\":\"L&rsquo;association sportive de Jeanne d&rsquo;Arc a pr\u00e9sent\u00e9 son panel d&rsquo;activit\u00e9s.\"}]},{\"@type\":\"WebSite\",\"@id\":\"https:\/\/www.jeannedarc-figeac.fr\/college-lycee\/#website\",\"url\":\"https:\/\/www.jeannedarc-figeac.fr\/college-lycee\/\",\"name\":\"Coll\u00e8ge et Lyc\u00e9e Jeanne d&#039;Arc\",\"description\":\"Jeanne d&#039;Arc Figeac\",\"potentialAction\":[{\"@type\":\"SearchAction\",\"target\":{\"@type\":\"EntryPoint\",\"urlTemplate\":\"https:\/\/www.jeannedarc-figeac.fr\/college-lycee\/?s={search_term_string}\"},\"query-input\":{\"@type\":\"PropertyValueSpecification\",\"valueRequired\":true,\"valueName\":\"search_term_string\"}}],\"inLanguage\":\"fr-FR\"},{\"@type\":\"Person\",\"@id\":\"https:\/\/www.jeannedarc-figeac.fr\/college-lycee\/#\/schema\/person\/29e5764f28e895dc8bf41d4468f99154\",\"name\":\"le secr\u00e9tariat\",\"image\":{\"@type\":\"ImageObject\",\"inLanguage\":\"fr-FR\",\"@id\":\"https:\/\/www.jeannedarc-figeac.fr\/college-lycee\/#\/schema\/person\/image\/\",\"url\":\"https:\/\/www.jeannedarc-figeac.fr\/college-lycee\/wp-content\/litespeed\/avatar\/5\/b7e8da60f53ba4adc9e9e66d91d84580.jpg?ver=1777548714\",\"contentUrl\":\"https:\/\/www.jeannedarc-figeac.fr\/college-lycee\/wp-content\/litespeed\/avatar\/5\/b7e8da60f53ba4adc9e9e66d91d84580.jpg?ver=1777548714\",\"caption\":\"le secr\u00e9tariat\"},\"url\":\"https:\/\/www.jeannedarc-figeac.fr\/college-lycee\/author\/arlette\/\"}]}<\/script>\n<!-- \/ Yoast SEO plugin. -->","yoast_head_json":{"title":"L'association sportive de Jeanne d'Arc a pr\u00e9sent\u00e9 son panel d'activit\u00e9s.","description":"Durant toute la matin\u00e9e de mercredi, tous les \u00e9l\u00e8ves de 6\u00b0 ont test\u00e9 4 activit\u00e9s propos\u00e9es par l'Association sportive de l'\u00e9tablissement \u00e0 l'occasion de","robots":{"index":"index","follow":"follow","max-snippet":"max-snippet:-1","max-image-preview":"max-image-preview:large","max-video-preview":"max-video-preview:-1"},"canonical":"http:\/\/www.jeannedarc-figeac.fr\/college-lycee\/lassociation-sportive-de-jeanne-darc-a-presente-panel-dactivites\/","og_locale":"fr_FR","og_type":"article","og_title":"L'association sportive de Jeanne d'Arc a pr\u00e9sent\u00e9 son panel d'activit\u00e9s.","og_description":"Durant toute la matin\u00e9e de mercredi, tous les \u00e9l\u00e8ves de 6\u00b0 ont test\u00e9 4 activit\u00e9s propos\u00e9es par l'Association sportive de l'\u00e9tablissement \u00e0 l'occasion de","og_url":"http:\/\/www.jeannedarc-figeac.fr\/college-lycee\/lassociation-sportive-de-jeanne-darc-a-presente-panel-dactivites\/","og_site_name":"Coll\u00e8ge et Lyc\u00e9e Jeanne d&#039;Arc","article_published_time":"2016-09-26T14:21:48+00:00","og_image":[{"url":"http:\/\/www.jeannedarc-figeac.fr\/college-lycee\/wp-content\/uploads\/sites\/5\/2016\/09\/escalade-modifie-300x225.jpg","type":"","width":"","height":""}],"author":"le secr\u00e9tariat","schema":{"@context":"https:\/\/schema.org","@graph":[{"@type":"WebPage","@id":"http:\/\/www.jeannedarc-figeac.fr\/college-lycee\/lassociation-sportive-de-jeanne-darc-a-presente-panel-dactivites\/","url":"http:\/\/www.jeannedarc-figeac.fr\/college-lycee\/lassociation-sportive-de-jeanne-darc-a-presente-panel-dactivites\/","name":"L'association sportive de Jeanne d'Arc a pr\u00e9sent\u00e9 son panel d'activit\u00e9s.","isPartOf":{"@id":"https:\/\/www.jeannedarc-figeac.fr\/college-lycee\/#website"},"primaryImageOfPage":{"@id":"http:\/\/www.jeannedarc-figeac.fr\/college-lycee\/lassociation-sportive-de-jeanne-darc-a-presente-panel-dactivites\/#primaryimage"},"image":{"@id":"http:\/\/www.jeannedarc-figeac.fr\/college-lycee\/lassociation-sportive-de-jeanne-darc-a-presente-panel-dactivites\/#primaryimage"},"thumbnailUrl":"http:\/\/www.jeannedarc-figeac.fr\/college-lycee\/wp-content\/uploads\/sites\/5\/2016\/09\/escalade-modifie-300x225.jpg","datePublished":"2016-09-26T14:21:48+00:00","author":{"@id":"https:\/\/www.jeannedarc-figeac.fr\/college-lycee\/#\/schema\/person\/29e5764f28e895dc8bf41d4468f99154"},"description":"Durant toute la matin\u00e9e de mercredi, tous les \u00e9l\u00e8ves de 6\u00b0 ont test\u00e9 4 activit\u00e9s propos\u00e9es par l'Association sportive de l'\u00e9tablissement \u00e0 l'occasion de","breadcrumb":{"@id":"http:\/\/www.jeannedarc-figeac.fr\/college-lycee\/lassociation-sportive-de-jeanne-darc-a-presente-panel-dactivites\/#breadcrumb"},"inLanguage":"fr-FR","potentialAction":[{"@type":"ReadAction","target":["http:\/\/www.jeannedarc-figeac.fr\/college-lycee\/lassociation-sportive-de-jeanne-darc-a-presente-panel-dactivites\/"]}]},{"@type":"ImageObject","inLanguage":"fr-FR","@id":"http:\/\/www.jeannedarc-figeac.fr\/college-lycee\/lassociation-sportive-de-jeanne-darc-a-presente-panel-dactivites\/#primaryimage","url":"https:\/\/i0.wp.com\/www.jeannedarc-figeac.fr\/college-lycee\/wp-content\/uploads\/sites\/5\/2016\/09\/escalade-modifie.jpg?fit=1600%2C1200&ssl=1","contentUrl":"https:\/\/i0.wp.com\/www.jeannedarc-figeac.fr\/college-lycee\/wp-content\/uploads\/sites\/5\/2016\/09\/escalade-modifie.jpg?fit=1600%2C1200&ssl=1","width":1600,"height":1200,"caption":"SAMSUNG CAMERA PICTURES"},{"@type":"BreadcrumbList","@id":"http:\/\/www.jeannedarc-figeac.fr\/college-lycee\/lassociation-sportive-de-jeanne-darc-a-presente-panel-dactivites\/#breadcrumb","itemListElement":[{"@type":"ListItem","position":1,"name":"Accueil","item":"https:\/\/www.jeannedarc-figeac.fr\/college-lycee\/"},{"@type":"ListItem","position":2,"name":"Actus","item":"http:\/\/www.jeannedarc-figeac.fr\/college-lycee\/cat\/actus\/"},{"@type":"ListItem","position":3,"name":"L&rsquo;association sportive de Jeanne d&rsquo;Arc a pr\u00e9sent\u00e9 son panel d&rsquo;activit\u00e9s."}]},{"@type":"WebSite","@id":"https:\/\/www.jeannedarc-figeac.fr\/college-lycee\/#website","url":"https:\/\/www.jeannedarc-figeac.fr\/college-lycee\/","name":"Coll\u00e8ge et Lyc\u00e9e Jeanne d&#039;Arc","description":"Jeanne d&#039;Arc Figeac","potentialAction":[{"@type":"SearchAction","target":{"@type":"EntryPoint","urlTemplate":"https:\/\/www.jeannedarc-figeac.fr\/college-lycee\/?s={search_term_string}"},"query-input":{"@type":"PropertyValueSpecification","valueRequired":true,"valueName":"search_term_string"}}],"inLanguage":"fr-FR"},{"@type":"Person","@id":"https:\/\/www.jeannedarc-figeac.fr\/college-lycee\/#\/schema\/person\/29e5764f28e895dc8bf41d4468f99154","name":"le secr\u00e9tariat","image":{"@type":"ImageObject","inLanguage":"fr-FR","@id":"https:\/\/www.jeannedarc-figeac.fr\/college-lycee\/#\/schema\/person\/image\/","url":"https:\/\/www.jeannedarc-figeac.fr\/college-lycee\/wp-content\/litespeed\/avatar\/5\/b7e8da60f53ba4adc9e9e66d91d84580.jpg?ver=1777548714","contentUrl":"https:\/\/www.jeannedarc-figeac.fr\/college-lycee\/wp-content\/litespeed\/avatar\/5\/b7e8da60f53ba4adc9e9e66d91d84580.jpg?ver=1777548714","caption":"le secr\u00e9tariat"},"url":"https:\/\/www.jeannedarc-figeac.fr\/college-lycee\/author\/arlette\/"}]}},"jetpack_featured_media_url":"","jetpack_sharing_enabled":true,"jetpack_shortlink":"https:\/\/wp.me\/p5Qyb6-yx","_links":{"self":[{"href":"https:\/\/www.jeannedarc-figeac.fr\/college-lycee\/wp-json\/wp\/v2\/posts\/2141","targetHints":{"allow":["GET"]}}],"collection":[{"href":"https:\/\/www.jeannedarc-figeac.fr\/college-lycee\/wp-json\/wp\/v2\/posts"}],"about":[{"href":"https:\/\/www.jeannedarc-figeac.fr\/college-lycee\/wp-json\/wp\/v2\/types\/post"}],"author":[{"embeddable":true,"href":"https:\/\/www.jeannedarc-figeac.fr\/college-lycee\/wp-json\/wp\/v2\/users\/12"}],"replies":[{"embeddable":true,"href":"https:\/\/www.jeannedarc-figeac.fr\/college-lycee\/wp-json\/wp\/v2\/comments?post=2141"}],"version-history":[{"count":1,"href":"https:\/\/www.jeannedarc-figeac.fr\/college-lycee\/wp-json\/wp\/v2\/posts\/2141\/revisions"}],"predecessor-version":[{"id":2144,"href":"https:\/\/www.jeannedarc-figeac.fr\/college-lycee\/wp-json\/wp\/v2\/posts\/2141\/revisions\/2144"}],"wp:attachment":[{"href":"https:\/\/www.jeannedarc-figeac.fr\/college-lycee\/wp-json\/wp\/v2\/media?parent=2141"}],"wp:term":[{"taxonomy":"category","embeddable":true,"href":"https:\/\/www.jeannedarc-figeac.fr\/college-lycee\/wp-json\/wp\/v2\/categories?post=2141"},{"taxonomy":"post_tag","embeddable":true,"href":"https:\/\/www.jeannedarc-figeac.fr\/college-lycee\/wp-json\/wp\/v2\/tags?post=2141"}],"curies":[{"name":"wp","href":"https:\/\/api.w.org\/{rel}","templated":true}]}}