{"id":2131,"date":"2016-09-12T14:05:49","date_gmt":"2016-09-12T14:05:49","guid":{"rendered":"http:\/\/www.jeannedarc-figeac.fr\/college-lycee\/?p=2131"},"modified":"2016-09-12T14:05:49","modified_gmt":"2016-09-12T14:05:49","slug":"lycee-jeanne-darc-secondes-prennent-leurs-marques","status":"publish","type":"post","link":"https:\/\/www.jeannedarc-figeac.fr\/college-lycee\/lycee-jeanne-darc-secondes-prennent-leurs-marques\/","title":{"rendered":"Au Lyc\u00e9e Jeanne d\u2019Arc les secondes prennent leurs marques\u2026"},"content":{"rendered":"<p><a href=\"https:\/\/i0.wp.com\/www.jeannedarc-figeac.fr\/college-lycee\/wp-content\/uploads\/sites\/5\/2016\/09\/IMG_0664-bis.jpg\"><img data-recalc-dims=\"1\" loading=\"lazy\" decoding=\"async\" class=\"alignnone size-medium wp-image-2132\" src=\"https:\/\/i0.wp.com\/www.jeannedarc-figeac.fr\/college-lycee\/wp-content\/uploads\/sites\/5\/2016\/09\/IMG_0664-bis.jpg?resize=300%2C225\" alt=\"img_0664-bis\" width=\"300\" height=\"225\" srcset=\"https:\/\/i0.wp.com\/www.jeannedarc-figeac.fr\/college-lycee\/wp-content\/uploads\/sites\/5\/2016\/09\/IMG_0664-bis.jpg?resize=300%2C225&amp;ssl=1 300w, https:\/\/i0.wp.com\/www.jeannedarc-figeac.fr\/college-lycee\/wp-content\/uploads\/sites\/5\/2016\/09\/IMG_0664-bis.jpg?resize=768%2C576&amp;ssl=1 768w, https:\/\/i0.wp.com\/www.jeannedarc-figeac.fr\/college-lycee\/wp-content\/uploads\/sites\/5\/2016\/09\/IMG_0664-bis.jpg?resize=1024%2C768&amp;ssl=1 1024w, https:\/\/i0.wp.com\/www.jeannedarc-figeac.fr\/college-lycee\/wp-content\/uploads\/sites\/5\/2016\/09\/IMG_0664-bis.jpg?resize=1080%2C810&amp;ssl=1 1080w, https:\/\/i0.wp.com\/www.jeannedarc-figeac.fr\/college-lycee\/wp-content\/uploads\/sites\/5\/2016\/09\/IMG_0664-bis.jpg?w=1600&amp;ssl=1 1600w\" sizes=\"(max-width: 300px) 100vw, 300px\" \/><\/a><a href=\"https:\/\/i0.wp.com\/www.jeannedarc-figeac.fr\/college-lycee\/wp-content\/uploads\/sites\/5\/2016\/09\/IMG_0670-bis.jpg\"><img data-recalc-dims=\"1\" loading=\"lazy\" decoding=\"async\" class=\"alignnone size-medium wp-image-2133\" src=\"https:\/\/i0.wp.com\/www.jeannedarc-figeac.fr\/college-lycee\/wp-content\/uploads\/sites\/5\/2016\/09\/IMG_0670-bis.jpg?resize=300%2C225\" alt=\"img_0670-bis\" width=\"300\" height=\"225\" srcset=\"https:\/\/i0.wp.com\/www.jeannedarc-figeac.fr\/college-lycee\/wp-content\/uploads\/sites\/5\/2016\/09\/IMG_0670-bis.jpg?resize=300%2C225&amp;ssl=1 300w, https:\/\/i0.wp.com\/www.jeannedarc-figeac.fr\/college-lycee\/wp-content\/uploads\/sites\/5\/2016\/09\/IMG_0670-bis.jpg?resize=768%2C576&amp;ssl=1 768w, https:\/\/i0.wp.com\/www.jeannedarc-figeac.fr\/college-lycee\/wp-content\/uploads\/sites\/5\/2016\/09\/IMG_0670-bis.jpg?resize=1024%2C768&amp;ssl=1 1024w, https:\/\/i0.wp.com\/www.jeannedarc-figeac.fr\/college-lycee\/wp-content\/uploads\/sites\/5\/2016\/09\/IMG_0670-bis.jpg?resize=1080%2C810&amp;ssl=1 1080w, https:\/\/i0.wp.com\/www.jeannedarc-figeac.fr\/college-lycee\/wp-content\/uploads\/sites\/5\/2016\/09\/IMG_0670-bis.jpg?w=1600&amp;ssl=1 1600w\" sizes=\"(max-width: 300px) 100vw, 300px\" \/><\/a><\/p>\n<p>Apr\u00e8s un accueil personnalis\u00e9 par leurs professeurs principaux vendredi, les \u00e9l\u00e8ves des classes de secondes g\u00e9n\u00e9rales, technologiques et professionnelles ASSP ainsi que les 1<sup>\u00e8re<\/sup> ann\u00e9e CAP ATMFC, ont particip\u00e9 \u00e0 une journ\u00e9e d\u2019int\u00e9gration ce mardi 6 septembre 2016.<\/p>\n<p>Au programme une randonn\u00e9e dans le magnifique cirque d\u2019Autoire (ch\u00e2teau des anglais, cascade) suivie d\u2019un jeu de piste et d\u2019une visite de l\u2019atelier Mus\u00e9e Jean Lur\u00e7at \u00e0 Saint Laurent les Tours.<\/p>\n<p>L\u2019objectif de ce temps est de mieux se conna\u00eetre au sein de sa classe et entre lyc\u00e9ens.<\/p>\n<p>Il s\u2019agit \u00e9galement de lancer une dynamique de groupe qui devra se poursuivre tout au long de l\u2019ann\u00e9e au cours de diff\u00e9rents travaux\u00a0:<\/p>\n<p>-projets m\u00e9dias, patrimoine, langues en 2<sup>nd<\/sup> g\u00e9n\u00e9rale<\/p>\n<p>-projet d\u2019animation en 2<sup>nd<\/sup> professionnelle<\/p>\n<p>-Projet Pluridisciplinaire \u00e0 Caract\u00e8re Professionnel en CAP<\/p>\n<p>Les jeunes et leurs accompagnateurs \u00e9taient tr\u00e8s satisfaits de cette journ\u00e9e qui permet de d\u00e9buter l\u2019ann\u00e9e scolaire sous de bons auspices.<\/p>\n<p>&nbsp;<\/p>\n","protected":false},"excerpt":{"rendered":"<p>Apr\u00e8s un accueil personnalis\u00e9 par leurs professeurs principaux vendredi, les \u00e9l\u00e8ves des classes de secondes g\u00e9n\u00e9rales, technologiques et professionnelles ASSP ainsi que les 1\u00e8re ann\u00e9e CAP ATMFC, ont particip\u00e9 \u00e0 une journ\u00e9e d\u2019int\u00e9gration ce mardi 6 septembre 2016. Au programme une randonn\u00e9e dans le magnifique cirque d\u2019Autoire (ch\u00e2teau des anglais, cascade) suivie d\u2019un jeu de [&hellip;]<\/p>\n","protected":false},"author":12,"featured_media":0,"comment_status":"closed","ping_status":"open","sticky":false,"template":"","format":"standard","meta":{"_et_pb_use_builder":"","_et_pb_old_content":"","_et_gb_content_width":"","_jetpack_newsletter_access":"","_jetpack_dont_email_post_to_subs":false,"_jetpack_newsletter_tier_id":0,"_jetpack_memberships_contains_paywalled_content":false,"iawp_total_views":0,"_jetpack_memberships_contains_paid_content":false,"footnotes":""},"categories":[28],"tags":[],"class_list":["post-2131","post","type-post","status-publish","format-standard","hentry","category-actus"],"yoast_head":"<!-- This site is optimized with the Yoast SEO plugin v26.0 - https:\/\/yoast.com\/wordpress\/plugins\/seo\/ -->\n<title>Au Lyc\u00e9e Jeanne d\u2019Arc les secondes prennent leurs marques\u2026<\/title>\n<meta name=\"description\" content=\"Apr\u00e8s un accueil personnalis\u00e9 par leurs professeurs principaux vendredi, les \u00e9l\u00e8ves des classes de secondes g\u00e9n\u00e9rales, technologiques et professionnelles\" \/>\n<meta name=\"robots\" content=\"index, follow, max-snippet:-1, max-image-preview:large, max-video-preview:-1\" \/>\n<link rel=\"canonical\" href=\"http:\/\/www.jeannedarc-figeac.fr\/college-lycee\/lycee-jeanne-darc-secondes-prennent-leurs-marques\/\" \/>\n<meta property=\"og:locale\" content=\"fr_FR\" \/>\n<meta property=\"og:type\" content=\"article\" \/>\n<meta property=\"og:title\" content=\"Au Lyc\u00e9e Jeanne d\u2019Arc les secondes prennent leurs marques\u2026\" \/>\n<meta property=\"og:description\" content=\"Apr\u00e8s un accueil personnalis\u00e9 par leurs professeurs principaux vendredi, les \u00e9l\u00e8ves des classes de secondes g\u00e9n\u00e9rales, technologiques et professionnelles\" \/>\n<meta property=\"og:url\" content=\"http:\/\/www.jeannedarc-figeac.fr\/college-lycee\/lycee-jeanne-darc-secondes-prennent-leurs-marques\/\" \/>\n<meta property=\"og:site_name\" content=\"Coll\u00e8ge et Lyc\u00e9e Jeanne d&#039;Arc\" \/>\n<meta property=\"article:published_time\" content=\"2016-09-12T14:05:49+00:00\" \/>\n<meta property=\"og:image\" content=\"http:\/\/www.jeannedarc-figeac.fr\/college-lycee\/wp-content\/uploads\/sites\/5\/2016\/09\/IMG_0664-bis-300x225.jpg\" \/>\n<meta name=\"author\" content=\"le secr\u00e9tariat\" \/>\n<script type=\"application\/ld+json\" class=\"yoast-schema-graph\">{\"@context\":\"https:\/\/schema.org\",\"@graph\":[{\"@type\":\"WebPage\",\"@id\":\"http:\/\/www.jeannedarc-figeac.fr\/college-lycee\/lycee-jeanne-darc-secondes-prennent-leurs-marques\/\",\"url\":\"http:\/\/www.jeannedarc-figeac.fr\/college-lycee\/lycee-jeanne-darc-secondes-prennent-leurs-marques\/\",\"name\":\"Au Lyc\u00e9e Jeanne d\u2019Arc les secondes prennent leurs marques\u2026\",\"isPartOf\":{\"@id\":\"https:\/\/www.jeannedarc-figeac.fr\/college-lycee\/#website\"},\"primaryImageOfPage\":{\"@id\":\"http:\/\/www.jeannedarc-figeac.fr\/college-lycee\/lycee-jeanne-darc-secondes-prennent-leurs-marques\/#primaryimage\"},\"image\":{\"@id\":\"http:\/\/www.jeannedarc-figeac.fr\/college-lycee\/lycee-jeanne-darc-secondes-prennent-leurs-marques\/#primaryimage\"},\"thumbnailUrl\":\"http:\/\/www.jeannedarc-figeac.fr\/college-lycee\/wp-content\/uploads\/sites\/5\/2016\/09\/IMG_0664-bis-300x225.jpg\",\"datePublished\":\"2016-09-12T14:05:49+00:00\",\"author\":{\"@id\":\"https:\/\/www.jeannedarc-figeac.fr\/college-lycee\/#\/schema\/person\/29e5764f28e895dc8bf41d4468f99154\"},\"description\":\"Apr\u00e8s un accueil personnalis\u00e9 par leurs professeurs principaux vendredi, les \u00e9l\u00e8ves des classes de secondes g\u00e9n\u00e9rales, technologiques et professionnelles\",\"breadcrumb\":{\"@id\":\"http:\/\/www.jeannedarc-figeac.fr\/college-lycee\/lycee-jeanne-darc-secondes-prennent-leurs-marques\/#breadcrumb\"},\"inLanguage\":\"fr-FR\",\"potentialAction\":[{\"@type\":\"ReadAction\",\"target\":[\"http:\/\/www.jeannedarc-figeac.fr\/college-lycee\/lycee-jeanne-darc-secondes-prennent-leurs-marques\/\"]}]},{\"@type\":\"ImageObject\",\"inLanguage\":\"fr-FR\",\"@id\":\"http:\/\/www.jeannedarc-figeac.fr\/college-lycee\/lycee-jeanne-darc-secondes-prennent-leurs-marques\/#primaryimage\",\"url\":\"https:\/\/i0.wp.com\/www.jeannedarc-figeac.fr\/college-lycee\/wp-content\/uploads\/sites\/5\/2016\/09\/IMG_0664-bis.jpg?fit=1600%2C1200&ssl=1\",\"contentUrl\":\"https:\/\/i0.wp.com\/www.jeannedarc-figeac.fr\/college-lycee\/wp-content\/uploads\/sites\/5\/2016\/09\/IMG_0664-bis.jpg?fit=1600%2C1200&ssl=1\",\"width\":1600,\"height\":1200},{\"@type\":\"BreadcrumbList\",\"@id\":\"http:\/\/www.jeannedarc-figeac.fr\/college-lycee\/lycee-jeanne-darc-secondes-prennent-leurs-marques\/#breadcrumb\",\"itemListElement\":[{\"@type\":\"ListItem\",\"position\":1,\"name\":\"Accueil\",\"item\":\"https:\/\/www.jeannedarc-figeac.fr\/college-lycee\/\"},{\"@type\":\"ListItem\",\"position\":2,\"name\":\"Actus\",\"item\":\"http:\/\/www.jeannedarc-figeac.fr\/college-lycee\/cat\/actus\/\"},{\"@type\":\"ListItem\",\"position\":3,\"name\":\"Au Lyc\u00e9e Jeanne d\u2019Arc les secondes prennent leurs marques\u2026\"}]},{\"@type\":\"WebSite\",\"@id\":\"https:\/\/www.jeannedarc-figeac.fr\/college-lycee\/#website\",\"url\":\"https:\/\/www.jeannedarc-figeac.fr\/college-lycee\/\",\"name\":\"Coll\u00e8ge et Lyc\u00e9e Jeanne d&#039;Arc\",\"description\":\"Jeanne d&#039;Arc Figeac\",\"potentialAction\":[{\"@type\":\"SearchAction\",\"target\":{\"@type\":\"EntryPoint\",\"urlTemplate\":\"https:\/\/www.jeannedarc-figeac.fr\/college-lycee\/?s={search_term_string}\"},\"query-input\":{\"@type\":\"PropertyValueSpecification\",\"valueRequired\":true,\"valueName\":\"search_term_string\"}}],\"inLanguage\":\"fr-FR\"},{\"@type\":\"Person\",\"@id\":\"https:\/\/www.jeannedarc-figeac.fr\/college-lycee\/#\/schema\/person\/29e5764f28e895dc8bf41d4468f99154\",\"name\":\"le secr\u00e9tariat\",\"image\":{\"@type\":\"ImageObject\",\"inLanguage\":\"fr-FR\",\"@id\":\"https:\/\/www.jeannedarc-figeac.fr\/college-lycee\/#\/schema\/person\/image\/\",\"url\":\"https:\/\/www.jeannedarc-figeac.fr\/college-lycee\/wp-content\/litespeed\/avatar\/5\/b7e8da60f53ba4adc9e9e66d91d84580.jpg?ver=1777548714\",\"contentUrl\":\"https:\/\/www.jeannedarc-figeac.fr\/college-lycee\/wp-content\/litespeed\/avatar\/5\/b7e8da60f53ba4adc9e9e66d91d84580.jpg?ver=1777548714\",\"caption\":\"le secr\u00e9tariat\"},\"url\":\"https:\/\/www.jeannedarc-figeac.fr\/college-lycee\/author\/arlette\/\"}]}<\/script>\n<!-- \/ Yoast SEO plugin. -->","yoast_head_json":{"title":"Au Lyc\u00e9e Jeanne d\u2019Arc les secondes prennent leurs marques\u2026","description":"Apr\u00e8s un accueil personnalis\u00e9 par leurs professeurs principaux vendredi, les \u00e9l\u00e8ves des classes de secondes g\u00e9n\u00e9rales, technologiques et professionnelles","robots":{"index":"index","follow":"follow","max-snippet":"max-snippet:-1","max-image-preview":"max-image-preview:large","max-video-preview":"max-video-preview:-1"},"canonical":"http:\/\/www.jeannedarc-figeac.fr\/college-lycee\/lycee-jeanne-darc-secondes-prennent-leurs-marques\/","og_locale":"fr_FR","og_type":"article","og_title":"Au Lyc\u00e9e Jeanne d\u2019Arc les secondes prennent leurs marques\u2026","og_description":"Apr\u00e8s un accueil personnalis\u00e9 par leurs professeurs principaux vendredi, les \u00e9l\u00e8ves des classes de secondes g\u00e9n\u00e9rales, technologiques et professionnelles","og_url":"http:\/\/www.jeannedarc-figeac.fr\/college-lycee\/lycee-jeanne-darc-secondes-prennent-leurs-marques\/","og_site_name":"Coll\u00e8ge et Lyc\u00e9e Jeanne d&#039;Arc","article_published_time":"2016-09-12T14:05:49+00:00","og_image":[{"url":"http:\/\/www.jeannedarc-figeac.fr\/college-lycee\/wp-content\/uploads\/sites\/5\/2016\/09\/IMG_0664-bis-300x225.jpg","type":"","width":"","height":""}],"author":"le secr\u00e9tariat","schema":{"@context":"https:\/\/schema.org","@graph":[{"@type":"WebPage","@id":"http:\/\/www.jeannedarc-figeac.fr\/college-lycee\/lycee-jeanne-darc-secondes-prennent-leurs-marques\/","url":"http:\/\/www.jeannedarc-figeac.fr\/college-lycee\/lycee-jeanne-darc-secondes-prennent-leurs-marques\/","name":"Au Lyc\u00e9e Jeanne d\u2019Arc les secondes prennent leurs marques\u2026","isPartOf":{"@id":"https:\/\/www.jeannedarc-figeac.fr\/college-lycee\/#website"},"primaryImageOfPage":{"@id":"http:\/\/www.jeannedarc-figeac.fr\/college-lycee\/lycee-jeanne-darc-secondes-prennent-leurs-marques\/#primaryimage"},"image":{"@id":"http:\/\/www.jeannedarc-figeac.fr\/college-lycee\/lycee-jeanne-darc-secondes-prennent-leurs-marques\/#primaryimage"},"thumbnailUrl":"http:\/\/www.jeannedarc-figeac.fr\/college-lycee\/wp-content\/uploads\/sites\/5\/2016\/09\/IMG_0664-bis-300x225.jpg","datePublished":"2016-09-12T14:05:49+00:00","author":{"@id":"https:\/\/www.jeannedarc-figeac.fr\/college-lycee\/#\/schema\/person\/29e5764f28e895dc8bf41d4468f99154"},"description":"Apr\u00e8s un accueil personnalis\u00e9 par leurs professeurs principaux vendredi, les \u00e9l\u00e8ves des classes de secondes g\u00e9n\u00e9rales, technologiques et professionnelles","breadcrumb":{"@id":"http:\/\/www.jeannedarc-figeac.fr\/college-lycee\/lycee-jeanne-darc-secondes-prennent-leurs-marques\/#breadcrumb"},"inLanguage":"fr-FR","potentialAction":[{"@type":"ReadAction","target":["http:\/\/www.jeannedarc-figeac.fr\/college-lycee\/lycee-jeanne-darc-secondes-prennent-leurs-marques\/"]}]},{"@type":"ImageObject","inLanguage":"fr-FR","@id":"http:\/\/www.jeannedarc-figeac.fr\/college-lycee\/lycee-jeanne-darc-secondes-prennent-leurs-marques\/#primaryimage","url":"https:\/\/i0.wp.com\/www.jeannedarc-figeac.fr\/college-lycee\/wp-content\/uploads\/sites\/5\/2016\/09\/IMG_0664-bis.jpg?fit=1600%2C1200&ssl=1","contentUrl":"https:\/\/i0.wp.com\/www.jeannedarc-figeac.fr\/college-lycee\/wp-content\/uploads\/sites\/5\/2016\/09\/IMG_0664-bis.jpg?fit=1600%2C1200&ssl=1","width":1600,"height":1200},{"@type":"BreadcrumbList","@id":"http:\/\/www.jeannedarc-figeac.fr\/college-lycee\/lycee-jeanne-darc-secondes-prennent-leurs-marques\/#breadcrumb","itemListElement":[{"@type":"ListItem","position":1,"name":"Accueil","item":"https:\/\/www.jeannedarc-figeac.fr\/college-lycee\/"},{"@type":"ListItem","position":2,"name":"Actus","item":"http:\/\/www.jeannedarc-figeac.fr\/college-lycee\/cat\/actus\/"},{"@type":"ListItem","position":3,"name":"Au Lyc\u00e9e Jeanne d\u2019Arc les secondes prennent leurs marques\u2026"}]},{"@type":"WebSite","@id":"https:\/\/www.jeannedarc-figeac.fr\/college-lycee\/#website","url":"https:\/\/www.jeannedarc-figeac.fr\/college-lycee\/","name":"Coll\u00e8ge et Lyc\u00e9e Jeanne d&#039;Arc","description":"Jeanne d&#039;Arc Figeac","potentialAction":[{"@type":"SearchAction","target":{"@type":"EntryPoint","urlTemplate":"https:\/\/www.jeannedarc-figeac.fr\/college-lycee\/?s={search_term_string}"},"query-input":{"@type":"PropertyValueSpecification","valueRequired":true,"valueName":"search_term_string"}}],"inLanguage":"fr-FR"},{"@type":"Person","@id":"https:\/\/www.jeannedarc-figeac.fr\/college-lycee\/#\/schema\/person\/29e5764f28e895dc8bf41d4468f99154","name":"le secr\u00e9tariat","image":{"@type":"ImageObject","inLanguage":"fr-FR","@id":"https:\/\/www.jeannedarc-figeac.fr\/college-lycee\/#\/schema\/person\/image\/","url":"https:\/\/www.jeannedarc-figeac.fr\/college-lycee\/wp-content\/litespeed\/avatar\/5\/b7e8da60f53ba4adc9e9e66d91d84580.jpg?ver=1777548714","contentUrl":"https:\/\/www.jeannedarc-figeac.fr\/college-lycee\/wp-content\/litespeed\/avatar\/5\/b7e8da60f53ba4adc9e9e66d91d84580.jpg?ver=1777548714","caption":"le secr\u00e9tariat"},"url":"https:\/\/www.jeannedarc-figeac.fr\/college-lycee\/author\/arlette\/"}]}},"jetpack_featured_media_url":"","jetpack_sharing_enabled":true,"jetpack_shortlink":"https:\/\/wp.me\/p5Qyb6-yn","_links":{"self":[{"href":"https:\/\/www.jeannedarc-figeac.fr\/college-lycee\/wp-json\/wp\/v2\/posts\/2131","targetHints":{"allow":["GET"]}}],"collection":[{"href":"https:\/\/www.jeannedarc-figeac.fr\/college-lycee\/wp-json\/wp\/v2\/posts"}],"about":[{"href":"https:\/\/www.jeannedarc-figeac.fr\/college-lycee\/wp-json\/wp\/v2\/types\/post"}],"author":[{"embeddable":true,"href":"https:\/\/www.jeannedarc-figeac.fr\/college-lycee\/wp-json\/wp\/v2\/users\/12"}],"replies":[{"embeddable":true,"href":"https:\/\/www.jeannedarc-figeac.fr\/college-lycee\/wp-json\/wp\/v2\/comments?post=2131"}],"version-history":[{"count":1,"href":"https:\/\/www.jeannedarc-figeac.fr\/college-lycee\/wp-json\/wp\/v2\/posts\/2131\/revisions"}],"predecessor-version":[{"id":2134,"href":"https:\/\/www.jeannedarc-figeac.fr\/college-lycee\/wp-json\/wp\/v2\/posts\/2131\/revisions\/2134"}],"wp:attachment":[{"href":"https:\/\/www.jeannedarc-figeac.fr\/college-lycee\/wp-json\/wp\/v2\/media?parent=2131"}],"wp:term":[{"taxonomy":"category","embeddable":true,"href":"https:\/\/www.jeannedarc-figeac.fr\/college-lycee\/wp-json\/wp\/v2\/categories?post=2131"},{"taxonomy":"post_tag","embeddable":true,"href":"https:\/\/www.jeannedarc-figeac.fr\/college-lycee\/wp-json\/wp\/v2\/tags?post=2131"}],"curies":[{"name":"wp","href":"https:\/\/api.w.org\/{rel}","templated":true}]}}