{"id":2127,"date":"2016-09-12T13:59:04","date_gmt":"2016-09-12T13:59:04","guid":{"rendered":"http:\/\/www.jeannedarc-figeac.fr\/college-lycee\/?p=2127"},"modified":"2016-09-12T13:59:04","modified_gmt":"2016-09-12T13:59:04","slug":"la-rentree-des-6eme","status":"publish","type":"post","link":"https:\/\/www.jeannedarc-figeac.fr\/college-lycee\/la-rentree-des-6eme\/","title":{"rendered":"La rentr\u00e9e des 6\u00e8me"},"content":{"rendered":"<p>Jeudi 1<sup>e<\/sup> septembre \u00e9tait la journ\u00e9e consacr\u00e9e \u00e0 la rentr\u00e9e, avec la mise en application de la R\u00e9forme des Coll\u00e8ges, des 73 \u00e9l\u00e8ves de 6<sup>e<\/sup>.<\/p>\n<p>Apr\u00e8s l\u2019accueil \u00e0 9h30 et l\u2019appel par classe, les jeunes coll\u00e9giens se sont dirig\u00e9s vers la salle d\u2019\u00e9tude o\u00f9 les manuels leur ont \u00e9t\u00e9 remis. Ils ont ensuite pris le chemin les conduisant \u00e0 leur classe respective, se sont install\u00e9s et ont pass\u00e9 la matin\u00e9e en compagnie de leurs professeurs principaux qui leur ont distribu\u00e9 divers documents dont l\u2019emploi du temps.<\/p>\n<p>La pause m\u00e9ridienne leur a permis de d\u00e9couvrir le restaurant scolaire et de s\u2019approprier les diff\u00e9rents lieux.<\/p>\n<p>L\u2019apr\u00e8s-midi \u00e9tait r\u00e9serv\u00e9e \u00e0 la rencontre de leurs diff\u00e9rents professeurs et des salles sp\u00e9cifiques.<\/p>\n<p>A 16h30, un go\u00fbter au petit jardin, auquel les parents \u00e9taient convi\u00e9s avant la r\u00e9union d\u2019informations pr\u00e9vue \u00e0 17h30, est venu cl\u00f4turer cette journ\u00e9e \u00e9puisante\u00a0pour ces nouveaux \u00e9l\u00e8ves.<\/p>\n<p><a href=\"https:\/\/i0.wp.com\/www.jeannedarc-figeac.fr\/college-lycee\/wp-content\/uploads\/sites\/5\/2016\/09\/Rentr%C3%A9e-6e-Aylin-1e-septembre-2016-006.jpg\"><img data-recalc-dims=\"1\" loading=\"lazy\" decoding=\"async\" class=\"alignnone size-medium wp-image-2128\" src=\"https:\/\/i0.wp.com\/www.jeannedarc-figeac.fr\/college-lycee\/wp-content\/uploads\/sites\/5\/2016\/09\/Rentr%C3%A9e-6e-Aylin-1e-septembre-2016-006.jpg?resize=300%2C225\" alt=\"rentree-6e-aylin-1e-septembre-2016-006\" width=\"300\" height=\"225\" srcset=\"https:\/\/i0.wp.com\/www.jeannedarc-figeac.fr\/college-lycee\/wp-content\/uploads\/sites\/5\/2016\/09\/Rentr%C3%A9e-6e-Aylin-1e-septembre-2016-006.jpg?resize=300%2C225&amp;ssl=1 300w, https:\/\/i0.wp.com\/www.jeannedarc-figeac.fr\/college-lycee\/wp-content\/uploads\/sites\/5\/2016\/09\/Rentr%C3%A9e-6e-Aylin-1e-septembre-2016-006.jpg?resize=768%2C576&amp;ssl=1 768w, https:\/\/i0.wp.com\/www.jeannedarc-figeac.fr\/college-lycee\/wp-content\/uploads\/sites\/5\/2016\/09\/Rentr%C3%A9e-6e-Aylin-1e-septembre-2016-006.jpg?resize=1024%2C768&amp;ssl=1 1024w, https:\/\/i0.wp.com\/www.jeannedarc-figeac.fr\/college-lycee\/wp-content\/uploads\/sites\/5\/2016\/09\/Rentr%C3%A9e-6e-Aylin-1e-septembre-2016-006.jpg?resize=1080%2C810&amp;ssl=1 1080w, https:\/\/i0.wp.com\/www.jeannedarc-figeac.fr\/college-lycee\/wp-content\/uploads\/sites\/5\/2016\/09\/Rentr%C3%A9e-6e-Aylin-1e-septembre-2016-006.jpg?w=1600&amp;ssl=1 1600w\" sizes=\"(max-width: 300px) 100vw, 300px\" \/><\/a><\/p>\n<p>&nbsp;<\/p>\n","protected":false},"excerpt":{"rendered":"<p>Jeudi 1e septembre \u00e9tait la journ\u00e9e consacr\u00e9e \u00e0 la rentr\u00e9e, avec la mise en application de la R\u00e9forme des Coll\u00e8ges, des 73 \u00e9l\u00e8ves de 6e. Apr\u00e8s l\u2019accueil \u00e0 9h30 et l\u2019appel par classe, les jeunes coll\u00e9giens se sont dirig\u00e9s vers la salle d\u2019\u00e9tude o\u00f9 les manuels leur ont \u00e9t\u00e9 remis. Ils ont ensuite pris le [&hellip;]<\/p>\n","protected":false},"author":12,"featured_media":0,"comment_status":"closed","ping_status":"open","sticky":false,"template":"","format":"standard","meta":{"_et_pb_use_builder":"","_et_pb_old_content":"","_et_gb_content_width":"","_jetpack_newsletter_access":"","_jetpack_dont_email_post_to_subs":false,"_jetpack_newsletter_tier_id":0,"_jetpack_memberships_contains_paywalled_content":false,"iawp_total_views":2,"_jetpack_memberships_contains_paid_content":false,"footnotes":""},"categories":[28],"tags":[],"class_list":["post-2127","post","type-post","status-publish","format-standard","hentry","category-actus"],"yoast_head":"<!-- This site is optimized with the Yoast SEO plugin v26.0 - https:\/\/yoast.com\/wordpress\/plugins\/seo\/ -->\n<title>La rentr\u00e9e des 6\u00e8me<\/title>\n<meta name=\"description\" content=\"Jeudi 1e septembre \u00e9tait la journ\u00e9e consacr\u00e9e \u00e0 la rentr\u00e9e, avec la mise en application de la R\u00e9forme des Coll\u00e8ges, des 73 \u00e9l\u00e8ves de 6e. Apr\u00e8s l\u2019accueil \u00e0\" \/>\n<meta name=\"robots\" content=\"index, follow, max-snippet:-1, max-image-preview:large, max-video-preview:-1\" \/>\n<link rel=\"canonical\" href=\"https:\/\/www.jeannedarc-figeac.fr\/college-lycee\/la-rentree-des-6eme\/\" \/>\n<meta property=\"og:locale\" content=\"fr_FR\" \/>\n<meta property=\"og:type\" content=\"article\" \/>\n<meta property=\"og:title\" content=\"La rentr\u00e9e des 6\u00e8me\" \/>\n<meta property=\"og:description\" content=\"Jeudi 1e septembre \u00e9tait la journ\u00e9e consacr\u00e9e \u00e0 la rentr\u00e9e, avec la mise en application de la R\u00e9forme des Coll\u00e8ges, des 73 \u00e9l\u00e8ves de 6e. Apr\u00e8s l\u2019accueil \u00e0\" \/>\n<meta property=\"og:url\" content=\"https:\/\/www.jeannedarc-figeac.fr\/college-lycee\/la-rentree-des-6eme\/\" \/>\n<meta property=\"og:site_name\" content=\"Coll\u00e8ge et Lyc\u00e9e Jeanne d&#039;Arc\" \/>\n<meta property=\"article:published_time\" content=\"2016-09-12T13:59:04+00:00\" \/>\n<meta name=\"author\" content=\"le secr\u00e9tariat\" \/>\n<script type=\"application\/ld+json\" class=\"yoast-schema-graph\">{\"@context\":\"https:\/\/schema.org\",\"@graph\":[{\"@type\":\"WebPage\",\"@id\":\"https:\/\/www.jeannedarc-figeac.fr\/college-lycee\/la-rentree-des-6eme\/\",\"url\":\"https:\/\/www.jeannedarc-figeac.fr\/college-lycee\/la-rentree-des-6eme\/\",\"name\":\"La rentr\u00e9e des 6\u00e8me\",\"isPartOf\":{\"@id\":\"https:\/\/www.jeannedarc-figeac.fr\/college-lycee\/#website\"},\"datePublished\":\"2016-09-12T13:59:04+00:00\",\"author\":{\"@id\":\"https:\/\/www.jeannedarc-figeac.fr\/college-lycee\/#\/schema\/person\/29e5764f28e895dc8bf41d4468f99154\"},\"description\":\"Jeudi 1e septembre \u00e9tait la journ\u00e9e consacr\u00e9e \u00e0 la rentr\u00e9e, avec la mise en application de la R\u00e9forme des Coll\u00e8ges, des 73 \u00e9l\u00e8ves de 6e. Apr\u00e8s l\u2019accueil \u00e0\",\"breadcrumb\":{\"@id\":\"https:\/\/www.jeannedarc-figeac.fr\/college-lycee\/la-rentree-des-6eme\/#breadcrumb\"},\"inLanguage\":\"fr-FR\",\"potentialAction\":[{\"@type\":\"ReadAction\",\"target\":[\"https:\/\/www.jeannedarc-figeac.fr\/college-lycee\/la-rentree-des-6eme\/\"]}]},{\"@type\":\"BreadcrumbList\",\"@id\":\"https:\/\/www.jeannedarc-figeac.fr\/college-lycee\/la-rentree-des-6eme\/#breadcrumb\",\"itemListElement\":[{\"@type\":\"ListItem\",\"position\":1,\"name\":\"Accueil\",\"item\":\"https:\/\/www.jeannedarc-figeac.fr\/college-lycee\/\"},{\"@type\":\"ListItem\",\"position\":2,\"name\":\"Actus\",\"item\":\"http:\/\/www.jeannedarc-figeac.fr\/college-lycee\/cat\/actus\/\"},{\"@type\":\"ListItem\",\"position\":3,\"name\":\"La rentr\u00e9e des 6\u00e8me\"}]},{\"@type\":\"WebSite\",\"@id\":\"https:\/\/www.jeannedarc-figeac.fr\/college-lycee\/#website\",\"url\":\"https:\/\/www.jeannedarc-figeac.fr\/college-lycee\/\",\"name\":\"Coll\u00e8ge et Lyc\u00e9e Jeanne d&#039;Arc\",\"description\":\"Jeanne d&#039;Arc Figeac\",\"potentialAction\":[{\"@type\":\"SearchAction\",\"target\":{\"@type\":\"EntryPoint\",\"urlTemplate\":\"https:\/\/www.jeannedarc-figeac.fr\/college-lycee\/?s={search_term_string}\"},\"query-input\":{\"@type\":\"PropertyValueSpecification\",\"valueRequired\":true,\"valueName\":\"search_term_string\"}}],\"inLanguage\":\"fr-FR\"},{\"@type\":\"Person\",\"@id\":\"https:\/\/www.jeannedarc-figeac.fr\/college-lycee\/#\/schema\/person\/29e5764f28e895dc8bf41d4468f99154\",\"name\":\"le secr\u00e9tariat\",\"image\":{\"@type\":\"ImageObject\",\"inLanguage\":\"fr-FR\",\"@id\":\"https:\/\/www.jeannedarc-figeac.fr\/college-lycee\/#\/schema\/person\/image\/\",\"url\":\"https:\/\/www.jeannedarc-figeac.fr\/college-lycee\/wp-content\/litespeed\/avatar\/5\/b7e8da60f53ba4adc9e9e66d91d84580.jpg?ver=1776943645\",\"contentUrl\":\"https:\/\/www.jeannedarc-figeac.fr\/college-lycee\/wp-content\/litespeed\/avatar\/5\/b7e8da60f53ba4adc9e9e66d91d84580.jpg?ver=1776943645\",\"caption\":\"le secr\u00e9tariat\"},\"url\":\"https:\/\/www.jeannedarc-figeac.fr\/college-lycee\/author\/arlette\/\"}]}<\/script>\n<!-- \/ Yoast SEO plugin. -->","yoast_head_json":{"title":"La rentr\u00e9e des 6\u00e8me","description":"Jeudi 1e septembre \u00e9tait la journ\u00e9e consacr\u00e9e \u00e0 la rentr\u00e9e, avec la mise en application de la R\u00e9forme des Coll\u00e8ges, des 73 \u00e9l\u00e8ves de 6e. Apr\u00e8s l\u2019accueil \u00e0","robots":{"index":"index","follow":"follow","max-snippet":"max-snippet:-1","max-image-preview":"max-image-preview:large","max-video-preview":"max-video-preview:-1"},"canonical":"https:\/\/www.jeannedarc-figeac.fr\/college-lycee\/la-rentree-des-6eme\/","og_locale":"fr_FR","og_type":"article","og_title":"La rentr\u00e9e des 6\u00e8me","og_description":"Jeudi 1e septembre \u00e9tait la journ\u00e9e consacr\u00e9e \u00e0 la rentr\u00e9e, avec la mise en application de la R\u00e9forme des Coll\u00e8ges, des 73 \u00e9l\u00e8ves de 6e. Apr\u00e8s l\u2019accueil \u00e0","og_url":"https:\/\/www.jeannedarc-figeac.fr\/college-lycee\/la-rentree-des-6eme\/","og_site_name":"Coll\u00e8ge et Lyc\u00e9e Jeanne d&#039;Arc","article_published_time":"2016-09-12T13:59:04+00:00","author":"le secr\u00e9tariat","schema":{"@context":"https:\/\/schema.org","@graph":[{"@type":"WebPage","@id":"https:\/\/www.jeannedarc-figeac.fr\/college-lycee\/la-rentree-des-6eme\/","url":"https:\/\/www.jeannedarc-figeac.fr\/college-lycee\/la-rentree-des-6eme\/","name":"La rentr\u00e9e des 6\u00e8me","isPartOf":{"@id":"https:\/\/www.jeannedarc-figeac.fr\/college-lycee\/#website"},"datePublished":"2016-09-12T13:59:04+00:00","author":{"@id":"https:\/\/www.jeannedarc-figeac.fr\/college-lycee\/#\/schema\/person\/29e5764f28e895dc8bf41d4468f99154"},"description":"Jeudi 1e septembre \u00e9tait la journ\u00e9e consacr\u00e9e \u00e0 la rentr\u00e9e, avec la mise en application de la R\u00e9forme des Coll\u00e8ges, des 73 \u00e9l\u00e8ves de 6e. Apr\u00e8s l\u2019accueil \u00e0","breadcrumb":{"@id":"https:\/\/www.jeannedarc-figeac.fr\/college-lycee\/la-rentree-des-6eme\/#breadcrumb"},"inLanguage":"fr-FR","potentialAction":[{"@type":"ReadAction","target":["https:\/\/www.jeannedarc-figeac.fr\/college-lycee\/la-rentree-des-6eme\/"]}]},{"@type":"BreadcrumbList","@id":"https:\/\/www.jeannedarc-figeac.fr\/college-lycee\/la-rentree-des-6eme\/#breadcrumb","itemListElement":[{"@type":"ListItem","position":1,"name":"Accueil","item":"https:\/\/www.jeannedarc-figeac.fr\/college-lycee\/"},{"@type":"ListItem","position":2,"name":"Actus","item":"http:\/\/www.jeannedarc-figeac.fr\/college-lycee\/cat\/actus\/"},{"@type":"ListItem","position":3,"name":"La rentr\u00e9e des 6\u00e8me"}]},{"@type":"WebSite","@id":"https:\/\/www.jeannedarc-figeac.fr\/college-lycee\/#website","url":"https:\/\/www.jeannedarc-figeac.fr\/college-lycee\/","name":"Coll\u00e8ge et Lyc\u00e9e Jeanne d&#039;Arc","description":"Jeanne d&#039;Arc Figeac","potentialAction":[{"@type":"SearchAction","target":{"@type":"EntryPoint","urlTemplate":"https:\/\/www.jeannedarc-figeac.fr\/college-lycee\/?s={search_term_string}"},"query-input":{"@type":"PropertyValueSpecification","valueRequired":true,"valueName":"search_term_string"}}],"inLanguage":"fr-FR"},{"@type":"Person","@id":"https:\/\/www.jeannedarc-figeac.fr\/college-lycee\/#\/schema\/person\/29e5764f28e895dc8bf41d4468f99154","name":"le secr\u00e9tariat","image":{"@type":"ImageObject","inLanguage":"fr-FR","@id":"https:\/\/www.jeannedarc-figeac.fr\/college-lycee\/#\/schema\/person\/image\/","url":"https:\/\/www.jeannedarc-figeac.fr\/college-lycee\/wp-content\/litespeed\/avatar\/5\/b7e8da60f53ba4adc9e9e66d91d84580.jpg?ver=1776943645","contentUrl":"https:\/\/www.jeannedarc-figeac.fr\/college-lycee\/wp-content\/litespeed\/avatar\/5\/b7e8da60f53ba4adc9e9e66d91d84580.jpg?ver=1776943645","caption":"le secr\u00e9tariat"},"url":"https:\/\/www.jeannedarc-figeac.fr\/college-lycee\/author\/arlette\/"}]}},"jetpack_featured_media_url":"","jetpack_sharing_enabled":true,"jetpack_shortlink":"https:\/\/wp.me\/p5Qyb6-yj","_links":{"self":[{"href":"https:\/\/www.jeannedarc-figeac.fr\/college-lycee\/wp-json\/wp\/v2\/posts\/2127","targetHints":{"allow":["GET"]}}],"collection":[{"href":"https:\/\/www.jeannedarc-figeac.fr\/college-lycee\/wp-json\/wp\/v2\/posts"}],"about":[{"href":"https:\/\/www.jeannedarc-figeac.fr\/college-lycee\/wp-json\/wp\/v2\/types\/post"}],"author":[{"embeddable":true,"href":"https:\/\/www.jeannedarc-figeac.fr\/college-lycee\/wp-json\/wp\/v2\/users\/12"}],"replies":[{"embeddable":true,"href":"https:\/\/www.jeannedarc-figeac.fr\/college-lycee\/wp-json\/wp\/v2\/comments?post=2127"}],"version-history":[{"count":1,"href":"https:\/\/www.jeannedarc-figeac.fr\/college-lycee\/wp-json\/wp\/v2\/posts\/2127\/revisions"}],"predecessor-version":[{"id":2129,"href":"https:\/\/www.jeannedarc-figeac.fr\/college-lycee\/wp-json\/wp\/v2\/posts\/2127\/revisions\/2129"}],"wp:attachment":[{"href":"https:\/\/www.jeannedarc-figeac.fr\/college-lycee\/wp-json\/wp\/v2\/media?parent=2127"}],"wp:term":[{"taxonomy":"category","embeddable":true,"href":"https:\/\/www.jeannedarc-figeac.fr\/college-lycee\/wp-json\/wp\/v2\/categories?post=2127"},{"taxonomy":"post_tag","embeddable":true,"href":"https:\/\/www.jeannedarc-figeac.fr\/college-lycee\/wp-json\/wp\/v2\/tags?post=2127"}],"curies":[{"name":"wp","href":"https:\/\/api.w.org\/{rel}","templated":true}]}}