{"id":2109,"date":"2016-07-13T13:15:27","date_gmt":"2016-07-13T13:15:27","guid":{"rendered":"http:\/\/www.jeannedarc-figeac.fr\/college-lycee\/?p=2109"},"modified":"2016-07-13T13:15:27","modified_gmt":"2016-07-13T13:15:27","slug":"departement-patrimoine-terrain","status":"publish","type":"post","link":"https:\/\/www.jeannedarc-figeac.fr\/college-lycee\/departement-patrimoine-terrain\/","title":{"rendered":"Un D\u00e9partement Patrimoine sur le terrain !"},"content":{"rendered":"<p><a href=\"https:\/\/i0.wp.com\/www.jeannedarc-figeac.fr\/college-lycee\/wp-content\/uploads\/sites\/5\/2016\/07\/Equipe-DP-coll%C3%A8ge-bis.jpg\"><img data-recalc-dims=\"1\" loading=\"lazy\" decoding=\"async\" class=\"alignnone size-medium wp-image-2110\" src=\"https:\/\/i0.wp.com\/www.jeannedarc-figeac.fr\/college-lycee\/wp-content\/uploads\/sites\/5\/2016\/07\/Equipe-DP-coll%C3%A8ge-bis.jpg?resize=300%2C225\" alt=\"Equipe DP coll\u00e8ge bis\" width=\"300\" height=\"225\" srcset=\"https:\/\/i0.wp.com\/www.jeannedarc-figeac.fr\/college-lycee\/wp-content\/uploads\/sites\/5\/2016\/07\/Equipe-DP-coll%C3%A8ge-bis.jpg?resize=300%2C225&amp;ssl=1 300w, https:\/\/i0.wp.com\/www.jeannedarc-figeac.fr\/college-lycee\/wp-content\/uploads\/sites\/5\/2016\/07\/Equipe-DP-coll%C3%A8ge-bis.jpg?resize=768%2C576&amp;ssl=1 768w, https:\/\/i0.wp.com\/www.jeannedarc-figeac.fr\/college-lycee\/wp-content\/uploads\/sites\/5\/2016\/07\/Equipe-DP-coll%C3%A8ge-bis.jpg?resize=1024%2C768&amp;ssl=1 1024w, https:\/\/i0.wp.com\/www.jeannedarc-figeac.fr\/college-lycee\/wp-content\/uploads\/sites\/5\/2016\/07\/Equipe-DP-coll%C3%A8ge-bis.jpg?resize=1080%2C810&amp;ssl=1 1080w, https:\/\/i0.wp.com\/www.jeannedarc-figeac.fr\/college-lycee\/wp-content\/uploads\/sites\/5\/2016\/07\/Equipe-DP-coll%C3%A8ge-bis.jpg?w=1600&amp;ssl=1 1600w\" sizes=\"(max-width: 300px) 100vw, 300px\" \/><\/a><a href=\"https:\/\/i0.wp.com\/www.jeannedarc-figeac.fr\/college-lycee\/wp-content\/uploads\/sites\/5\/2016\/07\/Equpe-DP-lyc%C3%A9e-bis.jpg\"><img data-recalc-dims=\"1\" loading=\"lazy\" decoding=\"async\" class=\"alignnone size-medium wp-image-2111\" src=\"https:\/\/i0.wp.com\/www.jeannedarc-figeac.fr\/college-lycee\/wp-content\/uploads\/sites\/5\/2016\/07\/Equpe-DP-lyc%C3%A9e-bis.jpg?resize=300%2C225\" alt=\"Equpe DP lyc\u00e9e bis\" width=\"300\" height=\"225\" srcset=\"https:\/\/i0.wp.com\/www.jeannedarc-figeac.fr\/college-lycee\/wp-content\/uploads\/sites\/5\/2016\/07\/Equpe-DP-lyc%C3%A9e-bis.jpg?resize=300%2C225&amp;ssl=1 300w, https:\/\/i0.wp.com\/www.jeannedarc-figeac.fr\/college-lycee\/wp-content\/uploads\/sites\/5\/2016\/07\/Equpe-DP-lyc%C3%A9e-bis.jpg?resize=768%2C576&amp;ssl=1 768w, https:\/\/i0.wp.com\/www.jeannedarc-figeac.fr\/college-lycee\/wp-content\/uploads\/sites\/5\/2016\/07\/Equpe-DP-lyc%C3%A9e-bis.jpg?resize=1024%2C768&amp;ssl=1 1024w, https:\/\/i0.wp.com\/www.jeannedarc-figeac.fr\/college-lycee\/wp-content\/uploads\/sites\/5\/2016\/07\/Equpe-DP-lyc%C3%A9e-bis.jpg?resize=1080%2C810&amp;ssl=1 1080w, https:\/\/i0.wp.com\/www.jeannedarc-figeac.fr\/college-lycee\/wp-content\/uploads\/sites\/5\/2016\/07\/Equpe-DP-lyc%C3%A9e-bis.jpg?w=1600&amp;ssl=1 1600w\" sizes=\"(max-width: 300px) 100vw, 300px\" \/><\/a><\/p>\n<p>L\u2019\u00e9quipe coll\u00e8ge a go\u00fbt\u00e9 cette ann\u00e9e aux joies du jardinage et aux al\u00e9as de m\u00e8re nature qui s\u2019est distingu\u00e9e ce printemps par une pluviom\u00e9trie \u00e9lev\u00e9e. Mais cela n\u2019a pas perturb\u00e9 nos 4 jeunes filles de 6<sup>\u00e8me<\/sup> et 5<sup>\u00e8me<\/sup> qui s\u2019en sont donn\u00e9es \u00e0 c\u0153ur joie pour d\u00e9broussailler le magnifique parterre \u00e0 l\u2019angle ext\u00e9rieur de la chapelle rue de la Sainte Famille. Elles y ont d\u00e9couvert aussi une ancienne niche d\u00e9molie par les intemp\u00e9ries qu\u2019elles ont conserv\u00e9e avec soin en attendant d\u2019y replacer une statue jadis prot\u00e9g\u00e9e par une toiture en tuile canal. Un beau rosier que nous avons taill\u00e9 viendra recouvrir l\u2019ensemble et apporter un peu d\u2019ombre et de couleur. Une ann\u00e9e riche de d\u00e9couverte et de pers\u00e9v\u00e9rance pour l\u2019\u00e9quipe volontaire de la pause m\u00e9ridienne.<\/p>\n<p>Mais l\u2019\u00e9quipe lyc\u00e9e n\u2019est pas en reste. Parmi leurs diff\u00e9rents projets men\u00e9s \u00e0 terme (recherches, \u00e9missions radio), notons un travail de longue haleine sold\u00e9 par une r\u00e9ussite symbolique. Si nous savons tous d\u00e9sormais que nous travaillons dans l\u2019ancien clo\u00eetre fond\u00e9 par Sainte Emilie de Rodat en 1835, il ne faut pas oublier que du XVII\u00e8me si\u00e8cle jusqu\u2019\u00e0 la R\u00e9volution fran\u00e7aise, le coll\u00e8ge et lyc\u00e9e Jeanne d\u2019Arc \u00e9tait fr\u00e9quent\u00e9 par des s\u0153urs Clarisses. Le passage qui se faufile de l\u2019angle du pr\u00e9au des casiers vers le CDI et le petit portail n\u2019est que le prolongement de la rue Sainte Claire peu \u00e0 peu int\u00e9gr\u00e9e au couvent. Il \u00e9tait important d\u2019honorer aussi ces religieuses d\u00e9vou\u00e9es aux \u0153uvres caritatives. L\u2019\u00e9quipe a contact\u00e9 plusieurs couvents de Clarisses en activit\u00e9 pour obtenir une statue de la M\u00e8re fondatrice. C\u2019est celui de Millau qui a r\u00e9pondu favorablement et nous a offert g\u00e9n\u00e9reusement une statue bien restaur\u00e9e. A la rentr\u00e9e scolaire, Sainte Claire et Sainte Emilie retrouveront toute leur place dans notre \u00e9cole. A nous d\u2019orner au mieux ces deux belles \u0153uvres.<\/p>\n","protected":false},"excerpt":{"rendered":"<p>L\u2019\u00e9quipe coll\u00e8ge a go\u00fbt\u00e9 cette ann\u00e9e aux joies du jardinage et aux al\u00e9as de m\u00e8re nature qui s\u2019est distingu\u00e9e ce printemps par une pluviom\u00e9trie \u00e9lev\u00e9e. Mais cela n\u2019a pas perturb\u00e9 nos 4 jeunes filles de 6\u00e8me et 5\u00e8me qui s\u2019en sont donn\u00e9es \u00e0 c\u0153ur joie pour d\u00e9broussailler le magnifique parterre \u00e0 l\u2019angle ext\u00e9rieur de la [&hellip;]<\/p>\n","protected":false},"author":12,"featured_media":0,"comment_status":"closed","ping_status":"open","sticky":false,"template":"","format":"standard","meta":{"_et_pb_use_builder":"","_et_pb_old_content":"","_et_gb_content_width":"","_jetpack_newsletter_access":"","_jetpack_dont_email_post_to_subs":false,"_jetpack_newsletter_tier_id":0,"_jetpack_memberships_contains_paywalled_content":false,"iawp_total_views":0,"_jetpack_memberships_contains_paid_content":false,"footnotes":""},"categories":[28],"tags":[],"class_list":["post-2109","post","type-post","status-publish","format-standard","hentry","category-actus"],"yoast_head":"<!-- This site is optimized with the Yoast SEO plugin v26.0 - https:\/\/yoast.com\/wordpress\/plugins\/seo\/ -->\n<title>Un D\u00e9partement Patrimoine sur le terrain !<\/title>\n<meta name=\"description\" content=\"L\u2019\u00e9quipe coll\u00e8ge a go\u00fbt\u00e9 cette ann\u00e9e aux joies du jardinage et aux al\u00e9as de m\u00e8re nature qui s\u2019est distingu\u00e9e ce printemps par une pluviom\u00e9trie \u00e9lev\u00e9e.\" \/>\n<meta name=\"robots\" content=\"index, follow, max-snippet:-1, max-image-preview:large, max-video-preview:-1\" \/>\n<link rel=\"canonical\" href=\"http:\/\/www.jeannedarc-figeac.fr\/college-lycee\/departement-patrimoine-terrain\/\" \/>\n<meta property=\"og:locale\" content=\"fr_FR\" \/>\n<meta property=\"og:type\" content=\"article\" \/>\n<meta property=\"og:title\" content=\"Un D\u00e9partement Patrimoine sur le terrain !\" \/>\n<meta property=\"og:description\" content=\"L\u2019\u00e9quipe coll\u00e8ge a go\u00fbt\u00e9 cette ann\u00e9e aux joies du jardinage et aux al\u00e9as de m\u00e8re nature qui s\u2019est distingu\u00e9e ce printemps par une pluviom\u00e9trie \u00e9lev\u00e9e.\" \/>\n<meta property=\"og:url\" content=\"http:\/\/www.jeannedarc-figeac.fr\/college-lycee\/departement-patrimoine-terrain\/\" \/>\n<meta property=\"og:site_name\" content=\"Coll\u00e8ge et Lyc\u00e9e Jeanne d&#039;Arc\" \/>\n<meta property=\"article:published_time\" content=\"2016-07-13T13:15:27+00:00\" \/>\n<meta name=\"author\" content=\"le secr\u00e9tariat\" \/>\n<script type=\"application\/ld+json\" class=\"yoast-schema-graph\">{\"@context\":\"https:\/\/schema.org\",\"@graph\":[{\"@type\":\"WebPage\",\"@id\":\"http:\/\/www.jeannedarc-figeac.fr\/college-lycee\/departement-patrimoine-terrain\/\",\"url\":\"http:\/\/www.jeannedarc-figeac.fr\/college-lycee\/departement-patrimoine-terrain\/\",\"name\":\"Un D\u00e9partement Patrimoine sur le terrain !\",\"isPartOf\":{\"@id\":\"https:\/\/www.jeannedarc-figeac.fr\/college-lycee\/#website\"},\"datePublished\":\"2016-07-13T13:15:27+00:00\",\"author\":{\"@id\":\"https:\/\/www.jeannedarc-figeac.fr\/college-lycee\/#\/schema\/person\/29e5764f28e895dc8bf41d4468f99154\"},\"description\":\"L\u2019\u00e9quipe coll\u00e8ge a go\u00fbt\u00e9 cette ann\u00e9e aux joies du jardinage et aux al\u00e9as de m\u00e8re nature qui s\u2019est distingu\u00e9e ce printemps par une pluviom\u00e9trie \u00e9lev\u00e9e.\",\"breadcrumb\":{\"@id\":\"http:\/\/www.jeannedarc-figeac.fr\/college-lycee\/departement-patrimoine-terrain\/#breadcrumb\"},\"inLanguage\":\"fr-FR\",\"potentialAction\":[{\"@type\":\"ReadAction\",\"target\":[\"http:\/\/www.jeannedarc-figeac.fr\/college-lycee\/departement-patrimoine-terrain\/\"]}]},{\"@type\":\"BreadcrumbList\",\"@id\":\"http:\/\/www.jeannedarc-figeac.fr\/college-lycee\/departement-patrimoine-terrain\/#breadcrumb\",\"itemListElement\":[{\"@type\":\"ListItem\",\"position\":1,\"name\":\"Accueil\",\"item\":\"https:\/\/www.jeannedarc-figeac.fr\/college-lycee\/\"},{\"@type\":\"ListItem\",\"position\":2,\"name\":\"Actus\",\"item\":\"http:\/\/www.jeannedarc-figeac.fr\/college-lycee\/cat\/actus\/\"},{\"@type\":\"ListItem\",\"position\":3,\"name\":\"Un D\u00e9partement Patrimoine sur le terrain !\"}]},{\"@type\":\"WebSite\",\"@id\":\"https:\/\/www.jeannedarc-figeac.fr\/college-lycee\/#website\",\"url\":\"https:\/\/www.jeannedarc-figeac.fr\/college-lycee\/\",\"name\":\"Coll\u00e8ge et Lyc\u00e9e Jeanne d&#039;Arc\",\"description\":\"Jeanne d&#039;Arc Figeac\",\"potentialAction\":[{\"@type\":\"SearchAction\",\"target\":{\"@type\":\"EntryPoint\",\"urlTemplate\":\"https:\/\/www.jeannedarc-figeac.fr\/college-lycee\/?s={search_term_string}\"},\"query-input\":{\"@type\":\"PropertyValueSpecification\",\"valueRequired\":true,\"valueName\":\"search_term_string\"}}],\"inLanguage\":\"fr-FR\"},{\"@type\":\"Person\",\"@id\":\"https:\/\/www.jeannedarc-figeac.fr\/college-lycee\/#\/schema\/person\/29e5764f28e895dc8bf41d4468f99154\",\"name\":\"le secr\u00e9tariat\",\"image\":{\"@type\":\"ImageObject\",\"inLanguage\":\"fr-FR\",\"@id\":\"https:\/\/www.jeannedarc-figeac.fr\/college-lycee\/#\/schema\/person\/image\/\",\"url\":\"https:\/\/www.jeannedarc-figeac.fr\/college-lycee\/wp-content\/litespeed\/avatar\/5\/b7e8da60f53ba4adc9e9e66d91d84580.jpg?ver=1777548714\",\"contentUrl\":\"https:\/\/www.jeannedarc-figeac.fr\/college-lycee\/wp-content\/litespeed\/avatar\/5\/b7e8da60f53ba4adc9e9e66d91d84580.jpg?ver=1777548714\",\"caption\":\"le secr\u00e9tariat\"},\"url\":\"https:\/\/www.jeannedarc-figeac.fr\/college-lycee\/author\/arlette\/\"}]}<\/script>\n<!-- \/ Yoast SEO plugin. -->","yoast_head_json":{"title":"Un D\u00e9partement Patrimoine sur le terrain !","description":"L\u2019\u00e9quipe coll\u00e8ge a go\u00fbt\u00e9 cette ann\u00e9e aux joies du jardinage et aux al\u00e9as de m\u00e8re nature qui s\u2019est distingu\u00e9e ce printemps par une pluviom\u00e9trie \u00e9lev\u00e9e.","robots":{"index":"index","follow":"follow","max-snippet":"max-snippet:-1","max-image-preview":"max-image-preview:large","max-video-preview":"max-video-preview:-1"},"canonical":"http:\/\/www.jeannedarc-figeac.fr\/college-lycee\/departement-patrimoine-terrain\/","og_locale":"fr_FR","og_type":"article","og_title":"Un D\u00e9partement Patrimoine sur le terrain !","og_description":"L\u2019\u00e9quipe coll\u00e8ge a go\u00fbt\u00e9 cette ann\u00e9e aux joies du jardinage et aux al\u00e9as de m\u00e8re nature qui s\u2019est distingu\u00e9e ce printemps par une pluviom\u00e9trie \u00e9lev\u00e9e.","og_url":"http:\/\/www.jeannedarc-figeac.fr\/college-lycee\/departement-patrimoine-terrain\/","og_site_name":"Coll\u00e8ge et Lyc\u00e9e Jeanne d&#039;Arc","article_published_time":"2016-07-13T13:15:27+00:00","author":"le secr\u00e9tariat","schema":{"@context":"https:\/\/schema.org","@graph":[{"@type":"WebPage","@id":"http:\/\/www.jeannedarc-figeac.fr\/college-lycee\/departement-patrimoine-terrain\/","url":"http:\/\/www.jeannedarc-figeac.fr\/college-lycee\/departement-patrimoine-terrain\/","name":"Un D\u00e9partement Patrimoine sur le terrain !","isPartOf":{"@id":"https:\/\/www.jeannedarc-figeac.fr\/college-lycee\/#website"},"datePublished":"2016-07-13T13:15:27+00:00","author":{"@id":"https:\/\/www.jeannedarc-figeac.fr\/college-lycee\/#\/schema\/person\/29e5764f28e895dc8bf41d4468f99154"},"description":"L\u2019\u00e9quipe coll\u00e8ge a go\u00fbt\u00e9 cette ann\u00e9e aux joies du jardinage et aux al\u00e9as de m\u00e8re nature qui s\u2019est distingu\u00e9e ce printemps par une pluviom\u00e9trie \u00e9lev\u00e9e.","breadcrumb":{"@id":"http:\/\/www.jeannedarc-figeac.fr\/college-lycee\/departement-patrimoine-terrain\/#breadcrumb"},"inLanguage":"fr-FR","potentialAction":[{"@type":"ReadAction","target":["http:\/\/www.jeannedarc-figeac.fr\/college-lycee\/departement-patrimoine-terrain\/"]}]},{"@type":"BreadcrumbList","@id":"http:\/\/www.jeannedarc-figeac.fr\/college-lycee\/departement-patrimoine-terrain\/#breadcrumb","itemListElement":[{"@type":"ListItem","position":1,"name":"Accueil","item":"https:\/\/www.jeannedarc-figeac.fr\/college-lycee\/"},{"@type":"ListItem","position":2,"name":"Actus","item":"http:\/\/www.jeannedarc-figeac.fr\/college-lycee\/cat\/actus\/"},{"@type":"ListItem","position":3,"name":"Un D\u00e9partement Patrimoine sur le terrain !"}]},{"@type":"WebSite","@id":"https:\/\/www.jeannedarc-figeac.fr\/college-lycee\/#website","url":"https:\/\/www.jeannedarc-figeac.fr\/college-lycee\/","name":"Coll\u00e8ge et Lyc\u00e9e Jeanne d&#039;Arc","description":"Jeanne d&#039;Arc Figeac","potentialAction":[{"@type":"SearchAction","target":{"@type":"EntryPoint","urlTemplate":"https:\/\/www.jeannedarc-figeac.fr\/college-lycee\/?s={search_term_string}"},"query-input":{"@type":"PropertyValueSpecification","valueRequired":true,"valueName":"search_term_string"}}],"inLanguage":"fr-FR"},{"@type":"Person","@id":"https:\/\/www.jeannedarc-figeac.fr\/college-lycee\/#\/schema\/person\/29e5764f28e895dc8bf41d4468f99154","name":"le secr\u00e9tariat","image":{"@type":"ImageObject","inLanguage":"fr-FR","@id":"https:\/\/www.jeannedarc-figeac.fr\/college-lycee\/#\/schema\/person\/image\/","url":"https:\/\/www.jeannedarc-figeac.fr\/college-lycee\/wp-content\/litespeed\/avatar\/5\/b7e8da60f53ba4adc9e9e66d91d84580.jpg?ver=1777548714","contentUrl":"https:\/\/www.jeannedarc-figeac.fr\/college-lycee\/wp-content\/litespeed\/avatar\/5\/b7e8da60f53ba4adc9e9e66d91d84580.jpg?ver=1777548714","caption":"le secr\u00e9tariat"},"url":"https:\/\/www.jeannedarc-figeac.fr\/college-lycee\/author\/arlette\/"}]}},"jetpack_featured_media_url":"","jetpack_sharing_enabled":true,"jetpack_shortlink":"https:\/\/wp.me\/p5Qyb6-y1","_links":{"self":[{"href":"https:\/\/www.jeannedarc-figeac.fr\/college-lycee\/wp-json\/wp\/v2\/posts\/2109","targetHints":{"allow":["GET"]}}],"collection":[{"href":"https:\/\/www.jeannedarc-figeac.fr\/college-lycee\/wp-json\/wp\/v2\/posts"}],"about":[{"href":"https:\/\/www.jeannedarc-figeac.fr\/college-lycee\/wp-json\/wp\/v2\/types\/post"}],"author":[{"embeddable":true,"href":"https:\/\/www.jeannedarc-figeac.fr\/college-lycee\/wp-json\/wp\/v2\/users\/12"}],"replies":[{"embeddable":true,"href":"https:\/\/www.jeannedarc-figeac.fr\/college-lycee\/wp-json\/wp\/v2\/comments?post=2109"}],"version-history":[{"count":1,"href":"https:\/\/www.jeannedarc-figeac.fr\/college-lycee\/wp-json\/wp\/v2\/posts\/2109\/revisions"}],"predecessor-version":[{"id":2112,"href":"https:\/\/www.jeannedarc-figeac.fr\/college-lycee\/wp-json\/wp\/v2\/posts\/2109\/revisions\/2112"}],"wp:attachment":[{"href":"https:\/\/www.jeannedarc-figeac.fr\/college-lycee\/wp-json\/wp\/v2\/media?parent=2109"}],"wp:term":[{"taxonomy":"category","embeddable":true,"href":"https:\/\/www.jeannedarc-figeac.fr\/college-lycee\/wp-json\/wp\/v2\/categories?post=2109"},{"taxonomy":"post_tag","embeddable":true,"href":"https:\/\/www.jeannedarc-figeac.fr\/college-lycee\/wp-json\/wp\/v2\/tags?post=2109"}],"curies":[{"name":"wp","href":"https:\/\/api.w.org\/{rel}","templated":true}]}}