{"id":2105,"date":"2016-07-13T12:59:58","date_gmt":"2016-07-13T12:59:58","guid":{"rendered":"http:\/\/www.jeannedarc-figeac.fr\/college-lycee\/?p=2105"},"modified":"2016-07-13T12:59:58","modified_gmt":"2016-07-13T12:59:58","slug":"sortie-de-fin-dannee-6eme","status":"publish","type":"post","link":"https:\/\/www.jeannedarc-figeac.fr\/college-lycee\/sortie-de-fin-dannee-6eme\/","title":{"rendered":"Sortie de fin d&rsquo;ann\u00e9e des 6\u00e8me"},"content":{"rendered":"<p style=\"text-align: left\"><a href=\"https:\/\/i0.wp.com\/www.jeannedarc-figeac.fr\/college-lycee\/wp-content\/uploads\/sites\/5\/2016\/07\/Ch%C3%A2teau-Calmont-DOlt-Espalion-6e-28-juin-2016-026.jpg\"><img data-recalc-dims=\"1\" loading=\"lazy\" decoding=\"async\" class=\"alignnone size-medium wp-image-2106\" src=\"https:\/\/i0.wp.com\/www.jeannedarc-figeac.fr\/college-lycee\/wp-content\/uploads\/sites\/5\/2016\/07\/Ch%C3%A2teau-Calmont-DOlt-Espalion-6e-28-juin-2016-026.jpg?resize=300%2C225\" alt=\"Ch\u00e2teau Calmont D'Olt (Espalion) 6e 28 juin 2016 026\" width=\"300\" height=\"225\" srcset=\"https:\/\/i0.wp.com\/www.jeannedarc-figeac.fr\/college-lycee\/wp-content\/uploads\/sites\/5\/2016\/07\/Ch%C3%A2teau-Calmont-DOlt-Espalion-6e-28-juin-2016-026.jpg?resize=300%2C225&amp;ssl=1 300w, https:\/\/i0.wp.com\/www.jeannedarc-figeac.fr\/college-lycee\/wp-content\/uploads\/sites\/5\/2016\/07\/Ch%C3%A2teau-Calmont-DOlt-Espalion-6e-28-juin-2016-026.jpg?resize=768%2C576&amp;ssl=1 768w, https:\/\/i0.wp.com\/www.jeannedarc-figeac.fr\/college-lycee\/wp-content\/uploads\/sites\/5\/2016\/07\/Ch%C3%A2teau-Calmont-DOlt-Espalion-6e-28-juin-2016-026.jpg?resize=1024%2C768&amp;ssl=1 1024w, https:\/\/i0.wp.com\/www.jeannedarc-figeac.fr\/college-lycee\/wp-content\/uploads\/sites\/5\/2016\/07\/Ch%C3%A2teau-Calmont-DOlt-Espalion-6e-28-juin-2016-026.jpg?resize=1080%2C810&amp;ssl=1 1080w, https:\/\/i0.wp.com\/www.jeannedarc-figeac.fr\/college-lycee\/wp-content\/uploads\/sites\/5\/2016\/07\/Ch%C3%A2teau-Calmont-DOlt-Espalion-6e-28-juin-2016-026.jpg?w=1600&amp;ssl=1 1600w\" sizes=\"(max-width: 300px) 100vw, 300px\" \/><\/a><a href=\"https:\/\/i0.wp.com\/www.jeannedarc-figeac.fr\/college-lycee\/wp-content\/uploads\/sites\/5\/2016\/07\/Ch%C3%A2teau-Calmont-DOlt-Espalion-6e-28-juin-2016-008.jpg\"><img data-recalc-dims=\"1\" loading=\"lazy\" decoding=\"async\" class=\"alignnone size-medium wp-image-2107\" src=\"https:\/\/i0.wp.com\/www.jeannedarc-figeac.fr\/college-lycee\/wp-content\/uploads\/sites\/5\/2016\/07\/Ch%C3%A2teau-Calmont-DOlt-Espalion-6e-28-juin-2016-008.jpg?resize=300%2C225\" alt=\"Ch\u00e2teau Calmont D'Olt (Espalion) 6e 28 juin 2016 008\" width=\"300\" height=\"225\" srcset=\"https:\/\/i0.wp.com\/www.jeannedarc-figeac.fr\/college-lycee\/wp-content\/uploads\/sites\/5\/2016\/07\/Ch%C3%A2teau-Calmont-DOlt-Espalion-6e-28-juin-2016-008.jpg?resize=300%2C225&amp;ssl=1 300w, https:\/\/i0.wp.com\/www.jeannedarc-figeac.fr\/college-lycee\/wp-content\/uploads\/sites\/5\/2016\/07\/Ch%C3%A2teau-Calmont-DOlt-Espalion-6e-28-juin-2016-008.jpg?resize=768%2C576&amp;ssl=1 768w, https:\/\/i0.wp.com\/www.jeannedarc-figeac.fr\/college-lycee\/wp-content\/uploads\/sites\/5\/2016\/07\/Ch%C3%A2teau-Calmont-DOlt-Espalion-6e-28-juin-2016-008.jpg?resize=1024%2C768&amp;ssl=1 1024w, https:\/\/i0.wp.com\/www.jeannedarc-figeac.fr\/college-lycee\/wp-content\/uploads\/sites\/5\/2016\/07\/Ch%C3%A2teau-Calmont-DOlt-Espalion-6e-28-juin-2016-008.jpg?resize=1080%2C810&amp;ssl=1 1080w, https:\/\/i0.wp.com\/www.jeannedarc-figeac.fr\/college-lycee\/wp-content\/uploads\/sites\/5\/2016\/07\/Ch%C3%A2teau-Calmont-DOlt-Espalion-6e-28-juin-2016-008.jpg?w=1600&amp;ssl=1 1600w\" sizes=\"(max-width: 300px) 100vw, 300px\" \/><\/a><\/p>\n<p style=\"text-align: center\"><strong>\u00ab\u00a0Au nom de Dieu, de Saint-Michel et de Saint-Georges, je te fais Chevalier\u00a0\u2026<\/strong><\/p>\n<p style=\"text-align: center\"><strong>Sois vaillant, loyal et g\u00e9n\u00e9reux\u00a0\u00bb<\/strong><\/p>\n<p>Mardi 28 juin, les \u00e9l\u00e8ves de 6<sup>e<\/sup> se sont rendus au Ch\u00e2teau de Calmont d\u2019Olt (Espalion) pour leur sortie ludique et p\u00e9dagogique de fin d\u2019ann\u00e9e.<\/p>\n<p>C\u2019est sous un ciel extr\u00eamement chaud qu\u2019ils ont b\u00e9n\u00e9fici\u00e9 d\u2019une visite guid\u00e9e tr\u00e8s instructive, particip\u00e9 \u00e0 deux ateliers \u00ab\u00a0machines de jet\u00a0\u00bb et \u00ab\u00a0fabrication de monnaie\u00a0\u00bb (chacun ayant fabriqu\u00e9 sa pi\u00e8ce), essay\u00e9 une cotte de maille \u00a0mais aussi fait un jeu sur le Moyen Age. A la fin de toutes ces activit\u00e9s, un dipl\u00f4me personnalis\u00e9 \u00ab\u00a0d\u2019\u00e9cuyer\u00a0\u00bb pour les gar\u00e7ons et de \u00ab\u00a0gente damoiselle\u00a0\u00bb pour les filles leur a \u00e9t\u00e9 remis.<\/p>\n","protected":false},"excerpt":{"rendered":"<p>\u00ab\u00a0Au nom de Dieu, de Saint-Michel et de Saint-Georges, je te fais Chevalier\u00a0\u2026 Sois vaillant, loyal et g\u00e9n\u00e9reux\u00a0\u00bb Mardi 28 juin, les \u00e9l\u00e8ves de 6e se sont rendus au Ch\u00e2teau de Calmont d\u2019Olt (Espalion) pour leur sortie ludique et p\u00e9dagogique de fin d\u2019ann\u00e9e. C\u2019est sous un ciel extr\u00eamement chaud qu\u2019ils ont b\u00e9n\u00e9fici\u00e9 d\u2019une visite guid\u00e9e [&hellip;]<\/p>\n","protected":false},"author":12,"featured_media":0,"comment_status":"closed","ping_status":"open","sticky":false,"template":"","format":"standard","meta":{"_et_pb_use_builder":"","_et_pb_old_content":"","_et_gb_content_width":"","_jetpack_newsletter_access":"","_jetpack_dont_email_post_to_subs":false,"_jetpack_newsletter_tier_id":0,"_jetpack_memberships_contains_paywalled_content":false,"iawp_total_views":1,"_jetpack_memberships_contains_paid_content":false,"footnotes":""},"categories":[28],"tags":[],"class_list":["post-2105","post","type-post","status-publish","format-standard","hentry","category-actus"],"yoast_head":"<!-- This site is optimized with the Yoast SEO plugin v26.0 - https:\/\/yoast.com\/wordpress\/plugins\/seo\/ -->\n<title>Sortie de fin d&#039;ann\u00e9e des 6\u00e8me<\/title>\n<meta name=\"description\" content=\"\u00ab\u00a0Au nom de Dieu, de Saint-Michel et de Saint-Georges, je te fais Chevalier\u00a0\u2026 Sois vaillant, loyal et g\u00e9n\u00e9reux\u00a0\u00bb Mardi 28 juin, les \u00e9l\u00e8ves de 6e se sont\" \/>\n<meta name=\"robots\" content=\"index, follow, max-snippet:-1, max-image-preview:large, max-video-preview:-1\" \/>\n<link rel=\"canonical\" href=\"http:\/\/www.jeannedarc-figeac.fr\/college-lycee\/sortie-de-fin-dannee-6eme\/\" \/>\n<meta property=\"og:locale\" content=\"fr_FR\" \/>\n<meta property=\"og:type\" content=\"article\" \/>\n<meta property=\"og:title\" content=\"Sortie de fin d&#039;ann\u00e9e des 6\u00e8me\" \/>\n<meta property=\"og:description\" content=\"\u00ab\u00a0Au nom de Dieu, de Saint-Michel et de Saint-Georges, je te fais Chevalier\u00a0\u2026 Sois vaillant, loyal et g\u00e9n\u00e9reux\u00a0\u00bb Mardi 28 juin, les \u00e9l\u00e8ves de 6e se sont\" \/>\n<meta property=\"og:url\" content=\"http:\/\/www.jeannedarc-figeac.fr\/college-lycee\/sortie-de-fin-dannee-6eme\/\" \/>\n<meta property=\"og:site_name\" content=\"Coll\u00e8ge et Lyc\u00e9e Jeanne d&#039;Arc\" \/>\n<meta property=\"article:published_time\" content=\"2016-07-13T12:59:58+00:00\" \/>\n<meta name=\"author\" content=\"le secr\u00e9tariat\" \/>\n<script type=\"application\/ld+json\" class=\"yoast-schema-graph\">{\"@context\":\"https:\/\/schema.org\",\"@graph\":[{\"@type\":\"WebPage\",\"@id\":\"http:\/\/www.jeannedarc-figeac.fr\/college-lycee\/sortie-de-fin-dannee-6eme\/\",\"url\":\"http:\/\/www.jeannedarc-figeac.fr\/college-lycee\/sortie-de-fin-dannee-6eme\/\",\"name\":\"Sortie de fin d'ann\u00e9e des 6\u00e8me\",\"isPartOf\":{\"@id\":\"https:\/\/www.jeannedarc-figeac.fr\/college-lycee\/#website\"},\"datePublished\":\"2016-07-13T12:59:58+00:00\",\"author\":{\"@id\":\"https:\/\/www.jeannedarc-figeac.fr\/college-lycee\/#\/schema\/person\/29e5764f28e895dc8bf41d4468f99154\"},\"description\":\"\u00ab\u00a0Au nom de Dieu, de Saint-Michel et de Saint-Georges, je te fais Chevalier\u00a0\u2026 Sois vaillant, loyal et g\u00e9n\u00e9reux\u00a0\u00bb Mardi 28 juin, les \u00e9l\u00e8ves de 6e se sont\",\"breadcrumb\":{\"@id\":\"http:\/\/www.jeannedarc-figeac.fr\/college-lycee\/sortie-de-fin-dannee-6eme\/#breadcrumb\"},\"inLanguage\":\"fr-FR\",\"potentialAction\":[{\"@type\":\"ReadAction\",\"target\":[\"http:\/\/www.jeannedarc-figeac.fr\/college-lycee\/sortie-de-fin-dannee-6eme\/\"]}]},{\"@type\":\"BreadcrumbList\",\"@id\":\"http:\/\/www.jeannedarc-figeac.fr\/college-lycee\/sortie-de-fin-dannee-6eme\/#breadcrumb\",\"itemListElement\":[{\"@type\":\"ListItem\",\"position\":1,\"name\":\"Accueil\",\"item\":\"https:\/\/www.jeannedarc-figeac.fr\/college-lycee\/\"},{\"@type\":\"ListItem\",\"position\":2,\"name\":\"Actus\",\"item\":\"http:\/\/www.jeannedarc-figeac.fr\/college-lycee\/cat\/actus\/\"},{\"@type\":\"ListItem\",\"position\":3,\"name\":\"Sortie de fin d&rsquo;ann\u00e9e des 6\u00e8me\"}]},{\"@type\":\"WebSite\",\"@id\":\"https:\/\/www.jeannedarc-figeac.fr\/college-lycee\/#website\",\"url\":\"https:\/\/www.jeannedarc-figeac.fr\/college-lycee\/\",\"name\":\"Coll\u00e8ge et Lyc\u00e9e Jeanne d&#039;Arc\",\"description\":\"Jeanne d&#039;Arc Figeac\",\"potentialAction\":[{\"@type\":\"SearchAction\",\"target\":{\"@type\":\"EntryPoint\",\"urlTemplate\":\"https:\/\/www.jeannedarc-figeac.fr\/college-lycee\/?s={search_term_string}\"},\"query-input\":{\"@type\":\"PropertyValueSpecification\",\"valueRequired\":true,\"valueName\":\"search_term_string\"}}],\"inLanguage\":\"fr-FR\"},{\"@type\":\"Person\",\"@id\":\"https:\/\/www.jeannedarc-figeac.fr\/college-lycee\/#\/schema\/person\/29e5764f28e895dc8bf41d4468f99154\",\"name\":\"le secr\u00e9tariat\",\"image\":{\"@type\":\"ImageObject\",\"inLanguage\":\"fr-FR\",\"@id\":\"https:\/\/www.jeannedarc-figeac.fr\/college-lycee\/#\/schema\/person\/image\/\",\"url\":\"https:\/\/www.jeannedarc-figeac.fr\/college-lycee\/wp-content\/litespeed\/avatar\/5\/b7e8da60f53ba4adc9e9e66d91d84580.jpg?ver=1777548714\",\"contentUrl\":\"https:\/\/www.jeannedarc-figeac.fr\/college-lycee\/wp-content\/litespeed\/avatar\/5\/b7e8da60f53ba4adc9e9e66d91d84580.jpg?ver=1777548714\",\"caption\":\"le secr\u00e9tariat\"},\"url\":\"https:\/\/www.jeannedarc-figeac.fr\/college-lycee\/author\/arlette\/\"}]}<\/script>\n<!-- \/ Yoast SEO plugin. -->","yoast_head_json":{"title":"Sortie de fin d'ann\u00e9e des 6\u00e8me","description":"\u00ab\u00a0Au nom de Dieu, de Saint-Michel et de Saint-Georges, je te fais Chevalier\u00a0\u2026 Sois vaillant, loyal et g\u00e9n\u00e9reux\u00a0\u00bb Mardi 28 juin, les \u00e9l\u00e8ves de 6e se sont","robots":{"index":"index","follow":"follow","max-snippet":"max-snippet:-1","max-image-preview":"max-image-preview:large","max-video-preview":"max-video-preview:-1"},"canonical":"http:\/\/www.jeannedarc-figeac.fr\/college-lycee\/sortie-de-fin-dannee-6eme\/","og_locale":"fr_FR","og_type":"article","og_title":"Sortie de fin d'ann\u00e9e des 6\u00e8me","og_description":"\u00ab\u00a0Au nom de Dieu, de Saint-Michel et de Saint-Georges, je te fais Chevalier\u00a0\u2026 Sois vaillant, loyal et g\u00e9n\u00e9reux\u00a0\u00bb Mardi 28 juin, les \u00e9l\u00e8ves de 6e se sont","og_url":"http:\/\/www.jeannedarc-figeac.fr\/college-lycee\/sortie-de-fin-dannee-6eme\/","og_site_name":"Coll\u00e8ge et Lyc\u00e9e Jeanne d&#039;Arc","article_published_time":"2016-07-13T12:59:58+00:00","author":"le secr\u00e9tariat","schema":{"@context":"https:\/\/schema.org","@graph":[{"@type":"WebPage","@id":"http:\/\/www.jeannedarc-figeac.fr\/college-lycee\/sortie-de-fin-dannee-6eme\/","url":"http:\/\/www.jeannedarc-figeac.fr\/college-lycee\/sortie-de-fin-dannee-6eme\/","name":"Sortie de fin d'ann\u00e9e des 6\u00e8me","isPartOf":{"@id":"https:\/\/www.jeannedarc-figeac.fr\/college-lycee\/#website"},"datePublished":"2016-07-13T12:59:58+00:00","author":{"@id":"https:\/\/www.jeannedarc-figeac.fr\/college-lycee\/#\/schema\/person\/29e5764f28e895dc8bf41d4468f99154"},"description":"\u00ab\u00a0Au nom de Dieu, de Saint-Michel et de Saint-Georges, je te fais Chevalier\u00a0\u2026 Sois vaillant, loyal et g\u00e9n\u00e9reux\u00a0\u00bb Mardi 28 juin, les \u00e9l\u00e8ves de 6e se sont","breadcrumb":{"@id":"http:\/\/www.jeannedarc-figeac.fr\/college-lycee\/sortie-de-fin-dannee-6eme\/#breadcrumb"},"inLanguage":"fr-FR","potentialAction":[{"@type":"ReadAction","target":["http:\/\/www.jeannedarc-figeac.fr\/college-lycee\/sortie-de-fin-dannee-6eme\/"]}]},{"@type":"BreadcrumbList","@id":"http:\/\/www.jeannedarc-figeac.fr\/college-lycee\/sortie-de-fin-dannee-6eme\/#breadcrumb","itemListElement":[{"@type":"ListItem","position":1,"name":"Accueil","item":"https:\/\/www.jeannedarc-figeac.fr\/college-lycee\/"},{"@type":"ListItem","position":2,"name":"Actus","item":"http:\/\/www.jeannedarc-figeac.fr\/college-lycee\/cat\/actus\/"},{"@type":"ListItem","position":3,"name":"Sortie de fin d&rsquo;ann\u00e9e des 6\u00e8me"}]},{"@type":"WebSite","@id":"https:\/\/www.jeannedarc-figeac.fr\/college-lycee\/#website","url":"https:\/\/www.jeannedarc-figeac.fr\/college-lycee\/","name":"Coll\u00e8ge et Lyc\u00e9e Jeanne d&#039;Arc","description":"Jeanne d&#039;Arc Figeac","potentialAction":[{"@type":"SearchAction","target":{"@type":"EntryPoint","urlTemplate":"https:\/\/www.jeannedarc-figeac.fr\/college-lycee\/?s={search_term_string}"},"query-input":{"@type":"PropertyValueSpecification","valueRequired":true,"valueName":"search_term_string"}}],"inLanguage":"fr-FR"},{"@type":"Person","@id":"https:\/\/www.jeannedarc-figeac.fr\/college-lycee\/#\/schema\/person\/29e5764f28e895dc8bf41d4468f99154","name":"le secr\u00e9tariat","image":{"@type":"ImageObject","inLanguage":"fr-FR","@id":"https:\/\/www.jeannedarc-figeac.fr\/college-lycee\/#\/schema\/person\/image\/","url":"https:\/\/www.jeannedarc-figeac.fr\/college-lycee\/wp-content\/litespeed\/avatar\/5\/b7e8da60f53ba4adc9e9e66d91d84580.jpg?ver=1777548714","contentUrl":"https:\/\/www.jeannedarc-figeac.fr\/college-lycee\/wp-content\/litespeed\/avatar\/5\/b7e8da60f53ba4adc9e9e66d91d84580.jpg?ver=1777548714","caption":"le secr\u00e9tariat"},"url":"https:\/\/www.jeannedarc-figeac.fr\/college-lycee\/author\/arlette\/"}]}},"jetpack_featured_media_url":"","jetpack_sharing_enabled":true,"jetpack_shortlink":"https:\/\/wp.me\/p5Qyb6-xX","_links":{"self":[{"href":"https:\/\/www.jeannedarc-figeac.fr\/college-lycee\/wp-json\/wp\/v2\/posts\/2105","targetHints":{"allow":["GET"]}}],"collection":[{"href":"https:\/\/www.jeannedarc-figeac.fr\/college-lycee\/wp-json\/wp\/v2\/posts"}],"about":[{"href":"https:\/\/www.jeannedarc-figeac.fr\/college-lycee\/wp-json\/wp\/v2\/types\/post"}],"author":[{"embeddable":true,"href":"https:\/\/www.jeannedarc-figeac.fr\/college-lycee\/wp-json\/wp\/v2\/users\/12"}],"replies":[{"embeddable":true,"href":"https:\/\/www.jeannedarc-figeac.fr\/college-lycee\/wp-json\/wp\/v2\/comments?post=2105"}],"version-history":[{"count":1,"href":"https:\/\/www.jeannedarc-figeac.fr\/college-lycee\/wp-json\/wp\/v2\/posts\/2105\/revisions"}],"predecessor-version":[{"id":2108,"href":"https:\/\/www.jeannedarc-figeac.fr\/college-lycee\/wp-json\/wp\/v2\/posts\/2105\/revisions\/2108"}],"wp:attachment":[{"href":"https:\/\/www.jeannedarc-figeac.fr\/college-lycee\/wp-json\/wp\/v2\/media?parent=2105"}],"wp:term":[{"taxonomy":"category","embeddable":true,"href":"https:\/\/www.jeannedarc-figeac.fr\/college-lycee\/wp-json\/wp\/v2\/categories?post=2105"},{"taxonomy":"post_tag","embeddable":true,"href":"https:\/\/www.jeannedarc-figeac.fr\/college-lycee\/wp-json\/wp\/v2\/tags?post=2105"}],"curies":[{"name":"wp","href":"https:\/\/api.w.org\/{rel}","templated":true}]}}