{"id":2083,"date":"2016-06-14T08:25:35","date_gmt":"2016-06-14T08:25:35","guid":{"rendered":"http:\/\/www.jeannedarc-figeac.fr\/college-lycee\/?p=2083"},"modified":"2016-06-14T08:25:35","modified_gmt":"2016-06-14T08:25:35","slug":"cm2-decouvrent-college","status":"publish","type":"post","link":"https:\/\/www.jeannedarc-figeac.fr\/college-lycee\/cm2-decouvrent-college\/","title":{"rendered":"Les CM2 d\u00e9couvrent le coll\u00e8ge"},"content":{"rendered":"<p><a href=\"https:\/\/i0.wp.com\/www.jeannedarc-figeac.fr\/college-lycee\/wp-content\/uploads\/sites\/5\/2016\/06\/IMAG0160-modifie.jpg\"><img data-recalc-dims=\"1\" loading=\"lazy\" decoding=\"async\" class=\"alignnone size-medium wp-image-2085\" src=\"https:\/\/i0.wp.com\/www.jeannedarc-figeac.fr\/college-lycee\/wp-content\/uploads\/sites\/5\/2016\/06\/IMAG0160-modifie.jpg?resize=300%2C168\" alt=\"IMAG0160 modifie\" width=\"300\" height=\"168\" srcset=\"https:\/\/i0.wp.com\/www.jeannedarc-figeac.fr\/college-lycee\/wp-content\/uploads\/sites\/5\/2016\/06\/IMAG0160-modifie.jpg?resize=300%2C168&amp;ssl=1 300w, https:\/\/i0.wp.com\/www.jeannedarc-figeac.fr\/college-lycee\/wp-content\/uploads\/sites\/5\/2016\/06\/IMAG0160-modifie.jpg?resize=768%2C431&amp;ssl=1 768w, https:\/\/i0.wp.com\/www.jeannedarc-figeac.fr\/college-lycee\/wp-content\/uploads\/sites\/5\/2016\/06\/IMAG0160-modifie.jpg?resize=1024%2C574&amp;ssl=1 1024w, https:\/\/i0.wp.com\/www.jeannedarc-figeac.fr\/college-lycee\/wp-content\/uploads\/sites\/5\/2016\/06\/IMAG0160-modifie.jpg?resize=1080%2C605&amp;ssl=1 1080w, https:\/\/i0.wp.com\/www.jeannedarc-figeac.fr\/college-lycee\/wp-content\/uploads\/sites\/5\/2016\/06\/IMAG0160-modifie.jpg?w=1600&amp;ssl=1 1600w\" sizes=\"(max-width: 300px) 100vw, 300px\" \/><\/a><\/p>\n<p>75 \u00e9l\u00e8ves de CM2\u00a0 ont \u00e9t\u00e9 accueillis au coll\u00e8ge Jeanne d&rsquo;Arc pour un temps d\u2019immersion.<\/p>\n<p>Au programme\u00a05 ateliers: d\u00e9couverte du TBI au travers des maths, du fran\u00e7ais ou de l\u2019histoire-g\u00e9ographie, initiation \u00e0 l\u2019allemand et \u00e0 l\u2019espagnol afin de les aider dans leur choix de LV2 et musique.<\/p>\n<p>La pause m\u00e9ridienne fut bien remplie\u00a0: repas\u00a0 au self et sport \u00e0 la r\u00e9sidence. La journ\u00e9e s\u2019est cl\u00f4tur\u00e9e par un go\u00fbter pr\u00e9par\u00e9 avec soin et servi par les \u00e9l\u00e8ves de CAP 1 et 2 encadr\u00e9s par Magali Dracon.<\/p>\n<p>Nous avons d\u00e9j\u00e0 eu plusieurs retours tr\u00e8s positifs\u00a0et avons vu des enfants ravis, des parents rassur\u00e9s. Aussi, un grand merci \u00e0 tous les professeurs, personnels et \u00e9l\u00e8ves qui se sont investis et sans qui, cette journ\u00e9e tr\u00e8s r\u00e9ussie ne pourrait avoir lieu\u00a0!<\/p>\n<p>&nbsp;<\/p>\n","protected":false},"excerpt":{"rendered":"<p>75 \u00e9l\u00e8ves de CM2\u00a0 ont \u00e9t\u00e9 accueillis au coll\u00e8ge Jeanne d&rsquo;Arc pour un temps d\u2019immersion. Au programme\u00a05 ateliers: d\u00e9couverte du TBI au travers des maths, du fran\u00e7ais ou de l\u2019histoire-g\u00e9ographie, initiation \u00e0 l\u2019allemand et \u00e0 l\u2019espagnol afin de les aider dans leur choix de LV2 et musique. La pause m\u00e9ridienne fut bien remplie\u00a0: repas\u00a0 au [&hellip;]<\/p>\n","protected":false},"author":12,"featured_media":0,"comment_status":"closed","ping_status":"open","sticky":false,"template":"","format":"standard","meta":{"_et_pb_use_builder":"","_et_pb_old_content":"","_et_gb_content_width":"","_jetpack_newsletter_access":"","_jetpack_dont_email_post_to_subs":false,"_jetpack_newsletter_tier_id":0,"_jetpack_memberships_contains_paywalled_content":false,"iawp_total_views":0,"_jetpack_memberships_contains_paid_content":false,"footnotes":""},"categories":[28],"tags":[],"class_list":["post-2083","post","type-post","status-publish","format-standard","hentry","category-actus"],"yoast_head":"<!-- This site is optimized with the Yoast SEO plugin v26.0 - https:\/\/yoast.com\/wordpress\/plugins\/seo\/ -->\n<title>Les CM2 d\u00e9couvrent le coll\u00e8ge<\/title>\n<meta name=\"description\" content=\"75 \u00e9l\u00e8ves de CM2\u00a0 ont \u00e9t\u00e9 accueillis au coll\u00e8ge Jeanne d&#039;Arc pour un temps d\u2019immersion. Au programme\u00a05 ateliers: d\u00e9couverte du TBI au travers des maths,\" \/>\n<meta name=\"robots\" content=\"index, follow, max-snippet:-1, max-image-preview:large, max-video-preview:-1\" \/>\n<link rel=\"canonical\" href=\"http:\/\/www.jeannedarc-figeac.fr\/college-lycee\/cm2-decouvrent-college\/\" \/>\n<meta property=\"og:locale\" content=\"fr_FR\" \/>\n<meta property=\"og:type\" content=\"article\" \/>\n<meta property=\"og:title\" content=\"Les CM2 d\u00e9couvrent le coll\u00e8ge\" \/>\n<meta property=\"og:description\" content=\"75 \u00e9l\u00e8ves de CM2\u00a0 ont \u00e9t\u00e9 accueillis au coll\u00e8ge Jeanne d&#039;Arc pour un temps d\u2019immersion. Au programme\u00a05 ateliers: d\u00e9couverte du TBI au travers des maths,\" \/>\n<meta property=\"og:url\" content=\"http:\/\/www.jeannedarc-figeac.fr\/college-lycee\/cm2-decouvrent-college\/\" \/>\n<meta property=\"og:site_name\" content=\"Coll\u00e8ge et Lyc\u00e9e Jeanne d&#039;Arc\" \/>\n<meta property=\"article:published_time\" content=\"2016-06-14T08:25:35+00:00\" \/>\n<meta property=\"og:image\" content=\"http:\/\/www.jeannedarc-figeac.fr\/college-lycee\/wp-content\/uploads\/sites\/5\/2016\/06\/IMAG0160-modifie-300x168.jpg\" \/>\n<meta name=\"author\" content=\"le secr\u00e9tariat\" \/>\n<script type=\"application\/ld+json\" class=\"yoast-schema-graph\">{\"@context\":\"https:\/\/schema.org\",\"@graph\":[{\"@type\":\"WebPage\",\"@id\":\"http:\/\/www.jeannedarc-figeac.fr\/college-lycee\/cm2-decouvrent-college\/\",\"url\":\"http:\/\/www.jeannedarc-figeac.fr\/college-lycee\/cm2-decouvrent-college\/\",\"name\":\"Les CM2 d\u00e9couvrent le coll\u00e8ge\",\"isPartOf\":{\"@id\":\"https:\/\/www.jeannedarc-figeac.fr\/college-lycee\/#website\"},\"primaryImageOfPage\":{\"@id\":\"http:\/\/www.jeannedarc-figeac.fr\/college-lycee\/cm2-decouvrent-college\/#primaryimage\"},\"image\":{\"@id\":\"http:\/\/www.jeannedarc-figeac.fr\/college-lycee\/cm2-decouvrent-college\/#primaryimage\"},\"thumbnailUrl\":\"http:\/\/www.jeannedarc-figeac.fr\/college-lycee\/wp-content\/uploads\/sites\/5\/2016\/06\/IMAG0160-modifie-300x168.jpg\",\"datePublished\":\"2016-06-14T08:25:35+00:00\",\"author\":{\"@id\":\"https:\/\/www.jeannedarc-figeac.fr\/college-lycee\/#\/schema\/person\/29e5764f28e895dc8bf41d4468f99154\"},\"description\":\"75 \u00e9l\u00e8ves de CM2\u00a0 ont \u00e9t\u00e9 accueillis au coll\u00e8ge Jeanne d'Arc pour un temps d\u2019immersion. Au programme\u00a05 ateliers: d\u00e9couverte du TBI au travers des maths,\",\"breadcrumb\":{\"@id\":\"http:\/\/www.jeannedarc-figeac.fr\/college-lycee\/cm2-decouvrent-college\/#breadcrumb\"},\"inLanguage\":\"fr-FR\",\"potentialAction\":[{\"@type\":\"ReadAction\",\"target\":[\"http:\/\/www.jeannedarc-figeac.fr\/college-lycee\/cm2-decouvrent-college\/\"]}]},{\"@type\":\"ImageObject\",\"inLanguage\":\"fr-FR\",\"@id\":\"http:\/\/www.jeannedarc-figeac.fr\/college-lycee\/cm2-decouvrent-college\/#primaryimage\",\"url\":\"https:\/\/i0.wp.com\/www.jeannedarc-figeac.fr\/college-lycee\/wp-content\/uploads\/sites\/5\/2016\/06\/IMAG0160-modifie.jpg?fit=1600%2C897&ssl=1\",\"contentUrl\":\"https:\/\/i0.wp.com\/www.jeannedarc-figeac.fr\/college-lycee\/wp-content\/uploads\/sites\/5\/2016\/06\/IMAG0160-modifie.jpg?fit=1600%2C897&ssl=1\",\"width\":1600,\"height\":897},{\"@type\":\"BreadcrumbList\",\"@id\":\"http:\/\/www.jeannedarc-figeac.fr\/college-lycee\/cm2-decouvrent-college\/#breadcrumb\",\"itemListElement\":[{\"@type\":\"ListItem\",\"position\":1,\"name\":\"Accueil\",\"item\":\"https:\/\/www.jeannedarc-figeac.fr\/college-lycee\/\"},{\"@type\":\"ListItem\",\"position\":2,\"name\":\"Actus\",\"item\":\"http:\/\/www.jeannedarc-figeac.fr\/college-lycee\/cat\/actus\/\"},{\"@type\":\"ListItem\",\"position\":3,\"name\":\"Les CM2 d\u00e9couvrent le coll\u00e8ge\"}]},{\"@type\":\"WebSite\",\"@id\":\"https:\/\/www.jeannedarc-figeac.fr\/college-lycee\/#website\",\"url\":\"https:\/\/www.jeannedarc-figeac.fr\/college-lycee\/\",\"name\":\"Coll\u00e8ge et Lyc\u00e9e Jeanne d&#039;Arc\",\"description\":\"Jeanne d&#039;Arc Figeac\",\"potentialAction\":[{\"@type\":\"SearchAction\",\"target\":{\"@type\":\"EntryPoint\",\"urlTemplate\":\"https:\/\/www.jeannedarc-figeac.fr\/college-lycee\/?s={search_term_string}\"},\"query-input\":{\"@type\":\"PropertyValueSpecification\",\"valueRequired\":true,\"valueName\":\"search_term_string\"}}],\"inLanguage\":\"fr-FR\"},{\"@type\":\"Person\",\"@id\":\"https:\/\/www.jeannedarc-figeac.fr\/college-lycee\/#\/schema\/person\/29e5764f28e895dc8bf41d4468f99154\",\"name\":\"le secr\u00e9tariat\",\"image\":{\"@type\":\"ImageObject\",\"inLanguage\":\"fr-FR\",\"@id\":\"https:\/\/www.jeannedarc-figeac.fr\/college-lycee\/#\/schema\/person\/image\/\",\"url\":\"https:\/\/www.jeannedarc-figeac.fr\/college-lycee\/wp-content\/litespeed\/avatar\/5\/b7e8da60f53ba4adc9e9e66d91d84580.jpg?ver=1776943645\",\"contentUrl\":\"https:\/\/www.jeannedarc-figeac.fr\/college-lycee\/wp-content\/litespeed\/avatar\/5\/b7e8da60f53ba4adc9e9e66d91d84580.jpg?ver=1776943645\",\"caption\":\"le secr\u00e9tariat\"},\"url\":\"https:\/\/www.jeannedarc-figeac.fr\/college-lycee\/author\/arlette\/\"}]}<\/script>\n<!-- \/ Yoast SEO plugin. -->","yoast_head_json":{"title":"Les CM2 d\u00e9couvrent le coll\u00e8ge","description":"75 \u00e9l\u00e8ves de CM2\u00a0 ont \u00e9t\u00e9 accueillis au coll\u00e8ge Jeanne d'Arc pour un temps d\u2019immersion. Au programme\u00a05 ateliers: d\u00e9couverte du TBI au travers des maths,","robots":{"index":"index","follow":"follow","max-snippet":"max-snippet:-1","max-image-preview":"max-image-preview:large","max-video-preview":"max-video-preview:-1"},"canonical":"http:\/\/www.jeannedarc-figeac.fr\/college-lycee\/cm2-decouvrent-college\/","og_locale":"fr_FR","og_type":"article","og_title":"Les CM2 d\u00e9couvrent le coll\u00e8ge","og_description":"75 \u00e9l\u00e8ves de CM2\u00a0 ont \u00e9t\u00e9 accueillis au coll\u00e8ge Jeanne d'Arc pour un temps d\u2019immersion. Au programme\u00a05 ateliers: d\u00e9couverte du TBI au travers des maths,","og_url":"http:\/\/www.jeannedarc-figeac.fr\/college-lycee\/cm2-decouvrent-college\/","og_site_name":"Coll\u00e8ge et Lyc\u00e9e Jeanne d&#039;Arc","article_published_time":"2016-06-14T08:25:35+00:00","og_image":[{"url":"http:\/\/www.jeannedarc-figeac.fr\/college-lycee\/wp-content\/uploads\/sites\/5\/2016\/06\/IMAG0160-modifie-300x168.jpg","type":"","width":"","height":""}],"author":"le secr\u00e9tariat","schema":{"@context":"https:\/\/schema.org","@graph":[{"@type":"WebPage","@id":"http:\/\/www.jeannedarc-figeac.fr\/college-lycee\/cm2-decouvrent-college\/","url":"http:\/\/www.jeannedarc-figeac.fr\/college-lycee\/cm2-decouvrent-college\/","name":"Les CM2 d\u00e9couvrent le coll\u00e8ge","isPartOf":{"@id":"https:\/\/www.jeannedarc-figeac.fr\/college-lycee\/#website"},"primaryImageOfPage":{"@id":"http:\/\/www.jeannedarc-figeac.fr\/college-lycee\/cm2-decouvrent-college\/#primaryimage"},"image":{"@id":"http:\/\/www.jeannedarc-figeac.fr\/college-lycee\/cm2-decouvrent-college\/#primaryimage"},"thumbnailUrl":"http:\/\/www.jeannedarc-figeac.fr\/college-lycee\/wp-content\/uploads\/sites\/5\/2016\/06\/IMAG0160-modifie-300x168.jpg","datePublished":"2016-06-14T08:25:35+00:00","author":{"@id":"https:\/\/www.jeannedarc-figeac.fr\/college-lycee\/#\/schema\/person\/29e5764f28e895dc8bf41d4468f99154"},"description":"75 \u00e9l\u00e8ves de CM2\u00a0 ont \u00e9t\u00e9 accueillis au coll\u00e8ge Jeanne d'Arc pour un temps d\u2019immersion. Au programme\u00a05 ateliers: d\u00e9couverte du TBI au travers des maths,","breadcrumb":{"@id":"http:\/\/www.jeannedarc-figeac.fr\/college-lycee\/cm2-decouvrent-college\/#breadcrumb"},"inLanguage":"fr-FR","potentialAction":[{"@type":"ReadAction","target":["http:\/\/www.jeannedarc-figeac.fr\/college-lycee\/cm2-decouvrent-college\/"]}]},{"@type":"ImageObject","inLanguage":"fr-FR","@id":"http:\/\/www.jeannedarc-figeac.fr\/college-lycee\/cm2-decouvrent-college\/#primaryimage","url":"https:\/\/i0.wp.com\/www.jeannedarc-figeac.fr\/college-lycee\/wp-content\/uploads\/sites\/5\/2016\/06\/IMAG0160-modifie.jpg?fit=1600%2C897&ssl=1","contentUrl":"https:\/\/i0.wp.com\/www.jeannedarc-figeac.fr\/college-lycee\/wp-content\/uploads\/sites\/5\/2016\/06\/IMAG0160-modifie.jpg?fit=1600%2C897&ssl=1","width":1600,"height":897},{"@type":"BreadcrumbList","@id":"http:\/\/www.jeannedarc-figeac.fr\/college-lycee\/cm2-decouvrent-college\/#breadcrumb","itemListElement":[{"@type":"ListItem","position":1,"name":"Accueil","item":"https:\/\/www.jeannedarc-figeac.fr\/college-lycee\/"},{"@type":"ListItem","position":2,"name":"Actus","item":"http:\/\/www.jeannedarc-figeac.fr\/college-lycee\/cat\/actus\/"},{"@type":"ListItem","position":3,"name":"Les CM2 d\u00e9couvrent le coll\u00e8ge"}]},{"@type":"WebSite","@id":"https:\/\/www.jeannedarc-figeac.fr\/college-lycee\/#website","url":"https:\/\/www.jeannedarc-figeac.fr\/college-lycee\/","name":"Coll\u00e8ge et Lyc\u00e9e Jeanne d&#039;Arc","description":"Jeanne d&#039;Arc Figeac","potentialAction":[{"@type":"SearchAction","target":{"@type":"EntryPoint","urlTemplate":"https:\/\/www.jeannedarc-figeac.fr\/college-lycee\/?s={search_term_string}"},"query-input":{"@type":"PropertyValueSpecification","valueRequired":true,"valueName":"search_term_string"}}],"inLanguage":"fr-FR"},{"@type":"Person","@id":"https:\/\/www.jeannedarc-figeac.fr\/college-lycee\/#\/schema\/person\/29e5764f28e895dc8bf41d4468f99154","name":"le secr\u00e9tariat","image":{"@type":"ImageObject","inLanguage":"fr-FR","@id":"https:\/\/www.jeannedarc-figeac.fr\/college-lycee\/#\/schema\/person\/image\/","url":"https:\/\/www.jeannedarc-figeac.fr\/college-lycee\/wp-content\/litespeed\/avatar\/5\/b7e8da60f53ba4adc9e9e66d91d84580.jpg?ver=1776943645","contentUrl":"https:\/\/www.jeannedarc-figeac.fr\/college-lycee\/wp-content\/litespeed\/avatar\/5\/b7e8da60f53ba4adc9e9e66d91d84580.jpg?ver=1776943645","caption":"le secr\u00e9tariat"},"url":"https:\/\/www.jeannedarc-figeac.fr\/college-lycee\/author\/arlette\/"}]}},"jetpack_featured_media_url":"","jetpack_sharing_enabled":true,"jetpack_shortlink":"https:\/\/wp.me\/p5Qyb6-xB","_links":{"self":[{"href":"https:\/\/www.jeannedarc-figeac.fr\/college-lycee\/wp-json\/wp\/v2\/posts\/2083","targetHints":{"allow":["GET"]}}],"collection":[{"href":"https:\/\/www.jeannedarc-figeac.fr\/college-lycee\/wp-json\/wp\/v2\/posts"}],"about":[{"href":"https:\/\/www.jeannedarc-figeac.fr\/college-lycee\/wp-json\/wp\/v2\/types\/post"}],"author":[{"embeddable":true,"href":"https:\/\/www.jeannedarc-figeac.fr\/college-lycee\/wp-json\/wp\/v2\/users\/12"}],"replies":[{"embeddable":true,"href":"https:\/\/www.jeannedarc-figeac.fr\/college-lycee\/wp-json\/wp\/v2\/comments?post=2083"}],"version-history":[{"count":1,"href":"https:\/\/www.jeannedarc-figeac.fr\/college-lycee\/wp-json\/wp\/v2\/posts\/2083\/revisions"}],"predecessor-version":[{"id":2086,"href":"https:\/\/www.jeannedarc-figeac.fr\/college-lycee\/wp-json\/wp\/v2\/posts\/2083\/revisions\/2086"}],"wp:attachment":[{"href":"https:\/\/www.jeannedarc-figeac.fr\/college-lycee\/wp-json\/wp\/v2\/media?parent=2083"}],"wp:term":[{"taxonomy":"category","embeddable":true,"href":"https:\/\/www.jeannedarc-figeac.fr\/college-lycee\/wp-json\/wp\/v2\/categories?post=2083"},{"taxonomy":"post_tag","embeddable":true,"href":"https:\/\/www.jeannedarc-figeac.fr\/college-lycee\/wp-json\/wp\/v2\/tags?post=2083"}],"curies":[{"name":"wp","href":"https:\/\/api.w.org\/{rel}","templated":true}]}}