{"id":2062,"date":"2016-05-25T09:49:01","date_gmt":"2016-05-25T09:49:01","guid":{"rendered":"http:\/\/www.jeannedarc-figeac.fr\/college-lycee\/?p=2062"},"modified":"2016-05-25T09:49:01","modified_gmt":"2016-05-25T09:49:01","slug":"2062-2","status":"publish","type":"post","link":"https:\/\/www.jeannedarc-figeac.fr\/college-lycee\/2062-2\/","title":{"rendered":"Les 5\u00e8me font de la moto au Domaine d&rsquo;Auzoles"},"content":{"rendered":"<p><a href=\"https:\/\/i0.wp.com\/www.jeannedarc-figeac.fr\/college-lycee\/wp-content\/uploads\/sites\/5\/2016\/05\/DSC_0085-modifi%C3%A9.jpg\"><img data-recalc-dims=\"1\" loading=\"lazy\" decoding=\"async\" class=\"alignnone size-medium wp-image-2063\" src=\"https:\/\/i0.wp.com\/www.jeannedarc-figeac.fr\/college-lycee\/wp-content\/uploads\/sites\/5\/2016\/05\/DSC_0085-modifi%C3%A9.jpg?resize=300%2C169\" alt=\"DSC_0085 modifi\u00e9\" width=\"300\" height=\"169\" srcset=\"https:\/\/i0.wp.com\/www.jeannedarc-figeac.fr\/college-lycee\/wp-content\/uploads\/sites\/5\/2016\/05\/DSC_0085-modifi%C3%A9.jpg?resize=300%2C169&amp;ssl=1 300w, https:\/\/i0.wp.com\/www.jeannedarc-figeac.fr\/college-lycee\/wp-content\/uploads\/sites\/5\/2016\/05\/DSC_0085-modifi%C3%A9.jpg?resize=768%2C432&amp;ssl=1 768w, https:\/\/i0.wp.com\/www.jeannedarc-figeac.fr\/college-lycee\/wp-content\/uploads\/sites\/5\/2016\/05\/DSC_0085-modifi%C3%A9.jpg?resize=1024%2C576&amp;ssl=1 1024w, https:\/\/i0.wp.com\/www.jeannedarc-figeac.fr\/college-lycee\/wp-content\/uploads\/sites\/5\/2016\/05\/DSC_0085-modifi%C3%A9.jpg?resize=1080%2C608&amp;ssl=1 1080w, https:\/\/i0.wp.com\/www.jeannedarc-figeac.fr\/college-lycee\/wp-content\/uploads\/sites\/5\/2016\/05\/DSC_0085-modifi%C3%A9.jpg?w=1600&amp;ssl=1 1600w\" sizes=\"(max-width: 300px) 100vw, 300px\" \/><\/a><a href=\"https:\/\/i0.wp.com\/www.jeannedarc-figeac.fr\/college-lycee\/wp-content\/uploads\/sites\/5\/2016\/05\/DSC_0156-modifi%C3%A9.jpg\"><img data-recalc-dims=\"1\" loading=\"lazy\" decoding=\"async\" class=\"alignnone size-medium wp-image-2064\" src=\"https:\/\/i0.wp.com\/www.jeannedarc-figeac.fr\/college-lycee\/wp-content\/uploads\/sites\/5\/2016\/05\/DSC_0156-modifi%C3%A9.jpg?resize=169%2C300\" alt=\"DSC_0156 modifi\u00e9\" width=\"169\" height=\"300\" srcset=\"https:\/\/i0.wp.com\/www.jeannedarc-figeac.fr\/college-lycee\/wp-content\/uploads\/sites\/5\/2016\/05\/DSC_0156-modifi%C3%A9.jpg?resize=169%2C300&amp;ssl=1 169w, https:\/\/i0.wp.com\/www.jeannedarc-figeac.fr\/college-lycee\/wp-content\/uploads\/sites\/5\/2016\/05\/DSC_0156-modifi%C3%A9.jpg?resize=768%2C1365&amp;ssl=1 768w, https:\/\/i0.wp.com\/www.jeannedarc-figeac.fr\/college-lycee\/wp-content\/uploads\/sites\/5\/2016\/05\/DSC_0156-modifi%C3%A9.jpg?resize=576%2C1024&amp;ssl=1 576w, https:\/\/i0.wp.com\/www.jeannedarc-figeac.fr\/college-lycee\/wp-content\/uploads\/sites\/5\/2016\/05\/DSC_0156-modifi%C3%A9.jpg?resize=1080%2C1920&amp;ssl=1 1080w, https:\/\/i0.wp.com\/www.jeannedarc-figeac.fr\/college-lycee\/wp-content\/uploads\/sites\/5\/2016\/05\/DSC_0156-modifi%C3%A9.jpg?w=1600&amp;ssl=1 1600w\" sizes=\"(max-width: 169px) 100vw, 169px\" \/><\/a><\/p>\n<p>Cette ann\u00e9e encore, les \u00e9l\u00e8ves de cinqui\u00e8me ont \u00e9t\u00e9 accueillis au Domaine d&rsquo;Auzoles pour deux journ\u00e9es de th\u00e9orie et de pratique concernant la moto.<\/p>\n<p>Les jeunes \u00e9l\u00e8ves ont \u00e9t\u00e9 sensibilis\u00e9s aux droits et devoirs des possesseurs de deux roues \u00e0 moteur (\u00e9quipements homologu\u00e9s, papiers indispensables \u2026). Ils ont ensuite altern\u00e9 les activit\u00e9s autour du code de la route (diaporamas, simulateur&#8230;) et celles destin\u00e9es \u00e0 la pratique tr\u00e8s progressive de la moto. Apr\u00e8s quelques glissades sans cons\u00e9quence sur l&rsquo;herbe mouill\u00e9e, les \u00e9l\u00e8ves se sont tr\u00e8s bien d\u00e9brouill\u00e9s.<\/p>\n<p>Les derni\u00e8res heures se d\u00e9roulaient sur un petit circuit balis\u00e9 (par eux-m\u00eames) \u00e0 l&rsquo;aide de panneaux routiers qui a permis aux jeunes motards de s&rsquo;essayer en situation (respect des balises, des stops et des passages-pi\u00e9tons, freinage, acc\u00e9l\u00e9ration, distances de s\u00e9curit\u00e9&#8230;).<\/p>\n<p>Cette exp\u00e9rience renouvel\u00e9e chaque ann\u00e9e est riche de sensations et d&rsquo;enseignements.<\/p>\n<p>Souhaitons bonne route \u00e0 nos futurs motards.<\/p>\n<p>&nbsp;<\/p>\n","protected":false},"excerpt":{"rendered":"<p>Cette ann\u00e9e encore, les \u00e9l\u00e8ves de cinqui\u00e8me ont \u00e9t\u00e9 accueillis au Domaine d&rsquo;Auzoles pour deux journ\u00e9es de th\u00e9orie et de pratique concernant la moto. Les jeunes \u00e9l\u00e8ves ont \u00e9t\u00e9 sensibilis\u00e9s aux droits et devoirs des possesseurs de deux roues \u00e0 moteur (\u00e9quipements homologu\u00e9s, papiers indispensables \u2026). Ils ont ensuite altern\u00e9 les activit\u00e9s autour du code [&hellip;]<\/p>\n","protected":false},"author":12,"featured_media":0,"comment_status":"closed","ping_status":"open","sticky":false,"template":"","format":"standard","meta":{"_et_pb_use_builder":"","_et_pb_old_content":"","_et_gb_content_width":"","_jetpack_newsletter_access":"","_jetpack_dont_email_post_to_subs":false,"_jetpack_newsletter_tier_id":0,"_jetpack_memberships_contains_paywalled_content":false,"iawp_total_views":0,"_jetpack_memberships_contains_paid_content":false,"footnotes":""},"categories":[28],"tags":[],"class_list":["post-2062","post","type-post","status-publish","format-standard","hentry","category-actus"],"yoast_head":"<!-- This site is optimized with the Yoast SEO plugin v26.0 - https:\/\/yoast.com\/wordpress\/plugins\/seo\/ -->\n<title>Les 5\u00e8me font de la moto au Domaine d&#039;Auzoles<\/title>\n<meta name=\"description\" content=\"Cette ann\u00e9e encore, les \u00e9l\u00e8ves de cinqui\u00e8me ont \u00e9t\u00e9 accueillis au Domaine d&#039;Auzoles pour deux journ\u00e9es de th\u00e9orie et de pratique concernant la moto. Les\" \/>\n<meta name=\"robots\" content=\"index, follow, max-snippet:-1, max-image-preview:large, max-video-preview:-1\" \/>\n<link rel=\"canonical\" href=\"http:\/\/www.jeannedarc-figeac.fr\/college-lycee\/2062-2\/\" \/>\n<meta property=\"og:locale\" content=\"fr_FR\" \/>\n<meta property=\"og:type\" content=\"article\" \/>\n<meta property=\"og:title\" content=\"Les 5\u00e8me font de la moto au Domaine d&#039;Auzoles\" \/>\n<meta property=\"og:description\" content=\"Cette ann\u00e9e encore, les \u00e9l\u00e8ves de cinqui\u00e8me ont \u00e9t\u00e9 accueillis au Domaine d&#039;Auzoles pour deux journ\u00e9es de th\u00e9orie et de pratique concernant la moto. Les\" \/>\n<meta property=\"og:url\" content=\"http:\/\/www.jeannedarc-figeac.fr\/college-lycee\/2062-2\/\" \/>\n<meta property=\"og:site_name\" content=\"Coll\u00e8ge et Lyc\u00e9e Jeanne d&#039;Arc\" \/>\n<meta property=\"article:published_time\" content=\"2016-05-25T09:49:01+00:00\" \/>\n<meta name=\"author\" content=\"le secr\u00e9tariat\" \/>\n<script type=\"application\/ld+json\" class=\"yoast-schema-graph\">{\"@context\":\"https:\/\/schema.org\",\"@graph\":[{\"@type\":\"WebPage\",\"@id\":\"http:\/\/www.jeannedarc-figeac.fr\/college-lycee\/2062-2\/\",\"url\":\"http:\/\/www.jeannedarc-figeac.fr\/college-lycee\/2062-2\/\",\"name\":\"Les 5\u00e8me font de la moto au Domaine d'Auzoles\",\"isPartOf\":{\"@id\":\"https:\/\/www.jeannedarc-figeac.fr\/college-lycee\/#website\"},\"datePublished\":\"2016-05-25T09:49:01+00:00\",\"author\":{\"@id\":\"https:\/\/www.jeannedarc-figeac.fr\/college-lycee\/#\/schema\/person\/29e5764f28e895dc8bf41d4468f99154\"},\"description\":\"Cette ann\u00e9e encore, les \u00e9l\u00e8ves de cinqui\u00e8me ont \u00e9t\u00e9 accueillis au Domaine d'Auzoles pour deux journ\u00e9es de th\u00e9orie et de pratique concernant la moto. Les\",\"breadcrumb\":{\"@id\":\"http:\/\/www.jeannedarc-figeac.fr\/college-lycee\/2062-2\/#breadcrumb\"},\"inLanguage\":\"fr-FR\",\"potentialAction\":[{\"@type\":\"ReadAction\",\"target\":[\"http:\/\/www.jeannedarc-figeac.fr\/college-lycee\/2062-2\/\"]}]},{\"@type\":\"BreadcrumbList\",\"@id\":\"http:\/\/www.jeannedarc-figeac.fr\/college-lycee\/2062-2\/#breadcrumb\",\"itemListElement\":[{\"@type\":\"ListItem\",\"position\":1,\"name\":\"Accueil\",\"item\":\"https:\/\/www.jeannedarc-figeac.fr\/college-lycee\/\"},{\"@type\":\"ListItem\",\"position\":2,\"name\":\"Actus\",\"item\":\"http:\/\/www.jeannedarc-figeac.fr\/college-lycee\/cat\/actus\/\"},{\"@type\":\"ListItem\",\"position\":3,\"name\":\"Les 5\u00e8me font de la moto au Domaine d&rsquo;Auzoles\"}]},{\"@type\":\"WebSite\",\"@id\":\"https:\/\/www.jeannedarc-figeac.fr\/college-lycee\/#website\",\"url\":\"https:\/\/www.jeannedarc-figeac.fr\/college-lycee\/\",\"name\":\"Coll\u00e8ge et Lyc\u00e9e Jeanne d&#039;Arc\",\"description\":\"Jeanne d&#039;Arc Figeac\",\"potentialAction\":[{\"@type\":\"SearchAction\",\"target\":{\"@type\":\"EntryPoint\",\"urlTemplate\":\"https:\/\/www.jeannedarc-figeac.fr\/college-lycee\/?s={search_term_string}\"},\"query-input\":{\"@type\":\"PropertyValueSpecification\",\"valueRequired\":true,\"valueName\":\"search_term_string\"}}],\"inLanguage\":\"fr-FR\"},{\"@type\":\"Person\",\"@id\":\"https:\/\/www.jeannedarc-figeac.fr\/college-lycee\/#\/schema\/person\/29e5764f28e895dc8bf41d4468f99154\",\"name\":\"le secr\u00e9tariat\",\"image\":{\"@type\":\"ImageObject\",\"inLanguage\":\"fr-FR\",\"@id\":\"https:\/\/www.jeannedarc-figeac.fr\/college-lycee\/#\/schema\/person\/image\/\",\"url\":\"https:\/\/www.jeannedarc-figeac.fr\/college-lycee\/wp-content\/litespeed\/avatar\/5\/b7e8da60f53ba4adc9e9e66d91d84580.jpg?ver=1776943645\",\"contentUrl\":\"https:\/\/www.jeannedarc-figeac.fr\/college-lycee\/wp-content\/litespeed\/avatar\/5\/b7e8da60f53ba4adc9e9e66d91d84580.jpg?ver=1776943645\",\"caption\":\"le secr\u00e9tariat\"},\"url\":\"https:\/\/www.jeannedarc-figeac.fr\/college-lycee\/author\/arlette\/\"}]}<\/script>\n<!-- \/ Yoast SEO plugin. -->","yoast_head_json":{"title":"Les 5\u00e8me font de la moto au Domaine d'Auzoles","description":"Cette ann\u00e9e encore, les \u00e9l\u00e8ves de cinqui\u00e8me ont \u00e9t\u00e9 accueillis au Domaine d'Auzoles pour deux journ\u00e9es de th\u00e9orie et de pratique concernant la moto. Les","robots":{"index":"index","follow":"follow","max-snippet":"max-snippet:-1","max-image-preview":"max-image-preview:large","max-video-preview":"max-video-preview:-1"},"canonical":"http:\/\/www.jeannedarc-figeac.fr\/college-lycee\/2062-2\/","og_locale":"fr_FR","og_type":"article","og_title":"Les 5\u00e8me font de la moto au Domaine d'Auzoles","og_description":"Cette ann\u00e9e encore, les \u00e9l\u00e8ves de cinqui\u00e8me ont \u00e9t\u00e9 accueillis au Domaine d'Auzoles pour deux journ\u00e9es de th\u00e9orie et de pratique concernant la moto. Les","og_url":"http:\/\/www.jeannedarc-figeac.fr\/college-lycee\/2062-2\/","og_site_name":"Coll\u00e8ge et Lyc\u00e9e Jeanne d&#039;Arc","article_published_time":"2016-05-25T09:49:01+00:00","author":"le secr\u00e9tariat","schema":{"@context":"https:\/\/schema.org","@graph":[{"@type":"WebPage","@id":"http:\/\/www.jeannedarc-figeac.fr\/college-lycee\/2062-2\/","url":"http:\/\/www.jeannedarc-figeac.fr\/college-lycee\/2062-2\/","name":"Les 5\u00e8me font de la moto au Domaine d'Auzoles","isPartOf":{"@id":"https:\/\/www.jeannedarc-figeac.fr\/college-lycee\/#website"},"datePublished":"2016-05-25T09:49:01+00:00","author":{"@id":"https:\/\/www.jeannedarc-figeac.fr\/college-lycee\/#\/schema\/person\/29e5764f28e895dc8bf41d4468f99154"},"description":"Cette ann\u00e9e encore, les \u00e9l\u00e8ves de cinqui\u00e8me ont \u00e9t\u00e9 accueillis au Domaine d'Auzoles pour deux journ\u00e9es de th\u00e9orie et de pratique concernant la moto. Les","breadcrumb":{"@id":"http:\/\/www.jeannedarc-figeac.fr\/college-lycee\/2062-2\/#breadcrumb"},"inLanguage":"fr-FR","potentialAction":[{"@type":"ReadAction","target":["http:\/\/www.jeannedarc-figeac.fr\/college-lycee\/2062-2\/"]}]},{"@type":"BreadcrumbList","@id":"http:\/\/www.jeannedarc-figeac.fr\/college-lycee\/2062-2\/#breadcrumb","itemListElement":[{"@type":"ListItem","position":1,"name":"Accueil","item":"https:\/\/www.jeannedarc-figeac.fr\/college-lycee\/"},{"@type":"ListItem","position":2,"name":"Actus","item":"http:\/\/www.jeannedarc-figeac.fr\/college-lycee\/cat\/actus\/"},{"@type":"ListItem","position":3,"name":"Les 5\u00e8me font de la moto au Domaine d&rsquo;Auzoles"}]},{"@type":"WebSite","@id":"https:\/\/www.jeannedarc-figeac.fr\/college-lycee\/#website","url":"https:\/\/www.jeannedarc-figeac.fr\/college-lycee\/","name":"Coll\u00e8ge et Lyc\u00e9e Jeanne d&#039;Arc","description":"Jeanne d&#039;Arc Figeac","potentialAction":[{"@type":"SearchAction","target":{"@type":"EntryPoint","urlTemplate":"https:\/\/www.jeannedarc-figeac.fr\/college-lycee\/?s={search_term_string}"},"query-input":{"@type":"PropertyValueSpecification","valueRequired":true,"valueName":"search_term_string"}}],"inLanguage":"fr-FR"},{"@type":"Person","@id":"https:\/\/www.jeannedarc-figeac.fr\/college-lycee\/#\/schema\/person\/29e5764f28e895dc8bf41d4468f99154","name":"le secr\u00e9tariat","image":{"@type":"ImageObject","inLanguage":"fr-FR","@id":"https:\/\/www.jeannedarc-figeac.fr\/college-lycee\/#\/schema\/person\/image\/","url":"https:\/\/www.jeannedarc-figeac.fr\/college-lycee\/wp-content\/litespeed\/avatar\/5\/b7e8da60f53ba4adc9e9e66d91d84580.jpg?ver=1776943645","contentUrl":"https:\/\/www.jeannedarc-figeac.fr\/college-lycee\/wp-content\/litespeed\/avatar\/5\/b7e8da60f53ba4adc9e9e66d91d84580.jpg?ver=1776943645","caption":"le secr\u00e9tariat"},"url":"https:\/\/www.jeannedarc-figeac.fr\/college-lycee\/author\/arlette\/"}]}},"jetpack_featured_media_url":"","jetpack_sharing_enabled":true,"jetpack_shortlink":"https:\/\/wp.me\/p5Qyb6-xg","_links":{"self":[{"href":"https:\/\/www.jeannedarc-figeac.fr\/college-lycee\/wp-json\/wp\/v2\/posts\/2062","targetHints":{"allow":["GET"]}}],"collection":[{"href":"https:\/\/www.jeannedarc-figeac.fr\/college-lycee\/wp-json\/wp\/v2\/posts"}],"about":[{"href":"https:\/\/www.jeannedarc-figeac.fr\/college-lycee\/wp-json\/wp\/v2\/types\/post"}],"author":[{"embeddable":true,"href":"https:\/\/www.jeannedarc-figeac.fr\/college-lycee\/wp-json\/wp\/v2\/users\/12"}],"replies":[{"embeddable":true,"href":"https:\/\/www.jeannedarc-figeac.fr\/college-lycee\/wp-json\/wp\/v2\/comments?post=2062"}],"version-history":[{"count":1,"href":"https:\/\/www.jeannedarc-figeac.fr\/college-lycee\/wp-json\/wp\/v2\/posts\/2062\/revisions"}],"predecessor-version":[{"id":2065,"href":"https:\/\/www.jeannedarc-figeac.fr\/college-lycee\/wp-json\/wp\/v2\/posts\/2062\/revisions\/2065"}],"wp:attachment":[{"href":"https:\/\/www.jeannedarc-figeac.fr\/college-lycee\/wp-json\/wp\/v2\/media?parent=2062"}],"wp:term":[{"taxonomy":"category","embeddable":true,"href":"https:\/\/www.jeannedarc-figeac.fr\/college-lycee\/wp-json\/wp\/v2\/categories?post=2062"},{"taxonomy":"post_tag","embeddable":true,"href":"https:\/\/www.jeannedarc-figeac.fr\/college-lycee\/wp-json\/wp\/v2\/tags?post=2062"}],"curies":[{"name":"wp","href":"https:\/\/api.w.org\/{rel}","templated":true}]}}