{"id":1983,"date":"2016-05-17T09:17:34","date_gmt":"2016-05-17T09:17:34","guid":{"rendered":"http:\/\/www.jeannedarc-figeac.fr\/college-lycee\/?p=1983"},"modified":"2016-05-17T09:17:34","modified_gmt":"2016-05-17T09:17:34","slug":"5-eleves-participent-a-conference-colonel-baux-femmes-de-figeac-apres-grande-rafle-12-mai-1944","status":"publish","type":"post","link":"https:\/\/www.jeannedarc-figeac.fr\/college-lycee\/5-eleves-participent-a-conference-colonel-baux-femmes-de-figeac-apres-grande-rafle-12-mai-1944\/","title":{"rendered":"5 \u00e9l\u00e8ves participent \u00e0 la conf\u00e9rence du Colonel BAUX:  Les femmes de Figeac apr\u00e8s la Grande Rafle du 12 mai 1944."},"content":{"rendered":"<p><a href=\"https:\/\/i0.wp.com\/www.jeannedarc-figeac.fr\/college-lycee\/wp-content\/uploads\/sites\/5\/2016\/05\/P1290040-modifi%C3%A9.jpg\"><img data-recalc-dims=\"1\" loading=\"lazy\" decoding=\"async\" class=\"alignnone size-medium wp-image-1984\" src=\"https:\/\/i0.wp.com\/www.jeannedarc-figeac.fr\/college-lycee\/wp-content\/uploads\/sites\/5\/2016\/05\/P1290040-modifi%C3%A9.jpg?resize=300%2C225\" alt=\"P1290040 modifi\u00e9\" width=\"300\" height=\"225\" srcset=\"https:\/\/i0.wp.com\/www.jeannedarc-figeac.fr\/college-lycee\/wp-content\/uploads\/sites\/5\/2016\/05\/P1290040-modifi%C3%A9.jpg?resize=300%2C225&amp;ssl=1 300w, https:\/\/i0.wp.com\/www.jeannedarc-figeac.fr\/college-lycee\/wp-content\/uploads\/sites\/5\/2016\/05\/P1290040-modifi%C3%A9.jpg?resize=768%2C576&amp;ssl=1 768w, https:\/\/i0.wp.com\/www.jeannedarc-figeac.fr\/college-lycee\/wp-content\/uploads\/sites\/5\/2016\/05\/P1290040-modifi%C3%A9.jpg?resize=1024%2C768&amp;ssl=1 1024w, https:\/\/i0.wp.com\/www.jeannedarc-figeac.fr\/college-lycee\/wp-content\/uploads\/sites\/5\/2016\/05\/P1290040-modifi%C3%A9.jpg?resize=1080%2C810&amp;ssl=1 1080w, https:\/\/i0.wp.com\/www.jeannedarc-figeac.fr\/college-lycee\/wp-content\/uploads\/sites\/5\/2016\/05\/P1290040-modifi%C3%A9.jpg?w=1600&amp;ssl=1 1600w\" sizes=\"(max-width: 300px) 100vw, 300px\" \/><\/a><\/p>\n<p>C&rsquo;est \u00e0 la Salle Bal\u00e8ne, en soir\u00e9e, devant une assembl\u00e9e de pr\u00e8s de 150 personnes, que 5 de nos \u00e9l\u00e8ves de 1\u00e8re et Tle ont lu, au long de la conf\u00e9rence, des extraits \u00e9mouvants de t\u00e9moignages de femmes qui ont su \u00ab\u00a0faire front\u00a0\u00bb aux tragiques \u00e9v\u00e8nements. Un engagement courageux de la part de nos jeunes aussi, face \u00e0 une telle assistance: ils ont d&rsquo;ailleurs \u00e9t\u00e9 f\u00e9licit\u00e9s par Monsieur le Maire de Figeac, Monsieur le Sous-Pr\u00e9fet de Figeac et par les responsables de l&rsquo;association <i>Relais du Souvenir et de la Paix<\/i>.<\/p>\n<p>&nbsp;<\/p>\n","protected":false},"excerpt":{"rendered":"<p>C&rsquo;est \u00e0 la Salle Bal\u00e8ne, en soir\u00e9e, devant une assembl\u00e9e de pr\u00e8s de 150 personnes, que 5 de nos \u00e9l\u00e8ves de 1\u00e8re et Tle ont lu, au long de la conf\u00e9rence, des extraits \u00e9mouvants de t\u00e9moignages de femmes qui ont su \u00ab\u00a0faire front\u00a0\u00bb aux tragiques \u00e9v\u00e8nements. Un engagement courageux de la part de nos jeunes [&hellip;]<\/p>\n","protected":false},"author":12,"featured_media":0,"comment_status":"closed","ping_status":"open","sticky":false,"template":"","format":"standard","meta":{"_et_pb_use_builder":"","_et_pb_old_content":"","_et_gb_content_width":"","_jetpack_newsletter_access":"","_jetpack_dont_email_post_to_subs":false,"_jetpack_newsletter_tier_id":0,"_jetpack_memberships_contains_paywalled_content":false,"iawp_total_views":0,"_jetpack_memberships_contains_paid_content":false,"footnotes":""},"categories":[28],"tags":[],"class_list":["post-1983","post","type-post","status-publish","format-standard","hentry","category-actus"],"yoast_head":"<!-- This site is optimized with the Yoast SEO plugin v26.0 - https:\/\/yoast.com\/wordpress\/plugins\/seo\/ -->\n<title>5 \u00e9l\u00e8ves participent \u00e0 la conf\u00e9rence du Colonel BAUX: Les femmes de Figeac apr\u00e8s la Grande Rafle du 12 mai 1944.<\/title>\n<meta name=\"description\" content=\"C&#039;est \u00e0 la Salle Bal\u00e8ne, en soir\u00e9e, devant une assembl\u00e9e de pr\u00e8s de 150 personnes, que 5 de nos \u00e9l\u00e8ves de 1\u00e8re et Tle ont lu, au long de la conf\u00e9rence,\" \/>\n<meta name=\"robots\" content=\"index, follow, max-snippet:-1, max-image-preview:large, max-video-preview:-1\" \/>\n<link rel=\"canonical\" href=\"http:\/\/www.jeannedarc-figeac.fr\/college-lycee\/5-eleves-participent-a-conference-colonel-baux-femmes-de-figeac-apres-grande-rafle-12-mai-1944\/\" \/>\n<meta property=\"og:locale\" content=\"fr_FR\" \/>\n<meta property=\"og:type\" content=\"article\" \/>\n<meta property=\"og:title\" content=\"5 \u00e9l\u00e8ves participent \u00e0 la conf\u00e9rence du Colonel BAUX: Les femmes de Figeac apr\u00e8s la Grande Rafle du 12 mai 1944.\" \/>\n<meta property=\"og:description\" content=\"C&#039;est \u00e0 la Salle Bal\u00e8ne, en soir\u00e9e, devant une assembl\u00e9e de pr\u00e8s de 150 personnes, que 5 de nos \u00e9l\u00e8ves de 1\u00e8re et Tle ont lu, au long de la conf\u00e9rence,\" \/>\n<meta property=\"og:url\" content=\"http:\/\/www.jeannedarc-figeac.fr\/college-lycee\/5-eleves-participent-a-conference-colonel-baux-femmes-de-figeac-apres-grande-rafle-12-mai-1944\/\" \/>\n<meta property=\"og:site_name\" content=\"Coll\u00e8ge et Lyc\u00e9e Jeanne d&#039;Arc\" \/>\n<meta property=\"article:published_time\" content=\"2016-05-17T09:17:34+00:00\" \/>\n<meta name=\"author\" content=\"le secr\u00e9tariat\" \/>\n<script type=\"application\/ld+json\" class=\"yoast-schema-graph\">{\"@context\":\"https:\/\/schema.org\",\"@graph\":[{\"@type\":\"WebPage\",\"@id\":\"http:\/\/www.jeannedarc-figeac.fr\/college-lycee\/5-eleves-participent-a-conference-colonel-baux-femmes-de-figeac-apres-grande-rafle-12-mai-1944\/\",\"url\":\"http:\/\/www.jeannedarc-figeac.fr\/college-lycee\/5-eleves-participent-a-conference-colonel-baux-femmes-de-figeac-apres-grande-rafle-12-mai-1944\/\",\"name\":\"5 \u00e9l\u00e8ves participent \u00e0 la conf\u00e9rence du Colonel BAUX: Les femmes de Figeac apr\u00e8s la Grande Rafle du 12 mai 1944.\",\"isPartOf\":{\"@id\":\"https:\/\/www.jeannedarc-figeac.fr\/college-lycee\/#website\"},\"datePublished\":\"2016-05-17T09:17:34+00:00\",\"author\":{\"@id\":\"https:\/\/www.jeannedarc-figeac.fr\/college-lycee\/#\/schema\/person\/29e5764f28e895dc8bf41d4468f99154\"},\"description\":\"C'est \u00e0 la Salle Bal\u00e8ne, en soir\u00e9e, devant une assembl\u00e9e de pr\u00e8s de 150 personnes, que 5 de nos \u00e9l\u00e8ves de 1\u00e8re et Tle ont lu, au long de la conf\u00e9rence,\",\"breadcrumb\":{\"@id\":\"http:\/\/www.jeannedarc-figeac.fr\/college-lycee\/5-eleves-participent-a-conference-colonel-baux-femmes-de-figeac-apres-grande-rafle-12-mai-1944\/#breadcrumb\"},\"inLanguage\":\"fr-FR\",\"potentialAction\":[{\"@type\":\"ReadAction\",\"target\":[\"http:\/\/www.jeannedarc-figeac.fr\/college-lycee\/5-eleves-participent-a-conference-colonel-baux-femmes-de-figeac-apres-grande-rafle-12-mai-1944\/\"]}]},{\"@type\":\"BreadcrumbList\",\"@id\":\"http:\/\/www.jeannedarc-figeac.fr\/college-lycee\/5-eleves-participent-a-conference-colonel-baux-femmes-de-figeac-apres-grande-rafle-12-mai-1944\/#breadcrumb\",\"itemListElement\":[{\"@type\":\"ListItem\",\"position\":1,\"name\":\"Accueil\",\"item\":\"https:\/\/www.jeannedarc-figeac.fr\/college-lycee\/\"},{\"@type\":\"ListItem\",\"position\":2,\"name\":\"Actus\",\"item\":\"http:\/\/www.jeannedarc-figeac.fr\/college-lycee\/cat\/actus\/\"},{\"@type\":\"ListItem\",\"position\":3,\"name\":\"5 \u00e9l\u00e8ves participent \u00e0 la conf\u00e9rence du Colonel BAUX: Les femmes de Figeac apr\u00e8s la Grande Rafle du 12 mai 1944.\"}]},{\"@type\":\"WebSite\",\"@id\":\"https:\/\/www.jeannedarc-figeac.fr\/college-lycee\/#website\",\"url\":\"https:\/\/www.jeannedarc-figeac.fr\/college-lycee\/\",\"name\":\"Coll\u00e8ge et Lyc\u00e9e Jeanne d&#039;Arc\",\"description\":\"Jeanne d&#039;Arc Figeac\",\"potentialAction\":[{\"@type\":\"SearchAction\",\"target\":{\"@type\":\"EntryPoint\",\"urlTemplate\":\"https:\/\/www.jeannedarc-figeac.fr\/college-lycee\/?s={search_term_string}\"},\"query-input\":{\"@type\":\"PropertyValueSpecification\",\"valueRequired\":true,\"valueName\":\"search_term_string\"}}],\"inLanguage\":\"fr-FR\"},{\"@type\":\"Person\",\"@id\":\"https:\/\/www.jeannedarc-figeac.fr\/college-lycee\/#\/schema\/person\/29e5764f28e895dc8bf41d4468f99154\",\"name\":\"le secr\u00e9tariat\",\"image\":{\"@type\":\"ImageObject\",\"inLanguage\":\"fr-FR\",\"@id\":\"https:\/\/www.jeannedarc-figeac.fr\/college-lycee\/#\/schema\/person\/image\/\",\"url\":\"https:\/\/www.jeannedarc-figeac.fr\/college-lycee\/wp-content\/litespeed\/avatar\/5\/b7e8da60f53ba4adc9e9e66d91d84580.jpg?ver=1776943645\",\"contentUrl\":\"https:\/\/www.jeannedarc-figeac.fr\/college-lycee\/wp-content\/litespeed\/avatar\/5\/b7e8da60f53ba4adc9e9e66d91d84580.jpg?ver=1776943645\",\"caption\":\"le secr\u00e9tariat\"},\"url\":\"https:\/\/www.jeannedarc-figeac.fr\/college-lycee\/author\/arlette\/\"}]}<\/script>\n<!-- \/ Yoast SEO plugin. -->","yoast_head_json":{"title":"5 \u00e9l\u00e8ves participent \u00e0 la conf\u00e9rence du Colonel BAUX: Les femmes de Figeac apr\u00e8s la Grande Rafle du 12 mai 1944.","description":"C'est \u00e0 la Salle Bal\u00e8ne, en soir\u00e9e, devant une assembl\u00e9e de pr\u00e8s de 150 personnes, que 5 de nos \u00e9l\u00e8ves de 1\u00e8re et Tle ont lu, au long de la conf\u00e9rence,","robots":{"index":"index","follow":"follow","max-snippet":"max-snippet:-1","max-image-preview":"max-image-preview:large","max-video-preview":"max-video-preview:-1"},"canonical":"http:\/\/www.jeannedarc-figeac.fr\/college-lycee\/5-eleves-participent-a-conference-colonel-baux-femmes-de-figeac-apres-grande-rafle-12-mai-1944\/","og_locale":"fr_FR","og_type":"article","og_title":"5 \u00e9l\u00e8ves participent \u00e0 la conf\u00e9rence du Colonel BAUX: Les femmes de Figeac apr\u00e8s la Grande Rafle du 12 mai 1944.","og_description":"C'est \u00e0 la Salle Bal\u00e8ne, en soir\u00e9e, devant une assembl\u00e9e de pr\u00e8s de 150 personnes, que 5 de nos \u00e9l\u00e8ves de 1\u00e8re et Tle ont lu, au long de la conf\u00e9rence,","og_url":"http:\/\/www.jeannedarc-figeac.fr\/college-lycee\/5-eleves-participent-a-conference-colonel-baux-femmes-de-figeac-apres-grande-rafle-12-mai-1944\/","og_site_name":"Coll\u00e8ge et Lyc\u00e9e Jeanne d&#039;Arc","article_published_time":"2016-05-17T09:17:34+00:00","author":"le secr\u00e9tariat","schema":{"@context":"https:\/\/schema.org","@graph":[{"@type":"WebPage","@id":"http:\/\/www.jeannedarc-figeac.fr\/college-lycee\/5-eleves-participent-a-conference-colonel-baux-femmes-de-figeac-apres-grande-rafle-12-mai-1944\/","url":"http:\/\/www.jeannedarc-figeac.fr\/college-lycee\/5-eleves-participent-a-conference-colonel-baux-femmes-de-figeac-apres-grande-rafle-12-mai-1944\/","name":"5 \u00e9l\u00e8ves participent \u00e0 la conf\u00e9rence du Colonel BAUX: Les femmes de Figeac apr\u00e8s la Grande Rafle du 12 mai 1944.","isPartOf":{"@id":"https:\/\/www.jeannedarc-figeac.fr\/college-lycee\/#website"},"datePublished":"2016-05-17T09:17:34+00:00","author":{"@id":"https:\/\/www.jeannedarc-figeac.fr\/college-lycee\/#\/schema\/person\/29e5764f28e895dc8bf41d4468f99154"},"description":"C'est \u00e0 la Salle Bal\u00e8ne, en soir\u00e9e, devant une assembl\u00e9e de pr\u00e8s de 150 personnes, que 5 de nos \u00e9l\u00e8ves de 1\u00e8re et Tle ont lu, au long de la conf\u00e9rence,","breadcrumb":{"@id":"http:\/\/www.jeannedarc-figeac.fr\/college-lycee\/5-eleves-participent-a-conference-colonel-baux-femmes-de-figeac-apres-grande-rafle-12-mai-1944\/#breadcrumb"},"inLanguage":"fr-FR","potentialAction":[{"@type":"ReadAction","target":["http:\/\/www.jeannedarc-figeac.fr\/college-lycee\/5-eleves-participent-a-conference-colonel-baux-femmes-de-figeac-apres-grande-rafle-12-mai-1944\/"]}]},{"@type":"BreadcrumbList","@id":"http:\/\/www.jeannedarc-figeac.fr\/college-lycee\/5-eleves-participent-a-conference-colonel-baux-femmes-de-figeac-apres-grande-rafle-12-mai-1944\/#breadcrumb","itemListElement":[{"@type":"ListItem","position":1,"name":"Accueil","item":"https:\/\/www.jeannedarc-figeac.fr\/college-lycee\/"},{"@type":"ListItem","position":2,"name":"Actus","item":"http:\/\/www.jeannedarc-figeac.fr\/college-lycee\/cat\/actus\/"},{"@type":"ListItem","position":3,"name":"5 \u00e9l\u00e8ves participent \u00e0 la conf\u00e9rence du Colonel BAUX: Les femmes de Figeac apr\u00e8s la Grande Rafle du 12 mai 1944."}]},{"@type":"WebSite","@id":"https:\/\/www.jeannedarc-figeac.fr\/college-lycee\/#website","url":"https:\/\/www.jeannedarc-figeac.fr\/college-lycee\/","name":"Coll\u00e8ge et Lyc\u00e9e Jeanne d&#039;Arc","description":"Jeanne d&#039;Arc Figeac","potentialAction":[{"@type":"SearchAction","target":{"@type":"EntryPoint","urlTemplate":"https:\/\/www.jeannedarc-figeac.fr\/college-lycee\/?s={search_term_string}"},"query-input":{"@type":"PropertyValueSpecification","valueRequired":true,"valueName":"search_term_string"}}],"inLanguage":"fr-FR"},{"@type":"Person","@id":"https:\/\/www.jeannedarc-figeac.fr\/college-lycee\/#\/schema\/person\/29e5764f28e895dc8bf41d4468f99154","name":"le secr\u00e9tariat","image":{"@type":"ImageObject","inLanguage":"fr-FR","@id":"https:\/\/www.jeannedarc-figeac.fr\/college-lycee\/#\/schema\/person\/image\/","url":"https:\/\/www.jeannedarc-figeac.fr\/college-lycee\/wp-content\/litespeed\/avatar\/5\/b7e8da60f53ba4adc9e9e66d91d84580.jpg?ver=1776943645","contentUrl":"https:\/\/www.jeannedarc-figeac.fr\/college-lycee\/wp-content\/litespeed\/avatar\/5\/b7e8da60f53ba4adc9e9e66d91d84580.jpg?ver=1776943645","caption":"le secr\u00e9tariat"},"url":"https:\/\/www.jeannedarc-figeac.fr\/college-lycee\/author\/arlette\/"}]}},"jetpack_featured_media_url":"","jetpack_sharing_enabled":true,"jetpack_shortlink":"https:\/\/wp.me\/p5Qyb6-vZ","_links":{"self":[{"href":"https:\/\/www.jeannedarc-figeac.fr\/college-lycee\/wp-json\/wp\/v2\/posts\/1983","targetHints":{"allow":["GET"]}}],"collection":[{"href":"https:\/\/www.jeannedarc-figeac.fr\/college-lycee\/wp-json\/wp\/v2\/posts"}],"about":[{"href":"https:\/\/www.jeannedarc-figeac.fr\/college-lycee\/wp-json\/wp\/v2\/types\/post"}],"author":[{"embeddable":true,"href":"https:\/\/www.jeannedarc-figeac.fr\/college-lycee\/wp-json\/wp\/v2\/users\/12"}],"replies":[{"embeddable":true,"href":"https:\/\/www.jeannedarc-figeac.fr\/college-lycee\/wp-json\/wp\/v2\/comments?post=1983"}],"version-history":[{"count":1,"href":"https:\/\/www.jeannedarc-figeac.fr\/college-lycee\/wp-json\/wp\/v2\/posts\/1983\/revisions"}],"predecessor-version":[{"id":1985,"href":"https:\/\/www.jeannedarc-figeac.fr\/college-lycee\/wp-json\/wp\/v2\/posts\/1983\/revisions\/1985"}],"wp:attachment":[{"href":"https:\/\/www.jeannedarc-figeac.fr\/college-lycee\/wp-json\/wp\/v2\/media?parent=1983"}],"wp:term":[{"taxonomy":"category","embeddable":true,"href":"https:\/\/www.jeannedarc-figeac.fr\/college-lycee\/wp-json\/wp\/v2\/categories?post=1983"},{"taxonomy":"post_tag","embeddable":true,"href":"https:\/\/www.jeannedarc-figeac.fr\/college-lycee\/wp-json\/wp\/v2\/tags?post=1983"}],"curies":[{"name":"wp","href":"https:\/\/api.w.org\/{rel}","templated":true}]}}