{"id":1972,"date":"2016-04-18T09:51:09","date_gmt":"2016-04-18T09:51:09","guid":{"rendered":"http:\/\/www.jeannedarc-figeac.fr\/college-lycee\/?p=1972"},"modified":"2016-04-18T09:51:09","modified_gmt":"2016-04-18T09:51:09","slug":"journee-dimmersion-reussie-futurs-eleves-lycee-professionnel","status":"publish","type":"post","link":"https:\/\/www.jeannedarc-figeac.fr\/college-lycee\/journee-dimmersion-reussie-futurs-eleves-lycee-professionnel\/","title":{"rendered":"Journ\u00e9e d&rsquo;immersion r\u00e9ussie pour les futurs \u00e9l\u00e8ves du Lyc\u00e9e Professionnel"},"content":{"rendered":"<p><a href=\"https:\/\/i0.wp.com\/www.jeannedarc-figeac.fr\/college-lycee\/wp-content\/uploads\/sites\/5\/2016\/04\/IMAG2418-modifi%C3%A9.jpg\"><img data-recalc-dims=\"1\" loading=\"lazy\" decoding=\"async\" class=\"alignnone size-medium wp-image-1973\" src=\"https:\/\/i0.wp.com\/www.jeannedarc-figeac.fr\/college-lycee\/wp-content\/uploads\/sites\/5\/2016\/04\/IMAG2418-modifi%C3%A9.jpg?resize=300%2C168\" alt=\"IMAG2418 modifi\u00e9\" width=\"300\" height=\"168\" srcset=\"https:\/\/i0.wp.com\/www.jeannedarc-figeac.fr\/college-lycee\/wp-content\/uploads\/sites\/5\/2016\/04\/IMAG2418-modifi%C3%A9.jpg?resize=300%2C168&amp;ssl=1 300w, https:\/\/i0.wp.com\/www.jeannedarc-figeac.fr\/college-lycee\/wp-content\/uploads\/sites\/5\/2016\/04\/IMAG2418-modifi%C3%A9.jpg?resize=768%2C431&amp;ssl=1 768w, https:\/\/i0.wp.com\/www.jeannedarc-figeac.fr\/college-lycee\/wp-content\/uploads\/sites\/5\/2016\/04\/IMAG2418-modifi%C3%A9.jpg?resize=1024%2C574&amp;ssl=1 1024w, https:\/\/i0.wp.com\/www.jeannedarc-figeac.fr\/college-lycee\/wp-content\/uploads\/sites\/5\/2016\/04\/IMAG2418-modifi%C3%A9.jpg?resize=1080%2C605&amp;ssl=1 1080w, https:\/\/i0.wp.com\/www.jeannedarc-figeac.fr\/college-lycee\/wp-content\/uploads\/sites\/5\/2016\/04\/IMAG2418-modifi%C3%A9.jpg?w=1600&amp;ssl=1 1600w\" sizes=\"(max-width: 300px) 100vw, 300px\" \/><\/a><a href=\"https:\/\/i0.wp.com\/www.jeannedarc-figeac.fr\/college-lycee\/wp-content\/uploads\/sites\/5\/2016\/04\/IMAG2425-modifi%C3%A9.jpg\"><img data-recalc-dims=\"1\" loading=\"lazy\" decoding=\"async\" class=\"alignnone size-medium wp-image-1974\" src=\"https:\/\/i0.wp.com\/www.jeannedarc-figeac.fr\/college-lycee\/wp-content\/uploads\/sites\/5\/2016\/04\/IMAG2425-modifi%C3%A9.jpg?resize=300%2C168\" alt=\"IMAG2425 modifi\u00e9\" width=\"300\" height=\"168\" srcset=\"https:\/\/i0.wp.com\/www.jeannedarc-figeac.fr\/college-lycee\/wp-content\/uploads\/sites\/5\/2016\/04\/IMAG2425-modifi%C3%A9.jpg?resize=300%2C168&amp;ssl=1 300w, https:\/\/i0.wp.com\/www.jeannedarc-figeac.fr\/college-lycee\/wp-content\/uploads\/sites\/5\/2016\/04\/IMAG2425-modifi%C3%A9.jpg?resize=768%2C431&amp;ssl=1 768w, https:\/\/i0.wp.com\/www.jeannedarc-figeac.fr\/college-lycee\/wp-content\/uploads\/sites\/5\/2016\/04\/IMAG2425-modifi%C3%A9.jpg?resize=1024%2C574&amp;ssl=1 1024w, https:\/\/i0.wp.com\/www.jeannedarc-figeac.fr\/college-lycee\/wp-content\/uploads\/sites\/5\/2016\/04\/IMAG2425-modifi%C3%A9.jpg?resize=1080%2C605&amp;ssl=1 1080w, https:\/\/i0.wp.com\/www.jeannedarc-figeac.fr\/college-lycee\/wp-content\/uploads\/sites\/5\/2016\/04\/IMAG2425-modifi%C3%A9.jpg?w=1600&amp;ssl=1 1600w\" sizes=\"(max-width: 300px) 100vw, 300px\" \/><\/a><\/p>\n<p>Le mardi 12 avril a eu lieu la journ\u00e9e d&rsquo;immersion des \u00e9l\u00e8ves de 3\u00e8me. Venus de nombreux coll\u00e8ges alentour, ils ont pu suivre les classes du lyc\u00e9e professionnel. Au menu du jour de nombreuses animations autour du programme des CAP ET BAC PRO. Le matin, les futurs \u00e9l\u00e8ves de CAP ATMFC ont pr\u00e9par\u00e9 le go\u00fbter de l&rsquo;apr\u00e8s midi : des brochettes de fruits et des succulentes roses des sables. Ceux qui vont suivre le cursus BAC PRO ASSP ont d\u00e9cor\u00e9 et garnis des bo\u00eetes d&rsquo;\u0153ufs sur le th\u00e8me de P\u00e2ques.<\/p>\n<p>L&rsquo;apr\u00e8s-midi certains ont appris l&rsquo;accompagnement aux d\u00e9placements pendant que d&rsquo;autres compl\u00e9taient le go\u00fbter en r\u00e9alisant des cr\u00eapes, des smoothies et un cocktail fruit\u00e9.<\/p>\n<p>Tous les \u00e9l\u00e8ves se sont r\u00e9unis dans la cour pour prendre une collation bien m\u00e9rit\u00e9e sous un beau soleil de printemps.<\/p>\n<p>&nbsp;<\/p>\n","protected":false},"excerpt":{"rendered":"<p>Le mardi 12 avril a eu lieu la journ\u00e9e d&rsquo;immersion des \u00e9l\u00e8ves de 3\u00e8me. Venus de nombreux coll\u00e8ges alentour, ils ont pu suivre les classes du lyc\u00e9e professionnel. Au menu du jour de nombreuses animations autour du programme des CAP ET BAC PRO. Le matin, les futurs \u00e9l\u00e8ves de CAP ATMFC ont pr\u00e9par\u00e9 le go\u00fbter [&hellip;]<\/p>\n","protected":false},"author":12,"featured_media":0,"comment_status":"closed","ping_status":"open","sticky":false,"template":"","format":"standard","meta":{"_et_pb_use_builder":"","_et_pb_old_content":"","_et_gb_content_width":"","_jetpack_newsletter_access":"","_jetpack_dont_email_post_to_subs":false,"_jetpack_newsletter_tier_id":0,"_jetpack_memberships_contains_paywalled_content":false,"iawp_total_views":2,"_jetpack_memberships_contains_paid_content":false,"footnotes":""},"categories":[28],"tags":[],"class_list":["post-1972","post","type-post","status-publish","format-standard","hentry","category-actus"],"yoast_head":"<!-- This site is optimized with the Yoast SEO plugin v26.0 - https:\/\/yoast.com\/wordpress\/plugins\/seo\/ -->\n<title>Journ\u00e9e d&#039;immersion r\u00e9ussie pour les futurs \u00e9l\u00e8ves du Lyc\u00e9e Professionnel<\/title>\n<meta name=\"description\" content=\"Le mardi 12 avril a eu lieu la journ\u00e9e d&#039;immersion des \u00e9l\u00e8ves de 3\u00e8me. Venus de nombreux coll\u00e8ges alentour, ils ont pu suivre les classes du lyc\u00e9e\" \/>\n<meta name=\"robots\" content=\"index, follow, max-snippet:-1, max-image-preview:large, max-video-preview:-1\" \/>\n<link rel=\"canonical\" href=\"https:\/\/www.jeannedarc-figeac.fr\/college-lycee\/journee-dimmersion-reussie-futurs-eleves-lycee-professionnel\/\" \/>\n<meta property=\"og:locale\" content=\"fr_FR\" \/>\n<meta property=\"og:type\" content=\"article\" \/>\n<meta property=\"og:title\" content=\"Journ\u00e9e d&#039;immersion r\u00e9ussie pour les futurs \u00e9l\u00e8ves du Lyc\u00e9e Professionnel\" \/>\n<meta property=\"og:description\" content=\"Le mardi 12 avril a eu lieu la journ\u00e9e d&#039;immersion des \u00e9l\u00e8ves de 3\u00e8me. Venus de nombreux coll\u00e8ges alentour, ils ont pu suivre les classes du lyc\u00e9e\" \/>\n<meta property=\"og:url\" content=\"https:\/\/www.jeannedarc-figeac.fr\/college-lycee\/journee-dimmersion-reussie-futurs-eleves-lycee-professionnel\/\" \/>\n<meta property=\"og:site_name\" content=\"Coll\u00e8ge et Lyc\u00e9e Jeanne d&#039;Arc\" \/>\n<meta property=\"article:published_time\" content=\"2016-04-18T09:51:09+00:00\" \/>\n<meta name=\"author\" content=\"le secr\u00e9tariat\" \/>\n<script type=\"application\/ld+json\" class=\"yoast-schema-graph\">{\"@context\":\"https:\/\/schema.org\",\"@graph\":[{\"@type\":\"WebPage\",\"@id\":\"https:\/\/www.jeannedarc-figeac.fr\/college-lycee\/journee-dimmersion-reussie-futurs-eleves-lycee-professionnel\/\",\"url\":\"https:\/\/www.jeannedarc-figeac.fr\/college-lycee\/journee-dimmersion-reussie-futurs-eleves-lycee-professionnel\/\",\"name\":\"Journ\u00e9e d'immersion r\u00e9ussie pour les futurs \u00e9l\u00e8ves du Lyc\u00e9e Professionnel\",\"isPartOf\":{\"@id\":\"https:\/\/www.jeannedarc-figeac.fr\/college-lycee\/#website\"},\"datePublished\":\"2016-04-18T09:51:09+00:00\",\"author\":{\"@id\":\"https:\/\/www.jeannedarc-figeac.fr\/college-lycee\/#\/schema\/person\/29e5764f28e895dc8bf41d4468f99154\"},\"description\":\"Le mardi 12 avril a eu lieu la journ\u00e9e d'immersion des \u00e9l\u00e8ves de 3\u00e8me. Venus de nombreux coll\u00e8ges alentour, ils ont pu suivre les classes du lyc\u00e9e\",\"breadcrumb\":{\"@id\":\"https:\/\/www.jeannedarc-figeac.fr\/college-lycee\/journee-dimmersion-reussie-futurs-eleves-lycee-professionnel\/#breadcrumb\"},\"inLanguage\":\"fr-FR\",\"potentialAction\":[{\"@type\":\"ReadAction\",\"target\":[\"https:\/\/www.jeannedarc-figeac.fr\/college-lycee\/journee-dimmersion-reussie-futurs-eleves-lycee-professionnel\/\"]}]},{\"@type\":\"BreadcrumbList\",\"@id\":\"https:\/\/www.jeannedarc-figeac.fr\/college-lycee\/journee-dimmersion-reussie-futurs-eleves-lycee-professionnel\/#breadcrumb\",\"itemListElement\":[{\"@type\":\"ListItem\",\"position\":1,\"name\":\"Accueil\",\"item\":\"https:\/\/www.jeannedarc-figeac.fr\/college-lycee\/\"},{\"@type\":\"ListItem\",\"position\":2,\"name\":\"Actus\",\"item\":\"http:\/\/www.jeannedarc-figeac.fr\/college-lycee\/cat\/actus\/\"},{\"@type\":\"ListItem\",\"position\":3,\"name\":\"Journ\u00e9e d&rsquo;immersion r\u00e9ussie pour les futurs \u00e9l\u00e8ves du Lyc\u00e9e Professionnel\"}]},{\"@type\":\"WebSite\",\"@id\":\"https:\/\/www.jeannedarc-figeac.fr\/college-lycee\/#website\",\"url\":\"https:\/\/www.jeannedarc-figeac.fr\/college-lycee\/\",\"name\":\"Coll\u00e8ge et Lyc\u00e9e Jeanne d&#039;Arc\",\"description\":\"Jeanne d&#039;Arc Figeac\",\"potentialAction\":[{\"@type\":\"SearchAction\",\"target\":{\"@type\":\"EntryPoint\",\"urlTemplate\":\"https:\/\/www.jeannedarc-figeac.fr\/college-lycee\/?s={search_term_string}\"},\"query-input\":{\"@type\":\"PropertyValueSpecification\",\"valueRequired\":true,\"valueName\":\"search_term_string\"}}],\"inLanguage\":\"fr-FR\"},{\"@type\":\"Person\",\"@id\":\"https:\/\/www.jeannedarc-figeac.fr\/college-lycee\/#\/schema\/person\/29e5764f28e895dc8bf41d4468f99154\",\"name\":\"le secr\u00e9tariat\",\"image\":{\"@type\":\"ImageObject\",\"inLanguage\":\"fr-FR\",\"@id\":\"https:\/\/www.jeannedarc-figeac.fr\/college-lycee\/#\/schema\/person\/image\/\",\"url\":\"https:\/\/www.jeannedarc-figeac.fr\/college-lycee\/wp-content\/litespeed\/avatar\/5\/b7e8da60f53ba4adc9e9e66d91d84580.jpg?ver=1776943645\",\"contentUrl\":\"https:\/\/www.jeannedarc-figeac.fr\/college-lycee\/wp-content\/litespeed\/avatar\/5\/b7e8da60f53ba4adc9e9e66d91d84580.jpg?ver=1776943645\",\"caption\":\"le secr\u00e9tariat\"},\"url\":\"https:\/\/www.jeannedarc-figeac.fr\/college-lycee\/author\/arlette\/\"}]}<\/script>\n<!-- \/ Yoast SEO plugin. -->","yoast_head_json":{"title":"Journ\u00e9e d'immersion r\u00e9ussie pour les futurs \u00e9l\u00e8ves du Lyc\u00e9e Professionnel","description":"Le mardi 12 avril a eu lieu la journ\u00e9e d'immersion des \u00e9l\u00e8ves de 3\u00e8me. Venus de nombreux coll\u00e8ges alentour, ils ont pu suivre les classes du lyc\u00e9e","robots":{"index":"index","follow":"follow","max-snippet":"max-snippet:-1","max-image-preview":"max-image-preview:large","max-video-preview":"max-video-preview:-1"},"canonical":"https:\/\/www.jeannedarc-figeac.fr\/college-lycee\/journee-dimmersion-reussie-futurs-eleves-lycee-professionnel\/","og_locale":"fr_FR","og_type":"article","og_title":"Journ\u00e9e d'immersion r\u00e9ussie pour les futurs \u00e9l\u00e8ves du Lyc\u00e9e Professionnel","og_description":"Le mardi 12 avril a eu lieu la journ\u00e9e d'immersion des \u00e9l\u00e8ves de 3\u00e8me. Venus de nombreux coll\u00e8ges alentour, ils ont pu suivre les classes du lyc\u00e9e","og_url":"https:\/\/www.jeannedarc-figeac.fr\/college-lycee\/journee-dimmersion-reussie-futurs-eleves-lycee-professionnel\/","og_site_name":"Coll\u00e8ge et Lyc\u00e9e Jeanne d&#039;Arc","article_published_time":"2016-04-18T09:51:09+00:00","author":"le secr\u00e9tariat","schema":{"@context":"https:\/\/schema.org","@graph":[{"@type":"WebPage","@id":"https:\/\/www.jeannedarc-figeac.fr\/college-lycee\/journee-dimmersion-reussie-futurs-eleves-lycee-professionnel\/","url":"https:\/\/www.jeannedarc-figeac.fr\/college-lycee\/journee-dimmersion-reussie-futurs-eleves-lycee-professionnel\/","name":"Journ\u00e9e d'immersion r\u00e9ussie pour les futurs \u00e9l\u00e8ves du Lyc\u00e9e Professionnel","isPartOf":{"@id":"https:\/\/www.jeannedarc-figeac.fr\/college-lycee\/#website"},"datePublished":"2016-04-18T09:51:09+00:00","author":{"@id":"https:\/\/www.jeannedarc-figeac.fr\/college-lycee\/#\/schema\/person\/29e5764f28e895dc8bf41d4468f99154"},"description":"Le mardi 12 avril a eu lieu la journ\u00e9e d'immersion des \u00e9l\u00e8ves de 3\u00e8me. Venus de nombreux coll\u00e8ges alentour, ils ont pu suivre les classes du lyc\u00e9e","breadcrumb":{"@id":"https:\/\/www.jeannedarc-figeac.fr\/college-lycee\/journee-dimmersion-reussie-futurs-eleves-lycee-professionnel\/#breadcrumb"},"inLanguage":"fr-FR","potentialAction":[{"@type":"ReadAction","target":["https:\/\/www.jeannedarc-figeac.fr\/college-lycee\/journee-dimmersion-reussie-futurs-eleves-lycee-professionnel\/"]}]},{"@type":"BreadcrumbList","@id":"https:\/\/www.jeannedarc-figeac.fr\/college-lycee\/journee-dimmersion-reussie-futurs-eleves-lycee-professionnel\/#breadcrumb","itemListElement":[{"@type":"ListItem","position":1,"name":"Accueil","item":"https:\/\/www.jeannedarc-figeac.fr\/college-lycee\/"},{"@type":"ListItem","position":2,"name":"Actus","item":"http:\/\/www.jeannedarc-figeac.fr\/college-lycee\/cat\/actus\/"},{"@type":"ListItem","position":3,"name":"Journ\u00e9e d&rsquo;immersion r\u00e9ussie pour les futurs \u00e9l\u00e8ves du Lyc\u00e9e Professionnel"}]},{"@type":"WebSite","@id":"https:\/\/www.jeannedarc-figeac.fr\/college-lycee\/#website","url":"https:\/\/www.jeannedarc-figeac.fr\/college-lycee\/","name":"Coll\u00e8ge et Lyc\u00e9e Jeanne d&#039;Arc","description":"Jeanne d&#039;Arc Figeac","potentialAction":[{"@type":"SearchAction","target":{"@type":"EntryPoint","urlTemplate":"https:\/\/www.jeannedarc-figeac.fr\/college-lycee\/?s={search_term_string}"},"query-input":{"@type":"PropertyValueSpecification","valueRequired":true,"valueName":"search_term_string"}}],"inLanguage":"fr-FR"},{"@type":"Person","@id":"https:\/\/www.jeannedarc-figeac.fr\/college-lycee\/#\/schema\/person\/29e5764f28e895dc8bf41d4468f99154","name":"le secr\u00e9tariat","image":{"@type":"ImageObject","inLanguage":"fr-FR","@id":"https:\/\/www.jeannedarc-figeac.fr\/college-lycee\/#\/schema\/person\/image\/","url":"https:\/\/www.jeannedarc-figeac.fr\/college-lycee\/wp-content\/litespeed\/avatar\/5\/b7e8da60f53ba4adc9e9e66d91d84580.jpg?ver=1776943645","contentUrl":"https:\/\/www.jeannedarc-figeac.fr\/college-lycee\/wp-content\/litespeed\/avatar\/5\/b7e8da60f53ba4adc9e9e66d91d84580.jpg?ver=1776943645","caption":"le secr\u00e9tariat"},"url":"https:\/\/www.jeannedarc-figeac.fr\/college-lycee\/author\/arlette\/"}]}},"jetpack_featured_media_url":"","jetpack_sharing_enabled":true,"jetpack_shortlink":"https:\/\/wp.me\/p5Qyb6-vO","_links":{"self":[{"href":"https:\/\/www.jeannedarc-figeac.fr\/college-lycee\/wp-json\/wp\/v2\/posts\/1972","targetHints":{"allow":["GET"]}}],"collection":[{"href":"https:\/\/www.jeannedarc-figeac.fr\/college-lycee\/wp-json\/wp\/v2\/posts"}],"about":[{"href":"https:\/\/www.jeannedarc-figeac.fr\/college-lycee\/wp-json\/wp\/v2\/types\/post"}],"author":[{"embeddable":true,"href":"https:\/\/www.jeannedarc-figeac.fr\/college-lycee\/wp-json\/wp\/v2\/users\/12"}],"replies":[{"embeddable":true,"href":"https:\/\/www.jeannedarc-figeac.fr\/college-lycee\/wp-json\/wp\/v2\/comments?post=1972"}],"version-history":[{"count":1,"href":"https:\/\/www.jeannedarc-figeac.fr\/college-lycee\/wp-json\/wp\/v2\/posts\/1972\/revisions"}],"predecessor-version":[{"id":1975,"href":"https:\/\/www.jeannedarc-figeac.fr\/college-lycee\/wp-json\/wp\/v2\/posts\/1972\/revisions\/1975"}],"wp:attachment":[{"href":"https:\/\/www.jeannedarc-figeac.fr\/college-lycee\/wp-json\/wp\/v2\/media?parent=1972"}],"wp:term":[{"taxonomy":"category","embeddable":true,"href":"https:\/\/www.jeannedarc-figeac.fr\/college-lycee\/wp-json\/wp\/v2\/categories?post=1972"},{"taxonomy":"post_tag","embeddable":true,"href":"https:\/\/www.jeannedarc-figeac.fr\/college-lycee\/wp-json\/wp\/v2\/tags?post=1972"}],"curies":[{"name":"wp","href":"https:\/\/api.w.org\/{rel}","templated":true}]}}