{"id":1944,"date":"2016-03-30T09:56:41","date_gmt":"2016-03-30T09:56:41","guid":{"rendered":"http:\/\/www.jeannedarc-figeac.fr\/college-lycee\/?p=1944"},"modified":"2016-03-30T09:56:41","modified_gmt":"2016-03-30T09:56:41","slug":"la-mediation-par-les-pairs","status":"publish","type":"post","link":"https:\/\/www.jeannedarc-figeac.fr\/college-lycee\/la-mediation-par-les-pairs\/","title":{"rendered":"LA MEDIATION PAR LES PAIRS"},"content":{"rendered":"<p><b><a href=\"https:\/\/i0.wp.com\/www.jeannedarc-figeac.fr\/college-lycee\/wp-content\/uploads\/sites\/5\/2016\/03\/100_3740-modifi%C3%A9.jpg\" rel=\"attachment wp-att-1945\"><img data-recalc-dims=\"1\" loading=\"lazy\" decoding=\"async\" class=\"alignnone size-medium wp-image-1945\" src=\"https:\/\/i0.wp.com\/www.jeannedarc-figeac.fr\/college-lycee\/wp-content\/uploads\/sites\/5\/2016\/03\/100_3740-modifi%C3%A9.jpg?resize=300%2C225\" alt=\"100_3740 modifi\u00e9\" width=\"300\" height=\"225\" srcset=\"https:\/\/i0.wp.com\/www.jeannedarc-figeac.fr\/college-lycee\/wp-content\/uploads\/sites\/5\/2016\/03\/100_3740-modifi%C3%A9.jpg?resize=300%2C225&amp;ssl=1 300w, https:\/\/i0.wp.com\/www.jeannedarc-figeac.fr\/college-lycee\/wp-content\/uploads\/sites\/5\/2016\/03\/100_3740-modifi%C3%A9.jpg?resize=768%2C576&amp;ssl=1 768w, https:\/\/i0.wp.com\/www.jeannedarc-figeac.fr\/college-lycee\/wp-content\/uploads\/sites\/5\/2016\/03\/100_3740-modifi%C3%A9.jpg?resize=1024%2C768&amp;ssl=1 1024w, https:\/\/i0.wp.com\/www.jeannedarc-figeac.fr\/college-lycee\/wp-content\/uploads\/sites\/5\/2016\/03\/100_3740-modifi%C3%A9.jpg?resize=1080%2C810&amp;ssl=1 1080w, https:\/\/i0.wp.com\/www.jeannedarc-figeac.fr\/college-lycee\/wp-content\/uploads\/sites\/5\/2016\/03\/100_3740-modifi%C3%A9.jpg?w=1600&amp;ssl=1 1600w\" sizes=\"(max-width: 300px) 100vw, 300px\" \/><\/a>\u00a0<\/b><\/p>\n<p>Depuis 2 ans, le coll\u00e8ge Jeanne d\u2019Arc poursuit son travail visant \u00e0 favoriser le mieux \u00ab\u00a0vivre ensemble\u00a0\u00bb au sein de l\u2019\u00e9tablissement et utilise des leviers disponibles pour atteindre cet objectif. L\u2019ann\u00e9e derni\u00e8re a d\u00e9but\u00e9 le partenariat avec l\u2019association IFAC (Institut de Formation, d\u2019Animation et de Conseil) en partenariat avec l\u2019\u00e9ducation nationale. Ceci permet de mettre en place des actions de sensibilisation et de formation visant \u00e0 favoriser un climat scolaire serein.<\/p>\n<p>En f\u00e9vrier 2015, cette association \u00e9tait intervenue aupr\u00e8s des classes de 6\u00e8me sur la th\u00e9matique \u00ab\u00a0Prot\u00e9geons-nous du harc\u00e8lement\u00a0\u00bb.<\/p>\n<p>Le bilan de l\u2019ann\u00e9e pr\u00e9c\u00e9dente avait r\u00e9v\u00e9l\u00e9 des \u00e9l\u00e8ves tr\u00e8s investis et sensibles \u00e0 leurs conditions de vie au sein de leur \u00e9tablissement et surtout une forte volont\u00e9 de s\u2019investir.<\/p>\n<p>C\u2019est alors que notre \u00e9tablissement a d\u00e9cid\u00e9 de mettre en place un projet de \u00ab\u00a0m\u00e9diation par les pairs\u00a0\u00bb.<\/p>\n<p>Suite \u00e0 une formation, des \u00e9l\u00e8ves jouent le r\u00f4le de m\u00e9diateur, c\u2019est \u00e0 dire, ils se mettent en situation d\u2019\u00e9coute face \u00e0 leurs camarades qui sont en conflit. Ils les am\u00e8nent \u00e0 trouver une solution constructive ensemble.<\/p>\n<p>10 \u00e9l\u00e8ves volontaires se sont inscrits \u00e0 cette formation en Septembre 2015.<\/p>\n<p>Ils ont re\u00e7u une formation de 10 heures abordant les diff\u00e9rentes techniques de gestion, de conflit, de communication, ainsi qu\u2019une connaissance sur les diff\u00e9rentes \u00e9motions.<\/p>\n<p>En place depuis quelques semaines, ils sont pr\u00e9sents chaque jour sur la cour par roulement afin d\u2019assurer la pr\u00e9sence de m\u00e9diateurs \u00e0 chaque r\u00e9cr\u00e9ation.<\/p>\n<p>Le premier bilan est positif, depuis la mise en place du dispositif des m\u00e9diations, les relations entre \u00e9l\u00e8ves sont plus sereines pendant les r\u00e9cr\u00e9ations.<\/p>\n<p>&nbsp;<\/p>\n","protected":false},"excerpt":{"rendered":"<p>\u00a0 Depuis 2 ans, le coll\u00e8ge Jeanne d\u2019Arc poursuit son travail visant \u00e0 favoriser le mieux \u00ab\u00a0vivre ensemble\u00a0\u00bb au sein de l\u2019\u00e9tablissement et utilise des leviers disponibles pour atteindre cet objectif. L\u2019ann\u00e9e derni\u00e8re a d\u00e9but\u00e9 le partenariat avec l\u2019association IFAC (Institut de Formation, d\u2019Animation et de Conseil) en partenariat avec l\u2019\u00e9ducation nationale. Ceci permet de [&hellip;]<\/p>\n","protected":false},"author":12,"featured_media":0,"comment_status":"closed","ping_status":"open","sticky":false,"template":"","format":"standard","meta":{"_et_pb_use_builder":"","_et_pb_old_content":"","_et_gb_content_width":"","_jetpack_newsletter_access":"","_jetpack_dont_email_post_to_subs":false,"_jetpack_newsletter_tier_id":0,"_jetpack_memberships_contains_paywalled_content":false,"iawp_total_views":0,"_jetpack_memberships_contains_paid_content":false,"footnotes":""},"categories":[28],"tags":[],"class_list":["post-1944","post","type-post","status-publish","format-standard","hentry","category-actus"],"yoast_head":"<!-- This site is optimized with the Yoast SEO plugin v26.0 - https:\/\/yoast.com\/wordpress\/plugins\/seo\/ -->\n<title>LA MEDIATION PAR LES PAIRS<\/title>\n<meta name=\"description\" content=\"\u00a0 Depuis 2 ans, le coll\u00e8ge Jeanne d\u2019Arc poursuit son travail visant \u00e0 favoriser le mieux \u00ab\u00a0vivre ensemble\u00a0\u00bb au sein de l\u2019\u00e9tablissement et utilise des\" \/>\n<meta name=\"robots\" content=\"index, follow, max-snippet:-1, max-image-preview:large, max-video-preview:-1\" \/>\n<link rel=\"canonical\" href=\"https:\/\/www.jeannedarc-figeac.fr\/college-lycee\/la-mediation-par-les-pairs\/\" \/>\n<meta property=\"og:locale\" content=\"fr_FR\" \/>\n<meta property=\"og:type\" content=\"article\" \/>\n<meta property=\"og:title\" content=\"LA MEDIATION PAR LES PAIRS\" \/>\n<meta property=\"og:description\" content=\"\u00a0 Depuis 2 ans, le coll\u00e8ge Jeanne d\u2019Arc poursuit son travail visant \u00e0 favoriser le mieux \u00ab\u00a0vivre ensemble\u00a0\u00bb au sein de l\u2019\u00e9tablissement et utilise des\" \/>\n<meta property=\"og:url\" content=\"https:\/\/www.jeannedarc-figeac.fr\/college-lycee\/la-mediation-par-les-pairs\/\" \/>\n<meta property=\"og:site_name\" content=\"Coll\u00e8ge et Lyc\u00e9e Jeanne d&#039;Arc\" \/>\n<meta property=\"article:published_time\" content=\"2016-03-30T09:56:41+00:00\" \/>\n<meta name=\"author\" content=\"le secr\u00e9tariat\" \/>\n<script type=\"application\/ld+json\" class=\"yoast-schema-graph\">{\"@context\":\"https:\/\/schema.org\",\"@graph\":[{\"@type\":\"WebPage\",\"@id\":\"https:\/\/www.jeannedarc-figeac.fr\/college-lycee\/la-mediation-par-les-pairs\/\",\"url\":\"https:\/\/www.jeannedarc-figeac.fr\/college-lycee\/la-mediation-par-les-pairs\/\",\"name\":\"LA MEDIATION PAR LES PAIRS\",\"isPartOf\":{\"@id\":\"https:\/\/www.jeannedarc-figeac.fr\/college-lycee\/#website\"},\"datePublished\":\"2016-03-30T09:56:41+00:00\",\"author\":{\"@id\":\"https:\/\/www.jeannedarc-figeac.fr\/college-lycee\/#\/schema\/person\/29e5764f28e895dc8bf41d4468f99154\"},\"description\":\"\u00a0 Depuis 2 ans, le coll\u00e8ge Jeanne d\u2019Arc poursuit son travail visant \u00e0 favoriser le mieux \u00ab\u00a0vivre ensemble\u00a0\u00bb au sein de l\u2019\u00e9tablissement et utilise des\",\"breadcrumb\":{\"@id\":\"https:\/\/www.jeannedarc-figeac.fr\/college-lycee\/la-mediation-par-les-pairs\/#breadcrumb\"},\"inLanguage\":\"fr-FR\",\"potentialAction\":[{\"@type\":\"ReadAction\",\"target\":[\"https:\/\/www.jeannedarc-figeac.fr\/college-lycee\/la-mediation-par-les-pairs\/\"]}]},{\"@type\":\"BreadcrumbList\",\"@id\":\"https:\/\/www.jeannedarc-figeac.fr\/college-lycee\/la-mediation-par-les-pairs\/#breadcrumb\",\"itemListElement\":[{\"@type\":\"ListItem\",\"position\":1,\"name\":\"Accueil\",\"item\":\"https:\/\/www.jeannedarc-figeac.fr\/college-lycee\/\"},{\"@type\":\"ListItem\",\"position\":2,\"name\":\"Actus\",\"item\":\"http:\/\/www.jeannedarc-figeac.fr\/college-lycee\/cat\/actus\/\"},{\"@type\":\"ListItem\",\"position\":3,\"name\":\"LA MEDIATION PAR LES PAIRS\"}]},{\"@type\":\"WebSite\",\"@id\":\"https:\/\/www.jeannedarc-figeac.fr\/college-lycee\/#website\",\"url\":\"https:\/\/www.jeannedarc-figeac.fr\/college-lycee\/\",\"name\":\"Coll\u00e8ge et Lyc\u00e9e Jeanne d&#039;Arc\",\"description\":\"Jeanne d&#039;Arc Figeac\",\"potentialAction\":[{\"@type\":\"SearchAction\",\"target\":{\"@type\":\"EntryPoint\",\"urlTemplate\":\"https:\/\/www.jeannedarc-figeac.fr\/college-lycee\/?s={search_term_string}\"},\"query-input\":{\"@type\":\"PropertyValueSpecification\",\"valueRequired\":true,\"valueName\":\"search_term_string\"}}],\"inLanguage\":\"fr-FR\"},{\"@type\":\"Person\",\"@id\":\"https:\/\/www.jeannedarc-figeac.fr\/college-lycee\/#\/schema\/person\/29e5764f28e895dc8bf41d4468f99154\",\"name\":\"le secr\u00e9tariat\",\"image\":{\"@type\":\"ImageObject\",\"inLanguage\":\"fr-FR\",\"@id\":\"https:\/\/www.jeannedarc-figeac.fr\/college-lycee\/#\/schema\/person\/image\/\",\"url\":\"https:\/\/www.jeannedarc-figeac.fr\/college-lycee\/wp-content\/litespeed\/avatar\/5\/b7e8da60f53ba4adc9e9e66d91d84580.jpg?ver=1776943645\",\"contentUrl\":\"https:\/\/www.jeannedarc-figeac.fr\/college-lycee\/wp-content\/litespeed\/avatar\/5\/b7e8da60f53ba4adc9e9e66d91d84580.jpg?ver=1776943645\",\"caption\":\"le secr\u00e9tariat\"},\"url\":\"https:\/\/www.jeannedarc-figeac.fr\/college-lycee\/author\/arlette\/\"}]}<\/script>\n<!-- \/ Yoast SEO plugin. -->","yoast_head_json":{"title":"LA MEDIATION PAR LES PAIRS","description":"\u00a0 Depuis 2 ans, le coll\u00e8ge Jeanne d\u2019Arc poursuit son travail visant \u00e0 favoriser le mieux \u00ab\u00a0vivre ensemble\u00a0\u00bb au sein de l\u2019\u00e9tablissement et utilise des","robots":{"index":"index","follow":"follow","max-snippet":"max-snippet:-1","max-image-preview":"max-image-preview:large","max-video-preview":"max-video-preview:-1"},"canonical":"https:\/\/www.jeannedarc-figeac.fr\/college-lycee\/la-mediation-par-les-pairs\/","og_locale":"fr_FR","og_type":"article","og_title":"LA MEDIATION PAR LES PAIRS","og_description":"\u00a0 Depuis 2 ans, le coll\u00e8ge Jeanne d\u2019Arc poursuit son travail visant \u00e0 favoriser le mieux \u00ab\u00a0vivre ensemble\u00a0\u00bb au sein de l\u2019\u00e9tablissement et utilise des","og_url":"https:\/\/www.jeannedarc-figeac.fr\/college-lycee\/la-mediation-par-les-pairs\/","og_site_name":"Coll\u00e8ge et Lyc\u00e9e Jeanne d&#039;Arc","article_published_time":"2016-03-30T09:56:41+00:00","author":"le secr\u00e9tariat","schema":{"@context":"https:\/\/schema.org","@graph":[{"@type":"WebPage","@id":"https:\/\/www.jeannedarc-figeac.fr\/college-lycee\/la-mediation-par-les-pairs\/","url":"https:\/\/www.jeannedarc-figeac.fr\/college-lycee\/la-mediation-par-les-pairs\/","name":"LA MEDIATION PAR LES PAIRS","isPartOf":{"@id":"https:\/\/www.jeannedarc-figeac.fr\/college-lycee\/#website"},"datePublished":"2016-03-30T09:56:41+00:00","author":{"@id":"https:\/\/www.jeannedarc-figeac.fr\/college-lycee\/#\/schema\/person\/29e5764f28e895dc8bf41d4468f99154"},"description":"\u00a0 Depuis 2 ans, le coll\u00e8ge Jeanne d\u2019Arc poursuit son travail visant \u00e0 favoriser le mieux \u00ab\u00a0vivre ensemble\u00a0\u00bb au sein de l\u2019\u00e9tablissement et utilise des","breadcrumb":{"@id":"https:\/\/www.jeannedarc-figeac.fr\/college-lycee\/la-mediation-par-les-pairs\/#breadcrumb"},"inLanguage":"fr-FR","potentialAction":[{"@type":"ReadAction","target":["https:\/\/www.jeannedarc-figeac.fr\/college-lycee\/la-mediation-par-les-pairs\/"]}]},{"@type":"BreadcrumbList","@id":"https:\/\/www.jeannedarc-figeac.fr\/college-lycee\/la-mediation-par-les-pairs\/#breadcrumb","itemListElement":[{"@type":"ListItem","position":1,"name":"Accueil","item":"https:\/\/www.jeannedarc-figeac.fr\/college-lycee\/"},{"@type":"ListItem","position":2,"name":"Actus","item":"http:\/\/www.jeannedarc-figeac.fr\/college-lycee\/cat\/actus\/"},{"@type":"ListItem","position":3,"name":"LA MEDIATION PAR LES PAIRS"}]},{"@type":"WebSite","@id":"https:\/\/www.jeannedarc-figeac.fr\/college-lycee\/#website","url":"https:\/\/www.jeannedarc-figeac.fr\/college-lycee\/","name":"Coll\u00e8ge et Lyc\u00e9e Jeanne d&#039;Arc","description":"Jeanne d&#039;Arc Figeac","potentialAction":[{"@type":"SearchAction","target":{"@type":"EntryPoint","urlTemplate":"https:\/\/www.jeannedarc-figeac.fr\/college-lycee\/?s={search_term_string}"},"query-input":{"@type":"PropertyValueSpecification","valueRequired":true,"valueName":"search_term_string"}}],"inLanguage":"fr-FR"},{"@type":"Person","@id":"https:\/\/www.jeannedarc-figeac.fr\/college-lycee\/#\/schema\/person\/29e5764f28e895dc8bf41d4468f99154","name":"le secr\u00e9tariat","image":{"@type":"ImageObject","inLanguage":"fr-FR","@id":"https:\/\/www.jeannedarc-figeac.fr\/college-lycee\/#\/schema\/person\/image\/","url":"https:\/\/www.jeannedarc-figeac.fr\/college-lycee\/wp-content\/litespeed\/avatar\/5\/b7e8da60f53ba4adc9e9e66d91d84580.jpg?ver=1776943645","contentUrl":"https:\/\/www.jeannedarc-figeac.fr\/college-lycee\/wp-content\/litespeed\/avatar\/5\/b7e8da60f53ba4adc9e9e66d91d84580.jpg?ver=1776943645","caption":"le secr\u00e9tariat"},"url":"https:\/\/www.jeannedarc-figeac.fr\/college-lycee\/author\/arlette\/"}]}},"jetpack_featured_media_url":"","jetpack_sharing_enabled":true,"jetpack_shortlink":"https:\/\/wp.me\/p5Qyb6-vm","_links":{"self":[{"href":"https:\/\/www.jeannedarc-figeac.fr\/college-lycee\/wp-json\/wp\/v2\/posts\/1944","targetHints":{"allow":["GET"]}}],"collection":[{"href":"https:\/\/www.jeannedarc-figeac.fr\/college-lycee\/wp-json\/wp\/v2\/posts"}],"about":[{"href":"https:\/\/www.jeannedarc-figeac.fr\/college-lycee\/wp-json\/wp\/v2\/types\/post"}],"author":[{"embeddable":true,"href":"https:\/\/www.jeannedarc-figeac.fr\/college-lycee\/wp-json\/wp\/v2\/users\/12"}],"replies":[{"embeddable":true,"href":"https:\/\/www.jeannedarc-figeac.fr\/college-lycee\/wp-json\/wp\/v2\/comments?post=1944"}],"version-history":[{"count":1,"href":"https:\/\/www.jeannedarc-figeac.fr\/college-lycee\/wp-json\/wp\/v2\/posts\/1944\/revisions"}],"predecessor-version":[{"id":1946,"href":"https:\/\/www.jeannedarc-figeac.fr\/college-lycee\/wp-json\/wp\/v2\/posts\/1944\/revisions\/1946"}],"wp:attachment":[{"href":"https:\/\/www.jeannedarc-figeac.fr\/college-lycee\/wp-json\/wp\/v2\/media?parent=1944"}],"wp:term":[{"taxonomy":"category","embeddable":true,"href":"https:\/\/www.jeannedarc-figeac.fr\/college-lycee\/wp-json\/wp\/v2\/categories?post=1944"},{"taxonomy":"post_tag","embeddable":true,"href":"https:\/\/www.jeannedarc-figeac.fr\/college-lycee\/wp-json\/wp\/v2\/tags?post=1944"}],"curies":[{"name":"wp","href":"https:\/\/api.w.org\/{rel}","templated":true}]}}