{"id":1937,"date":"2016-03-24T10:28:06","date_gmt":"2016-03-24T10:28:06","guid":{"rendered":"http:\/\/www.jeannedarc-figeac.fr\/college-lycee\/?p=1937"},"modified":"2016-03-24T10:28:06","modified_gmt":"2016-03-24T10:28:06","slug":"distribution-aux-restos-coeur","status":"publish","type":"post","link":"https:\/\/www.jeannedarc-figeac.fr\/college-lycee\/distribution-aux-restos-coeur\/","title":{"rendered":"Les \u00e9l\u00e8ves de terminales  g\u00e9n\u00e9rales  en visite \u00e0 Oradour-sur-Glane."},"content":{"rendered":"<p><a href=\"https:\/\/i0.wp.com\/www.jeannedarc-figeac.fr\/college-lycee\/wp-content\/uploads\/sites\/5\/2016\/03\/P1280010-modifi%C3%A9.jpg\" rel=\"attachment wp-att-1938\"><img data-recalc-dims=\"1\" loading=\"lazy\" decoding=\"async\" class=\"alignnone size-medium wp-image-1938\" src=\"https:\/\/i0.wp.com\/www.jeannedarc-figeac.fr\/college-lycee\/wp-content\/uploads\/sites\/5\/2016\/03\/P1280010-modifi%C3%A9.jpg?resize=300%2C225\" alt=\"P1280010 modifi\u00e9\" width=\"300\" height=\"225\" srcset=\"https:\/\/i0.wp.com\/www.jeannedarc-figeac.fr\/college-lycee\/wp-content\/uploads\/sites\/5\/2016\/03\/P1280010-modifi%C3%A9.jpg?resize=300%2C225&amp;ssl=1 300w, https:\/\/i0.wp.com\/www.jeannedarc-figeac.fr\/college-lycee\/wp-content\/uploads\/sites\/5\/2016\/03\/P1280010-modifi%C3%A9.jpg?resize=768%2C576&amp;ssl=1 768w, https:\/\/i0.wp.com\/www.jeannedarc-figeac.fr\/college-lycee\/wp-content\/uploads\/sites\/5\/2016\/03\/P1280010-modifi%C3%A9.jpg?resize=1024%2C768&amp;ssl=1 1024w, https:\/\/i0.wp.com\/www.jeannedarc-figeac.fr\/college-lycee\/wp-content\/uploads\/sites\/5\/2016\/03\/P1280010-modifi%C3%A9.jpg?resize=1080%2C810&amp;ssl=1 1080w, https:\/\/i0.wp.com\/www.jeannedarc-figeac.fr\/college-lycee\/wp-content\/uploads\/sites\/5\/2016\/03\/P1280010-modifi%C3%A9.jpg?w=1600&amp;ssl=1 1600w\" sizes=\"(max-width: 300px) 100vw, 300px\" \/><\/a><\/p>\n<p>Jeudi 17 mars 2016, les 34 \u00e9l\u00e8ves de terminales ES-L-S sont all\u00e9s visiter, dans le cadre de la Semaine de la Citoyennet\u00e9, le lieu de m\u00e9moire d&rsquo;Oradour-sur-Glane, \u00e0 15 km de Limoges.<\/p>\n<p>Au-del\u00e0 de l&rsquo;approche factuelle \u00e9tudi\u00e9e en cours d&rsquo;histoire (le massacre du 10 juin 1944 par la Das Reich, tuant aveugl\u00e9ment 642 personnes et d\u00e9truisant massivement tout un village), une approche citoyenne et philosophique est indispensable: cette journ\u00e9e a ainsi d\u00e9montr\u00e9 en quoi il \u00e9tait important de comprendre ce qu&rsquo;est une construction m\u00e9morielle dans notre R\u00e9publique, et a permis de v\u00e9hiculer un message universel de paix.<\/p>\n<p>La prise de conscience, par un groupe respectueux (et r\u00f4d\u00e9 \u00e0 l&rsquo;exercice puisqu&rsquo;ils \u00e9taient \u00e0 Verdun l&rsquo;an dernier \u00e0 la m\u00eame p\u00e9riode), est effective.<\/p>\n<p>&nbsp;<\/p>\n<p>&nbsp;<\/p>\n<p>&nbsp;<\/p>\n","protected":false},"excerpt":{"rendered":"<p>Jeudi 17 mars 2016, les 34 \u00e9l\u00e8ves de terminales ES-L-S sont all\u00e9s visiter, dans le cadre de la Semaine de la Citoyennet\u00e9, le lieu de m\u00e9moire d&rsquo;Oradour-sur-Glane, \u00e0 15 km de Limoges. Au-del\u00e0 de l&rsquo;approche factuelle \u00e9tudi\u00e9e en cours d&rsquo;histoire (le massacre du 10 juin 1944 par la Das Reich, tuant aveugl\u00e9ment 642 personnes et [&hellip;]<\/p>\n","protected":false},"author":12,"featured_media":0,"comment_status":"closed","ping_status":"open","sticky":false,"template":"","format":"standard","meta":{"_et_pb_use_builder":"","_et_pb_old_content":"","_et_gb_content_width":"","_jetpack_newsletter_access":"","_jetpack_dont_email_post_to_subs":false,"_jetpack_newsletter_tier_id":0,"_jetpack_memberships_contains_paywalled_content":false,"iawp_total_views":0,"_jetpack_memberships_contains_paid_content":false,"footnotes":""},"categories":[28],"tags":[],"class_list":["post-1937","post","type-post","status-publish","format-standard","hentry","category-actus"],"yoast_head":"<!-- This site is optimized with the Yoast SEO plugin v26.0 - https:\/\/yoast.com\/wordpress\/plugins\/seo\/ -->\n<title>Les \u00e9l\u00e8ves de terminales g\u00e9n\u00e9rales en visite \u00e0 Oradour-sur-Glane.<\/title>\n<meta name=\"description\" content=\"Jeudi 17 mars 2016, les 34 \u00e9l\u00e8ves de terminales ES-L-S sont all\u00e9s visiter, dans le cadre de la Semaine de la Citoyennet\u00e9, le lieu de m\u00e9moire\" \/>\n<meta name=\"robots\" content=\"index, follow, max-snippet:-1, max-image-preview:large, max-video-preview:-1\" \/>\n<link rel=\"canonical\" href=\"https:\/\/www.jeannedarc-figeac.fr\/college-lycee\/distribution-aux-restos-coeur\/\" \/>\n<meta property=\"og:locale\" content=\"fr_FR\" \/>\n<meta property=\"og:type\" content=\"article\" \/>\n<meta property=\"og:title\" content=\"Les \u00e9l\u00e8ves de terminales g\u00e9n\u00e9rales en visite \u00e0 Oradour-sur-Glane.\" \/>\n<meta property=\"og:description\" content=\"Jeudi 17 mars 2016, les 34 \u00e9l\u00e8ves de terminales ES-L-S sont all\u00e9s visiter, dans le cadre de la Semaine de la Citoyennet\u00e9, le lieu de m\u00e9moire\" \/>\n<meta property=\"og:url\" content=\"https:\/\/www.jeannedarc-figeac.fr\/college-lycee\/distribution-aux-restos-coeur\/\" \/>\n<meta property=\"og:site_name\" content=\"Coll\u00e8ge et Lyc\u00e9e Jeanne d&#039;Arc\" \/>\n<meta property=\"article:published_time\" content=\"2016-03-24T10:28:06+00:00\" \/>\n<meta name=\"author\" content=\"le secr\u00e9tariat\" \/>\n<script type=\"application\/ld+json\" class=\"yoast-schema-graph\">{\"@context\":\"https:\/\/schema.org\",\"@graph\":[{\"@type\":\"WebPage\",\"@id\":\"https:\/\/www.jeannedarc-figeac.fr\/college-lycee\/distribution-aux-restos-coeur\/\",\"url\":\"https:\/\/www.jeannedarc-figeac.fr\/college-lycee\/distribution-aux-restos-coeur\/\",\"name\":\"Les \u00e9l\u00e8ves de terminales g\u00e9n\u00e9rales en visite \u00e0 Oradour-sur-Glane.\",\"isPartOf\":{\"@id\":\"https:\/\/www.jeannedarc-figeac.fr\/college-lycee\/#website\"},\"datePublished\":\"2016-03-24T10:28:06+00:00\",\"author\":{\"@id\":\"https:\/\/www.jeannedarc-figeac.fr\/college-lycee\/#\/schema\/person\/29e5764f28e895dc8bf41d4468f99154\"},\"description\":\"Jeudi 17 mars 2016, les 34 \u00e9l\u00e8ves de terminales ES-L-S sont all\u00e9s visiter, dans le cadre de la Semaine de la Citoyennet\u00e9, le lieu de m\u00e9moire\",\"breadcrumb\":{\"@id\":\"https:\/\/www.jeannedarc-figeac.fr\/college-lycee\/distribution-aux-restos-coeur\/#breadcrumb\"},\"inLanguage\":\"fr-FR\",\"potentialAction\":[{\"@type\":\"ReadAction\",\"target\":[\"https:\/\/www.jeannedarc-figeac.fr\/college-lycee\/distribution-aux-restos-coeur\/\"]}]},{\"@type\":\"BreadcrumbList\",\"@id\":\"https:\/\/www.jeannedarc-figeac.fr\/college-lycee\/distribution-aux-restos-coeur\/#breadcrumb\",\"itemListElement\":[{\"@type\":\"ListItem\",\"position\":1,\"name\":\"Accueil\",\"item\":\"https:\/\/www.jeannedarc-figeac.fr\/college-lycee\/\"},{\"@type\":\"ListItem\",\"position\":2,\"name\":\"Actus\",\"item\":\"http:\/\/www.jeannedarc-figeac.fr\/college-lycee\/cat\/actus\/\"},{\"@type\":\"ListItem\",\"position\":3,\"name\":\"Les \u00e9l\u00e8ves de terminales g\u00e9n\u00e9rales en visite \u00e0 Oradour-sur-Glane.\"}]},{\"@type\":\"WebSite\",\"@id\":\"https:\/\/www.jeannedarc-figeac.fr\/college-lycee\/#website\",\"url\":\"https:\/\/www.jeannedarc-figeac.fr\/college-lycee\/\",\"name\":\"Coll\u00e8ge et Lyc\u00e9e Jeanne d&#039;Arc\",\"description\":\"Jeanne d&#039;Arc Figeac\",\"potentialAction\":[{\"@type\":\"SearchAction\",\"target\":{\"@type\":\"EntryPoint\",\"urlTemplate\":\"https:\/\/www.jeannedarc-figeac.fr\/college-lycee\/?s={search_term_string}\"},\"query-input\":{\"@type\":\"PropertyValueSpecification\",\"valueRequired\":true,\"valueName\":\"search_term_string\"}}],\"inLanguage\":\"fr-FR\"},{\"@type\":\"Person\",\"@id\":\"https:\/\/www.jeannedarc-figeac.fr\/college-lycee\/#\/schema\/person\/29e5764f28e895dc8bf41d4468f99154\",\"name\":\"le secr\u00e9tariat\",\"image\":{\"@type\":\"ImageObject\",\"inLanguage\":\"fr-FR\",\"@id\":\"https:\/\/www.jeannedarc-figeac.fr\/college-lycee\/#\/schema\/person\/image\/\",\"url\":\"https:\/\/www.jeannedarc-figeac.fr\/college-lycee\/wp-content\/litespeed\/avatar\/5\/b7e8da60f53ba4adc9e9e66d91d84580.jpg?ver=1776943645\",\"contentUrl\":\"https:\/\/www.jeannedarc-figeac.fr\/college-lycee\/wp-content\/litespeed\/avatar\/5\/b7e8da60f53ba4adc9e9e66d91d84580.jpg?ver=1776943645\",\"caption\":\"le secr\u00e9tariat\"},\"url\":\"https:\/\/www.jeannedarc-figeac.fr\/college-lycee\/author\/arlette\/\"}]}<\/script>\n<!-- \/ Yoast SEO plugin. -->","yoast_head_json":{"title":"Les \u00e9l\u00e8ves de terminales g\u00e9n\u00e9rales en visite \u00e0 Oradour-sur-Glane.","description":"Jeudi 17 mars 2016, les 34 \u00e9l\u00e8ves de terminales ES-L-S sont all\u00e9s visiter, dans le cadre de la Semaine de la Citoyennet\u00e9, le lieu de m\u00e9moire","robots":{"index":"index","follow":"follow","max-snippet":"max-snippet:-1","max-image-preview":"max-image-preview:large","max-video-preview":"max-video-preview:-1"},"canonical":"https:\/\/www.jeannedarc-figeac.fr\/college-lycee\/distribution-aux-restos-coeur\/","og_locale":"fr_FR","og_type":"article","og_title":"Les \u00e9l\u00e8ves de terminales g\u00e9n\u00e9rales en visite \u00e0 Oradour-sur-Glane.","og_description":"Jeudi 17 mars 2016, les 34 \u00e9l\u00e8ves de terminales ES-L-S sont all\u00e9s visiter, dans le cadre de la Semaine de la Citoyennet\u00e9, le lieu de m\u00e9moire","og_url":"https:\/\/www.jeannedarc-figeac.fr\/college-lycee\/distribution-aux-restos-coeur\/","og_site_name":"Coll\u00e8ge et Lyc\u00e9e Jeanne d&#039;Arc","article_published_time":"2016-03-24T10:28:06+00:00","author":"le secr\u00e9tariat","schema":{"@context":"https:\/\/schema.org","@graph":[{"@type":"WebPage","@id":"https:\/\/www.jeannedarc-figeac.fr\/college-lycee\/distribution-aux-restos-coeur\/","url":"https:\/\/www.jeannedarc-figeac.fr\/college-lycee\/distribution-aux-restos-coeur\/","name":"Les \u00e9l\u00e8ves de terminales g\u00e9n\u00e9rales en visite \u00e0 Oradour-sur-Glane.","isPartOf":{"@id":"https:\/\/www.jeannedarc-figeac.fr\/college-lycee\/#website"},"datePublished":"2016-03-24T10:28:06+00:00","author":{"@id":"https:\/\/www.jeannedarc-figeac.fr\/college-lycee\/#\/schema\/person\/29e5764f28e895dc8bf41d4468f99154"},"description":"Jeudi 17 mars 2016, les 34 \u00e9l\u00e8ves de terminales ES-L-S sont all\u00e9s visiter, dans le cadre de la Semaine de la Citoyennet\u00e9, le lieu de m\u00e9moire","breadcrumb":{"@id":"https:\/\/www.jeannedarc-figeac.fr\/college-lycee\/distribution-aux-restos-coeur\/#breadcrumb"},"inLanguage":"fr-FR","potentialAction":[{"@type":"ReadAction","target":["https:\/\/www.jeannedarc-figeac.fr\/college-lycee\/distribution-aux-restos-coeur\/"]}]},{"@type":"BreadcrumbList","@id":"https:\/\/www.jeannedarc-figeac.fr\/college-lycee\/distribution-aux-restos-coeur\/#breadcrumb","itemListElement":[{"@type":"ListItem","position":1,"name":"Accueil","item":"https:\/\/www.jeannedarc-figeac.fr\/college-lycee\/"},{"@type":"ListItem","position":2,"name":"Actus","item":"http:\/\/www.jeannedarc-figeac.fr\/college-lycee\/cat\/actus\/"},{"@type":"ListItem","position":3,"name":"Les \u00e9l\u00e8ves de terminales g\u00e9n\u00e9rales en visite \u00e0 Oradour-sur-Glane."}]},{"@type":"WebSite","@id":"https:\/\/www.jeannedarc-figeac.fr\/college-lycee\/#website","url":"https:\/\/www.jeannedarc-figeac.fr\/college-lycee\/","name":"Coll\u00e8ge et Lyc\u00e9e Jeanne d&#039;Arc","description":"Jeanne d&#039;Arc Figeac","potentialAction":[{"@type":"SearchAction","target":{"@type":"EntryPoint","urlTemplate":"https:\/\/www.jeannedarc-figeac.fr\/college-lycee\/?s={search_term_string}"},"query-input":{"@type":"PropertyValueSpecification","valueRequired":true,"valueName":"search_term_string"}}],"inLanguage":"fr-FR"},{"@type":"Person","@id":"https:\/\/www.jeannedarc-figeac.fr\/college-lycee\/#\/schema\/person\/29e5764f28e895dc8bf41d4468f99154","name":"le secr\u00e9tariat","image":{"@type":"ImageObject","inLanguage":"fr-FR","@id":"https:\/\/www.jeannedarc-figeac.fr\/college-lycee\/#\/schema\/person\/image\/","url":"https:\/\/www.jeannedarc-figeac.fr\/college-lycee\/wp-content\/litespeed\/avatar\/5\/b7e8da60f53ba4adc9e9e66d91d84580.jpg?ver=1776943645","contentUrl":"https:\/\/www.jeannedarc-figeac.fr\/college-lycee\/wp-content\/litespeed\/avatar\/5\/b7e8da60f53ba4adc9e9e66d91d84580.jpg?ver=1776943645","caption":"le secr\u00e9tariat"},"url":"https:\/\/www.jeannedarc-figeac.fr\/college-lycee\/author\/arlette\/"}]}},"jetpack_featured_media_url":"","jetpack_sharing_enabled":true,"jetpack_shortlink":"https:\/\/wp.me\/p5Qyb6-vf","_links":{"self":[{"href":"https:\/\/www.jeannedarc-figeac.fr\/college-lycee\/wp-json\/wp\/v2\/posts\/1937","targetHints":{"allow":["GET"]}}],"collection":[{"href":"https:\/\/www.jeannedarc-figeac.fr\/college-lycee\/wp-json\/wp\/v2\/posts"}],"about":[{"href":"https:\/\/www.jeannedarc-figeac.fr\/college-lycee\/wp-json\/wp\/v2\/types\/post"}],"author":[{"embeddable":true,"href":"https:\/\/www.jeannedarc-figeac.fr\/college-lycee\/wp-json\/wp\/v2\/users\/12"}],"replies":[{"embeddable":true,"href":"https:\/\/www.jeannedarc-figeac.fr\/college-lycee\/wp-json\/wp\/v2\/comments?post=1937"}],"version-history":[{"count":1,"href":"https:\/\/www.jeannedarc-figeac.fr\/college-lycee\/wp-json\/wp\/v2\/posts\/1937\/revisions"}],"predecessor-version":[{"id":1939,"href":"https:\/\/www.jeannedarc-figeac.fr\/college-lycee\/wp-json\/wp\/v2\/posts\/1937\/revisions\/1939"}],"wp:attachment":[{"href":"https:\/\/www.jeannedarc-figeac.fr\/college-lycee\/wp-json\/wp\/v2\/media?parent=1937"}],"wp:term":[{"taxonomy":"category","embeddable":true,"href":"https:\/\/www.jeannedarc-figeac.fr\/college-lycee\/wp-json\/wp\/v2\/categories?post=1937"},{"taxonomy":"post_tag","embeddable":true,"href":"https:\/\/www.jeannedarc-figeac.fr\/college-lycee\/wp-json\/wp\/v2\/tags?post=1937"}],"curies":[{"name":"wp","href":"https:\/\/api.w.org\/{rel}","templated":true}]}}