{"id":1933,"date":"2016-03-24T09:55:53","date_gmt":"2016-03-24T09:55:53","guid":{"rendered":"http:\/\/www.jeannedarc-figeac.fr\/college-lycee\/?p=1933"},"modified":"2016-03-24T09:55:53","modified_gmt":"2016-03-24T09:55:53","slug":"premier-echange-franco-espagnol-college","status":"publish","type":"post","link":"https:\/\/www.jeannedarc-figeac.fr\/college-lycee\/premier-echange-franco-espagnol-college\/","title":{"rendered":"Premier \u00e9change franco-espagnol au coll\u00e8ge"},"content":{"rendered":"<p><a href=\"https:\/\/i0.wp.com\/www.jeannedarc-figeac.fr\/college-lycee\/wp-content\/uploads\/sites\/5\/2016\/03\/P1020865-modifi%C3%A9.jpg\" rel=\"attachment wp-att-1934\"><img data-recalc-dims=\"1\" loading=\"lazy\" decoding=\"async\" class=\"alignnone size-medium wp-image-1934\" src=\"https:\/\/i0.wp.com\/www.jeannedarc-figeac.fr\/college-lycee\/wp-content\/uploads\/sites\/5\/2016\/03\/P1020865-modifi%C3%A9.jpg?resize=300%2C225\" alt=\"P1020865 modifi\u00e9\" width=\"300\" height=\"225\" srcset=\"https:\/\/i0.wp.com\/www.jeannedarc-figeac.fr\/college-lycee\/wp-content\/uploads\/sites\/5\/2016\/03\/P1020865-modifi%C3%A9.jpg?resize=300%2C225&amp;ssl=1 300w, https:\/\/i0.wp.com\/www.jeannedarc-figeac.fr\/college-lycee\/wp-content\/uploads\/sites\/5\/2016\/03\/P1020865-modifi%C3%A9.jpg?resize=768%2C576&amp;ssl=1 768w, https:\/\/i0.wp.com\/www.jeannedarc-figeac.fr\/college-lycee\/wp-content\/uploads\/sites\/5\/2016\/03\/P1020865-modifi%C3%A9.jpg?resize=1024%2C768&amp;ssl=1 1024w, https:\/\/i0.wp.com\/www.jeannedarc-figeac.fr\/college-lycee\/wp-content\/uploads\/sites\/5\/2016\/03\/P1020865-modifi%C3%A9.jpg?resize=1080%2C810&amp;ssl=1 1080w, https:\/\/i0.wp.com\/www.jeannedarc-figeac.fr\/college-lycee\/wp-content\/uploads\/sites\/5\/2016\/03\/P1020865-modifi%C3%A9.jpg?w=1600&amp;ssl=1 1600w\" sizes=\"(max-width: 300px) 100vw, 300px\" \/><\/a><\/p>\n<p>Le premier \u00e9change avec le coll\u00e8ge Maria Casares a eu lieu \u00e0 Oleiros (\u00e0 15 minutes de La Corogne). 16 \u00e9l\u00e8ves de 3<sup>\u00e8me<\/sup> du coll\u00e8ge Jeanne d\u2019Arc\u00a0 et 11 \u00e9l\u00e8ves de 3<sup>\u00e8me<\/sup> du coll\u00e8ge Sainte H\u00e9l\u00e8ne de Gramat y ont particip\u00e9.<\/p>\n<p>Ils \u00e9taient encadr\u00e9s par les professeurs d\u2019espagnol, Madame Arcache et Madame B\u00e9rot.<\/p>\n<p>Lors de ce s\u00e9jour, chaque \u00e9l\u00e8ve logeait chez son correspondant espagnol. Ainsi les fran\u00e7ais ont pu d\u00e9couvrir diff\u00e9rents aspects de la vie espagnole\u00a0: culture, horaires, gastronomie\u2026<\/p>\n<p>Ils ont aussi pu assister \u00e0 des cours au coll\u00e8ge. Des visites int\u00e9ressantes et vari\u00e9es \u00e9taient au programme\u00a0: la cath\u00e9drale de Saint Jacques de Compostelle, la visite de l\u2019entreprise espagnole Inditex (leader mondial de la confection textile comme Zara, Stradivarius\u2026).<\/p>\n<p>Oleiros, se situant pr\u00e8s de la c\u00f4te oc\u00e9anique, ils ont pu appr\u00e9cier les paysages de La Corogne, de Pontevedra, et du petit village de p\u00eacheurs de Combarro.<\/p>\n<p>Les jeunes fran\u00e7ais ont tous \u00e9t\u00e9 tr\u00e8s sensibles \u00e0 la qualit\u00e9 de l\u2019accueil r\u00e9serv\u00e9 par nos amis galliciens.<\/p>\n<p>En retour, cette semaine, du 11 au 17 mars, ce sont eux qui ont fait d\u00e9couvrir Figeac et ses alentours \u00e0 leurs correspondants (Rocamadour, Saint Cirq Lapopie et les grottes de Pech Merle). La semaine s\u2019est cl\u00f4tur\u00e9e par une soir\u00e9e franco-espagnole o\u00f9 les correspondants et leurs familles d\u2019accueil ont \u00e9chang\u00e9 leurs impressions sur ce s\u00e9jour. C\u2019est le c\u0153ur serr\u00e9 qu\u2019ils ont repris la route vers Oleiros en faisant une halte \u00e0 Toulouse. \u00a1 Hasta la pr\u00f3xima!<\/p>\n<p>&nbsp;<\/p>\n","protected":false},"excerpt":{"rendered":"<p>Le premier \u00e9change avec le coll\u00e8ge Maria Casares a eu lieu \u00e0 Oleiros (\u00e0 15 minutes de La Corogne). 16 \u00e9l\u00e8ves de 3\u00e8me du coll\u00e8ge Jeanne d\u2019Arc\u00a0 et 11 \u00e9l\u00e8ves de 3\u00e8me du coll\u00e8ge Sainte H\u00e9l\u00e8ne de Gramat y ont particip\u00e9. Ils \u00e9taient encadr\u00e9s par les professeurs d\u2019espagnol, Madame Arcache et Madame B\u00e9rot. Lors de [&hellip;]<\/p>\n","protected":false},"author":12,"featured_media":0,"comment_status":"closed","ping_status":"open","sticky":false,"template":"","format":"standard","meta":{"_et_pb_use_builder":"","_et_pb_old_content":"","_et_gb_content_width":"","_jetpack_newsletter_access":"","_jetpack_dont_email_post_to_subs":false,"_jetpack_newsletter_tier_id":0,"_jetpack_memberships_contains_paywalled_content":false,"iawp_total_views":1,"_jetpack_memberships_contains_paid_content":false,"footnotes":""},"categories":[28],"tags":[],"class_list":["post-1933","post","type-post","status-publish","format-standard","hentry","category-actus"],"yoast_head":"<!-- This site is optimized with the Yoast SEO plugin v26.0 - https:\/\/yoast.com\/wordpress\/plugins\/seo\/ -->\n<title>Premier \u00e9change franco-espagnol au coll\u00e8ge<\/title>\n<meta name=\"description\" content=\"Le premier \u00e9change avec le coll\u00e8ge Maria Casares a eu lieu \u00e0 Oleiros (\u00e0 15 minutes de La Corogne). 16 \u00e9l\u00e8ves de 3\u00e8me du coll\u00e8ge Jeanne d\u2019Arc\u00a0 et 11 \u00e9l\u00e8ves\" \/>\n<meta name=\"robots\" content=\"index, follow, max-snippet:-1, max-image-preview:large, max-video-preview:-1\" \/>\n<link rel=\"canonical\" href=\"http:\/\/www.jeannedarc-figeac.fr\/college-lycee\/premier-echange-franco-espagnol-college\/\" \/>\n<meta property=\"og:locale\" content=\"fr_FR\" \/>\n<meta property=\"og:type\" content=\"article\" \/>\n<meta property=\"og:title\" content=\"Premier \u00e9change franco-espagnol au coll\u00e8ge\" \/>\n<meta property=\"og:description\" content=\"Le premier \u00e9change avec le coll\u00e8ge Maria Casares a eu lieu \u00e0 Oleiros (\u00e0 15 minutes de La Corogne). 16 \u00e9l\u00e8ves de 3\u00e8me du coll\u00e8ge Jeanne d\u2019Arc\u00a0 et 11 \u00e9l\u00e8ves\" \/>\n<meta property=\"og:url\" content=\"http:\/\/www.jeannedarc-figeac.fr\/college-lycee\/premier-echange-franco-espagnol-college\/\" \/>\n<meta property=\"og:site_name\" content=\"Coll\u00e8ge et Lyc\u00e9e Jeanne d&#039;Arc\" \/>\n<meta property=\"article:published_time\" content=\"2016-03-24T09:55:53+00:00\" \/>\n<meta name=\"author\" content=\"le secr\u00e9tariat\" \/>\n<script type=\"application\/ld+json\" class=\"yoast-schema-graph\">{\"@context\":\"https:\/\/schema.org\",\"@graph\":[{\"@type\":\"WebPage\",\"@id\":\"http:\/\/www.jeannedarc-figeac.fr\/college-lycee\/premier-echange-franco-espagnol-college\/\",\"url\":\"http:\/\/www.jeannedarc-figeac.fr\/college-lycee\/premier-echange-franco-espagnol-college\/\",\"name\":\"Premier \u00e9change franco-espagnol au coll\u00e8ge\",\"isPartOf\":{\"@id\":\"https:\/\/www.jeannedarc-figeac.fr\/college-lycee\/#website\"},\"datePublished\":\"2016-03-24T09:55:53+00:00\",\"author\":{\"@id\":\"https:\/\/www.jeannedarc-figeac.fr\/college-lycee\/#\/schema\/person\/29e5764f28e895dc8bf41d4468f99154\"},\"description\":\"Le premier \u00e9change avec le coll\u00e8ge Maria Casares a eu lieu \u00e0 Oleiros (\u00e0 15 minutes de La Corogne). 16 \u00e9l\u00e8ves de 3\u00e8me du coll\u00e8ge Jeanne d\u2019Arc\u00a0 et 11 \u00e9l\u00e8ves\",\"breadcrumb\":{\"@id\":\"http:\/\/www.jeannedarc-figeac.fr\/college-lycee\/premier-echange-franco-espagnol-college\/#breadcrumb\"},\"inLanguage\":\"fr-FR\",\"potentialAction\":[{\"@type\":\"ReadAction\",\"target\":[\"http:\/\/www.jeannedarc-figeac.fr\/college-lycee\/premier-echange-franco-espagnol-college\/\"]}]},{\"@type\":\"BreadcrumbList\",\"@id\":\"http:\/\/www.jeannedarc-figeac.fr\/college-lycee\/premier-echange-franco-espagnol-college\/#breadcrumb\",\"itemListElement\":[{\"@type\":\"ListItem\",\"position\":1,\"name\":\"Accueil\",\"item\":\"https:\/\/www.jeannedarc-figeac.fr\/college-lycee\/\"},{\"@type\":\"ListItem\",\"position\":2,\"name\":\"Actus\",\"item\":\"http:\/\/www.jeannedarc-figeac.fr\/college-lycee\/cat\/actus\/\"},{\"@type\":\"ListItem\",\"position\":3,\"name\":\"Premier \u00e9change franco-espagnol au coll\u00e8ge\"}]},{\"@type\":\"WebSite\",\"@id\":\"https:\/\/www.jeannedarc-figeac.fr\/college-lycee\/#website\",\"url\":\"https:\/\/www.jeannedarc-figeac.fr\/college-lycee\/\",\"name\":\"Coll\u00e8ge et Lyc\u00e9e Jeanne d&#039;Arc\",\"description\":\"Jeanne d&#039;Arc Figeac\",\"potentialAction\":[{\"@type\":\"SearchAction\",\"target\":{\"@type\":\"EntryPoint\",\"urlTemplate\":\"https:\/\/www.jeannedarc-figeac.fr\/college-lycee\/?s={search_term_string}\"},\"query-input\":{\"@type\":\"PropertyValueSpecification\",\"valueRequired\":true,\"valueName\":\"search_term_string\"}}],\"inLanguage\":\"fr-FR\"},{\"@type\":\"Person\",\"@id\":\"https:\/\/www.jeannedarc-figeac.fr\/college-lycee\/#\/schema\/person\/29e5764f28e895dc8bf41d4468f99154\",\"name\":\"le secr\u00e9tariat\",\"image\":{\"@type\":\"ImageObject\",\"inLanguage\":\"fr-FR\",\"@id\":\"https:\/\/www.jeannedarc-figeac.fr\/college-lycee\/#\/schema\/person\/image\/\",\"url\":\"https:\/\/www.jeannedarc-figeac.fr\/college-lycee\/wp-content\/litespeed\/avatar\/5\/b7e8da60f53ba4adc9e9e66d91d84580.jpg?ver=1777548714\",\"contentUrl\":\"https:\/\/www.jeannedarc-figeac.fr\/college-lycee\/wp-content\/litespeed\/avatar\/5\/b7e8da60f53ba4adc9e9e66d91d84580.jpg?ver=1777548714\",\"caption\":\"le secr\u00e9tariat\"},\"url\":\"https:\/\/www.jeannedarc-figeac.fr\/college-lycee\/author\/arlette\/\"}]}<\/script>\n<!-- \/ Yoast SEO plugin. -->","yoast_head_json":{"title":"Premier \u00e9change franco-espagnol au coll\u00e8ge","description":"Le premier \u00e9change avec le coll\u00e8ge Maria Casares a eu lieu \u00e0 Oleiros (\u00e0 15 minutes de La Corogne). 16 \u00e9l\u00e8ves de 3\u00e8me du coll\u00e8ge Jeanne d\u2019Arc\u00a0 et 11 \u00e9l\u00e8ves","robots":{"index":"index","follow":"follow","max-snippet":"max-snippet:-1","max-image-preview":"max-image-preview:large","max-video-preview":"max-video-preview:-1"},"canonical":"http:\/\/www.jeannedarc-figeac.fr\/college-lycee\/premier-echange-franco-espagnol-college\/","og_locale":"fr_FR","og_type":"article","og_title":"Premier \u00e9change franco-espagnol au coll\u00e8ge","og_description":"Le premier \u00e9change avec le coll\u00e8ge Maria Casares a eu lieu \u00e0 Oleiros (\u00e0 15 minutes de La Corogne). 16 \u00e9l\u00e8ves de 3\u00e8me du coll\u00e8ge Jeanne d\u2019Arc\u00a0 et 11 \u00e9l\u00e8ves","og_url":"http:\/\/www.jeannedarc-figeac.fr\/college-lycee\/premier-echange-franco-espagnol-college\/","og_site_name":"Coll\u00e8ge et Lyc\u00e9e Jeanne d&#039;Arc","article_published_time":"2016-03-24T09:55:53+00:00","author":"le secr\u00e9tariat","schema":{"@context":"https:\/\/schema.org","@graph":[{"@type":"WebPage","@id":"http:\/\/www.jeannedarc-figeac.fr\/college-lycee\/premier-echange-franco-espagnol-college\/","url":"http:\/\/www.jeannedarc-figeac.fr\/college-lycee\/premier-echange-franco-espagnol-college\/","name":"Premier \u00e9change franco-espagnol au coll\u00e8ge","isPartOf":{"@id":"https:\/\/www.jeannedarc-figeac.fr\/college-lycee\/#website"},"datePublished":"2016-03-24T09:55:53+00:00","author":{"@id":"https:\/\/www.jeannedarc-figeac.fr\/college-lycee\/#\/schema\/person\/29e5764f28e895dc8bf41d4468f99154"},"description":"Le premier \u00e9change avec le coll\u00e8ge Maria Casares a eu lieu \u00e0 Oleiros (\u00e0 15 minutes de La Corogne). 16 \u00e9l\u00e8ves de 3\u00e8me du coll\u00e8ge Jeanne d\u2019Arc\u00a0 et 11 \u00e9l\u00e8ves","breadcrumb":{"@id":"http:\/\/www.jeannedarc-figeac.fr\/college-lycee\/premier-echange-franco-espagnol-college\/#breadcrumb"},"inLanguage":"fr-FR","potentialAction":[{"@type":"ReadAction","target":["http:\/\/www.jeannedarc-figeac.fr\/college-lycee\/premier-echange-franco-espagnol-college\/"]}]},{"@type":"BreadcrumbList","@id":"http:\/\/www.jeannedarc-figeac.fr\/college-lycee\/premier-echange-franco-espagnol-college\/#breadcrumb","itemListElement":[{"@type":"ListItem","position":1,"name":"Accueil","item":"https:\/\/www.jeannedarc-figeac.fr\/college-lycee\/"},{"@type":"ListItem","position":2,"name":"Actus","item":"http:\/\/www.jeannedarc-figeac.fr\/college-lycee\/cat\/actus\/"},{"@type":"ListItem","position":3,"name":"Premier \u00e9change franco-espagnol au coll\u00e8ge"}]},{"@type":"WebSite","@id":"https:\/\/www.jeannedarc-figeac.fr\/college-lycee\/#website","url":"https:\/\/www.jeannedarc-figeac.fr\/college-lycee\/","name":"Coll\u00e8ge et Lyc\u00e9e Jeanne d&#039;Arc","description":"Jeanne d&#039;Arc Figeac","potentialAction":[{"@type":"SearchAction","target":{"@type":"EntryPoint","urlTemplate":"https:\/\/www.jeannedarc-figeac.fr\/college-lycee\/?s={search_term_string}"},"query-input":{"@type":"PropertyValueSpecification","valueRequired":true,"valueName":"search_term_string"}}],"inLanguage":"fr-FR"},{"@type":"Person","@id":"https:\/\/www.jeannedarc-figeac.fr\/college-lycee\/#\/schema\/person\/29e5764f28e895dc8bf41d4468f99154","name":"le secr\u00e9tariat","image":{"@type":"ImageObject","inLanguage":"fr-FR","@id":"https:\/\/www.jeannedarc-figeac.fr\/college-lycee\/#\/schema\/person\/image\/","url":"https:\/\/www.jeannedarc-figeac.fr\/college-lycee\/wp-content\/litespeed\/avatar\/5\/b7e8da60f53ba4adc9e9e66d91d84580.jpg?ver=1777548714","contentUrl":"https:\/\/www.jeannedarc-figeac.fr\/college-lycee\/wp-content\/litespeed\/avatar\/5\/b7e8da60f53ba4adc9e9e66d91d84580.jpg?ver=1777548714","caption":"le secr\u00e9tariat"},"url":"https:\/\/www.jeannedarc-figeac.fr\/college-lycee\/author\/arlette\/"}]}},"jetpack_featured_media_url":"","jetpack_sharing_enabled":true,"jetpack_shortlink":"https:\/\/wp.me\/p5Qyb6-vb","_links":{"self":[{"href":"https:\/\/www.jeannedarc-figeac.fr\/college-lycee\/wp-json\/wp\/v2\/posts\/1933","targetHints":{"allow":["GET"]}}],"collection":[{"href":"https:\/\/www.jeannedarc-figeac.fr\/college-lycee\/wp-json\/wp\/v2\/posts"}],"about":[{"href":"https:\/\/www.jeannedarc-figeac.fr\/college-lycee\/wp-json\/wp\/v2\/types\/post"}],"author":[{"embeddable":true,"href":"https:\/\/www.jeannedarc-figeac.fr\/college-lycee\/wp-json\/wp\/v2\/users\/12"}],"replies":[{"embeddable":true,"href":"https:\/\/www.jeannedarc-figeac.fr\/college-lycee\/wp-json\/wp\/v2\/comments?post=1933"}],"version-history":[{"count":1,"href":"https:\/\/www.jeannedarc-figeac.fr\/college-lycee\/wp-json\/wp\/v2\/posts\/1933\/revisions"}],"predecessor-version":[{"id":1935,"href":"https:\/\/www.jeannedarc-figeac.fr\/college-lycee\/wp-json\/wp\/v2\/posts\/1933\/revisions\/1935"}],"wp:attachment":[{"href":"https:\/\/www.jeannedarc-figeac.fr\/college-lycee\/wp-json\/wp\/v2\/media?parent=1933"}],"wp:term":[{"taxonomy":"category","embeddable":true,"href":"https:\/\/www.jeannedarc-figeac.fr\/college-lycee\/wp-json\/wp\/v2\/categories?post=1933"},{"taxonomy":"post_tag","embeddable":true,"href":"https:\/\/www.jeannedarc-figeac.fr\/college-lycee\/wp-json\/wp\/v2\/tags?post=1933"}],"curies":[{"name":"wp","href":"https:\/\/api.w.org\/{rel}","templated":true}]}}