{"id":1922,"date":"2016-03-16T10:43:29","date_gmt":"2016-03-16T10:43:29","guid":{"rendered":"http:\/\/www.jeannedarc-figeac.fr\/college-lycee\/?p=1922"},"modified":"2016-03-16T10:43:29","modified_gmt":"2016-03-16T10:43:29","slug":"forum-dorientation-post-bac-anciens-eleves-viennent-force-presenter-leurs-parcours-aux-classes-de-terminale","status":"publish","type":"post","link":"https:\/\/www.jeannedarc-figeac.fr\/college-lycee\/forum-dorientation-post-bac-anciens-eleves-viennent-force-presenter-leurs-parcours-aux-classes-de-terminale\/","title":{"rendered":"Forum d\u2019orientation post-bac : les anciens \u00e9l\u00e8ves viennent en force pr\u00e9senter leurs parcours aux classes de terminale."},"content":{"rendered":"<p><a href=\"https:\/\/i0.wp.com\/www.jeannedarc-figeac.fr\/college-lycee\/wp-content\/uploads\/sites\/5\/2016\/03\/forum-007-bis.jpg\" rel=\"attachment wp-att-1923\"><img data-recalc-dims=\"1\" loading=\"lazy\" decoding=\"async\" class=\"alignnone size-medium wp-image-1923\" src=\"https:\/\/i0.wp.com\/www.jeannedarc-figeac.fr\/college-lycee\/wp-content\/uploads\/sites\/5\/2016\/03\/forum-007-bis.jpg?resize=300%2C225\" alt=\"forum 007 bis\" width=\"300\" height=\"225\" srcset=\"https:\/\/i0.wp.com\/www.jeannedarc-figeac.fr\/college-lycee\/wp-content\/uploads\/sites\/5\/2016\/03\/forum-007-bis.jpg?resize=300%2C225&amp;ssl=1 300w, https:\/\/i0.wp.com\/www.jeannedarc-figeac.fr\/college-lycee\/wp-content\/uploads\/sites\/5\/2016\/03\/forum-007-bis.jpg?resize=768%2C576&amp;ssl=1 768w, https:\/\/i0.wp.com\/www.jeannedarc-figeac.fr\/college-lycee\/wp-content\/uploads\/sites\/5\/2016\/03\/forum-007-bis.jpg?resize=1024%2C768&amp;ssl=1 1024w, https:\/\/i0.wp.com\/www.jeannedarc-figeac.fr\/college-lycee\/wp-content\/uploads\/sites\/5\/2016\/03\/forum-007-bis.jpg?resize=1080%2C810&amp;ssl=1 1080w, https:\/\/i0.wp.com\/www.jeannedarc-figeac.fr\/college-lycee\/wp-content\/uploads\/sites\/5\/2016\/03\/forum-007-bis.jpg?w=1600&amp;ssl=1 1600w\" sizes=\"(max-width: 300px) 100vw, 300px\" \/><\/a><a href=\"https:\/\/i0.wp.com\/www.jeannedarc-figeac.fr\/college-lycee\/wp-content\/uploads\/sites\/5\/2016\/03\/forum-009-bis.jpg\" rel=\"attachment wp-att-1925\"><img data-recalc-dims=\"1\" loading=\"lazy\" decoding=\"async\" class=\"alignnone size-medium wp-image-1925\" src=\"https:\/\/i0.wp.com\/www.jeannedarc-figeac.fr\/college-lycee\/wp-content\/uploads\/sites\/5\/2016\/03\/forum-009-bis.jpg?resize=300%2C225\" alt=\"forum 009 bis\" width=\"300\" height=\"225\" srcset=\"https:\/\/i0.wp.com\/www.jeannedarc-figeac.fr\/college-lycee\/wp-content\/uploads\/sites\/5\/2016\/03\/forum-009-bis.jpg?resize=300%2C225&amp;ssl=1 300w, https:\/\/i0.wp.com\/www.jeannedarc-figeac.fr\/college-lycee\/wp-content\/uploads\/sites\/5\/2016\/03\/forum-009-bis.jpg?resize=768%2C576&amp;ssl=1 768w, https:\/\/i0.wp.com\/www.jeannedarc-figeac.fr\/college-lycee\/wp-content\/uploads\/sites\/5\/2016\/03\/forum-009-bis.jpg?resize=1024%2C768&amp;ssl=1 1024w, https:\/\/i0.wp.com\/www.jeannedarc-figeac.fr\/college-lycee\/wp-content\/uploads\/sites\/5\/2016\/03\/forum-009-bis.jpg?resize=1080%2C810&amp;ssl=1 1080w, https:\/\/i0.wp.com\/www.jeannedarc-figeac.fr\/college-lycee\/wp-content\/uploads\/sites\/5\/2016\/03\/forum-009-bis.jpg?w=1600&amp;ssl=1 1600w\" sizes=\"(max-width: 300px) 100vw, 300px\" \/><\/a><br \/>\nVendredi 19 f\u00e9vrier 2016, de 14h30 \u00e0 16h30, une vingtaine d\u2019anciens \u00e9l\u00e8ves, de tous horizons, sont venus \u00e0 la rencontre des classes de terminales g\u00e9n\u00e9rales (ES &#8211; L &#8211; S)\u00a0: tr\u00e8s attach\u00e9s \u00e0 leur ancien \u00e9tablissement, des bacheliers issus de diff\u00e9rentes promotions de 1986 \u00e0 2015, encore \u00e9tudiants, depuis peu dans la vie active ou professionnels de longue date, tous ont fait preuve d\u2019enthousiasme face \u00e0 la formation post-bac, \u00e9voquant aussi, avec un brin de nostalgie, leurs ann\u00e9es \u00e0 Jeanne d&rsquo;Arc. Rassurant les lyc\u00e9ens, ils ont ainsi guid\u00e9 efficacement des jeunes, parfois tr\u00e8s stress\u00e9s par les \u00e9ch\u00e9ances imm\u00e9diates impos\u00e9es par le parcours APB (portail national internet unique d&rsquo;admission post-bac). Il est \u00e0 noter aussi la venue de la CCI du Lot (Chambre de commerce et d&rsquo;industrie), avec deux conseill\u00e8res venues pr\u00e9senter des formations particuli\u00e8res, telles que le BTS MUC (Management des Unit\u00e9s commerciales) ou le BPJEPS (Brevet professionnel de la jeunesse, de l&rsquo;\u00e9ducation populaire et de la sant\u00e9).<br \/>\nLes \u00ab\u00a0anciens\u00a0\u00bb ont donc pr\u00e9sent\u00e9 des formations tr\u00e8s diverses\u00a0: BTS Economie Sociale et Familiale, DUT Techniques de commercialisation, Fac de droit, PACES (premi\u00e8re ann\u00e9e commune aux \u00e9tudes de sant\u00e9), STAPS (Sciences et techniques des activit\u00e9s physiques et sportives), des pr\u00e9pas concours (IFSI-Institut de formation en soins infirmiers, \u00e9ducateur sp\u00e9cialis\u00e9 \/ Arc-en-ciel-Figeac, Hypokh\u00e2gne, Sciences Politiques, audio-proth\u00e8se, gendarmerie\u2026), des \u00e9tudes m\u00e9dicales (pharmacien, podologue, kin\u00e9sith\u00e9rapeute\u2026), des \u00e9coles d\u2019architecture, de commerce (comme la Kedge Business School de Bordeaux), et aussi des ing\u00e9nieurs issus de grandes \u00e9coles (INP Toulouse, ICAM\u2026). Les m\u00e9tiers de l\u2019enseignement, y compris \u00e0 l\u2019\u00e9tranger, n\u2019ont pas \u00e9t\u00e9 oubli\u00e9\u00a0: professeur des \u00e9coles, et professeur d\u2019enseignement secondaire en Langue des Signes, sont venus pr\u00e9senter leur parcours. L&rsquo;attachement \u00e0 leur ancien lyc\u00e9e est d&rsquo;ailleurs d&rsquo;autant plus pr\u00e9gnant que beaucoup de professeurs actuels dans l&rsquo;\u00e9tablissement Jeanne d&rsquo;Arc de Figeac sont eux-m\u00eames d&rsquo;anciens \u00e9l\u00e8ves de l&rsquo;\u00e9tablissement, ce qui r\u00e9v\u00e8le l&rsquo;esprit positif de communaut\u00e9 qui y r\u00e8gne&#8230;<br \/>\nAussi, a \u00e9t\u00e9 expliqu\u00e9e la possibilit\u00e9 de reconversion en cours de carri\u00e8re, d\u00e9dramatisant l\u2019aspect fatidique du choix d\u2019orientation\u00a0: par exemple, une bacheli\u00e8re 1986 a repris ses \u00e9tudes et vient d\u2019obtenir son dipl\u00f4me d\u2019infirmi\u00e8re \u00e0 l\u2019IFSI de Figeac.<br \/>\nCette apr\u00e8s-midi a donc permis, outre un agr\u00e9able moment de partage, une mise en relation positive et diff\u00e9rente des demandes des lyc\u00e9ens candidats et des \u00e9tablissements d&rsquo;enseignement sup\u00e9rieur qu&rsquo;ils cherchent \u00e0 int\u00e9grer, dans une ambiance tr\u00e8s sereine et encourageante.<\/p>\n","protected":false},"excerpt":{"rendered":"<p>Vendredi 19 f\u00e9vrier 2016, de 14h30 \u00e0 16h30, une vingtaine d\u2019anciens \u00e9l\u00e8ves, de tous horizons, sont venus \u00e0 la rencontre des classes de terminales g\u00e9n\u00e9rales (ES &#8211; L &#8211; S)\u00a0: tr\u00e8s attach\u00e9s \u00e0 leur ancien \u00e9tablissement, des bacheliers issus de diff\u00e9rentes promotions de 1986 \u00e0 2015, encore \u00e9tudiants, depuis peu dans la vie active ou [&hellip;]<\/p>\n","protected":false},"author":12,"featured_media":0,"comment_status":"closed","ping_status":"open","sticky":false,"template":"","format":"standard","meta":{"_et_pb_use_builder":"","_et_pb_old_content":"","_et_gb_content_width":"","_jetpack_newsletter_access":"","_jetpack_dont_email_post_to_subs":false,"_jetpack_newsletter_tier_id":0,"_jetpack_memberships_contains_paywalled_content":false,"iawp_total_views":2,"_jetpack_memberships_contains_paid_content":false,"footnotes":""},"categories":[28],"tags":[],"class_list":["post-1922","post","type-post","status-publish","format-standard","hentry","category-actus"],"yoast_head":"<!-- This site is optimized with the Yoast SEO plugin v26.0 - https:\/\/yoast.com\/wordpress\/plugins\/seo\/ -->\n<title>Forum d\u2019orientation post-bac : les anciens \u00e9l\u00e8ves viennent en force pr\u00e9senter leurs parcours aux classes de terminale.<\/title>\n<meta name=\"description\" content=\"Vendredi 19 f\u00e9vrier 2016, de 14h30 \u00e0 16h30, une vingtaine d\u2019anciens \u00e9l\u00e8ves, de tous horizons, sont venus \u00e0 la rencontre des classes de terminales\" \/>\n<meta name=\"robots\" content=\"index, follow, max-snippet:-1, max-image-preview:large, max-video-preview:-1\" \/>\n<link rel=\"canonical\" href=\"http:\/\/www.jeannedarc-figeac.fr\/college-lycee\/forum-dorientation-post-bac-anciens-eleves-viennent-force-presenter-leurs-parcours-aux-classes-de-terminale\/\" \/>\n<meta property=\"og:locale\" content=\"fr_FR\" \/>\n<meta property=\"og:type\" content=\"article\" \/>\n<meta property=\"og:title\" content=\"Forum d\u2019orientation post-bac : les anciens \u00e9l\u00e8ves viennent en force pr\u00e9senter leurs parcours aux classes de terminale.\" \/>\n<meta property=\"og:description\" content=\"Vendredi 19 f\u00e9vrier 2016, de 14h30 \u00e0 16h30, une vingtaine d\u2019anciens \u00e9l\u00e8ves, de tous horizons, sont venus \u00e0 la rencontre des classes de terminales\" \/>\n<meta property=\"og:url\" content=\"http:\/\/www.jeannedarc-figeac.fr\/college-lycee\/forum-dorientation-post-bac-anciens-eleves-viennent-force-presenter-leurs-parcours-aux-classes-de-terminale\/\" \/>\n<meta property=\"og:site_name\" content=\"Coll\u00e8ge et Lyc\u00e9e Jeanne d&#039;Arc\" \/>\n<meta property=\"article:published_time\" content=\"2016-03-16T10:43:29+00:00\" \/>\n<meta property=\"og:image\" content=\"http:\/\/www.jeannedarc-figeac.fr\/college-lycee\/wp-content\/uploads\/sites\/5\/2016\/03\/forum-007-bis-300x225.jpg\" \/>\n<meta name=\"author\" content=\"le secr\u00e9tariat\" \/>\n<script type=\"application\/ld+json\" class=\"yoast-schema-graph\">{\"@context\":\"https:\/\/schema.org\",\"@graph\":[{\"@type\":\"WebPage\",\"@id\":\"http:\/\/www.jeannedarc-figeac.fr\/college-lycee\/forum-dorientation-post-bac-anciens-eleves-viennent-force-presenter-leurs-parcours-aux-classes-de-terminale\/\",\"url\":\"http:\/\/www.jeannedarc-figeac.fr\/college-lycee\/forum-dorientation-post-bac-anciens-eleves-viennent-force-presenter-leurs-parcours-aux-classes-de-terminale\/\",\"name\":\"Forum d\u2019orientation post-bac : les anciens \u00e9l\u00e8ves viennent en force pr\u00e9senter leurs parcours aux classes de terminale.\",\"isPartOf\":{\"@id\":\"https:\/\/www.jeannedarc-figeac.fr\/college-lycee\/#website\"},\"primaryImageOfPage\":{\"@id\":\"http:\/\/www.jeannedarc-figeac.fr\/college-lycee\/forum-dorientation-post-bac-anciens-eleves-viennent-force-presenter-leurs-parcours-aux-classes-de-terminale\/#primaryimage\"},\"image\":{\"@id\":\"http:\/\/www.jeannedarc-figeac.fr\/college-lycee\/forum-dorientation-post-bac-anciens-eleves-viennent-force-presenter-leurs-parcours-aux-classes-de-terminale\/#primaryimage\"},\"thumbnailUrl\":\"http:\/\/www.jeannedarc-figeac.fr\/college-lycee\/wp-content\/uploads\/sites\/5\/2016\/03\/forum-007-bis-300x225.jpg\",\"datePublished\":\"2016-03-16T10:43:29+00:00\",\"author\":{\"@id\":\"https:\/\/www.jeannedarc-figeac.fr\/college-lycee\/#\/schema\/person\/29e5764f28e895dc8bf41d4468f99154\"},\"description\":\"Vendredi 19 f\u00e9vrier 2016, de 14h30 \u00e0 16h30, une vingtaine d\u2019anciens \u00e9l\u00e8ves, de tous horizons, sont venus \u00e0 la rencontre des classes de terminales\",\"breadcrumb\":{\"@id\":\"http:\/\/www.jeannedarc-figeac.fr\/college-lycee\/forum-dorientation-post-bac-anciens-eleves-viennent-force-presenter-leurs-parcours-aux-classes-de-terminale\/#breadcrumb\"},\"inLanguage\":\"fr-FR\",\"potentialAction\":[{\"@type\":\"ReadAction\",\"target\":[\"http:\/\/www.jeannedarc-figeac.fr\/college-lycee\/forum-dorientation-post-bac-anciens-eleves-viennent-force-presenter-leurs-parcours-aux-classes-de-terminale\/\"]}]},{\"@type\":\"ImageObject\",\"inLanguage\":\"fr-FR\",\"@id\":\"http:\/\/www.jeannedarc-figeac.fr\/college-lycee\/forum-dorientation-post-bac-anciens-eleves-viennent-force-presenter-leurs-parcours-aux-classes-de-terminale\/#primaryimage\",\"url\":\"https:\/\/i0.wp.com\/www.jeannedarc-figeac.fr\/college-lycee\/wp-content\/uploads\/sites\/5\/2016\/03\/forum-007-bis.jpg?fit=1600%2C1200&ssl=1\",\"contentUrl\":\"https:\/\/i0.wp.com\/www.jeannedarc-figeac.fr\/college-lycee\/wp-content\/uploads\/sites\/5\/2016\/03\/forum-007-bis.jpg?fit=1600%2C1200&ssl=1\",\"width\":1600,\"height\":1200},{\"@type\":\"BreadcrumbList\",\"@id\":\"http:\/\/www.jeannedarc-figeac.fr\/college-lycee\/forum-dorientation-post-bac-anciens-eleves-viennent-force-presenter-leurs-parcours-aux-classes-de-terminale\/#breadcrumb\",\"itemListElement\":[{\"@type\":\"ListItem\",\"position\":1,\"name\":\"Accueil\",\"item\":\"https:\/\/www.jeannedarc-figeac.fr\/college-lycee\/\"},{\"@type\":\"ListItem\",\"position\":2,\"name\":\"Actus\",\"item\":\"http:\/\/www.jeannedarc-figeac.fr\/college-lycee\/cat\/actus\/\"},{\"@type\":\"ListItem\",\"position\":3,\"name\":\"Forum d\u2019orientation post-bac : les anciens \u00e9l\u00e8ves viennent en force pr\u00e9senter leurs parcours aux classes de terminale.\"}]},{\"@type\":\"WebSite\",\"@id\":\"https:\/\/www.jeannedarc-figeac.fr\/college-lycee\/#website\",\"url\":\"https:\/\/www.jeannedarc-figeac.fr\/college-lycee\/\",\"name\":\"Coll\u00e8ge et Lyc\u00e9e Jeanne d&#039;Arc\",\"description\":\"Jeanne d&#039;Arc Figeac\",\"potentialAction\":[{\"@type\":\"SearchAction\",\"target\":{\"@type\":\"EntryPoint\",\"urlTemplate\":\"https:\/\/www.jeannedarc-figeac.fr\/college-lycee\/?s={search_term_string}\"},\"query-input\":{\"@type\":\"PropertyValueSpecification\",\"valueRequired\":true,\"valueName\":\"search_term_string\"}}],\"inLanguage\":\"fr-FR\"},{\"@type\":\"Person\",\"@id\":\"https:\/\/www.jeannedarc-figeac.fr\/college-lycee\/#\/schema\/person\/29e5764f28e895dc8bf41d4468f99154\",\"name\":\"le secr\u00e9tariat\",\"image\":{\"@type\":\"ImageObject\",\"inLanguage\":\"fr-FR\",\"@id\":\"https:\/\/www.jeannedarc-figeac.fr\/college-lycee\/#\/schema\/person\/image\/\",\"url\":\"https:\/\/www.jeannedarc-figeac.fr\/college-lycee\/wp-content\/litespeed\/avatar\/5\/b7e8da60f53ba4adc9e9e66d91d84580.jpg?ver=1776943645\",\"contentUrl\":\"https:\/\/www.jeannedarc-figeac.fr\/college-lycee\/wp-content\/litespeed\/avatar\/5\/b7e8da60f53ba4adc9e9e66d91d84580.jpg?ver=1776943645\",\"caption\":\"le secr\u00e9tariat\"},\"url\":\"https:\/\/www.jeannedarc-figeac.fr\/college-lycee\/author\/arlette\/\"}]}<\/script>\n<!-- \/ Yoast SEO plugin. -->","yoast_head_json":{"title":"Forum d\u2019orientation post-bac : les anciens \u00e9l\u00e8ves viennent en force pr\u00e9senter leurs parcours aux classes de terminale.","description":"Vendredi 19 f\u00e9vrier 2016, de 14h30 \u00e0 16h30, une vingtaine d\u2019anciens \u00e9l\u00e8ves, de tous horizons, sont venus \u00e0 la rencontre des classes de terminales","robots":{"index":"index","follow":"follow","max-snippet":"max-snippet:-1","max-image-preview":"max-image-preview:large","max-video-preview":"max-video-preview:-1"},"canonical":"http:\/\/www.jeannedarc-figeac.fr\/college-lycee\/forum-dorientation-post-bac-anciens-eleves-viennent-force-presenter-leurs-parcours-aux-classes-de-terminale\/","og_locale":"fr_FR","og_type":"article","og_title":"Forum d\u2019orientation post-bac : les anciens \u00e9l\u00e8ves viennent en force pr\u00e9senter leurs parcours aux classes de terminale.","og_description":"Vendredi 19 f\u00e9vrier 2016, de 14h30 \u00e0 16h30, une vingtaine d\u2019anciens \u00e9l\u00e8ves, de tous horizons, sont venus \u00e0 la rencontre des classes de terminales","og_url":"http:\/\/www.jeannedarc-figeac.fr\/college-lycee\/forum-dorientation-post-bac-anciens-eleves-viennent-force-presenter-leurs-parcours-aux-classes-de-terminale\/","og_site_name":"Coll\u00e8ge et Lyc\u00e9e Jeanne d&#039;Arc","article_published_time":"2016-03-16T10:43:29+00:00","og_image":[{"url":"http:\/\/www.jeannedarc-figeac.fr\/college-lycee\/wp-content\/uploads\/sites\/5\/2016\/03\/forum-007-bis-300x225.jpg","type":"","width":"","height":""}],"author":"le secr\u00e9tariat","schema":{"@context":"https:\/\/schema.org","@graph":[{"@type":"WebPage","@id":"http:\/\/www.jeannedarc-figeac.fr\/college-lycee\/forum-dorientation-post-bac-anciens-eleves-viennent-force-presenter-leurs-parcours-aux-classes-de-terminale\/","url":"http:\/\/www.jeannedarc-figeac.fr\/college-lycee\/forum-dorientation-post-bac-anciens-eleves-viennent-force-presenter-leurs-parcours-aux-classes-de-terminale\/","name":"Forum d\u2019orientation post-bac : les anciens \u00e9l\u00e8ves viennent en force pr\u00e9senter leurs parcours aux classes de terminale.","isPartOf":{"@id":"https:\/\/www.jeannedarc-figeac.fr\/college-lycee\/#website"},"primaryImageOfPage":{"@id":"http:\/\/www.jeannedarc-figeac.fr\/college-lycee\/forum-dorientation-post-bac-anciens-eleves-viennent-force-presenter-leurs-parcours-aux-classes-de-terminale\/#primaryimage"},"image":{"@id":"http:\/\/www.jeannedarc-figeac.fr\/college-lycee\/forum-dorientation-post-bac-anciens-eleves-viennent-force-presenter-leurs-parcours-aux-classes-de-terminale\/#primaryimage"},"thumbnailUrl":"http:\/\/www.jeannedarc-figeac.fr\/college-lycee\/wp-content\/uploads\/sites\/5\/2016\/03\/forum-007-bis-300x225.jpg","datePublished":"2016-03-16T10:43:29+00:00","author":{"@id":"https:\/\/www.jeannedarc-figeac.fr\/college-lycee\/#\/schema\/person\/29e5764f28e895dc8bf41d4468f99154"},"description":"Vendredi 19 f\u00e9vrier 2016, de 14h30 \u00e0 16h30, une vingtaine d\u2019anciens \u00e9l\u00e8ves, de tous horizons, sont venus \u00e0 la rencontre des classes de terminales","breadcrumb":{"@id":"http:\/\/www.jeannedarc-figeac.fr\/college-lycee\/forum-dorientation-post-bac-anciens-eleves-viennent-force-presenter-leurs-parcours-aux-classes-de-terminale\/#breadcrumb"},"inLanguage":"fr-FR","potentialAction":[{"@type":"ReadAction","target":["http:\/\/www.jeannedarc-figeac.fr\/college-lycee\/forum-dorientation-post-bac-anciens-eleves-viennent-force-presenter-leurs-parcours-aux-classes-de-terminale\/"]}]},{"@type":"ImageObject","inLanguage":"fr-FR","@id":"http:\/\/www.jeannedarc-figeac.fr\/college-lycee\/forum-dorientation-post-bac-anciens-eleves-viennent-force-presenter-leurs-parcours-aux-classes-de-terminale\/#primaryimage","url":"https:\/\/i0.wp.com\/www.jeannedarc-figeac.fr\/college-lycee\/wp-content\/uploads\/sites\/5\/2016\/03\/forum-007-bis.jpg?fit=1600%2C1200&ssl=1","contentUrl":"https:\/\/i0.wp.com\/www.jeannedarc-figeac.fr\/college-lycee\/wp-content\/uploads\/sites\/5\/2016\/03\/forum-007-bis.jpg?fit=1600%2C1200&ssl=1","width":1600,"height":1200},{"@type":"BreadcrumbList","@id":"http:\/\/www.jeannedarc-figeac.fr\/college-lycee\/forum-dorientation-post-bac-anciens-eleves-viennent-force-presenter-leurs-parcours-aux-classes-de-terminale\/#breadcrumb","itemListElement":[{"@type":"ListItem","position":1,"name":"Accueil","item":"https:\/\/www.jeannedarc-figeac.fr\/college-lycee\/"},{"@type":"ListItem","position":2,"name":"Actus","item":"http:\/\/www.jeannedarc-figeac.fr\/college-lycee\/cat\/actus\/"},{"@type":"ListItem","position":3,"name":"Forum d\u2019orientation post-bac : les anciens \u00e9l\u00e8ves viennent en force pr\u00e9senter leurs parcours aux classes de terminale."}]},{"@type":"WebSite","@id":"https:\/\/www.jeannedarc-figeac.fr\/college-lycee\/#website","url":"https:\/\/www.jeannedarc-figeac.fr\/college-lycee\/","name":"Coll\u00e8ge et Lyc\u00e9e Jeanne d&#039;Arc","description":"Jeanne d&#039;Arc Figeac","potentialAction":[{"@type":"SearchAction","target":{"@type":"EntryPoint","urlTemplate":"https:\/\/www.jeannedarc-figeac.fr\/college-lycee\/?s={search_term_string}"},"query-input":{"@type":"PropertyValueSpecification","valueRequired":true,"valueName":"search_term_string"}}],"inLanguage":"fr-FR"},{"@type":"Person","@id":"https:\/\/www.jeannedarc-figeac.fr\/college-lycee\/#\/schema\/person\/29e5764f28e895dc8bf41d4468f99154","name":"le secr\u00e9tariat","image":{"@type":"ImageObject","inLanguage":"fr-FR","@id":"https:\/\/www.jeannedarc-figeac.fr\/college-lycee\/#\/schema\/person\/image\/","url":"https:\/\/www.jeannedarc-figeac.fr\/college-lycee\/wp-content\/litespeed\/avatar\/5\/b7e8da60f53ba4adc9e9e66d91d84580.jpg?ver=1776943645","contentUrl":"https:\/\/www.jeannedarc-figeac.fr\/college-lycee\/wp-content\/litespeed\/avatar\/5\/b7e8da60f53ba4adc9e9e66d91d84580.jpg?ver=1776943645","caption":"le secr\u00e9tariat"},"url":"https:\/\/www.jeannedarc-figeac.fr\/college-lycee\/author\/arlette\/"}]}},"jetpack_featured_media_url":"","jetpack_sharing_enabled":true,"jetpack_shortlink":"https:\/\/wp.me\/p5Qyb6-v0","_links":{"self":[{"href":"https:\/\/www.jeannedarc-figeac.fr\/college-lycee\/wp-json\/wp\/v2\/posts\/1922","targetHints":{"allow":["GET"]}}],"collection":[{"href":"https:\/\/www.jeannedarc-figeac.fr\/college-lycee\/wp-json\/wp\/v2\/posts"}],"about":[{"href":"https:\/\/www.jeannedarc-figeac.fr\/college-lycee\/wp-json\/wp\/v2\/types\/post"}],"author":[{"embeddable":true,"href":"https:\/\/www.jeannedarc-figeac.fr\/college-lycee\/wp-json\/wp\/v2\/users\/12"}],"replies":[{"embeddable":true,"href":"https:\/\/www.jeannedarc-figeac.fr\/college-lycee\/wp-json\/wp\/v2\/comments?post=1922"}],"version-history":[{"count":1,"href":"https:\/\/www.jeannedarc-figeac.fr\/college-lycee\/wp-json\/wp\/v2\/posts\/1922\/revisions"}],"predecessor-version":[{"id":1926,"href":"https:\/\/www.jeannedarc-figeac.fr\/college-lycee\/wp-json\/wp\/v2\/posts\/1922\/revisions\/1926"}],"wp:attachment":[{"href":"https:\/\/www.jeannedarc-figeac.fr\/college-lycee\/wp-json\/wp\/v2\/media?parent=1922"}],"wp:term":[{"taxonomy":"category","embeddable":true,"href":"https:\/\/www.jeannedarc-figeac.fr\/college-lycee\/wp-json\/wp\/v2\/categories?post=1922"},{"taxonomy":"post_tag","embeddable":true,"href":"https:\/\/www.jeannedarc-figeac.fr\/college-lycee\/wp-json\/wp\/v2\/tags?post=1922"}],"curies":[{"name":"wp","href":"https:\/\/api.w.org\/{rel}","templated":true}]}}